{"id":82049,"date":"2025-07-28T09:48:00","date_gmt":"2025-07-28T12:48:00","guid":{"rendered":"https:\/\/www.em.com.br\/emfoco\/?p=82049"},"modified":"2025-07-26T12:36:36","modified_gmt":"2025-07-26T15:36:36","slug":"marvel-conseguiu-fazer-a-conexao-entre-thunderbolts-e-quarteto-fantastico","status":"publish","type":"post","link":"https:\/\/www.em.com.br\/emfoco\/2025\/07\/28\/marvel-conseguiu-fazer-a-conexao-entre-thunderbolts-e-quarteto-fantastico\/","title":{"rendered":"Marvel conseguiu fazer a conex\u00e3o entre Thunderbolts* e Quarteto Fant\u00e1stico?"},"content":{"rendered":"\n<p><strong>Thunderbolts*<\/strong> \u00e9 uma nova adi\u00e7\u00e3o ao <strong><a href=\"https:\/\/www.omelete.com.br\/marvel-cinema\" target=\"_blank\" rel=\"noreferrer noopener\">Universo Cinematogr\u00e1fico da Marvel<\/a><\/strong> (MCU), reunindo um grupo de anti-her\u00f3is em uma narrativa focada em <strong>trauma, depress\u00e3o<\/strong> e <strong>segundas chances<\/strong>. Esta produ\u00e7\u00e3o promete diferenciar-se pela explora\u00e7\u00e3o dos personagens e suas din\u00e2micas, mas, al\u00e9m disso, apresenta cenas de a\u00e7\u00e3o marcantes, sequ\u00eancias emocionais intensas e um enredo que equilibra humor \u00e1cido com momentos dram\u00e1ticos aut\u00eanticos.<\/p>\n\n\n\n<ul class=\"wp-block-list\">\n<li>Conex\u00f5es importantes com o MCU e filmes futuros<\/li>\n\n\n\n<li>Uma equipe de anti-her\u00f3is com rostos conhecidos<\/li>\n\n\n\n<li>Explora\u00e7\u00e3o de temas profundos e ressonantes<\/li>\n<\/ul>\n\n\n\n<h2 class=\"wp-block-heading\">Como Thunderbolts* ir\u00e1 conectar o MCU nos pr\u00f3ximos anos?<\/h2>\n\n\n\n<p><strong>Thunderbolts*<\/strong> se posiciona como o \u00faltimo filme da <strong>Fase 5 do MCU<\/strong>, essencial para as pr\u00f3ximas grandes produ\u00e7\u00f5es, principalmente os filmes dos <strong>Vingadores<\/strong>. O longa promete integrar narrativas paralelas e surpreender os f\u00e3s ao trazer personagens secund\u00e1rios para o centro das decis\u00f5es do universo Marvel.<\/p>\n\n\n\n<p>No filme, a trama gira em torno da forma\u00e7\u00e3o improvisada da equipe Thunderbolts, liderada por <strong>Yelena Belova<\/strong> a contragosto, ap\u00f3s uma miss\u00e3o internacional sair do controle. A equipe recebe ordens do governo para lidar com uma amea\u00e7a que desafia m\u00e9todos tradicionais dos <strong>Vingadores<\/strong>, sendo for\u00e7ada a confrontar n\u00e3o s\u00f3 o inimigo, mas tamb\u00e9m seus pr\u00f3prios passados e falhas morais. O roteiro se destaca ao mergulhar nos conflitos internos e nas alian\u00e7as fr\u00e1geis, oferecendo sequ\u00eancias de combate bem coreografadas e um suspense crescente em cada miss\u00e3o e decis\u00e3o tomada.<\/p>\n\n\n\n<p><strong>Personagens j\u00e1 conhecidos<\/strong> do p\u00fablico marcam presen\u00e7a na equipe:<\/p>\n\n\n\n<ul class=\"wp-block-list\">\n<li><strong>Yelena Belova<\/strong> de &#8220;Vi\u00fava Negra&#8221; e &#8220;Gavi\u00e3o Arqueiro&#8221;, que assume a lideran\u00e7a relutante e serve como o cora\u00e7\u00e3o emocional do grupo.<\/li>\n\n\n\n<li><strong>Bucky Barnes<\/strong> de &#8220;Falc\u00e3o e o Soldado Invernal&#8221;, que enfrenta seus pr\u00f3prios dilemas acerca de reden\u00e7\u00e3o e confian\u00e7a ao agir como mentor inesperado.<\/li>\n\n\n\n<li><strong>John Walker<\/strong> tamb\u00e9m de &#8220;Falc\u00e3o e o Soldado Invernal&#8221;, traz uma vis\u00e3o pragm\u00e1tica, frequentemente em conflito com os demais.<\/li>\n\n\n\n<li><strong>Alexei Shostakov<\/strong> de &#8220;Vi\u00fava Negra&#8221;, usado para trazer al\u00edvio c\u00f4mico, mas tamb\u00e9m surpresa em cenas de intensidade f\u00edsica.<\/li>\n\n\n\n<li><strong>Ava Starr<\/strong> de &#8220;Homem-Formiga e a Vespa&#8221;, lutando com suas dores do passado e pap\u00e9is amb\u00edguos.<\/li>\n\n\n\n<li><strong>Antonia Dreykov<\/strong> de &#8220;Vi\u00fava Negra&#8221;, com atua\u00e7\u00f5es silenciosas, por\u00e9m marcantes.<\/li>\n\n\n\n<li><strong>Bob Reynolds<\/strong>, nova adi\u00e7\u00e3o como <strong>Sentinela<\/strong>, que no terceiro ato do filme rouba a cena com uma performance impressionante, amea\u00e7ando a estabilidade do pr\u00f3prio time com seus poderes imprevis\u00edveis.<\/li>\n<\/ul>\n\n\n\n<figure class=\"wp-block-embed is-type-video is-provider-youtube wp-block-embed-youtube wp-embed-aspect-16-9 wp-has-aspect-ratio\"><div class=\"wp-block-embed__wrapper\">\n<div class=\"jeg_video_container jeg_video_content\"><iframe loading=\"lazy\" title=\"Thunderbolts* | Trailer Oficial Final\" width=\"500\" height=\"281\" src=\"https:\/\/www.youtube.com\/embed\/K1vsrRTgW44?feature=oembed\" frameborder=\"0\" allow=\"accelerometer; autoplay; clipboard-write; encrypted-media; gyroscope; picture-in-picture; web-share\" referrerpolicy=\"strict-origin-when-cross-origin\" allowfullscreen><\/iframe><\/div>\n<\/div><\/figure>\n\n\n\n<h2 class=\"wp-block-heading\">Quais s\u00e3o as maiores expectativas dos f\u00e3s para o futuro da equipe?<\/h2>\n\n\n\n<p>O filme foi projetado para preparar terreno para &#8220;<strong>Avengers: Doomsday<\/strong>&#8221; e &#8220;<strong>Secret Wars<\/strong>&#8220;. Suas cenas p\u00f3s-cr\u00e9ditos s\u00e3o chaves para a trama de &#8220;<strong>Doomsday<\/strong>&#8220;, conectando \u00e0 introdu\u00e7\u00e3o do <strong>Quarteto Fant\u00e1stico<\/strong> no MCU. F\u00e3s especulam inclusive a uni\u00e3o de Thunderbolts* com outros grupos ic\u00f4nicos em futuros eventos.<\/p>\n\n\n\n<p><em>Leia tamb\u00e9m:<\/em> &#8220;Os Novos Vingadores: O Que Esperar dos Pr\u00f3ximos Filmes!&#8221;<\/p>\n\n\n\n<h2 class=\"wp-block-heading\">Como est\u00e1 sendo a recep\u00e7\u00e3o e avalia\u00e7\u00e3o do p\u00fablico sobre Thunderbolts*?<\/h2>\n\n\n\n<p>As avalia\u00e7\u00f5es de <strong>Thunderbolts*<\/strong> t\u00eam sido positivas, com destaque para a profundidade tem\u00e1tica e desenvolvimento de <strong>personagens<\/strong>. Muitos espectadores elogiaram a constru\u00e7\u00e3o do vil\u00e3o principal (mantido em segredo durante toda a campanha de marketing), assim como a forma com que o filme lida com consequ\u00eancias reais das escolhas dos protagonistas, fugindo do padr\u00e3o tradicional de filmes do MCU.<\/p>\n\n\n\n<p><strong>Aprova\u00e7\u00e3o cr\u00edtica<\/strong>: O filme recebeu 88% no <strong><em>Tomatometer<\/em> <\/strong>e 93% no <em><strong>Popcornmeter<\/strong><\/em>, real\u00e7ando o foco em din\u00e2micas interpessoais.<\/p>\n\n\n\n<p>A <strong>abordagem de temas como arrependimento e sa\u00fade mental<\/strong> foram elogiadas, trazendo uma sensa\u00e7\u00e3o de culmina\u00e7\u00e3o para arcos anteriormente n\u00e3o explorados. Vale notar que muitos f\u00e3s destacam a trilha sonora como um ponto surpreendente, contribuindo para a ambienta\u00e7\u00e3o emocional das cenas. As cenas de a\u00e7\u00e3o, com tomadas mais cruas e realistas, e o desfecho ousado, tamb\u00e9m v\u00eam sendo apontados como diferenciais do longa.<\/p>\n\n\n\n<h2 class=\"wp-block-heading\">Por que Thunderbolts* representa um novo caminho dentro do MCU?<\/h2>\n\n\n\n<ul class=\"wp-block-list\">\n<li>Enfoque em personagens e desenvolvimento \u00edntimo das hist\u00f3rias \u2014 algumas sequ\u00eancias dedicam tempo a flashbacks e confrontos psicol\u00f3gicos, tornando as jornadas mais humanas.<\/li>\n\n\n\n<li>Estabelece bases s\u00f3lidas para futuros filmes no MCU, sem deixar de entregar um enredo fechado e satisfat\u00f3rio para os pr\u00f3prios Thunderbolts*.<\/li>\n\n\n\n<li>Abordagem inovadora e <strong>maturidade tem\u00e1tica<\/strong>, o que diferencia Thunderbolts* dos tradicionais filmes dos <a href=\"https:\/\/www.em.com.br\/emfoco\/2025\/05\/09\/marvel-surpreende-fas-com-elenco-lendario-para-vingadores-doomsday-em-2026\/\" target=\"_blank\" rel=\"noreferrer noopener\"><strong>Vingadores<\/strong><\/a>.<\/li>\n\n\n\n<li>O filme abre portas para poss\u00edveis crossovers e novos vil\u00f5es jamais vistos na tela, deixando o p\u00fablico animado para o pr\u00f3ximo grande evento do MCU.<\/li>\n<\/ul>\n","protected":false},"excerpt":{"rendered":"<p>Thunderbolts* \u00e9 uma nova adi\u00e7\u00e3o ao Universo Cinematogr\u00e1fico da Marvel (MCU), reunindo um grupo de anti-her\u00f3is em uma narrativa focada em trauma, depress\u00e3o e segundas chances. Esta produ\u00e7\u00e3o promete diferenciar-se pela explora\u00e7\u00e3o dos personagens e suas din\u00e2micas, mas, al\u00e9m disso, apresenta cenas de a\u00e7\u00e3o marcantes, sequ\u00eancias emocionais intensas e um enredo que equilibra humor \u00e1cido [&hellip;]<\/p>\n","protected":false},"author":13,"featured_media":43726,"comment_status":"open","ping_status":"open","sticky":false,"template":"","format":"standard","meta":{"jnews-multi-image_gallery":[],"jnews_single_post":{"format":"standard"},"jnews_primary_category":[],"jnews_social_meta":[],"jnews_override_counter":[],"footnotes":""},"categories":[29,137,1],"tags":[999,3707,8422,1428],"class_list":["post-82049","post","type-post","status-publish","format-standard","has-post-thumbnail","hentry","category-entretenimento","category-filmes","category-noticias","tag-marvel","tag-mcu","tag-thunderbolts","tag-vingadores"],"yoast_head":"<!-- This site is optimized with the Yoast SEO plugin v23.8 - https:\/\/yoast.com\/wordpress\/plugins\/seo\/ -->\n<title>Marvel conseguiu fazer a conex\u00e3o entre Thunderbolts* e Quarteto Fant\u00e1stico? - Estado de Minas - Em foco<\/title>\n<meta name=\"description\" content=\"Thunderbolts* re\u00fane anti-her\u00f3is em uma trama intensa com a\u00e7\u00e3o e drama. Saiba como o filme conecta o MCU e surpreende com cenas impactantes.\" \/>\n<meta name=\"robots\" content=\"index, follow, max-snippet:-1, max-image-preview:large, max-video-preview:-1\" \/>\n<link rel=\"canonical\" href=\"https:\/\/www.em.com.br\/emfoco\/2025\/07\/28\/marvel-conseguiu-fazer-a-conexao-entre-thunderbolts-e-quarteto-fantastico\/\" \/>\n<meta property=\"og:locale\" content=\"pt_BR\" \/>\n<meta property=\"og:type\" content=\"article\" \/>\n<meta property=\"og:title\" content=\"Marvel conseguiu fazer a conex\u00e3o entre Thunderbolts* e Quarteto Fant\u00e1stico? - Estado de Minas - Em foco\" \/>\n<meta property=\"og:description\" content=\"Thunderbolts* re\u00fane anti-her\u00f3is em uma trama intensa com a\u00e7\u00e3o e drama. Saiba como o filme conecta o MCU e surpreende com cenas impactantes.\" \/>\n<meta property=\"og:url\" content=\"https:\/\/www.em.com.br\/emfoco\/2025\/07\/28\/marvel-conseguiu-fazer-a-conexao-entre-thunderbolts-e-quarteto-fantastico\/\" \/>\n<meta property=\"og:site_name\" content=\"Estado de Minas - Em foco\" \/>\n<meta property=\"article:published_time\" content=\"2025-07-28T12:48:00+00:00\" \/>\n<meta property=\"article:modified_time\" content=\"2025-07-26T15:36:36+00:00\" \/>\n<meta property=\"og:image\" content=\"https:\/\/www.em.com.br\/emfoco\/wp-content\/uploads\/2025\/05\/Design-sem-nome-1.jpg\" \/>\n\t<meta property=\"og:image:width\" content=\"1280\" \/>\n\t<meta property=\"og:image:height\" content=\"720\" \/>\n\t<meta property=\"og:image:type\" content=\"image\/jpeg\" \/>\n<meta name=\"author\" content=\"Gabriel Martins\" \/>\n<meta name=\"twitter:card\" content=\"summary_large_image\" \/>\n<meta name=\"twitter:label1\" content=\"Escrito por\" \/>\n\t<meta name=\"twitter:data1\" content=\"Gabriel Martins\" \/>\n\t<meta name=\"twitter:label2\" content=\"Est. tempo de leitura\" \/>\n\t<meta name=\"twitter:data2\" content=\"4 minutos\" \/>\n<!-- \/ Yoast SEO plugin. -->","yoast_head_json":{"title":"Marvel conseguiu fazer a conex\u00e3o entre Thunderbolts* e Quarteto Fant\u00e1stico? - Estado de Minas - Em foco","description":"Thunderbolts* re\u00fane anti-her\u00f3is em uma trama intensa com a\u00e7\u00e3o e drama. Saiba como o filme conecta o MCU e surpreende com cenas impactantes.","robots":{"index":"index","follow":"follow","max-snippet":"max-snippet:-1","max-image-preview":"max-image-preview:large","max-video-preview":"max-video-preview:-1"},"canonical":"https:\/\/www.em.com.br\/emfoco\/2025\/07\/28\/marvel-conseguiu-fazer-a-conexao-entre-thunderbolts-e-quarteto-fantastico\/","og_locale":"pt_BR","og_type":"article","og_title":"Marvel conseguiu fazer a conex\u00e3o entre Thunderbolts* e Quarteto Fant\u00e1stico? - Estado de Minas - Em foco","og_description":"Thunderbolts* re\u00fane anti-her\u00f3is em uma trama intensa com a\u00e7\u00e3o e drama. Saiba como o filme conecta o MCU e surpreende com cenas impactantes.","og_url":"https:\/\/www.em.com.br\/emfoco\/2025\/07\/28\/marvel-conseguiu-fazer-a-conexao-entre-thunderbolts-e-quarteto-fantastico\/","og_site_name":"Estado de Minas - Em foco","article_published_time":"2025-07-28T12:48:00+00:00","article_modified_time":"2025-07-26T15:36:36+00:00","og_image":[{"width":1280,"height":720,"url":"https:\/\/www.em.com.br\/emfoco\/wp-content\/uploads\/2025\/05\/Design-sem-nome-1.jpg","type":"image\/jpeg"}],"author":"Gabriel Martins","twitter_card":"summary_large_image","twitter_misc":{"Escrito por":"Gabriel Martins","Est. tempo de leitura":"4 minutos"},"schema":{"@context":"https:\/\/schema.org","@graph":[{"@type":"WebPage","@id":"https:\/\/www.em.com.br\/emfoco\/2025\/07\/28\/marvel-conseguiu-fazer-a-conexao-entre-thunderbolts-e-quarteto-fantastico\/","url":"https:\/\/www.em.com.br\/emfoco\/2025\/07\/28\/marvel-conseguiu-fazer-a-conexao-entre-thunderbolts-e-quarteto-fantastico\/","name":"Marvel conseguiu fazer a conex\u00e3o entre Thunderbolts* e Quarteto Fant\u00e1stico? - Estado de Minas - Em foco","isPartOf":{"@id":"https:\/\/www.em.com.br\/emfoco\/#website"},"primaryImageOfPage":{"@id":"https:\/\/www.em.com.br\/emfoco\/2025\/07\/28\/marvel-conseguiu-fazer-a-conexao-entre-thunderbolts-e-quarteto-fantastico\/#primaryimage"},"image":{"@id":"https:\/\/www.em.com.br\/emfoco\/2025\/07\/28\/marvel-conseguiu-fazer-a-conexao-entre-thunderbolts-e-quarteto-fantastico\/#primaryimage"},"thumbnailUrl":"https:\/\/www.em.com.br\/emfoco\/wp-content\/uploads\/2025\/05\/Design-sem-nome-1.jpg","datePublished":"2025-07-28T12:48:00+00:00","dateModified":"2025-07-26T15:36:36+00:00","author":{"@id":"https:\/\/www.em.com.br\/emfoco\/#\/schema\/person\/1c9ddeab18b98abeffef834667bcf08a"},"description":"Thunderbolts* re\u00fane anti-her\u00f3is em uma trama intensa com a\u00e7\u00e3o e drama. Saiba como o filme conecta o MCU e surpreende com cenas impactantes.","breadcrumb":{"@id":"https:\/\/www.em.com.br\/emfoco\/2025\/07\/28\/marvel-conseguiu-fazer-a-conexao-entre-thunderbolts-e-quarteto-fantastico\/#breadcrumb"},"inLanguage":"pt-BR","potentialAction":[{"@type":"ReadAction","target":["https:\/\/www.em.com.br\/emfoco\/2025\/07\/28\/marvel-conseguiu-fazer-a-conexao-entre-thunderbolts-e-quarteto-fantastico\/"]}]},{"@type":"ImageObject","inLanguage":"pt-BR","@id":"https:\/\/www.em.com.br\/emfoco\/2025\/07\/28\/marvel-conseguiu-fazer-a-conexao-entre-thunderbolts-e-quarteto-fantastico\/#primaryimage","url":"https:\/\/www.em.com.br\/emfoco\/wp-content\/uploads\/2025\/05\/Design-sem-nome-1.jpg","contentUrl":"https:\/\/www.em.com.br\/emfoco\/wp-content\/uploads\/2025\/05\/Design-sem-nome-1.jpg","width":1280,"height":720,"caption":"Thunderbolts* - Cr\u00e9ditos: Divulga\u00e7\u00e3o\/Marvel"},{"@type":"BreadcrumbList","@id":"https:\/\/www.em.com.br\/emfoco\/2025\/07\/28\/marvel-conseguiu-fazer-a-conexao-entre-thunderbolts-e-quarteto-fantastico\/#breadcrumb","itemListElement":[{"@type":"ListItem","position":1,"name":"In\u00edcio","item":"https:\/\/www.em.com.br\/emfoco\/"},{"@type":"ListItem","position":2,"name":"Marvel conseguiu fazer a conex\u00e3o entre Thunderbolts* e Quarteto Fant\u00e1stico?"}]},{"@type":"WebSite","@id":"https:\/\/www.em.com.br\/emfoco\/#website","url":"https:\/\/www.em.com.br\/emfoco\/","name":"Estado de Minas - Em foco","description":"Acompanhe as \u00faltimas not\u00edcias e fique bem informado sobre tudo o que acontece em Minas Gerais, Brasil e no mundo.","potentialAction":[{"@type":"SearchAction","target":{"@type":"EntryPoint","urlTemplate":"https:\/\/www.em.com.br\/emfoco\/?s={search_term_string}"},"query-input":{"@type":"PropertyValueSpecification","valueRequired":true,"valueName":"search_term_string"}}],"inLanguage":"pt-BR"},{"@type":"Person","@id":"https:\/\/www.em.com.br\/emfoco\/#\/schema\/person\/1c9ddeab18b98abeffef834667bcf08a","name":"Gabriel Martins","image":{"@type":"ImageObject","inLanguage":"pt-BR","@id":"https:\/\/www.em.com.br\/emfoco\/#\/schema\/person\/image\/","url":"https:\/\/secure.gravatar.com\/avatar\/f0f1e2efdfd88f1ad2cb08c5c2731e50?s=96&d=mm&r=g","contentUrl":"https:\/\/secure.gravatar.com\/avatar\/f0f1e2efdfd88f1ad2cb08c5c2731e50?s=96&d=mm&r=g","caption":"Gabriel Martins"},"sameAs":["https:\/\/www.em.com.br\/emfoco\/"],"url":"https:\/\/www.em.com.br\/emfoco\/author\/gabrielmartinsmyth\/"}]}},"_links":{"self":[{"href":"https:\/\/www.em.com.br\/emfoco\/wp-json\/wp\/v2\/posts\/82049","targetHints":{"allow":["GET"]}}],"collection":[{"href":"https:\/\/www.em.com.br\/emfoco\/wp-json\/wp\/v2\/posts"}],"about":[{"href":"https:\/\/www.em.com.br\/emfoco\/wp-json\/wp\/v2\/types\/post"}],"author":[{"embeddable":true,"href":"https:\/\/www.em.com.br\/emfoco\/wp-json\/wp\/v2\/users\/13"}],"replies":[{"embeddable":true,"href":"https:\/\/www.em.com.br\/emfoco\/wp-json\/wp\/v2\/comments?post=82049"}],"version-history":[{"count":2,"href":"https:\/\/www.em.com.br\/emfoco\/wp-json\/wp\/v2\/posts\/82049\/revisions"}],"predecessor-version":[{"id":82051,"href":"https:\/\/www.em.com.br\/emfoco\/wp-json\/wp\/v2\/posts\/82049\/revisions\/82051"}],"wp:featuredmedia":[{"embeddable":true,"href":"https:\/\/www.em.com.br\/emfoco\/wp-json\/wp\/v2\/media\/43726"}],"wp:attachment":[{"href":"https:\/\/www.em.com.br\/emfoco\/wp-json\/wp\/v2\/media?parent=82049"}],"wp:term":[{"taxonomy":"category","embeddable":true,"href":"https:\/\/www.em.com.br\/emfoco\/wp-json\/wp\/v2\/categories?post=82049"},{"taxonomy":"post_tag","embeddable":true,"href":"https:\/\/www.em.com.br\/emfoco\/wp-json\/wp\/v2\/tags?post=82049"}],"curies":[{"name":"wp","href":"https:\/\/api.w.org\/{rel}","templated":true}]}}