{"id":82047,"date":"2025-07-28T06:28:00","date_gmt":"2025-07-28T09:28:00","guid":{"rendered":"https:\/\/www.em.com.br\/emfoco\/?p=82047"},"modified":"2025-07-26T12:39:22","modified_gmt":"2025-07-26T15:39:22","slug":"frente-fria-chega-para-mudar-o-clima-da-regiao-sudeste-com-minimas-inesperadas","status":"publish","type":"post","link":"https:\/\/www.em.com.br\/emfoco\/2025\/07\/28\/frente-fria-chega-para-mudar-o-clima-da-regiao-sudeste-com-minimas-inesperadas\/","title":{"rendered":"Frente fria chega para mudar o clima da regi\u00e3o Sudeste com m\u00ednimas inesperadas"},"content":{"rendered":"\n<p>Entender a <strong>previs\u00e3o do tempo<\/strong> \u00e9 essencial n\u00e3o s\u00f3 para planejar o dia a dia, mas tamb\u00e9m para perceber como as <em>mudan\u00e7as clim\u00e1ticas<\/em> est\u00e3o moldando nosso ambiente. Saiba quais s\u00e3o as m\u00e1ximas e m\u00ednimas para <strong><a href=\"https:\/\/www.em.com.br\/emfoco\/2025\/06\/29\/essa-cidade-mostra-que-o-polo-urbano-mais-completo-de-minas-nao-e-belo-horizonte\/\" target=\"_blank\" rel=\"noreferrer noopener\">Belo Horizonte<\/a><\/strong> e principais cidades mineiras no dia 28\/07\/2025, e descubra como o ver\u00e3o est\u00e1 mudando com a chegada das frentes frias.<\/p>\n\n\n\n<ul class=\"wp-block-list\">\n<li><strong>Temperaturas<\/strong>: Conhe\u00e7a as previs\u00f5es espec\u00edficas para Belo Horizonte.<\/li>\n\n\n\n<li><strong>Mudan\u00e7as Clim\u00e1ticas<\/strong>: Compreenda os impactos na regi\u00e3o.<\/li>\n\n\n\n<li><strong>Ver\u00e3o<\/strong> e frentes frias: Veja como o clima ser\u00e1 afetado no dia.<\/li>\n<\/ul>\n\n\n\n<h2 class=\"wp-block-heading\">Como est\u00e1 a previs\u00e3o do tempo para Belo Horizonte e cidades mineiras?<\/h2>\n\n\n\n<p>No dia <strong>28\/07\/2025<\/strong>, <strong>Belo Horizonte<\/strong> deve registrar temperaturas entre 18\u00b0C e 27\u00b0C, demonstrando varia\u00e7\u00f5es significativas com a chegada de uma frente fria. Abaixo, listamos as previs\u00f5es para outras cidades importantes:<\/p>\n\n\n\n<ul class=\"wp-block-list\">\n<li><strong>Uberl\u00e2ndia<\/strong>: 16\u00b0C a 26\u00b0C<\/li>\n\n\n\n<li><strong>Juiz de Fora<\/strong>: 15\u00b0C a 24\u00b0C<\/li>\n\n\n\n<li><strong>Montes Claros<\/strong>: 19\u00b0C a 30\u00b0C<\/li>\n<\/ul>\n\n\n\n<p>Al\u00e9m disso, cidades pr\u00f3ximas como Governador Valadares podem experimentar temperaturas ligeiramente mais altas, enquanto regi\u00f5es serranas tendem a registrar m\u00ednimas mais baixas devido \u00e0 influ\u00eancia da frente fria.<\/p>\n\n\n\n<figure class=\"wp-block-image size-large\"><img loading=\"lazy\" decoding=\"async\" width=\"1024\" height=\"576\" src=\"https:\/\/www.em.com.br\/emfoco\/wp-content\/uploads\/2025\/04\/people-walking_1744374427331-1024x576.jpg\" alt=\"Previs\u00e3o do tempo para regi\u00e3o Sudeste indica varia\u00e7\u00f5es e chegada de frente fria\" class=\"wp-image-37314\" srcset=\"https:\/\/www.em.com.br\/emfoco\/wp-content\/uploads\/2025\/04\/people-walking_1744374427331-1024x576.jpg 1024w, https:\/\/www.em.com.br\/emfoco\/wp-content\/uploads\/2025\/04\/people-walking_1744374427331-300x169.jpg 300w, https:\/\/www.em.com.br\/emfoco\/wp-content\/uploads\/2025\/04\/people-walking_1744374427331-768x432.jpg 768w, https:\/\/www.em.com.br\/emfoco\/wp-content\/uploads\/2025\/04\/people-walking_1744374427331-750x422.jpg 750w, https:\/\/www.em.com.br\/emfoco\/wp-content\/uploads\/2025\/04\/people-walking_1744374427331-1140x641.jpg 1140w, https:\/\/www.em.com.br\/emfoco\/wp-content\/uploads\/2025\/04\/people-walking_1744374427331.jpg 1280w\" sizes=\"auto, (max-width: 1024px) 100vw, 1024px\" \/><figcaption class=\"wp-element-caption\">Pessoas caminhando &#8211; Cr\u00e9ditos: depositphotos.com \/ ints-v<\/figcaption><\/figure>\n\n\n\n<h2 class=\"wp-block-heading\">De que forma as mudan\u00e7as clim\u00e1ticas afetam o clima de Minas Gerais?<\/h2>\n\n\n\n<p><strong>Mudan\u00e7as clim\u00e1ticas<\/strong> est\u00e3o resultando em padr\u00f5es clim\u00e1ticos imprevis\u00edveis e frequentes frentes frias mesmo durante o <strong>ver\u00e3o<\/strong>. No dia 28 de julho, observe um clima at\u00edpico para a esta\u00e7\u00e3o, demonstrando a urg\u00eancia de entender melhor esses fen\u00f4menos.<\/p>\n\n\n\n<h2 class=\"wp-block-heading\">Como ser\u00e1 o ver\u00e3o com a chegada de frentes frias?<\/h2>\n\n\n\n<p>Esse <strong>ver\u00e3o<\/strong> ser\u00e1 marcado pela presen\u00e7a de ondas de calor seguidas por frentes frias. No dia espec\u00edfico de nossa an\u00e1lise, espere uma queda na temperatura na reta final de julho.<\/p>\n\n\n\n<p>Em algumas regi\u00f5es, a sensa\u00e7\u00e3o t\u00e9rmica pode ser ainda mais baixa devido aos ventos, e h\u00e1 possibilidade de garoa fina ao longo do dia.<\/p>\n\n\n\n<h2 class=\"wp-block-heading\">O que dizem o Inmet e o Climatempo sobre o tempo para 28\/07\/2025?<\/h2>\n\n\n\n<p>Ambas as institui\u00e7\u00f5es destacam que a chegada da frente fria influenciar\u00e1 os padr\u00f5es clim\u00e1ticos de Minas. <strong>Inmet<\/strong> prev\u00ea um dia parcialmente nublado, enquanto <a href=\"https:\/\/www.climatempo.com.br\/\" target=\"_blank\" rel=\"noreferrer noopener\"><strong>Climatempo<\/strong> <\/a>refor\u00e7a as chances de chuvas esparsas.<\/p>\n\n\n\n<p>Al\u00e9m disso, sites de meteorologia recomendam aten\u00e7\u00e3o especial para quem pretende viajar nesse dia, devido ao aumento na possibilidade de chuvas r\u00e1pidas em trechos de serra.<\/p>\n\n\n\n<h2 class=\"wp-block-heading\">Como interpretar corretamente a previs\u00e3o do tempo?<\/h2>\n\n\n\n<p><strong>Saber interpretar<\/strong> a previs\u00e3o do tempo evita contratempos. Veja algumas dicas:<\/p>\n\n\n\n<ul class=\"wp-block-list\">\n<li><strong>Verifique<\/strong> sempre a fonte da previs\u00e3o para garantir credibilidade.<\/li>\n\n\n\n<li>Leia sobre as condi\u00e7\u00f5es <em>atuais<\/em> e as proje\u00e7\u00f5es futuras para se planejar.<\/li>\n\n\n\n<li>Considere <strong>mudan\u00e7as clim\u00e1ticas<\/strong> ao avaliar diverg\u00eancias nas previs\u00f5es.<\/li>\n\n\n\n<li>Fique atento a atualiza\u00e7\u00f5es ao longo do dia, j\u00e1 que a previs\u00e3o pode mudar rapidamente em fun\u00e7\u00e3o das novas frentes.<\/li>\n<\/ul>\n\n\n\n<h2 class=\"wp-block-heading\">Curiosidades sobre o clima mineiro neste final de julho<\/h2>\n\n\n\n<ul class=\"wp-block-list\">\n<li>Espere <strong>temperaturas<\/strong> vari\u00e1veis em Minas Gerais, afetadas por frentes frias.<\/li>\n\n\n\n<li><strong>Mudan\u00e7as clim\u00e1ticas<\/strong> continuar\u00e3o a impactar padr\u00f5es clim\u00e1ticos locais.<\/li>\n\n\n\n<li>Verifique previs\u00f5es de fontes variadas como Inmet e Climatempo para um planejamento eficaz.<\/li>\n\n\n\n<li>Em 2025, Minas segue o padr\u00e3o de outros anos recentes, registrando extremos mesmo em meses tradicionalmente mais est\u00e1veis.<\/li>\n<\/ul>\n","protected":false},"excerpt":{"rendered":"<p>Entender a previs\u00e3o do tempo \u00e9 essencial n\u00e3o s\u00f3 para planejar o dia a dia, mas tamb\u00e9m para perceber como as mudan\u00e7as clim\u00e1ticas est\u00e3o moldando nosso ambiente. Saiba quais s\u00e3o as m\u00e1ximas e m\u00ednimas para Belo Horizonte e principais cidades mineiras no dia 28\/07\/2025, e descubra como o ver\u00e3o est\u00e1 mudando com a chegada das [&hellip;]<\/p>\n","protected":false},"author":13,"featured_media":43813,"comment_status":"open","ping_status":"open","sticky":false,"template":"","format":"standard","meta":{"jnews-multi-image_gallery":[],"jnews_single_post":{"format":"standard"},"jnews_primary_category":[],"jnews_social_meta":[],"jnews_override_counter":[],"footnotes":""},"categories":[30,1],"tags":[152,207,251,12923],"class_list":["post-82047","post","type-post","status-publish","format-standard","has-post-thumbnail","hentry","category-clima","category-noticias","tag-clima","tag-minas-gerais","tag-previsao-do-tempo","tag-regiao-sudeste"],"yoast_head":"<!-- This site is optimized with the Yoast SEO plugin v23.8 - https:\/\/yoast.com\/wordpress\/plugins\/seo\/ -->\n<title>Frente fria chega para mudar o clima da regi\u00e3o Sudeste com m\u00ednimas inesperadas - Estado de Minas - Em foco<\/title>\n<meta name=\"description\" content=\"Previs\u00e3o do tempo aponta m\u00ednimas e m\u00e1ximas surpreendentes para cidades mineiras. Frente fria muda o clima e exige aten\u00e7\u00e3o de viajantes.\" \/>\n<meta name=\"robots\" content=\"index, follow, max-snippet:-1, max-image-preview:large, max-video-preview:-1\" \/>\n<link rel=\"canonical\" href=\"https:\/\/www.em.com.br\/emfoco\/2025\/07\/28\/frente-fria-chega-para-mudar-o-clima-da-regiao-sudeste-com-minimas-inesperadas\/\" \/>\n<meta property=\"og:locale\" content=\"pt_BR\" \/>\n<meta property=\"og:type\" content=\"article\" \/>\n<meta property=\"og:title\" content=\"Frente fria chega para mudar o clima da regi\u00e3o Sudeste com m\u00ednimas inesperadas - Estado de Minas - Em foco\" \/>\n<meta property=\"og:description\" content=\"Previs\u00e3o do tempo aponta m\u00ednimas e m\u00e1ximas surpreendentes para cidades mineiras. Frente fria muda o clima e exige aten\u00e7\u00e3o de viajantes.\" \/>\n<meta property=\"og:url\" content=\"https:\/\/www.em.com.br\/emfoco\/2025\/07\/28\/frente-fria-chega-para-mudar-o-clima-da-regiao-sudeste-com-minimas-inesperadas\/\" \/>\n<meta property=\"og:site_name\" content=\"Estado de Minas - Em foco\" \/>\n<meta property=\"article:published_time\" content=\"2025-07-28T09:28:00+00:00\" \/>\n<meta property=\"article:modified_time\" content=\"2025-07-26T15:39:22+00:00\" \/>\n<meta property=\"og:image\" content=\"https:\/\/www.em.com.br\/emfoco\/wp-content\/uploads\/2025\/05\/previsao-do-tempo_1746197153724.jpg\" \/>\n\t<meta property=\"og:image:width\" content=\"1280\" \/>\n\t<meta property=\"og:image:height\" content=\"720\" \/>\n\t<meta property=\"og:image:type\" content=\"image\/jpeg\" \/>\n<meta name=\"author\" content=\"Gabriel Martins\" \/>\n<meta name=\"twitter:card\" content=\"summary_large_image\" \/>\n<meta name=\"twitter:label1\" content=\"Escrito por\" \/>\n\t<meta name=\"twitter:data1\" content=\"Gabriel Martins\" \/>\n\t<meta name=\"twitter:label2\" content=\"Est. tempo de leitura\" \/>\n\t<meta name=\"twitter:data2\" content=\"4 minutos\" \/>\n<!-- \/ Yoast SEO plugin. -->","yoast_head_json":{"title":"Frente fria chega para mudar o clima da regi\u00e3o Sudeste com m\u00ednimas inesperadas - Estado de Minas - Em foco","description":"Previs\u00e3o do tempo aponta m\u00ednimas e m\u00e1ximas surpreendentes para cidades mineiras. Frente fria muda o clima e exige aten\u00e7\u00e3o de viajantes.","robots":{"index":"index","follow":"follow","max-snippet":"max-snippet:-1","max-image-preview":"max-image-preview:large","max-video-preview":"max-video-preview:-1"},"canonical":"https:\/\/www.em.com.br\/emfoco\/2025\/07\/28\/frente-fria-chega-para-mudar-o-clima-da-regiao-sudeste-com-minimas-inesperadas\/","og_locale":"pt_BR","og_type":"article","og_title":"Frente fria chega para mudar o clima da regi\u00e3o Sudeste com m\u00ednimas inesperadas - Estado de Minas - Em foco","og_description":"Previs\u00e3o do tempo aponta m\u00ednimas e m\u00e1ximas surpreendentes para cidades mineiras. Frente fria muda o clima e exige aten\u00e7\u00e3o de viajantes.","og_url":"https:\/\/www.em.com.br\/emfoco\/2025\/07\/28\/frente-fria-chega-para-mudar-o-clima-da-regiao-sudeste-com-minimas-inesperadas\/","og_site_name":"Estado de Minas - Em foco","article_published_time":"2025-07-28T09:28:00+00:00","article_modified_time":"2025-07-26T15:39:22+00:00","og_image":[{"width":1280,"height":720,"url":"https:\/\/www.em.com.br\/emfoco\/wp-content\/uploads\/2025\/05\/previsao-do-tempo_1746197153724.jpg","type":"image\/jpeg"}],"author":"Gabriel Martins","twitter_card":"summary_large_image","twitter_misc":{"Escrito por":"Gabriel Martins","Est. tempo de leitura":"4 minutos"},"schema":{"@context":"https:\/\/schema.org","@graph":[{"@type":"WebPage","@id":"https:\/\/www.em.com.br\/emfoco\/2025\/07\/28\/frente-fria-chega-para-mudar-o-clima-da-regiao-sudeste-com-minimas-inesperadas\/","url":"https:\/\/www.em.com.br\/emfoco\/2025\/07\/28\/frente-fria-chega-para-mudar-o-clima-da-regiao-sudeste-com-minimas-inesperadas\/","name":"Frente fria chega para mudar o clima da regi\u00e3o Sudeste com m\u00ednimas inesperadas - Estado de Minas - Em foco","isPartOf":{"@id":"https:\/\/www.em.com.br\/emfoco\/#website"},"primaryImageOfPage":{"@id":"https:\/\/www.em.com.br\/emfoco\/2025\/07\/28\/frente-fria-chega-para-mudar-o-clima-da-regiao-sudeste-com-minimas-inesperadas\/#primaryimage"},"image":{"@id":"https:\/\/www.em.com.br\/emfoco\/2025\/07\/28\/frente-fria-chega-para-mudar-o-clima-da-regiao-sudeste-com-minimas-inesperadas\/#primaryimage"},"thumbnailUrl":"https:\/\/www.em.com.br\/emfoco\/wp-content\/uploads\/2025\/05\/previsao-do-tempo_1746197153724.jpg","datePublished":"2025-07-28T09:28:00+00:00","dateModified":"2025-07-26T15:39:22+00:00","author":{"@id":"https:\/\/www.em.com.br\/emfoco\/#\/schema\/person\/1c9ddeab18b98abeffef834667bcf08a"},"description":"Previs\u00e3o do tempo aponta m\u00ednimas e m\u00e1ximas surpreendentes para cidades mineiras. Frente fria muda o clima e exige aten\u00e7\u00e3o de viajantes.","breadcrumb":{"@id":"https:\/\/www.em.com.br\/emfoco\/2025\/07\/28\/frente-fria-chega-para-mudar-o-clima-da-regiao-sudeste-com-minimas-inesperadas\/#breadcrumb"},"inLanguage":"pt-BR","potentialAction":[{"@type":"ReadAction","target":["https:\/\/www.em.com.br\/emfoco\/2025\/07\/28\/frente-fria-chega-para-mudar-o-clima-da-regiao-sudeste-com-minimas-inesperadas\/"]}]},{"@type":"ImageObject","inLanguage":"pt-BR","@id":"https:\/\/www.em.com.br\/emfoco\/2025\/07\/28\/frente-fria-chega-para-mudar-o-clima-da-regiao-sudeste-com-minimas-inesperadas\/#primaryimage","url":"https:\/\/www.em.com.br\/emfoco\/wp-content\/uploads\/2025\/05\/previsao-do-tempo_1746197153724.jpg","contentUrl":"https:\/\/www.em.com.br\/emfoco\/wp-content\/uploads\/2025\/05\/previsao-do-tempo_1746197153724.jpg","width":1280,"height":720,"caption":"Imagem ilustrativa de previs\u00e3o do tempo - Cr\u00e9ditos: depositphotos.com \/ arvydele.gmail.com"},{"@type":"BreadcrumbList","@id":"https:\/\/www.em.com.br\/emfoco\/2025\/07\/28\/frente-fria-chega-para-mudar-o-clima-da-regiao-sudeste-com-minimas-inesperadas\/#breadcrumb","itemListElement":[{"@type":"ListItem","position":1,"name":"In\u00edcio","item":"https:\/\/www.em.com.br\/emfoco\/"},{"@type":"ListItem","position":2,"name":"Frente fria chega para mudar o clima da regi\u00e3o Sudeste com m\u00ednimas inesperadas"}]},{"@type":"WebSite","@id":"https:\/\/www.em.com.br\/emfoco\/#website","url":"https:\/\/www.em.com.br\/emfoco\/","name":"Estado de Minas - Em foco","description":"Acompanhe as \u00faltimas not\u00edcias e fique bem informado sobre tudo o que acontece em Minas Gerais, Brasil e no mundo.","potentialAction":[{"@type":"SearchAction","target":{"@type":"EntryPoint","urlTemplate":"https:\/\/www.em.com.br\/emfoco\/?s={search_term_string}"},"query-input":{"@type":"PropertyValueSpecification","valueRequired":true,"valueName":"search_term_string"}}],"inLanguage":"pt-BR"},{"@type":"Person","@id":"https:\/\/www.em.com.br\/emfoco\/#\/schema\/person\/1c9ddeab18b98abeffef834667bcf08a","name":"Gabriel Martins","image":{"@type":"ImageObject","inLanguage":"pt-BR","@id":"https:\/\/www.em.com.br\/emfoco\/#\/schema\/person\/image\/","url":"https:\/\/secure.gravatar.com\/avatar\/f0f1e2efdfd88f1ad2cb08c5c2731e50?s=96&d=mm&r=g","contentUrl":"https:\/\/secure.gravatar.com\/avatar\/f0f1e2efdfd88f1ad2cb08c5c2731e50?s=96&d=mm&r=g","caption":"Gabriel Martins"},"sameAs":["https:\/\/www.em.com.br\/emfoco\/"],"url":"https:\/\/www.em.com.br\/emfoco\/author\/gabrielmartinsmyth\/"}]}},"_links":{"self":[{"href":"https:\/\/www.em.com.br\/emfoco\/wp-json\/wp\/v2\/posts\/82047","targetHints":{"allow":["GET"]}}],"collection":[{"href":"https:\/\/www.em.com.br\/emfoco\/wp-json\/wp\/v2\/posts"}],"about":[{"href":"https:\/\/www.em.com.br\/emfoco\/wp-json\/wp\/v2\/types\/post"}],"author":[{"embeddable":true,"href":"https:\/\/www.em.com.br\/emfoco\/wp-json\/wp\/v2\/users\/13"}],"replies":[{"embeddable":true,"href":"https:\/\/www.em.com.br\/emfoco\/wp-json\/wp\/v2\/comments?post=82047"}],"version-history":[{"count":2,"href":"https:\/\/www.em.com.br\/emfoco\/wp-json\/wp\/v2\/posts\/82047\/revisions"}],"predecessor-version":[{"id":82052,"href":"https:\/\/www.em.com.br\/emfoco\/wp-json\/wp\/v2\/posts\/82047\/revisions\/82052"}],"wp:featuredmedia":[{"embeddable":true,"href":"https:\/\/www.em.com.br\/emfoco\/wp-json\/wp\/v2\/media\/43813"}],"wp:attachment":[{"href":"https:\/\/www.em.com.br\/emfoco\/wp-json\/wp\/v2\/media?parent=82047"}],"wp:term":[{"taxonomy":"category","embeddable":true,"href":"https:\/\/www.em.com.br\/emfoco\/wp-json\/wp\/v2\/categories?post=82047"},{"taxonomy":"post_tag","embeddable":true,"href":"https:\/\/www.em.com.br\/emfoco\/wp-json\/wp\/v2\/tags?post=82047"}],"curies":[{"name":"wp","href":"https:\/\/api.w.org\/{rel}","templated":true}]}}