{"id":82029,"date":"2025-07-29T19:28:00","date_gmt":"2025-07-29T22:28:00","guid":{"rendered":"https:\/\/www.em.com.br\/emfoco\/?p=82029"},"modified":"2025-07-27T12:31:00","modified_gmt":"2025-07-27T15:31:00","slug":"5-sinais-de-que-seu-figado-esta-lento-e-voce-nao-deve-ignorar","status":"publish","type":"post","link":"https:\/\/www.em.com.br\/emfoco\/2025\/07\/29\/5-sinais-de-que-seu-figado-esta-lento-e-voce-nao-deve-ignorar\/","title":{"rendered":"5 Sinais de que seu f\u00edgado est\u00e1 lento e voc\u00ea n\u00e3o deve ignorar"},"content":{"rendered":"\n<p>O\u00a0<a href=\"https:\/\/www.gov.br\/saude\/pt-br\/composicao\/saes\/snt\/figado\" target=\"_blank\" rel=\"noreferrer noopener\"><strong>f\u00edgado<\/strong>\u00a0<\/a>desempenha mais de 500 fun\u00e7\u00f5es vitais, como filtrar e decompor res\u00edduos t\u00f3xicos do sangue e ajudar na digest\u00e3o. Manter o seu f\u00edgado saud\u00e1vel \u00e9 essencial para o bem-estar geral. Quando o \u00f3rg\u00e3o est\u00e1 sobrecarregado, ele envia sinais sutis de que algo est\u00e1 errado. Conhecer os principais\u00a0<strong>5 sinais de f\u00edgado lento<\/strong>\u00a0pode fazer toda a diferen\u00e7a para a detec\u00e7\u00e3o precoce e o cuidado com a sa\u00fade.<\/p>\n\n\n\n<ul class=\"wp-block-list\">\n<li><strong>Fadiga constante<\/strong>: Pode indicar que o f\u00edgado est\u00e1 lutando para desempenhar suas fun\u00e7\u00f5es.<\/li>\n\n\n\n<li><strong>Pele ou olhos amarelados<\/strong>: Um sinal claro de que o f\u00edgado n\u00e3o est\u00e1 processando a&nbsp;<strong>bilirrubina<\/strong>&nbsp;corretamente.<\/li>\n\n\n\n<li><strong>Problemas digestivos<\/strong>: Sugerem que a produ\u00e7\u00e3o de bile pelo f\u00edgado pode estar comprometida.<\/li>\n\n\n\n<li><strong>Pele co\u00e7ando sem motivo aparente<\/strong>: Esse sintoma tamb\u00e9m pode ser ind\u00edcio de ac\u00famulo de toxinas no organismo devido \u00e0 lentid\u00e3o do f\u00edgado.<\/li>\n\n\n\n<li><strong>Aparecimento f\u00e1cil de hematomas<\/strong>: Les\u00f5es e hematomas frequentes podem alertar para dificuldades na produ\u00e7\u00e3o de prote\u00ednas da coagula\u00e7\u00e3o, outra fun\u00e7\u00e3o do \u00f3rg\u00e3o.<\/li>\n<\/ul>\n\n\n\n<h2 class=\"wp-block-heading\">Por que a fadiga constante \u00e9 motivo de preocupa\u00e7\u00e3o?<\/h2>\n\n\n\n<p>Entre os sinais mais comuns de f\u00edgado lento, sentir&nbsp;<strong>cansa\u00e7o<\/strong>&nbsp;o tempo todo, mesmo ap\u00f3s uma noite inteira de sono, pode ser um ind\u00edcio de que o f\u00edgado est\u00e1 trabalhando em excesso. O \u00f3rg\u00e3o processa toxinas e produz glicose armazenadora de energia. Quando sobrecarregado, ele deixa voc\u00ea exausto. A&nbsp;<strong>fadiga cr\u00f4nica<\/strong>&nbsp;\u00e9 um sintoma frequente nas disfun\u00e7\u00f5es hep\u00e1ticas iniciais.<\/p>\n\n\n\n<h2 class=\"wp-block-heading\">O que significa ter pele ou olhos amarelados?<\/h2>\n\n\n\n<p>A&nbsp;<strong>icter\u00edcia<\/strong>, caracterizada por pele ou olhos amarelos, \u00e9 outro sinal claro de que algo n\u00e3o vai bem. Ela indica que o f\u00edgado falhou em processar a bilirrubina, um pigmento amarelo proveniente da quebra de gl\u00f3bulos vermelhos. Isso pode ser sinal de condi\u00e7\u00f5es como&nbsp;<strong>hepatite<\/strong>&nbsp;ou&nbsp;<strong>cirrose<\/strong>. Procure atendimento m\u00e9dico se observar esses sinais. Uma curiosidade: fatores geogr\u00e1ficos, como residir em cidades tropicais, podem influenciar o surgimento de doen\u00e7as hep\u00e1ticas. Por exemplo, no&nbsp;<strong>Rio de Janeiro<\/strong>, a aten\u00e7\u00e3o \u00e0 sa\u00fade do f\u00edgado \u00e9 especialmente importante devido \u00e0 incid\u00eancia de hepatites virais.<\/p>\n\n\n\n<figure class=\"wp-block-image\"><img decoding=\"async\" src=\"https:\/\/www.em.com.br\/emfoco\/wp-content\/uploads\/2025\/05\/figado_1748272064487-1024x576.jpg\" alt=\"\"\/><figcaption class=\"wp-element-caption\">F\u00edgado &#8211; Cr\u00e9ditos: depositphotos.com \/ KostyaKlimenko<\/figcaption><\/figure>\n\n\n\n<h2 class=\"wp-block-heading\">Problemas digestivos podem estar relacionados ao f\u00edgado?<\/h2>\n\n\n\n<p>A rela\u00e7\u00e3o direta entre um f\u00edgado lento e problemas&nbsp;<strong>digestivos<\/strong>&nbsp;faz parte dos 5 principais sinais de disfun\u00e7\u00e3o hep\u00e1tica. Sintomas como incha\u00e7o, n\u00e1usea ou perda de apetite podem indicar desequil\u00edbrio do \u00f3rg\u00e3o. O f\u00edgado produz bile, essencial para a digest\u00e3o de gorduras. A redu\u00e7\u00e3o na produ\u00e7\u00e3o de&nbsp;<strong>bile<\/strong>&nbsp;pode causar desconforto ap\u00f3s refei\u00e7\u00f5es gordurosas. Vale lembrar que dietas ricas em alimentos industrializados, comuns em grandes cidades como&nbsp;<strong>S\u00e3o Paulo<\/strong>, tamb\u00e9m impactam negativamente a sa\u00fade hep\u00e1tica.<\/p>\n\n\n\n<h2 class=\"wp-block-heading\">Por que a pele fica co\u00e7ando sem motivo aparente?<\/h2>\n\n\n\n<p>A&nbsp;<strong>coceira<\/strong>&nbsp;na pele, especialmente sem uma erup\u00e7\u00e3o vis\u00edvel, est\u00e1 entre os 5 sinais cl\u00e1ssicos de f\u00edgado lento. Quando o \u00f3rg\u00e3o tem dificuldade em filtrar toxinas, elas se acumulam no sangue, irritando a pele. Se a coceira persistir, \u00e9 importante conversar com seu m\u00e9dico e realizar um exame de fun\u00e7\u00e3o hep\u00e1tica. A busca por informa\u00e7\u00f5es confi\u00e1veis em sites como o&nbsp;<strong>Minist\u00e9rio da Sa\u00fade<\/strong>&nbsp;pode ajudar na preven\u00e7\u00e3o e no cuidado com o f\u00edgado.<\/p>\n\n\n\n<h2 class=\"wp-block-heading\">O que o aparecimento f\u00e1cil de hematomas indica?<\/h2>\n\n\n\n<p>Fechando a lista dos principais sinais, se voc\u00ea se machuca facilmente, n\u00e3o ignore. O f\u00edgado produz prote\u00ednas essenciais para a coagula\u00e7\u00e3o do sangue. Quando est\u00e1 lento, os fatores de coagula\u00e7\u00e3o diminuem, levando a hematomas f\u00e1ceis ou sangramentos prolongados de cortes menores, um alerta para danos hep\u00e1ticos. Inclusive, no&nbsp;<strong>D\u00eda Mundial do F\u00edgado Saud\u00e1vel<\/strong>, campanhas refor\u00e7am a import\u00e2ncia de ficar atento a esses sintomas e procurar assist\u00eancia m\u00e9dica ao notar mudan\u00e7as significativas no corpo.<\/p>\n\n\n\n<h2 class=\"wp-block-heading\">Aten\u00e7\u00e3o aos sinais: como cuidar bem do f\u00edgado?<\/h2>\n\n\n\n<ul class=\"wp-block-list\">\n<li>Identificar&nbsp;<strong>fadiga inexplicada<\/strong>&nbsp;pode ajudar na detec\u00e7\u00e3o precoce de problemas hep\u00e1ticos.<\/li>\n\n\n\n<li>Pele ou olhos amarelos refor\u00e7am a necessidade de exames m\u00e9dicos imediatos.<\/li>\n\n\n\n<li>Problemas digestivos constantes podem indicar tens\u00e3o hep\u00e1tica.<\/li>\n\n\n\n<li>Pele co\u00e7ando ou surgimento de manchas sem motivo s\u00e3o sinais de alerta.<\/li>\n\n\n\n<li>Hematomas f\u00e1ceis devem ser investigados para descartar problemas no f\u00edgado.<\/li>\n<\/ul>\n\n\n\n<p>Esses sintomas requerem aten\u00e7\u00e3o para manter o f\u00edgado saud\u00e1vel. Se voc\u00ea observar qualquer um deles, procure orienta\u00e7\u00e3o m\u00e9dica. Lembre-se, priorizar a sa\u00fade do f\u00edgado \u00e9 garantir qualidade de vida. Se estiver em cidades como Rio de Janeiro ou S\u00e3o Paulo, aproveite as campanhas de sa\u00fade promovidas por \u00f3rg\u00e3os p\u00fablicos em datas comemorativas dedicadas ao \u00f3rg\u00e3o.<\/p>\n\n\n\n<p>Leia tamb\u00e9m:\u00a0<em><a href=\"https:\/\/www.em.com.br\/emfoco\/2025\/07\/26\/dr-bruno-monteze-especialista-gordura-no-figado-tem-cura-de-verdade\/\" target=\"_blank\" rel=\"noreferrer noopener\">Dr. Bruno Monteze, especialista, \u201cgordura no f\u00edgado tem cura de verdade?\u201d<\/a><\/em><\/p>\n\n\n\n<p><\/p>\n","protected":false},"excerpt":{"rendered":"<p>O\u00a0f\u00edgado\u00a0desempenha mais de 500 fun\u00e7\u00f5es vitais, como filtrar e decompor res\u00edduos t\u00f3xicos do sangue e ajudar na digest\u00e3o. Manter o seu f\u00edgado saud\u00e1vel \u00e9 essencial para o bem-estar geral. Quando o \u00f3rg\u00e3o est\u00e1 sobrecarregado, ele envia sinais sutis de que algo est\u00e1 errado. Conhecer os principais\u00a05 sinais de f\u00edgado lento\u00a0pode fazer toda a diferen\u00e7a para [&hellip;]<\/p>\n","protected":false},"author":11,"featured_media":82175,"comment_status":"open","ping_status":"open","sticky":false,"template":"","format":"standard","meta":{"jnews-multi-image_gallery":[],"jnews_single_post":{"format":"standard"},"jnews_primary_category":[],"jnews_social_meta":[],"jnews_override_counter":[],"footnotes":""},"categories":[1],"tags":[],"class_list":["post-82029","post","type-post","status-publish","format-standard","has-post-thumbnail","hentry","category-noticias"],"yoast_head":"<!-- This site is optimized with the Yoast SEO plugin v23.8 - https:\/\/yoast.com\/wordpress\/plugins\/seo\/ -->\n<title>5 Sinais de que seu f\u00edgado est\u00e1 lento e voc\u00ea n\u00e3o deve ignorar - Estado de Minas - Em foco<\/title>\n<meta name=\"robots\" content=\"index, follow, max-snippet:-1, max-image-preview:large, max-video-preview:-1\" \/>\n<link rel=\"canonical\" href=\"https:\/\/www.em.com.br\/emfoco\/2025\/07\/29\/5-sinais-de-que-seu-figado-esta-lento-e-voce-nao-deve-ignorar\/\" \/>\n<meta property=\"og:locale\" content=\"pt_BR\" \/>\n<meta property=\"og:type\" content=\"article\" \/>\n<meta property=\"og:title\" content=\"5 Sinais de que seu f\u00edgado est\u00e1 lento e voc\u00ea n\u00e3o deve ignorar - Estado de Minas - Em foco\" \/>\n<meta property=\"og:description\" content=\"O\u00a0f\u00edgado\u00a0desempenha mais de 500 fun\u00e7\u00f5es vitais, como filtrar e decompor res\u00edduos t\u00f3xicos do sangue e ajudar na digest\u00e3o. Manter o seu f\u00edgado saud\u00e1vel \u00e9 essencial para o bem-estar geral. Quando o \u00f3rg\u00e3o est\u00e1 sobrecarregado, ele envia sinais sutis de que algo est\u00e1 errado. Conhecer os principais\u00a05 sinais de f\u00edgado lento\u00a0pode fazer toda a diferen\u00e7a para [&hellip;]\" \/>\n<meta property=\"og:url\" content=\"https:\/\/www.em.com.br\/emfoco\/2025\/07\/29\/5-sinais-de-que-seu-figado-esta-lento-e-voce-nao-deve-ignorar\/\" \/>\n<meta property=\"og:site_name\" content=\"Estado de Minas - Em foco\" \/>\n<meta property=\"article:published_time\" content=\"2025-07-29T22:28:00+00:00\" \/>\n<meta property=\"article:modified_time\" content=\"2025-07-27T15:31:00+00:00\" \/>\n<meta property=\"og:image\" content=\"https:\/\/www.em.com.br\/emfoco\/wp-content\/uploads\/2025\/07\/mosaico_1753633085065.jpg\" \/>\n\t<meta property=\"og:image:width\" content=\"1280\" \/>\n\t<meta property=\"og:image:height\" content=\"720\" \/>\n\t<meta property=\"og:image:type\" content=\"image\/jpeg\" \/>\n<meta name=\"author\" content=\"Andre\u0301 Rangel\u00a0\" \/>\n<meta name=\"twitter:card\" content=\"summary_large_image\" \/>\n<meta name=\"twitter:label1\" content=\"Escrito por\" \/>\n\t<meta name=\"twitter:data1\" content=\"Andre\u0301 Rangel\u00a0\" \/>\n\t<meta name=\"twitter:label2\" content=\"Est. tempo de leitura\" \/>\n\t<meta name=\"twitter:data2\" content=\"5 minutos\" \/>\n<!-- \/ Yoast SEO plugin. -->","yoast_head_json":{"title":"5 Sinais de que seu f\u00edgado est\u00e1 lento e voc\u00ea n\u00e3o deve ignorar - Estado de Minas - Em foco","robots":{"index":"index","follow":"follow","max-snippet":"max-snippet:-1","max-image-preview":"max-image-preview:large","max-video-preview":"max-video-preview:-1"},"canonical":"https:\/\/www.em.com.br\/emfoco\/2025\/07\/29\/5-sinais-de-que-seu-figado-esta-lento-e-voce-nao-deve-ignorar\/","og_locale":"pt_BR","og_type":"article","og_title":"5 Sinais de que seu f\u00edgado est\u00e1 lento e voc\u00ea n\u00e3o deve ignorar - Estado de Minas - Em foco","og_description":"O\u00a0f\u00edgado\u00a0desempenha mais de 500 fun\u00e7\u00f5es vitais, como filtrar e decompor res\u00edduos t\u00f3xicos do sangue e ajudar na digest\u00e3o. Manter o seu f\u00edgado saud\u00e1vel \u00e9 essencial para o bem-estar geral. Quando o \u00f3rg\u00e3o est\u00e1 sobrecarregado, ele envia sinais sutis de que algo est\u00e1 errado. Conhecer os principais\u00a05 sinais de f\u00edgado lento\u00a0pode fazer toda a diferen\u00e7a para [&hellip;]","og_url":"https:\/\/www.em.com.br\/emfoco\/2025\/07\/29\/5-sinais-de-que-seu-figado-esta-lento-e-voce-nao-deve-ignorar\/","og_site_name":"Estado de Minas - Em foco","article_published_time":"2025-07-29T22:28:00+00:00","article_modified_time":"2025-07-27T15:31:00+00:00","og_image":[{"width":1280,"height":720,"url":"https:\/\/www.em.com.br\/emfoco\/wp-content\/uploads\/2025\/07\/mosaico_1753633085065.jpg","type":"image\/jpeg"}],"author":"Andre\u0301 Rangel\u00a0","twitter_card":"summary_large_image","twitter_misc":{"Escrito por":"Andre\u0301 Rangel\u00a0","Est. tempo de leitura":"5 minutos"},"schema":{"@context":"https:\/\/schema.org","@graph":[{"@type":"WebPage","@id":"https:\/\/www.em.com.br\/emfoco\/2025\/07\/29\/5-sinais-de-que-seu-figado-esta-lento-e-voce-nao-deve-ignorar\/","url":"https:\/\/www.em.com.br\/emfoco\/2025\/07\/29\/5-sinais-de-que-seu-figado-esta-lento-e-voce-nao-deve-ignorar\/","name":"5 Sinais de que seu f\u00edgado est\u00e1 lento e voc\u00ea n\u00e3o deve ignorar - Estado de Minas - Em foco","isPartOf":{"@id":"https:\/\/www.em.com.br\/emfoco\/#website"},"primaryImageOfPage":{"@id":"https:\/\/www.em.com.br\/emfoco\/2025\/07\/29\/5-sinais-de-que-seu-figado-esta-lento-e-voce-nao-deve-ignorar\/#primaryimage"},"image":{"@id":"https:\/\/www.em.com.br\/emfoco\/2025\/07\/29\/5-sinais-de-que-seu-figado-esta-lento-e-voce-nao-deve-ignorar\/#primaryimage"},"thumbnailUrl":"https:\/\/www.em.com.br\/emfoco\/wp-content\/uploads\/2025\/07\/mosaico_1753633085065.jpg","datePublished":"2025-07-29T22:28:00+00:00","dateModified":"2025-07-27T15:31:00+00:00","author":{"@id":"https:\/\/www.em.com.br\/emfoco\/#\/schema\/person\/60eda09c1fedf0d6891f4cef4b60b8b8"},"breadcrumb":{"@id":"https:\/\/www.em.com.br\/emfoco\/2025\/07\/29\/5-sinais-de-que-seu-figado-esta-lento-e-voce-nao-deve-ignorar\/#breadcrumb"},"inLanguage":"pt-BR","potentialAction":[{"@type":"ReadAction","target":["https:\/\/www.em.com.br\/emfoco\/2025\/07\/29\/5-sinais-de-que-seu-figado-esta-lento-e-voce-nao-deve-ignorar\/"]}]},{"@type":"ImageObject","inLanguage":"pt-BR","@id":"https:\/\/www.em.com.br\/emfoco\/2025\/07\/29\/5-sinais-de-que-seu-figado-esta-lento-e-voce-nao-deve-ignorar\/#primaryimage","url":"https:\/\/www.em.com.br\/emfoco\/wp-content\/uploads\/2025\/07\/mosaico_1753633085065.jpg","contentUrl":"https:\/\/www.em.com.br\/emfoco\/wp-content\/uploads\/2025\/07\/mosaico_1753633085065.jpg","width":1280,"height":720,"caption":"F\u00edgado lento e fadiga - Cr\u00e9ditos: depositphotos.com \/ aom.am.op@gmail.com Cr\u00e9ditos: depositphotos.com \/ HayDmitriy"},{"@type":"BreadcrumbList","@id":"https:\/\/www.em.com.br\/emfoco\/2025\/07\/29\/5-sinais-de-que-seu-figado-esta-lento-e-voce-nao-deve-ignorar\/#breadcrumb","itemListElement":[{"@type":"ListItem","position":1,"name":"In\u00edcio","item":"https:\/\/www.em.com.br\/emfoco\/"},{"@type":"ListItem","position":2,"name":"5 Sinais de que seu f\u00edgado est\u00e1 lento e voc\u00ea n\u00e3o deve ignorar"}]},{"@type":"WebSite","@id":"https:\/\/www.em.com.br\/emfoco\/#website","url":"https:\/\/www.em.com.br\/emfoco\/","name":"Estado de Minas - Em foco","description":"Acompanhe as \u00faltimas not\u00edcias e fique bem informado sobre tudo o que acontece em Minas Gerais, Brasil e no mundo.","potentialAction":[{"@type":"SearchAction","target":{"@type":"EntryPoint","urlTemplate":"https:\/\/www.em.com.br\/emfoco\/?s={search_term_string}"},"query-input":{"@type":"PropertyValueSpecification","valueRequired":true,"valueName":"search_term_string"}}],"inLanguage":"pt-BR"},{"@type":"Person","@id":"https:\/\/www.em.com.br\/emfoco\/#\/schema\/person\/60eda09c1fedf0d6891f4cef4b60b8b8","name":"Andre\u0301 Rangel\u00a0","image":{"@type":"ImageObject","inLanguage":"pt-BR","@id":"https:\/\/www.em.com.br\/emfoco\/#\/schema\/person\/image\/","url":"https:\/\/secure.gravatar.com\/avatar\/6234dc814c77c8ef6d8bba622c787efc?s=96&d=mm&r=g","contentUrl":"https:\/\/secure.gravatar.com\/avatar\/6234dc814c77c8ef6d8bba622c787efc?s=96&d=mm&r=g","caption":"Andre\u0301 Rangel\u00a0"},"url":"https:\/\/www.em.com.br\/emfoco\/author\/luizmyth\/"}]}},"_links":{"self":[{"href":"https:\/\/www.em.com.br\/emfoco\/wp-json\/wp\/v2\/posts\/82029","targetHints":{"allow":["GET"]}}],"collection":[{"href":"https:\/\/www.em.com.br\/emfoco\/wp-json\/wp\/v2\/posts"}],"about":[{"href":"https:\/\/www.em.com.br\/emfoco\/wp-json\/wp\/v2\/types\/post"}],"author":[{"embeddable":true,"href":"https:\/\/www.em.com.br\/emfoco\/wp-json\/wp\/v2\/users\/11"}],"replies":[{"embeddable":true,"href":"https:\/\/www.em.com.br\/emfoco\/wp-json\/wp\/v2\/comments?post=82029"}],"version-history":[{"count":5,"href":"https:\/\/www.em.com.br\/emfoco\/wp-json\/wp\/v2\/posts\/82029\/revisions"}],"predecessor-version":[{"id":82183,"href":"https:\/\/www.em.com.br\/emfoco\/wp-json\/wp\/v2\/posts\/82029\/revisions\/82183"}],"wp:featuredmedia":[{"embeddable":true,"href":"https:\/\/www.em.com.br\/emfoco\/wp-json\/wp\/v2\/media\/82175"}],"wp:attachment":[{"href":"https:\/\/www.em.com.br\/emfoco\/wp-json\/wp\/v2\/media?parent=82029"}],"wp:term":[{"taxonomy":"category","embeddable":true,"href":"https:\/\/www.em.com.br\/emfoco\/wp-json\/wp\/v2\/categories?post=82029"},{"taxonomy":"post_tag","embeddable":true,"href":"https:\/\/www.em.com.br\/emfoco\/wp-json\/wp\/v2\/tags?post=82029"}],"curies":[{"name":"wp","href":"https:\/\/api.w.org\/{rel}","templated":true}]}}