{"id":82025,"date":"2025-07-29T11:28:00","date_gmt":"2025-07-29T14:28:00","guid":{"rendered":"https:\/\/www.em.com.br\/emfoco\/?p=82025"},"modified":"2025-07-27T12:30:45","modified_gmt":"2025-07-27T15:30:45","slug":"carregamento-de-azeitonas-choca-com-descoberta-de-um-intruso-escondido-e-dispara-todos-os-alarmes","status":"publish","type":"post","link":"https:\/\/www.em.com.br\/emfoco\/2025\/07\/29\/carregamento-de-azeitonas-choca-com-descoberta-de-um-intruso-escondido-e-dispara-todos-os-alarmes\/","title":{"rendered":"Carregamento de azeitonas choca com descoberta de um intruso escondido e dispara todos os alarmes"},"content":{"rendered":"\n<p>Um\u00a0<strong>carregamento de azeitonas<\/strong>\u00a0proveniente de\u00a0<strong>C\u00f3rdoba<\/strong>\u00a0causou grande alvoro\u00e7o no\u00a0<strong>Reino Unido<\/strong>\u00a0devido a uma\u00a0<strong>perigosa aranha venenosa<\/strong>\u00a0escondida entre as mercadorias. Essa descoberta preocupante ocorreu em um viveiro de\u00a0<strong>West Sussex<\/strong>, onde um exemplar da esp\u00e9cie\u00a0<strong>Macrothele calpeiana<\/strong>\u00a0foi encontrado. A\u00a0<strong><a href=\"https:\/\/naturdata.com\/especie\/Macrothele-calpeiana\/38013\/0\/\" target=\"_blank\" rel=\"noreferrer noopener\">Macrothele calpeiana<\/a><\/strong>\u00a0\u00e9 a \u00fanica aranha protegida pela\u00a0<strong>Uni\u00e3o Europeia<\/strong>, destacando sua import\u00e2ncia e prote\u00e7\u00e3o legal.<\/p>\n\n\n\n<ul class=\"wp-block-list\">\n<li>Um jovem descobriu a aranha enquanto trabalhava no viveiro.<\/li>\n\n\n\n<li>A esp\u00e9cie \u00e9 conhecida como aranha funil espanhola e possui veneno potente.<\/li>\n\n\n\n<li>Outro incidente envolvendo tar\u00e2ntulas no pa\u00eds aumentou o alerta.<\/li>\n<\/ul>\n\n\n\n<h2 class=\"wp-block-heading\">Como a aranha venenosa foi descoberta?<\/h2>\n\n\n\n<p>O filho do dono do viveiro, enquanto operava a empilhadeira, avistou rapidamente a aranha caminhando lentamente pelo p\u00e1tio. Ele alertou o pai depois de v\u00ea-la se esconder debaixo de um vaso. Rapidamente, compartilharam a imagem nas redes sociais, onde especialistas identificaram a esp\u00e9cie.<\/p>\n\n\n\n<figure class=\"wp-block-image size-large\"><img loading=\"lazy\" decoding=\"async\" width=\"1024\" height=\"576\" src=\"https:\/\/www.em.com.br\/emfoco\/wp-content\/uploads\/2025\/07\/azeitona_1753631056922-1024x576.jpg\" alt=\"\" class=\"wp-image-82170\" srcset=\"https:\/\/www.em.com.br\/emfoco\/wp-content\/uploads\/2025\/07\/azeitona_1753631056922-1024x576.jpg 1024w, https:\/\/www.em.com.br\/emfoco\/wp-content\/uploads\/2025\/07\/azeitona_1753631056922-300x169.jpg 300w, https:\/\/www.em.com.br\/emfoco\/wp-content\/uploads\/2025\/07\/azeitona_1753631056922-768x432.jpg 768w, https:\/\/www.em.com.br\/emfoco\/wp-content\/uploads\/2025\/07\/azeitona_1753631056922-750x422.jpg 750w, https:\/\/www.em.com.br\/emfoco\/wp-content\/uploads\/2025\/07\/azeitona_1753631056922-1140x641.jpg 1140w, https:\/\/www.em.com.br\/emfoco\/wp-content\/uploads\/2025\/07\/azeitona_1753631056922.jpg 1280w\" sizes=\"auto, (max-width: 1024px) 100vw, 1024px\" \/><figcaption class=\"wp-element-caption\">Azeitonas &#8211; Cr\u00e9ditos: depositphotos.com \/ Kuzeytac<\/figcaption><\/figure>\n\n\n\n<h2 class=\"wp-block-heading\">Por que esse achado gera preocupa\u00e7\u00e3o?<\/h2>\n\n\n\n<p>O surgimento desta aranha em um&nbsp;<strong>carregamento de azeitonas<\/strong>&nbsp;coincidiu com outro incidente na regi\u00e3o. Um brit\u00e2nico entusiasta de tar\u00e2ntulas relatou o envio equivocado de tar\u00e2ntulas venenosas da&nbsp;<strong>Col\u00f4mbia<\/strong>, gerando preocupa\u00e7\u00e3o entre os moradores locais.<\/p>\n\n\n\n<p><strong>Leia tamb\u00e9m:<\/strong>\u00a0<a href=\"https:\/\/www.em.com.br\/emfoco\/2025\/05\/17\/7-motivos-para-adicionar-azeitonas-na-sua-alimentacao-diaria\/\" target=\"_blank\" rel=\"noreferrer noopener\">7 motivos para adicionar azeitonas na sua alimenta\u00e7\u00e3o di\u00e1ria<\/a><\/p>\n\n\n\n<h2 class=\"wp-block-heading\">O que aconteceu com as tar\u00e2ntulas perdidas?<\/h2>\n\n\n\n<p><strong>Shaun Webb<\/strong>, que aguardava as tar\u00e2ntulas, tranquilizou a comunidade ao confirmar que o pacote foi devolvido sem ser aberto. Essas tar\u00e2ntulas, apesar de venenosas, n\u00e3o representam perigo para humanos. Webb as compara a peixes ornamentais, dada a atitude tranquila.<\/p>\n\n\n\n<p><strong>Aten\u00e7\u00e3o:<\/strong>&nbsp;Nunca abra pacotes que voc\u00ea acredita conter animais ex\u00f3ticos. Entre em contato imediatamente com a empresa remetente.<\/p>\n\n\n\n<h2 class=\"wp-block-heading\">Quais s\u00e3o as reflex\u00f5es sobre o incidente?<\/h2>\n\n\n\n<ul class=\"wp-block-list\">\n<li>O achado da aranha destaca a import\u00e2ncia de inspe\u00e7\u00f5es cuidadosas em cargas importadas.<\/li>\n\n\n\n<li>O medo entre aracnof\u00f3bicos se intensifica devido a ocorr\u00eancias repetidas.<\/li>\n\n\n\n<li>A hist\u00f3ria evidencia a possibilidade de descobertas inesperadas no dia a dia de quem lida com cargas.<\/li>\n<\/ul>\n\n\n\n<p><\/p>\n","protected":false},"excerpt":{"rendered":"<p>Um\u00a0carregamento de azeitonas\u00a0proveniente de\u00a0C\u00f3rdoba\u00a0causou grande alvoro\u00e7o no\u00a0Reino Unido\u00a0devido a uma\u00a0perigosa aranha venenosa\u00a0escondida entre as mercadorias. Essa descoberta preocupante ocorreu em um viveiro de\u00a0West Sussex, onde um exemplar da esp\u00e9cie\u00a0Macrothele calpeiana\u00a0foi encontrado. A\u00a0Macrothele calpeiana\u00a0\u00e9 a \u00fanica aranha protegida pela\u00a0Uni\u00e3o Europeia, destacando sua import\u00e2ncia e prote\u00e7\u00e3o legal. Como a aranha venenosa foi descoberta? O filho do dono [&hellip;]<\/p>\n","protected":false},"author":11,"featured_media":82169,"comment_status":"open","ping_status":"open","sticky":false,"template":"","format":"standard","meta":{"jnews-multi-image_gallery":[],"jnews_single_post":{"format":"standard"},"jnews_primary_category":[],"jnews_social_meta":[],"jnews_override_counter":[],"footnotes":""},"categories":[1],"tags":[],"class_list":["post-82025","post","type-post","status-publish","format-standard","has-post-thumbnail","hentry","category-noticias"],"yoast_head":"<!-- This site is optimized with the Yoast SEO plugin v23.8 - https:\/\/yoast.com\/wordpress\/plugins\/seo\/ -->\n<title>Carregamento de azeitonas choca com descoberta de um intruso escondido e dispara todos os alarmes - Estado de Minas - Em foco<\/title>\n<meta name=\"robots\" content=\"index, follow, max-snippet:-1, max-image-preview:large, max-video-preview:-1\" \/>\n<link rel=\"canonical\" href=\"https:\/\/www.em.com.br\/emfoco\/2025\/07\/29\/carregamento-de-azeitonas-choca-com-descoberta-de-um-intruso-escondido-e-dispara-todos-os-alarmes\/\" \/>\n<meta property=\"og:locale\" content=\"pt_BR\" \/>\n<meta property=\"og:type\" content=\"article\" \/>\n<meta property=\"og:title\" content=\"Carregamento de azeitonas choca com descoberta de um intruso escondido e dispara todos os alarmes - Estado de Minas - Em foco\" \/>\n<meta property=\"og:description\" content=\"Um\u00a0carregamento de azeitonas\u00a0proveniente de\u00a0C\u00f3rdoba\u00a0causou grande alvoro\u00e7o no\u00a0Reino Unido\u00a0devido a uma\u00a0perigosa aranha venenosa\u00a0escondida entre as mercadorias. Essa descoberta preocupante ocorreu em um viveiro de\u00a0West Sussex, onde um exemplar da esp\u00e9cie\u00a0Macrothele calpeiana\u00a0foi encontrado. A\u00a0Macrothele calpeiana\u00a0\u00e9 a \u00fanica aranha protegida pela\u00a0Uni\u00e3o Europeia, destacando sua import\u00e2ncia e prote\u00e7\u00e3o legal. Como a aranha venenosa foi descoberta? O filho do dono [&hellip;]\" \/>\n<meta property=\"og:url\" content=\"https:\/\/www.em.com.br\/emfoco\/2025\/07\/29\/carregamento-de-azeitonas-choca-com-descoberta-de-um-intruso-escondido-e-dispara-todos-os-alarmes\/\" \/>\n<meta property=\"og:site_name\" content=\"Estado de Minas - Em foco\" \/>\n<meta property=\"article:published_time\" content=\"2025-07-29T14:28:00+00:00\" \/>\n<meta property=\"article:modified_time\" content=\"2025-07-27T15:30:45+00:00\" \/>\n<meta property=\"og:image\" content=\"https:\/\/www.em.com.br\/emfoco\/wp-content\/uploads\/2025\/07\/mosaico_1753630786846.jpg\" \/>\n\t<meta property=\"og:image:width\" content=\"1280\" \/>\n\t<meta property=\"og:image:height\" content=\"720\" \/>\n\t<meta property=\"og:image:type\" content=\"image\/jpeg\" \/>\n<meta name=\"author\" content=\"Andre\u0301 Rangel\u00a0\" \/>\n<meta name=\"twitter:card\" content=\"summary_large_image\" \/>\n<meta name=\"twitter:label1\" content=\"Escrito por\" \/>\n\t<meta name=\"twitter:data1\" content=\"Andre\u0301 Rangel\u00a0\" \/>\n\t<meta name=\"twitter:label2\" content=\"Est. tempo de leitura\" \/>\n\t<meta name=\"twitter:data2\" content=\"3 minutos\" \/>\n<!-- \/ Yoast SEO plugin. -->","yoast_head_json":{"title":"Carregamento de azeitonas choca com descoberta de um intruso escondido e dispara todos os alarmes - Estado de Minas - Em foco","robots":{"index":"index","follow":"follow","max-snippet":"max-snippet:-1","max-image-preview":"max-image-preview:large","max-video-preview":"max-video-preview:-1"},"canonical":"https:\/\/www.em.com.br\/emfoco\/2025\/07\/29\/carregamento-de-azeitonas-choca-com-descoberta-de-um-intruso-escondido-e-dispara-todos-os-alarmes\/","og_locale":"pt_BR","og_type":"article","og_title":"Carregamento de azeitonas choca com descoberta de um intruso escondido e dispara todos os alarmes - Estado de Minas - Em foco","og_description":"Um\u00a0carregamento de azeitonas\u00a0proveniente de\u00a0C\u00f3rdoba\u00a0causou grande alvoro\u00e7o no\u00a0Reino Unido\u00a0devido a uma\u00a0perigosa aranha venenosa\u00a0escondida entre as mercadorias. Essa descoberta preocupante ocorreu em um viveiro de\u00a0West Sussex, onde um exemplar da esp\u00e9cie\u00a0Macrothele calpeiana\u00a0foi encontrado. A\u00a0Macrothele calpeiana\u00a0\u00e9 a \u00fanica aranha protegida pela\u00a0Uni\u00e3o Europeia, destacando sua import\u00e2ncia e prote\u00e7\u00e3o legal. Como a aranha venenosa foi descoberta? O filho do dono [&hellip;]","og_url":"https:\/\/www.em.com.br\/emfoco\/2025\/07\/29\/carregamento-de-azeitonas-choca-com-descoberta-de-um-intruso-escondido-e-dispara-todos-os-alarmes\/","og_site_name":"Estado de Minas - Em foco","article_published_time":"2025-07-29T14:28:00+00:00","article_modified_time":"2025-07-27T15:30:45+00:00","og_image":[{"width":1280,"height":720,"url":"https:\/\/www.em.com.br\/emfoco\/wp-content\/uploads\/2025\/07\/mosaico_1753630786846.jpg","type":"image\/jpeg"}],"author":"Andre\u0301 Rangel\u00a0","twitter_card":"summary_large_image","twitter_misc":{"Escrito por":"Andre\u0301 Rangel\u00a0","Est. tempo de leitura":"3 minutos"},"schema":{"@context":"https:\/\/schema.org","@graph":[{"@type":"WebPage","@id":"https:\/\/www.em.com.br\/emfoco\/2025\/07\/29\/carregamento-de-azeitonas-choca-com-descoberta-de-um-intruso-escondido-e-dispara-todos-os-alarmes\/","url":"https:\/\/www.em.com.br\/emfoco\/2025\/07\/29\/carregamento-de-azeitonas-choca-com-descoberta-de-um-intruso-escondido-e-dispara-todos-os-alarmes\/","name":"Carregamento de azeitonas choca com descoberta de um intruso escondido e dispara todos os alarmes - Estado de Minas - Em foco","isPartOf":{"@id":"https:\/\/www.em.com.br\/emfoco\/#website"},"primaryImageOfPage":{"@id":"https:\/\/www.em.com.br\/emfoco\/2025\/07\/29\/carregamento-de-azeitonas-choca-com-descoberta-de-um-intruso-escondido-e-dispara-todos-os-alarmes\/#primaryimage"},"image":{"@id":"https:\/\/www.em.com.br\/emfoco\/2025\/07\/29\/carregamento-de-azeitonas-choca-com-descoberta-de-um-intruso-escondido-e-dispara-todos-os-alarmes\/#primaryimage"},"thumbnailUrl":"https:\/\/www.em.com.br\/emfoco\/wp-content\/uploads\/2025\/07\/mosaico_1753630786846.jpg","datePublished":"2025-07-29T14:28:00+00:00","dateModified":"2025-07-27T15:30:45+00:00","author":{"@id":"https:\/\/www.em.com.br\/emfoco\/#\/schema\/person\/60eda09c1fedf0d6891f4cef4b60b8b8"},"breadcrumb":{"@id":"https:\/\/www.em.com.br\/emfoco\/2025\/07\/29\/carregamento-de-azeitonas-choca-com-descoberta-de-um-intruso-escondido-e-dispara-todos-os-alarmes\/#breadcrumb"},"inLanguage":"pt-BR","potentialAction":[{"@type":"ReadAction","target":["https:\/\/www.em.com.br\/emfoco\/2025\/07\/29\/carregamento-de-azeitonas-choca-com-descoberta-de-um-intruso-escondido-e-dispara-todos-os-alarmes\/"]}]},{"@type":"ImageObject","inLanguage":"pt-BR","@id":"https:\/\/www.em.com.br\/emfoco\/2025\/07\/29\/carregamento-de-azeitonas-choca-com-descoberta-de-um-intruso-escondido-e-dispara-todos-os-alarmes\/#primaryimage","url":"https:\/\/www.em.com.br\/emfoco\/wp-content\/uploads\/2025\/07\/mosaico_1753630786846.jpg","contentUrl":"https:\/\/www.em.com.br\/emfoco\/wp-content\/uploads\/2025\/07\/mosaico_1753630786846.jpg","width":1280,"height":720,"caption":"Azeitonas e caminh\u00e3o - Cr\u00e9ditos: depositphotos.com \/ benkrut Cr\u00e9ditos: depositphotos.com \/ Whitewolf"},{"@type":"BreadcrumbList","@id":"https:\/\/www.em.com.br\/emfoco\/2025\/07\/29\/carregamento-de-azeitonas-choca-com-descoberta-de-um-intruso-escondido-e-dispara-todos-os-alarmes\/#breadcrumb","itemListElement":[{"@type":"ListItem","position":1,"name":"In\u00edcio","item":"https:\/\/www.em.com.br\/emfoco\/"},{"@type":"ListItem","position":2,"name":"Carregamento de azeitonas choca com descoberta de um intruso escondido e dispara todos os alarmes"}]},{"@type":"WebSite","@id":"https:\/\/www.em.com.br\/emfoco\/#website","url":"https:\/\/www.em.com.br\/emfoco\/","name":"Estado de Minas - Em foco","description":"Acompanhe as \u00faltimas not\u00edcias e fique bem informado sobre tudo o que acontece em Minas Gerais, Brasil e no mundo.","potentialAction":[{"@type":"SearchAction","target":{"@type":"EntryPoint","urlTemplate":"https:\/\/www.em.com.br\/emfoco\/?s={search_term_string}"},"query-input":{"@type":"PropertyValueSpecification","valueRequired":true,"valueName":"search_term_string"}}],"inLanguage":"pt-BR"},{"@type":"Person","@id":"https:\/\/www.em.com.br\/emfoco\/#\/schema\/person\/60eda09c1fedf0d6891f4cef4b60b8b8","name":"Andre\u0301 Rangel\u00a0","image":{"@type":"ImageObject","inLanguage":"pt-BR","@id":"https:\/\/www.em.com.br\/emfoco\/#\/schema\/person\/image\/","url":"https:\/\/secure.gravatar.com\/avatar\/6234dc814c77c8ef6d8bba622c787efc?s=96&d=mm&r=g","contentUrl":"https:\/\/secure.gravatar.com\/avatar\/6234dc814c77c8ef6d8bba622c787efc?s=96&d=mm&r=g","caption":"Andre\u0301 Rangel\u00a0"},"url":"https:\/\/www.em.com.br\/emfoco\/author\/luizmyth\/"}]}},"_links":{"self":[{"href":"https:\/\/www.em.com.br\/emfoco\/wp-json\/wp\/v2\/posts\/82025","targetHints":{"allow":["GET"]}}],"collection":[{"href":"https:\/\/www.em.com.br\/emfoco\/wp-json\/wp\/v2\/posts"}],"about":[{"href":"https:\/\/www.em.com.br\/emfoco\/wp-json\/wp\/v2\/types\/post"}],"author":[{"embeddable":true,"href":"https:\/\/www.em.com.br\/emfoco\/wp-json\/wp\/v2\/users\/11"}],"replies":[{"embeddable":true,"href":"https:\/\/www.em.com.br\/emfoco\/wp-json\/wp\/v2\/comments?post=82025"}],"version-history":[{"count":4,"href":"https:\/\/www.em.com.br\/emfoco\/wp-json\/wp\/v2\/posts\/82025\/revisions"}],"predecessor-version":[{"id":82182,"href":"https:\/\/www.em.com.br\/emfoco\/wp-json\/wp\/v2\/posts\/82025\/revisions\/82182"}],"wp:featuredmedia":[{"embeddable":true,"href":"https:\/\/www.em.com.br\/emfoco\/wp-json\/wp\/v2\/media\/82169"}],"wp:attachment":[{"href":"https:\/\/www.em.com.br\/emfoco\/wp-json\/wp\/v2\/media?parent=82025"}],"wp:term":[{"taxonomy":"category","embeddable":true,"href":"https:\/\/www.em.com.br\/emfoco\/wp-json\/wp\/v2\/categories?post=82025"},{"taxonomy":"post_tag","embeddable":true,"href":"https:\/\/www.em.com.br\/emfoco\/wp-json\/wp\/v2\/tags?post=82025"}],"curies":[{"name":"wp","href":"https:\/\/api.w.org\/{rel}","templated":true}]}}