{"id":82021,"date":"2025-07-29T10:08:00","date_gmt":"2025-07-29T13:08:00","guid":{"rendered":"https:\/\/www.em.com.br\/emfoco\/?p=82021"},"modified":"2025-07-27T12:30:32","modified_gmt":"2025-07-27T15:30:32","slug":"como-fazer-gelatina-caseira-rica-em-colageno-que-ajuda-a-combater-o-envelhecimento","status":"publish","type":"post","link":"https:\/\/www.em.com.br\/emfoco\/2025\/07\/29\/como-fazer-gelatina-caseira-rica-em-colageno-que-ajuda-a-combater-o-envelhecimento\/","title":{"rendered":"Como fazer gelatina caseira rica em col\u00e1geno que ajuda a combater o envelhecimento"},"content":{"rendered":"\n<p>O\u00a0<strong>col\u00e1geno<\/strong>\u00a0\u00e9 uma prote\u00edna essencial que mant\u00e9m a pele el\u00e1stica e firme. Al\u00e9m disso, contribui significativamente para a sa\u00fade das articula\u00e7\u00f5es e ossos. Aprender a estimular sua produ\u00e7\u00e3o naturalmente \u00e9 crucial para combater os sinais de <a href=\"https:\/\/www.msdmanuals.com\/pt\/casa\/quest%C3%B5es-sobre-a-sa%C3%BAde-de-pessoas-idosas\/o-envelhecimento-corporal\/considera%C3%A7%C3%B5es-gerais-sobre-o-envelhecimento#:~:text=O%20envelhecimento%20%C3%A9%20um%20processo,envelhecem%E2%80%9D%20em%20uma%20idade%20espec%C3%ADfica.\" target=\"_blank\" rel=\"noreferrer noopener\">envelhecimento<\/a>. Al\u00e9m disso, a hidrata\u00e7\u00e3o adequada \u00e9 essencial para a manuten\u00e7\u00e3o da elasticidade da pele e suporte \u00e0 produ\u00e7\u00e3o de col\u00e1geno.<\/p>\n\n\n\n<ul class=\"wp-block-list\">\n<li>Alimentos ricos em col\u00e1geno s\u00e3o essenciais para uma dieta equilibrada.<\/li>\n\n\n\n<li>A gelatina \u00e9 uma receita simples que promove a produ\u00e7\u00e3o de col\u00e1geno.<\/li>\n\n\n\n<li>Manter a elasticidade da pele e a sa\u00fade das articula\u00e7\u00f5es \u00e9 poss\u00edvel com h\u00e1bitos alimentares corretos.<\/li>\n<\/ul>\n\n\n\n<h2 class=\"wp-block-heading\">O que \u00e9 o col\u00e1geno?<\/h2>\n\n\n\n<p>O&nbsp;<strong>col\u00e1geno<\/strong>&nbsp;\u00e9 uma das prote\u00ednas mais abundantes no corpo humano. Ele desempenha um papel vital na estrutura da pele, ossos, ligamentos e tend\u00f5es. Com o tempo, a produ\u00e7\u00e3o natural de col\u00e1geno diminui.<\/p>\n\n\n\n<h2 class=\"wp-block-heading\">Como o col\u00e1geno afeta sua sa\u00fade?<\/h2>\n\n\n\n<p>Com a redu\u00e7\u00e3o de&nbsp;<strong>col\u00e1geno<\/strong>, surgem&nbsp;<strong>rugas<\/strong>&nbsp;e&nbsp;<strong>flacidez na pele<\/strong>, al\u00e9m de&nbsp;<strong>dores nas articula\u00e7\u00f5es<\/strong>. \u00c9 essencial apoiar sua produ\u00e7\u00e3o atrav\u00e9s dos alimentos certos na dieta, incluindo aqueles ricos em vitamina C.<\/p>\n\n\n\n<h2 class=\"wp-block-heading\">Import\u00e2ncia dos minerais na produ\u00e7\u00e3o de col\u00e1geno<\/h2>\n\n\n\n<p>Minerais como zinco e cobre s\u00e3o fundamentais para a s\u00edntese de col\u00e1geno. Zinco ajuda na ativa\u00e7\u00e3o de prote\u00ednas essenciais na constru\u00e7\u00e3o do col\u00e1geno, enquanto cobre \u00e9 necess\u00e1rio para a forma\u00e7\u00e3o de liga\u00e7\u00f5es cruzadas nas fibras de col\u00e1geno, fornecendo a resist\u00eancia e estabilidade. Incorporar alimentos ricos nesses minerais, como sementes de ab\u00f3bora e carne bovina, pode otimizar os n\u00edveis de col\u00e1geno no corpo.<\/p>\n\n\n\n<figure class=\"wp-block-image\"><img decoding=\"async\" src=\"https:\/\/www.em.com.br\/emfoco\/wp-content\/uploads\/2025\/06\/envelhecimento_1749935479998-1024x576.jpg\" alt=\"\"\/><figcaption class=\"wp-element-caption\">Mulheres autocuidado &#8211; Cr\u00e9ditos: depositphotos.com \/ IgorVetushko<\/figcaption><\/figure>\n\n\n\n<h2 class=\"wp-block-heading\">Alimentos ricos em Vitamina C<\/h2>\n\n\n\n<p>Frutas c\u00edtricas como laranja, lim\u00e3o, e tangerina s\u00e3o \u00f3timas fontes de vitamina C, essencial para a s\u00edntese de col\u00e1geno no organismo. Essa vitamina atua diretamente na forma\u00e7\u00e3o e estabilidade das fibras de col\u00e1geno, sendo crucial incorpor\u00e1-las \u00e0 dieta para manter a pele firme e saud\u00e1vel.<\/p>\n\n\n\n<h2 class=\"wp-block-heading\">Como os antioxidantes ajudam na prote\u00e7\u00e3o do col\u00e1geno?<\/h2>\n\n\n\n<p>O consumo de alimentos ricos em antioxidantes, como&nbsp;<strong>frutas vermelhas<\/strong>, ajuda a proteger o col\u00e1geno existente no corpo contra os danos dos radicais livres. Incorporando essas frutas na dieta, voc\u00ea contribui para a preserva\u00e7\u00e3o do col\u00e1geno, promovendo uma pele jovem e saud\u00e1vel.<\/p>\n\n\n\n<h2 class=\"wp-block-heading\">Qual \u00e9 a receita f\u00e1cil para aumentar o col\u00e1geno?<\/h2>\n\n\n\n<p>Uma receita f\u00e1cil e saud\u00e1vel que ajuda na produ\u00e7\u00e3o de&nbsp;<strong>col\u00e1geno<\/strong>&nbsp;\u00e9 a&nbsp;<strong>gelatina caseira<\/strong>. Ela cont\u00e9m&nbsp;<strong>grenetina<\/strong>, que \u00e9 derivada de ossos, pele e cartilagens de animais, fornecendo uma quantidade significativa dessa prote\u00edna ao corpo.<\/p>\n\n\n\n<p>A gelatina tamb\u00e9m \u00e9 uma rica fonte de minerais como c\u00e1lcio, magn\u00e9sio e f\u00f3sforo, fortalecendo unhas, cabelo e articula\u00e7\u00f5es.&nbsp;Dica r\u00e1pida: gelatina com&nbsp;<strong>frutas<\/strong>&nbsp;frescas aumenta o valor nutricional do seu doce. Para garantir uma op\u00e7\u00e3o mais saud\u00e1vel, use gelatina sem sabor e sem adi\u00e7\u00e3o de a\u00e7\u00facar, evitando aditivos desnecess\u00e1rios.<\/p>\n\n\n\n<figure class=\"wp-block-image size-large\"><img loading=\"lazy\" decoding=\"async\" width=\"1024\" height=\"576\" src=\"https:\/\/www.em.com.br\/emfoco\/wp-content\/uploads\/2025\/07\/gelatina_1753630347180-1024x576.jpg\" alt=\"\" class=\"wp-image-82166\" srcset=\"https:\/\/www.em.com.br\/emfoco\/wp-content\/uploads\/2025\/07\/gelatina_1753630347180-1024x576.jpg 1024w, https:\/\/www.em.com.br\/emfoco\/wp-content\/uploads\/2025\/07\/gelatina_1753630347180-300x169.jpg 300w, https:\/\/www.em.com.br\/emfoco\/wp-content\/uploads\/2025\/07\/gelatina_1753630347180-768x432.jpg 768w, https:\/\/www.em.com.br\/emfoco\/wp-content\/uploads\/2025\/07\/gelatina_1753630347180-750x422.jpg 750w, https:\/\/www.em.com.br\/emfoco\/wp-content\/uploads\/2025\/07\/gelatina_1753630347180-1140x641.jpg 1140w, https:\/\/www.em.com.br\/emfoco\/wp-content\/uploads\/2025\/07\/gelatina_1753630347180.jpg 1280w\" sizes=\"auto, (max-width: 1024px) 100vw, 1024px\" \/><figcaption class=\"wp-element-caption\">Gelatina &#8211; Cr\u00e9ditos: depositphotos.com \/ nito103<\/figcaption><\/figure>\n\n\n\n<h2 class=\"wp-block-heading\">Como preparar uma gelatina caseira?<\/h2>\n\n\n\n<ol class=\"wp-block-list\">\n<li>500 ml de suco natural (pode ser laranja, lim\u00e3o, morango ou qualquer fruta de sua prefer\u00eancia).<\/li>\n\n\n\n<li>3 colheres de sopa de gelatina em p\u00f3 sem sabor ou 6 folhas de gelatina.<\/li>\n\n\n\n<li>2-3 colheres de sopa de mel ou ado\u00e7ante a gosto (opcional).<\/li>\n\n\n\n<li>Frutas frescas em peda\u00e7os (opcional)<\/li>\n<\/ol>\n\n\n\n<p>O primeiro passo \u00e9 hidratar a gelatina. Se for usar gelatina em p\u00f3, coloque as tr\u00eas colheres de sopa em 100 ml de \u00e1gua fria e deixe descansar por 5 a 10 minutos para hidratar. Se usar folhas de gelatina, deixe-as de molho em \u00e1gua fria por cerca de 5 minutos. Em seguida,&nbsp;aque\u00e7a o suco de frutas em fogo baixo em uma panela pequena, sem deixar ferver.&nbsp; Depois basta adicionar a&nbsp;gelatina hidratada e mexer at\u00e9 que ela dissolva completamente e n\u00e3o haja mais grumos.&nbsp;<\/p>\n\n\n\n<h2 class=\"wp-block-heading\">Benef\u00edcios da gelatina para a sa\u00fade<\/h2>\n\n\n\n<p>Esta<strong> sobremesa f\u00e1cil<\/strong>\u00a0fortalece n\u00e3o s\u00f3 as articula\u00e7\u00f5es, mas tamb\u00e9m unhas e cabelos. Incorporar gelatina na dieta pode melhorar os n\u00edveis de\u00a0<a href=\"https:\/\/www.em.com.br\/emfoco\/2025\/07\/24\/essa-gelatina-com-colageno-pode-rejuvenescer-sua-pele-em-semanas\/\" target=\"_blank\" rel=\"noreferrer noopener\"><strong>col\u00e1geno<\/strong>\u00a0<\/a>naturalmente.<\/p>\n\n\n\n<h2 class=\"wp-block-heading\">Consumo de prote\u00ednas magras<\/h2>\n\n\n\n<p>O consumo de prote\u00ednas magras, como frango e peixe, fornece amino\u00e1cidos necess\u00e1rios para a produ\u00e7\u00e3o de col\u00e1geno. Essas prote\u00ednas s\u00e3o fundamentais para o processo de s\u00edntese de col\u00e1geno, apoiando a sa\u00fade da pele e das articula\u00e7\u00f5es.<\/p>\n\n\n\n<h2 class=\"wp-block-heading\">Aprenda a manter uma pele jovem e saud\u00e1vel<\/h2>\n\n\n\n<ul class=\"wp-block-list\">\n<li>Adote uma dieta rica em&nbsp;<strong>col\u00e1geno<\/strong>&nbsp;e minerais essenciais.<\/li>\n\n\n\n<li>Inclua sobremesas como a gelatina para aumentar a elasticidade da pele.<\/li>\n\n\n\n<li>Coma frutas frescas para melhorar a nutri\u00e7\u00e3o geral do seu corpo.<\/li>\n\n\n\n<li>Mantenha uma boa hidrata\u00e7\u00e3o para suportar a elasticidade cut\u00e2nea e a produ\u00e7\u00e3o de col\u00e1geno.<\/li>\n<\/ul>\n","protected":false},"excerpt":{"rendered":"<p>O\u00a0col\u00e1geno\u00a0\u00e9 uma prote\u00edna essencial que mant\u00e9m a pele el\u00e1stica e firme. Al\u00e9m disso, contribui significativamente para a sa\u00fade das articula\u00e7\u00f5es e ossos. Aprender a estimular sua produ\u00e7\u00e3o naturalmente \u00e9 crucial para combater os sinais de envelhecimento. Al\u00e9m disso, a hidrata\u00e7\u00e3o adequada \u00e9 essencial para a manuten\u00e7\u00e3o da elasticidade da pele e suporte \u00e0 produ\u00e7\u00e3o de [&hellip;]<\/p>\n","protected":false},"author":11,"featured_media":82165,"comment_status":"open","ping_status":"open","sticky":false,"template":"","format":"standard","meta":{"jnews-multi-image_gallery":[],"jnews_single_post":{"format":"standard"},"jnews_primary_category":[],"jnews_social_meta":[],"jnews_override_counter":[],"footnotes":""},"categories":[1],"tags":[],"class_list":["post-82021","post","type-post","status-publish","format-standard","has-post-thumbnail","hentry","category-noticias"],"yoast_head":"<!-- This site is optimized with the Yoast SEO plugin v23.8 - https:\/\/yoast.com\/wordpress\/plugins\/seo\/ -->\n<title>Como fazer gelatina caseira rica em col\u00e1geno que ajuda a combater o envelhecimento - Estado de Minas - Em foco<\/title>\n<meta name=\"robots\" content=\"index, follow, max-snippet:-1, max-image-preview:large, max-video-preview:-1\" \/>\n<link rel=\"canonical\" href=\"https:\/\/www.em.com.br\/emfoco\/2025\/07\/29\/como-fazer-gelatina-caseira-rica-em-colageno-que-ajuda-a-combater-o-envelhecimento\/\" \/>\n<meta property=\"og:locale\" content=\"pt_BR\" \/>\n<meta property=\"og:type\" content=\"article\" \/>\n<meta property=\"og:title\" content=\"Como fazer gelatina caseira rica em col\u00e1geno que ajuda a combater o envelhecimento - Estado de Minas - Em foco\" \/>\n<meta property=\"og:description\" content=\"O\u00a0col\u00e1geno\u00a0\u00e9 uma prote\u00edna essencial que mant\u00e9m a pele el\u00e1stica e firme. Al\u00e9m disso, contribui significativamente para a sa\u00fade das articula\u00e7\u00f5es e ossos. Aprender a estimular sua produ\u00e7\u00e3o naturalmente \u00e9 crucial para combater os sinais de envelhecimento. Al\u00e9m disso, a hidrata\u00e7\u00e3o adequada \u00e9 essencial para a manuten\u00e7\u00e3o da elasticidade da pele e suporte \u00e0 produ\u00e7\u00e3o de [&hellip;]\" \/>\n<meta property=\"og:url\" content=\"https:\/\/www.em.com.br\/emfoco\/2025\/07\/29\/como-fazer-gelatina-caseira-rica-em-colageno-que-ajuda-a-combater-o-envelhecimento\/\" \/>\n<meta property=\"og:site_name\" content=\"Estado de Minas - Em foco\" \/>\n<meta property=\"article:published_time\" content=\"2025-07-29T13:08:00+00:00\" \/>\n<meta property=\"article:modified_time\" content=\"2025-07-27T15:30:32+00:00\" \/>\n<meta property=\"og:image\" content=\"https:\/\/www.em.com.br\/emfoco\/wp-content\/uploads\/2025\/07\/mosaico_1753630264031.jpg\" \/>\n\t<meta property=\"og:image:width\" content=\"1280\" \/>\n\t<meta property=\"og:image:height\" content=\"720\" \/>\n\t<meta property=\"og:image:type\" content=\"image\/jpeg\" \/>\n<meta name=\"author\" content=\"Andre\u0301 Rangel\u00a0\" \/>\n<meta name=\"twitter:card\" content=\"summary_large_image\" \/>\n<meta name=\"twitter:label1\" content=\"Escrito por\" \/>\n\t<meta name=\"twitter:data1\" content=\"Andre\u0301 Rangel\u00a0\" \/>\n\t<meta name=\"twitter:label2\" content=\"Est. tempo de leitura\" \/>\n\t<meta name=\"twitter:data2\" content=\"5 minutos\" \/>\n<!-- \/ Yoast SEO plugin. -->","yoast_head_json":{"title":"Como fazer gelatina caseira rica em col\u00e1geno que ajuda a combater o envelhecimento - Estado de Minas - Em foco","robots":{"index":"index","follow":"follow","max-snippet":"max-snippet:-1","max-image-preview":"max-image-preview:large","max-video-preview":"max-video-preview:-1"},"canonical":"https:\/\/www.em.com.br\/emfoco\/2025\/07\/29\/como-fazer-gelatina-caseira-rica-em-colageno-que-ajuda-a-combater-o-envelhecimento\/","og_locale":"pt_BR","og_type":"article","og_title":"Como fazer gelatina caseira rica em col\u00e1geno que ajuda a combater o envelhecimento - Estado de Minas - Em foco","og_description":"O\u00a0col\u00e1geno\u00a0\u00e9 uma prote\u00edna essencial que mant\u00e9m a pele el\u00e1stica e firme. Al\u00e9m disso, contribui significativamente para a sa\u00fade das articula\u00e7\u00f5es e ossos. Aprender a estimular sua produ\u00e7\u00e3o naturalmente \u00e9 crucial para combater os sinais de envelhecimento. Al\u00e9m disso, a hidrata\u00e7\u00e3o adequada \u00e9 essencial para a manuten\u00e7\u00e3o da elasticidade da pele e suporte \u00e0 produ\u00e7\u00e3o de [&hellip;]","og_url":"https:\/\/www.em.com.br\/emfoco\/2025\/07\/29\/como-fazer-gelatina-caseira-rica-em-colageno-que-ajuda-a-combater-o-envelhecimento\/","og_site_name":"Estado de Minas - Em foco","article_published_time":"2025-07-29T13:08:00+00:00","article_modified_time":"2025-07-27T15:30:32+00:00","og_image":[{"width":1280,"height":720,"url":"https:\/\/www.em.com.br\/emfoco\/wp-content\/uploads\/2025\/07\/mosaico_1753630264031.jpg","type":"image\/jpeg"}],"author":"Andre\u0301 Rangel\u00a0","twitter_card":"summary_large_image","twitter_misc":{"Escrito por":"Andre\u0301 Rangel\u00a0","Est. tempo de leitura":"5 minutos"},"schema":{"@context":"https:\/\/schema.org","@graph":[{"@type":"WebPage","@id":"https:\/\/www.em.com.br\/emfoco\/2025\/07\/29\/como-fazer-gelatina-caseira-rica-em-colageno-que-ajuda-a-combater-o-envelhecimento\/","url":"https:\/\/www.em.com.br\/emfoco\/2025\/07\/29\/como-fazer-gelatina-caseira-rica-em-colageno-que-ajuda-a-combater-o-envelhecimento\/","name":"Como fazer gelatina caseira rica em col\u00e1geno que ajuda a combater o envelhecimento - Estado de Minas - Em foco","isPartOf":{"@id":"https:\/\/www.em.com.br\/emfoco\/#website"},"primaryImageOfPage":{"@id":"https:\/\/www.em.com.br\/emfoco\/2025\/07\/29\/como-fazer-gelatina-caseira-rica-em-colageno-que-ajuda-a-combater-o-envelhecimento\/#primaryimage"},"image":{"@id":"https:\/\/www.em.com.br\/emfoco\/2025\/07\/29\/como-fazer-gelatina-caseira-rica-em-colageno-que-ajuda-a-combater-o-envelhecimento\/#primaryimage"},"thumbnailUrl":"https:\/\/www.em.com.br\/emfoco\/wp-content\/uploads\/2025\/07\/mosaico_1753630264031.jpg","datePublished":"2025-07-29T13:08:00+00:00","dateModified":"2025-07-27T15:30:32+00:00","author":{"@id":"https:\/\/www.em.com.br\/emfoco\/#\/schema\/person\/60eda09c1fedf0d6891f4cef4b60b8b8"},"breadcrumb":{"@id":"https:\/\/www.em.com.br\/emfoco\/2025\/07\/29\/como-fazer-gelatina-caseira-rica-em-colageno-que-ajuda-a-combater-o-envelhecimento\/#breadcrumb"},"inLanguage":"pt-BR","potentialAction":[{"@type":"ReadAction","target":["https:\/\/www.em.com.br\/emfoco\/2025\/07\/29\/como-fazer-gelatina-caseira-rica-em-colageno-que-ajuda-a-combater-o-envelhecimento\/"]}]},{"@type":"ImageObject","inLanguage":"pt-BR","@id":"https:\/\/www.em.com.br\/emfoco\/2025\/07\/29\/como-fazer-gelatina-caseira-rica-em-colageno-que-ajuda-a-combater-o-envelhecimento\/#primaryimage","url":"https:\/\/www.em.com.br\/emfoco\/wp-content\/uploads\/2025\/07\/mosaico_1753630264031.jpg","contentUrl":"https:\/\/www.em.com.br\/emfoco\/wp-content\/uploads\/2025\/07\/mosaico_1753630264031.jpg","width":1280,"height":720,"caption":"Gelatina e auto cuidado - Cr\u00e9ditos: depositphotos.com \/ HayDmitriy Cr\u00e9ditos: depositphotos.com \/ nito103"},{"@type":"BreadcrumbList","@id":"https:\/\/www.em.com.br\/emfoco\/2025\/07\/29\/como-fazer-gelatina-caseira-rica-em-colageno-que-ajuda-a-combater-o-envelhecimento\/#breadcrumb","itemListElement":[{"@type":"ListItem","position":1,"name":"In\u00edcio","item":"https:\/\/www.em.com.br\/emfoco\/"},{"@type":"ListItem","position":2,"name":"Como fazer gelatina caseira rica em col\u00e1geno que ajuda a combater o envelhecimento"}]},{"@type":"WebSite","@id":"https:\/\/www.em.com.br\/emfoco\/#website","url":"https:\/\/www.em.com.br\/emfoco\/","name":"Estado de Minas - Em foco","description":"Acompanhe as \u00faltimas not\u00edcias e fique bem informado sobre tudo o que acontece em Minas Gerais, Brasil e no mundo.","potentialAction":[{"@type":"SearchAction","target":{"@type":"EntryPoint","urlTemplate":"https:\/\/www.em.com.br\/emfoco\/?s={search_term_string}"},"query-input":{"@type":"PropertyValueSpecification","valueRequired":true,"valueName":"search_term_string"}}],"inLanguage":"pt-BR"},{"@type":"Person","@id":"https:\/\/www.em.com.br\/emfoco\/#\/schema\/person\/60eda09c1fedf0d6891f4cef4b60b8b8","name":"Andre\u0301 Rangel\u00a0","image":{"@type":"ImageObject","inLanguage":"pt-BR","@id":"https:\/\/www.em.com.br\/emfoco\/#\/schema\/person\/image\/","url":"https:\/\/secure.gravatar.com\/avatar\/6234dc814c77c8ef6d8bba622c787efc?s=96&d=mm&r=g","contentUrl":"https:\/\/secure.gravatar.com\/avatar\/6234dc814c77c8ef6d8bba622c787efc?s=96&d=mm&r=g","caption":"Andre\u0301 Rangel\u00a0"},"url":"https:\/\/www.em.com.br\/emfoco\/author\/luizmyth\/"}]}},"_links":{"self":[{"href":"https:\/\/www.em.com.br\/emfoco\/wp-json\/wp\/v2\/posts\/82021","targetHints":{"allow":["GET"]}}],"collection":[{"href":"https:\/\/www.em.com.br\/emfoco\/wp-json\/wp\/v2\/posts"}],"about":[{"href":"https:\/\/www.em.com.br\/emfoco\/wp-json\/wp\/v2\/types\/post"}],"author":[{"embeddable":true,"href":"https:\/\/www.em.com.br\/emfoco\/wp-json\/wp\/v2\/users\/11"}],"replies":[{"embeddable":true,"href":"https:\/\/www.em.com.br\/emfoco\/wp-json\/wp\/v2\/comments?post=82021"}],"version-history":[{"count":3,"href":"https:\/\/www.em.com.br\/emfoco\/wp-json\/wp\/v2\/posts\/82021\/revisions"}],"predecessor-version":[{"id":82167,"href":"https:\/\/www.em.com.br\/emfoco\/wp-json\/wp\/v2\/posts\/82021\/revisions\/82167"}],"wp:featuredmedia":[{"embeddable":true,"href":"https:\/\/www.em.com.br\/emfoco\/wp-json\/wp\/v2\/media\/82165"}],"wp:attachment":[{"href":"https:\/\/www.em.com.br\/emfoco\/wp-json\/wp\/v2\/media?parent=82021"}],"wp:term":[{"taxonomy":"category","embeddable":true,"href":"https:\/\/www.em.com.br\/emfoco\/wp-json\/wp\/v2\/categories?post=82021"},{"taxonomy":"post_tag","embeddable":true,"href":"https:\/\/www.em.com.br\/emfoco\/wp-json\/wp\/v2\/tags?post=82021"}],"curies":[{"name":"wp","href":"https:\/\/api.w.org\/{rel}","templated":true}]}}