{"id":82012,"date":"2025-07-27T15:08:30","date_gmt":"2025-07-27T18:08:30","guid":{"rendered":"https:\/\/www.em.com.br\/emfoco\/?p=82012"},"modified":"2025-07-26T18:31:32","modified_gmt":"2025-07-26T21:31:32","slug":"o-melhor-oleo-natural-para-cabelos-secos-e-danificados","status":"publish","type":"post","link":"https:\/\/www.em.com.br\/emfoco\/2025\/07\/27\/o-melhor-oleo-natural-para-cabelos-secos-e-danificados\/","title":{"rendered":"O melhor \u00f3leo natural para cabelos secos e danificados"},"content":{"rendered":"\n<p>O <strong>\u00f3leo de<\/strong> <strong>batana <\/strong>\u00e9 um recurso natural extra\u00eddo das nozes da palmeira que cresce principalmente em <strong>Honduras<\/strong> e outras regi\u00f5es da <strong>Am\u00e9rica Central<\/strong> e do <strong>Sul<\/strong>. Este \u00f3leo \u00e9 conhecido por suas propriedades nutritivas, pois \u00e9 rico em \u00e1cidos graxos e antioxidantes ben\u00e9ficos para os cabelos e o couro cabeludo. Ao longo da hist\u00f3ria, vem sendo utilizado para melhorar a apar\u00eancia dos fios, proporcionando um aspecto mais espesso e brilhante, al\u00e9m de um couro cabeludo mais saud\u00e1vel.<\/p>\n\n\n\n<p>Embora o \u00f3leo de batana seja reconhecido por sua capacidade de nutrir e condicionar os <a href=\"https:\/\/www.em.com.br\/emfoco\/2025\/07\/25\/cabelos-finos-ganham-vida-com-mascaras-de-acao-leve-e-eficaz\/\" target=\"_blank\" rel=\"noreferrer noopener\">cabelos<\/a>, h\u00e1 certos detalhes que merecem aten\u00e7\u00e3o. Este \u00f3leo \u00e9 especialmente ben\u00e9fico para cabelos secos, quebradi\u00e7os ou que passaram por processos qu\u00edmicos, j\u00e1 que seu alto teor de vitamina E e \u00e1cidos graxos contribui para a elasticidade e suavidade dos fios. Pessoas com cabelos cacheados ou grossos podem encontrar no \u00f3leo de batana um aliado para manter os fios hidratados e f\u00e1ceis de modelar, gra\u00e7as \u00e0 sua textura espessa que possibilita uma absor\u00e7\u00e3o profunda.<\/p>\n\n\n\n<h2 class=\"wp-block-heading\">O \u00f3leo de batana ajuda no crescimento capilar?<\/h2>\n\n\n\n<p>Apesar das propriedades ben\u00e9ficas do \u00f3leo de batana, n\u00e3o existem evid\u00eancias cient\u00edficas que comprovem sua efic\u00e1cia como tratamento para estimular o crescimento dos cabelos. Ele pode melhorar a condi\u00e7\u00e3o geral dos fios e criar um ambiente mais saud\u00e1vel para o couro cabeludo, mas o crescimento efetivo geralmente exige tratamentos m\u00e9dicos espec\u00edficos. No entanto, muitos usu\u00e1rios relatam uma melhora vis\u00edvel na for\u00e7a e na textura dos cabelos ap\u00f3s o uso cont\u00ednuo.<\/p>\n\n\n<div class=\"wp-block-image\">\n<figure class=\"aligncenter size-large\"><img loading=\"lazy\" decoding=\"async\" width=\"1024\" height=\"576\" src=\"https:\/\/www.em.com.br\/emfoco\/wp-content\/uploads\/2025\/03\/Oleo-de-Ricino_1743267658360-1024x576.jpg\" alt=\"\" class=\"wp-image-33632\" srcset=\"https:\/\/www.em.com.br\/emfoco\/wp-content\/uploads\/2025\/03\/Oleo-de-Ricino_1743267658360-1024x576.jpg 1024w, https:\/\/www.em.com.br\/emfoco\/wp-content\/uploads\/2025\/03\/Oleo-de-Ricino_1743267658360-300x169.jpg 300w, https:\/\/www.em.com.br\/emfoco\/wp-content\/uploads\/2025\/03\/Oleo-de-Ricino_1743267658360-768x432.jpg 768w, https:\/\/www.em.com.br\/emfoco\/wp-content\/uploads\/2025\/03\/Oleo-de-Ricino_1743267658360-750x422.jpg 750w, https:\/\/www.em.com.br\/emfoco\/wp-content\/uploads\/2025\/03\/Oleo-de-Ricino_1743267658360-1140x641.jpg 1140w, https:\/\/www.em.com.br\/emfoco\/wp-content\/uploads\/2025\/03\/Oleo-de-Ricino_1743267658360.jpg 1280w\" sizes=\"auto, (max-width: 1024px) 100vw, 1024px\" \/><figcaption class=\"wp-element-caption\">\u00f3leo- Cr\u00e9ditos: depositphotos.com \/ bdspn74<\/figcaption><\/figure><\/div>\n\n\n<h2 class=\"wp-block-heading\">Como o \u00f3leo de batana se compara a outros \u00f3leos capilares?<\/h2>\n\n\n\n<p>Diferentemente de \u00f3leos essenciais como o de <strong>alecrim<\/strong>, o \u00f3leo de batana atua mais como uma m\u00e1scara capilar devido \u00e0 sua rica consist\u00eancia. Enquanto o <a href=\"https:\/\/www.tuasaude.com\/oleo-de-alecrim\/\" target=\"_blank\" rel=\"noreferrer noopener\">\u00f3leo de alecrim<\/a> \u00e9 usado principalmente para estimular a circula\u00e7\u00e3o sangu\u00ednea nos fol\u00edculos e deve ser dilu\u00eddo antes da aplica\u00e7\u00e3o, o \u00f3leo de batana pode ser aplicado diretamente para proporcionar hidrata\u00e7\u00e3o intensa aos fios e ao couro cabeludo. Essa diferen\u00e7a no modo de uso tamb\u00e9m influencia os tipos de cabelo ideais para cada um, sendo o \u00f3leo de batana mais indicado para cabelos grossos e cacheados.<\/p>\n\n\n\n<h2 class=\"wp-block-heading\">Quem deve evitar o uso do \u00f3leo de batana?<\/h2>\n\n\n\n<p>Nem todos os tipos de cabelo se beneficiam igualmente do \u00f3leo de batana. Pessoas com fios finos ou tend\u00eancia \u00e0 oleosidade podem sentir o cabelo pesado e at\u00e9 mesmo perceber que os fios ficam &#8220;emplastados&#8221; ao usar esse produto. Se n\u00e3o for removido adequadamente, o \u00f3leo pode contribuir para a obstru\u00e7\u00e3o dos poros ou aumentar a produ\u00e7\u00e3o de sebo, o que pode causar complica\u00e7\u00f5es como a dermatite seborreica. Nesses casos, recomenda-se o uso apenas nas pontas e nos meios do cabelo, evitando a aplica\u00e7\u00e3o direta no couro cabeludo.<\/p>\n\n\n\n<h2 class=\"wp-block-heading\">Quais s\u00e3o os resultados e o que esperar ao usar \u00f3leo de batana?<\/h2>\n\n\n\n<p>Enquanto alguns usu\u00e1rios afirmam notar melhorias na textura e sa\u00fade dos cabelos ap\u00f3s algumas semanas de uso, \u00e9 essencial manter expectativas realistas quanto aos resultados. O \u00f3leo de batana \u00e9 um tratamento de hidrata\u00e7\u00e3o profunda que ajuda a reduzir o frizz e o dano, mas o crescimento significativo dos fios geralmente requer interven\u00e7\u00f5es mais especializadas. Ainda assim, seu poder nutritivo \u00e9 muito apreciado por quem busca melhorar a sa\u00fade capilar de forma natural.<\/p>\n","protected":false},"excerpt":{"rendered":"<p>O \u00f3leo de batana \u00e9 um recurso natural extra\u00eddo das nozes da palmeira que cresce principalmente em Honduras e outras regi\u00f5es da Am\u00e9rica Central e do Sul. Este \u00f3leo \u00e9 conhecido por suas propriedades nutritivas, pois \u00e9 rico em \u00e1cidos graxos e antioxidantes ben\u00e9ficos para os cabelos e o couro cabeludo. Ao longo da hist\u00f3ria, [&hellip;]<\/p>\n","protected":false},"author":9,"featured_media":40878,"comment_status":"open","ping_status":"open","sticky":false,"template":"","format":"standard","meta":{"jnews-multi-image_gallery":[],"jnews_single_post":{"format":"standard"},"jnews_primary_category":[],"jnews_social_meta":[],"jnews_override_counter":[],"footnotes":""},"categories":[29,1],"tags":[12919,4905,5612],"class_list":["post-82012","post","type-post","status-publish","format-standard","has-post-thumbnail","hentry","category-entretenimento","category-noticias","tag-batana","tag-cabelo","tag-oleo"],"yoast_head":"<!-- This site is optimized with the Yoast SEO plugin v23.8 - https:\/\/yoast.com\/wordpress\/plugins\/seo\/ -->\n<title>O melhor \u00f3leo natural para cabelos secos e danificados<\/title>\n<meta name=\"description\" content=\"Nem todo \u00f3leo serve para todos os cabelos. Descubra como o \u00f3leo de batana age nos fios e por que ele virou tend\u00eancia entre as cacheadas.\" \/>\n<meta name=\"robots\" content=\"index, follow, max-snippet:-1, max-image-preview:large, max-video-preview:-1\" \/>\n<link rel=\"canonical\" href=\"https:\/\/www.em.com.br\/emfoco\/2025\/07\/27\/o-melhor-oleo-natural-para-cabelos-secos-e-danificados\/\" \/>\n<meta property=\"og:locale\" content=\"pt_BR\" \/>\n<meta property=\"og:type\" content=\"article\" \/>\n<meta property=\"og:title\" content=\"O melhor \u00f3leo natural para cabelos secos e danificados\" \/>\n<meta property=\"og:description\" content=\"Nem todo \u00f3leo serve para todos os cabelos. Descubra como o \u00f3leo de batana age nos fios e por que ele virou tend\u00eancia entre as cacheadas.\" \/>\n<meta property=\"og:url\" content=\"https:\/\/www.em.com.br\/emfoco\/2025\/07\/27\/o-melhor-oleo-natural-para-cabelos-secos-e-danificados\/\" \/>\n<meta property=\"og:site_name\" content=\"Estado de Minas - Em foco\" \/>\n<meta property=\"article:published_time\" content=\"2025-07-27T18:08:30+00:00\" \/>\n<meta property=\"article:modified_time\" content=\"2025-07-26T21:31:32+00:00\" \/>\n<meta property=\"og:image\" content=\"https:\/\/www.em.com.br\/emfoco\/wp-content\/uploads\/2025\/04\/oleo-cabelo_1745420006563.jpg\" \/>\n\t<meta property=\"og:image:width\" content=\"1280\" \/>\n\t<meta property=\"og:image:height\" content=\"720\" \/>\n\t<meta property=\"og:image:type\" content=\"image\/jpeg\" \/>\n<meta name=\"author\" content=\"Daniely Cardoso\" \/>\n<meta name=\"twitter:card\" content=\"summary_large_image\" \/>\n<meta name=\"twitter:label1\" content=\"Escrito por\" \/>\n\t<meta name=\"twitter:data1\" content=\"Daniely Cardoso\" \/>\n\t<meta name=\"twitter:label2\" content=\"Est. tempo de leitura\" \/>\n\t<meta name=\"twitter:data2\" content=\"4 minutos\" \/>\n<!-- \/ Yoast SEO plugin. -->","yoast_head_json":{"title":"O melhor \u00f3leo natural para cabelos secos e danificados","description":"Nem todo \u00f3leo serve para todos os cabelos. Descubra como o \u00f3leo de batana age nos fios e por que ele virou tend\u00eancia entre as cacheadas.","robots":{"index":"index","follow":"follow","max-snippet":"max-snippet:-1","max-image-preview":"max-image-preview:large","max-video-preview":"max-video-preview:-1"},"canonical":"https:\/\/www.em.com.br\/emfoco\/2025\/07\/27\/o-melhor-oleo-natural-para-cabelos-secos-e-danificados\/","og_locale":"pt_BR","og_type":"article","og_title":"O melhor \u00f3leo natural para cabelos secos e danificados","og_description":"Nem todo \u00f3leo serve para todos os cabelos. Descubra como o \u00f3leo de batana age nos fios e por que ele virou tend\u00eancia entre as cacheadas.","og_url":"https:\/\/www.em.com.br\/emfoco\/2025\/07\/27\/o-melhor-oleo-natural-para-cabelos-secos-e-danificados\/","og_site_name":"Estado de Minas - Em foco","article_published_time":"2025-07-27T18:08:30+00:00","article_modified_time":"2025-07-26T21:31:32+00:00","og_image":[{"width":1280,"height":720,"url":"https:\/\/www.em.com.br\/emfoco\/wp-content\/uploads\/2025\/04\/oleo-cabelo_1745420006563.jpg","type":"image\/jpeg"}],"author":"Daniely Cardoso","twitter_card":"summary_large_image","twitter_misc":{"Escrito por":"Daniely Cardoso","Est. tempo de leitura":"4 minutos"},"schema":{"@context":"https:\/\/schema.org","@graph":[{"@type":"WebPage","@id":"https:\/\/www.em.com.br\/emfoco\/2025\/07\/27\/o-melhor-oleo-natural-para-cabelos-secos-e-danificados\/","url":"https:\/\/www.em.com.br\/emfoco\/2025\/07\/27\/o-melhor-oleo-natural-para-cabelos-secos-e-danificados\/","name":"O melhor \u00f3leo natural para cabelos secos e danificados","isPartOf":{"@id":"https:\/\/www.em.com.br\/emfoco\/#website"},"primaryImageOfPage":{"@id":"https:\/\/www.em.com.br\/emfoco\/2025\/07\/27\/o-melhor-oleo-natural-para-cabelos-secos-e-danificados\/#primaryimage"},"image":{"@id":"https:\/\/www.em.com.br\/emfoco\/2025\/07\/27\/o-melhor-oleo-natural-para-cabelos-secos-e-danificados\/#primaryimage"},"thumbnailUrl":"https:\/\/www.em.com.br\/emfoco\/wp-content\/uploads\/2025\/04\/oleo-cabelo_1745420006563.jpg","datePublished":"2025-07-27T18:08:30+00:00","dateModified":"2025-07-26T21:31:32+00:00","author":{"@id":"https:\/\/www.em.com.br\/emfoco\/#\/schema\/person\/0a8186d72f2c3a5c6276d90b41f271a0"},"description":"Nem todo \u00f3leo serve para todos os cabelos. Descubra como o \u00f3leo de batana age nos fios e por que ele virou tend\u00eancia entre as cacheadas.","breadcrumb":{"@id":"https:\/\/www.em.com.br\/emfoco\/2025\/07\/27\/o-melhor-oleo-natural-para-cabelos-secos-e-danificados\/#breadcrumb"},"inLanguage":"pt-BR","potentialAction":[{"@type":"ReadAction","target":["https:\/\/www.em.com.br\/emfoco\/2025\/07\/27\/o-melhor-oleo-natural-para-cabelos-secos-e-danificados\/"]}]},{"@type":"ImageObject","inLanguage":"pt-BR","@id":"https:\/\/www.em.com.br\/emfoco\/2025\/07\/27\/o-melhor-oleo-natural-para-cabelos-secos-e-danificados\/#primaryimage","url":"https:\/\/www.em.com.br\/emfoco\/wp-content\/uploads\/2025\/04\/oleo-cabelo_1745420006563.jpg","contentUrl":"https:\/\/www.em.com.br\/emfoco\/wp-content\/uploads\/2025\/04\/oleo-cabelo_1745420006563.jpg","width":1280,"height":720,"caption":"O \u00f3leo de r\u00edcino \u00e9 muito lembrado em rotinas de nutri\u00e7\u00e3o e fortalecimento, principalmente em cronogramas capilares simples- Cr\u00e9ditos: depositphotos.com \/ EdZbarzhyvetsky"},{"@type":"BreadcrumbList","@id":"https:\/\/www.em.com.br\/emfoco\/2025\/07\/27\/o-melhor-oleo-natural-para-cabelos-secos-e-danificados\/#breadcrumb","itemListElement":[{"@type":"ListItem","position":1,"name":"In\u00edcio","item":"https:\/\/www.em.com.br\/emfoco\/"},{"@type":"ListItem","position":2,"name":"O melhor \u00f3leo natural para cabelos secos e danificados"}]},{"@type":"WebSite","@id":"https:\/\/www.em.com.br\/emfoco\/#website","url":"https:\/\/www.em.com.br\/emfoco\/","name":"Estado de Minas - Em foco","description":"Acompanhe as \u00faltimas not\u00edcias e fique bem informado sobre tudo o que acontece em Minas Gerais, Brasil e no mundo.","potentialAction":[{"@type":"SearchAction","target":{"@type":"EntryPoint","urlTemplate":"https:\/\/www.em.com.br\/emfoco\/?s={search_term_string}"},"query-input":{"@type":"PropertyValueSpecification","valueRequired":true,"valueName":"search_term_string"}}],"inLanguage":"pt-BR"},{"@type":"Person","@id":"https:\/\/www.em.com.br\/emfoco\/#\/schema\/person\/0a8186d72f2c3a5c6276d90b41f271a0","name":"Daniely Cardoso","image":{"@type":"ImageObject","inLanguage":"pt-BR","@id":"https:\/\/www.em.com.br\/emfoco\/#\/schema\/person\/image\/","url":"https:\/\/secure.gravatar.com\/avatar\/4b80ddbd124d1f071b626d52d62e5dff?s=96&d=mm&r=g","contentUrl":"https:\/\/secure.gravatar.com\/avatar\/4b80ddbd124d1f071b626d52d62e5dff?s=96&d=mm&r=g","caption":"Daniely Cardoso"},"url":"https:\/\/www.em.com.br\/emfoco\/author\/danielymyth\/"}]}},"_links":{"self":[{"href":"https:\/\/www.em.com.br\/emfoco\/wp-json\/wp\/v2\/posts\/82012","targetHints":{"allow":["GET"]}}],"collection":[{"href":"https:\/\/www.em.com.br\/emfoco\/wp-json\/wp\/v2\/posts"}],"about":[{"href":"https:\/\/www.em.com.br\/emfoco\/wp-json\/wp\/v2\/types\/post"}],"author":[{"embeddable":true,"href":"https:\/\/www.em.com.br\/emfoco\/wp-json\/wp\/v2\/users\/9"}],"replies":[{"embeddable":true,"href":"https:\/\/www.em.com.br\/emfoco\/wp-json\/wp\/v2\/comments?post=82012"}],"version-history":[{"count":3,"href":"https:\/\/www.em.com.br\/emfoco\/wp-json\/wp\/v2\/posts\/82012\/revisions"}],"predecessor-version":[{"id":82028,"href":"https:\/\/www.em.com.br\/emfoco\/wp-json\/wp\/v2\/posts\/82012\/revisions\/82028"}],"wp:featuredmedia":[{"embeddable":true,"href":"https:\/\/www.em.com.br\/emfoco\/wp-json\/wp\/v2\/media\/40878"}],"wp:attachment":[{"href":"https:\/\/www.em.com.br\/emfoco\/wp-json\/wp\/v2\/media?parent=82012"}],"wp:term":[{"taxonomy":"category","embeddable":true,"href":"https:\/\/www.em.com.br\/emfoco\/wp-json\/wp\/v2\/categories?post=82012"},{"taxonomy":"post_tag","embeddable":true,"href":"https:\/\/www.em.com.br\/emfoco\/wp-json\/wp\/v2\/tags?post=82012"}],"curies":[{"name":"wp","href":"https:\/\/api.w.org\/{rel}","templated":true}]}}