{"id":81993,"date":"2025-07-27T10:48:22","date_gmt":"2025-07-27T13:48:22","guid":{"rendered":"https:\/\/www.em.com.br\/emfoco\/?p=81993"},"modified":"2025-07-26T10:55:53","modified_gmt":"2025-07-26T13:55:53","slug":"essa-planta-esta-conquistando-quem-quer-esconder-os-fios-brancos-sem-tinta","status":"publish","type":"post","link":"https:\/\/www.em.com.br\/emfoco\/2025\/07\/27\/essa-planta-esta-conquistando-quem-quer-esconder-os-fios-brancos-sem-tinta\/","title":{"rendered":"Essa planta est\u00e1 conquistando quem quer esconder os fios brancos sem tinta"},"content":{"rendered":"\n<p>O surgimento de fios brancos \u00e9 uma realidade que pode se manifestar precocemente, muitas vezes a partir dos vinte anos, ou mais tarde, entre os trinta e quarenta anos. Embora parte natural do envelhecimento, as <a href=\"https:\/\/www.em.com.br\/emfoco\/2025\/07\/24\/a-escolha-que-mudou-a-vida-de-milhares-de-pessoas-em-silencio\/\" target=\"_blank\" rel=\"noopener\">pessoas<\/a> abordam esse fen\u00f4meno de maneiras variadas: alguns abra\u00e7am os cabelos prateados com orgulho, enquanto outros preferem encontrar maneiras de escond\u00ea-los.<\/p>\n\n\n\n<p>Para aqueles que optam por cobrir os fios brancos, existe uma alternativa natural que proporciona n\u00e3o apenas a colora\u00e7\u00e3o desejada, mas tamb\u00e9m um fortalecimento significativo do fio capilar. Essa solu\u00e7\u00e3o evita o uso de produtos qu\u00edmicos agressivos e dispensa visitas dispendiosas aos sal\u00f5es de beleza. O segredo est\u00e1 em uma planta comum: <strong>s\u00e1lvia<\/strong>.<\/p>\n\n\n\n<h2 class=\"wp-block-heading\">Quais s\u00e3o os benef\u00edcios da s\u00e1lvia para o cabelo?<\/h2>\n\n\n\n<p>A <strong>s\u00e1lvia<\/strong> \u00e9 conhecida por suas propriedades ben\u00e9ficas no est\u00edmulo \u00e0 produ\u00e7\u00e3o de <strong>melanina<\/strong>, pigmento essencial respons\u00e1vel pela cor natural do cabelo. Este processo ajuda a escurecer os fios brancos que come\u00e7am a aparecer. Al\u00e9m deste efeito est\u00e9tico, a s\u00e1lvia oferece uma gama de benef\u00edcios ao couro cabeludo e aos <a href=\"https:\/\/www.sercirurgiaplastica.com.br\/artigo\/foliculo-capilar\" target=\"_blank\" rel=\"noopener\"><em>fol\u00edculos capilares<\/em><\/a>.<\/p>\n\n\n\n<p>Rica em antioxidantes, a <strong>s\u00e1lvia<\/strong> melhora a circula\u00e7\u00e3o sangu\u00ednea no couro cabeludo. Isto resulta em um aumento na entrega de nutrientes e oxig\u00eanio aos fol\u00edculos, promovendo o fortalecimento dos fios e estimulando o crescimento saud\u00e1vel do cabelo. Ademais, suas propriedades adstringentes e antimicrobianas s\u00e3o eficazes no controle da produ\u00e7\u00e3o excessiva de sebo, ideal para aqueles que tamb\u00e9m possuem cabelos oleosos.<\/p>\n\n\n\n<p>No campo cient\u00edfico, estudos conduzidos por institui\u00e7\u00f5es na <strong>Europa<\/strong> apontam que compostos presentes na <strong>s\u00e1lvia<\/strong>, como o \u00e1cido rosmar\u00ednico, podem atuar de forma sin\u00e9rgica para proteger os fios do estresse oxidativo, um dos fatores que levam ao aparecimento dos fios brancos. Essas descobertas refor\u00e7am o uso tradicional da planta para a sa\u00fade capilar.<\/p>\n\n\n<div class=\"wp-block-image\">\n<figure class=\"aligncenter size-large\"><img loading=\"lazy\" decoding=\"async\" width=\"1024\" height=\"576\" src=\"https:\/\/www.em.com.br\/emfoco\/wp-content\/uploads\/2025\/06\/salvia_1750045690256-1024x576.jpg\" alt=\"A planta poderosa que cabe em um vaso e cuida da sua sa\u00fade\" class=\"wp-image-61276\" srcset=\"https:\/\/www.em.com.br\/emfoco\/wp-content\/uploads\/2025\/06\/salvia_1750045690256-1024x576.jpg 1024w, https:\/\/www.em.com.br\/emfoco\/wp-content\/uploads\/2025\/06\/salvia_1750045690256-300x169.jpg 300w, https:\/\/www.em.com.br\/emfoco\/wp-content\/uploads\/2025\/06\/salvia_1750045690256-768x432.jpg 768w, https:\/\/www.em.com.br\/emfoco\/wp-content\/uploads\/2025\/06\/salvia_1750045690256-750x422.jpg 750w, https:\/\/www.em.com.br\/emfoco\/wp-content\/uploads\/2025\/06\/salvia_1750045690256-1140x641.jpg 1140w, https:\/\/www.em.com.br\/emfoco\/wp-content\/uploads\/2025\/06\/salvia_1750045690256.jpg 1280w\" sizes=\"auto, (max-width: 1024px) 100vw, 1024px\" \/><figcaption class=\"wp-element-caption\">S\u00e1lvia &#8211; Cr\u00e9ditos: depositphotos.com \/ robynmac<\/figcaption><\/figure><\/div>\n\n\n<h2 class=\"wp-block-heading\">Como preparar um enx\u00e1gue capilar caseiro com s\u00e1lvia?<\/h2>\n\n\n\n<p>Para aqueles receosos quanto ao uso de tintas qu\u00edmicas, um <strong>enx\u00e1gue natural de s\u00e1lvia<\/strong> pode ser uma alternativa eficaz. A receita \u00e9 simples e requer apenas dois ingredientes: uma x\u00edcara de folhas de s\u00e1lvia frescas ou secas e uma x\u00edcara de \u00e1gua.<\/p>\n\n\n\n<p>Comece fervendo as folhas de <strong>s\u00e1lvia<\/strong> em \u00e1gua por cerca de 15 minutos. Ap\u00f3s este tempo, retire do fogo e deixe a infus\u00e3o repousar por mais meia hora. Em seguida, coe a mistura, criando assim o seu pr\u00f3prio tonalizante capilar natural.<\/p>\n\n\n\n<p>Se desejar potencializar ainda mais o efeito, pode-se adicionar folhas de alecrim na infus\u00e3o. Segundo fitoterapeutas, tanto a <strong>s\u00e1lvia<\/strong> quanto o alecrim s\u00e3o tradicionalmente usados na <strong>Mediterr\u00e2neo<\/strong> para dar brilho e for\u00e7a aos cabelos, al\u00e9m de intensificar o tom dos fios escuros.<\/p>\n\n\n\n<h2 class=\"wp-block-heading\">Qual \u00e9 o melhor modo de aplicar o enx\u00e1gue de s\u00e1lvia?<\/h2>\n\n\n\n<p>A aplica\u00e7\u00e3o \u00e9 bastante simplificada. Despeje o enx\u00e1gue no cabelo, priorizando as \u00e1reas com mais fios brancos. Enquanto faz isso, massageie suavemente o couro cabeludo para melhorar a penetra\u00e7\u00e3o da mistura. Depois de aproximadamente 25 minutos, enx\u00e1gue com \u00e1gua morna. Esse tratamento semanal \u00e9 capaz de aprimorar gradualmente a cor e a robustez dos cabelos de maneira natural.<\/p>\n\n\n\n<p>Especialistas recomendam n\u00e3o utilizar o secador logo ap\u00f3s a aplica\u00e7\u00e3o, pois o calor pode reduzir o efeito dos compostos antioxidantes da <strong>s\u00e1lvia<\/strong>. Deixe os cabelos secarem naturalmente para melhores resultados.<\/p>\n\n\n\n<h2 class=\"wp-block-heading\">Por que optar por solu\u00e7\u00f5es naturais no cuidado dos cabelos brancos?<\/h2>\n\n\n\n<p>Tintas comerciais frequentemente cont\u00eam qu\u00edmicos agressivos que podem danificar tanto os fios quanto o couro cabeludo, especialmente com uso cont\u00ednuo. A <strong>s\u00e1lvia<\/strong>, por outro lado, representa uma op\u00e7\u00e3o mais suave. Ela respeita a estrutura das fibras capilares enquanto oferece um tom natural que cobre discretamente os fios brancos.<\/p>\n\n\n\n<p>Al\u00e9m disso, os benef\u00edcios para a sa\u00fade do couro cabeludo proporcionados pela <strong>s\u00e1lvia<\/strong> significam que ela n\u00e3o s\u00f3 mascara os fios brancos, mas tamb\u00e9m nutre o cabelo desde a raiz. \u00c9 uma escolha delicada e respeitosa para aqueles que buscam uma abordagem mais natural ao cuidado capilar.<\/p>\n","protected":false},"excerpt":{"rendered":"<p>O surgimento de fios brancos \u00e9 uma realidade que pode se manifestar precocemente, muitas vezes a partir dos vinte anos, ou mais tarde, entre os trinta e quarenta anos. Embora parte natural do envelhecimento, as pessoas abordam esse fen\u00f4meno de maneiras variadas: alguns abra\u00e7am os cabelos prateados com orgulho, enquanto outros preferem encontrar maneiras de [&hellip;]<\/p>\n","protected":false},"author":9,"featured_media":75115,"comment_status":"open","ping_status":"open","sticky":false,"template":"","format":"standard","meta":{"jnews-multi-image_gallery":[],"jnews_single_post":{"format":"standard"},"jnews_primary_category":[],"jnews_social_meta":[],"jnews_override_counter":[],"footnotes":""},"categories":[29,1],"tags":[5143,9482],"class_list":["post-81993","post","type-post","status-publish","format-standard","has-post-thumbnail","hentry","category-entretenimento","category-noticias","tag-cabelos","tag-salvia"],"yoast_head":"<!-- This site is optimized with the Yoast SEO plugin v23.8 - https:\/\/yoast.com\/wordpress\/plugins\/seo\/ -->\n<title>Essa planta est\u00e1 conquistando quem quer esconder os fios brancos sem tinta<\/title>\n<meta name=\"description\" content=\"S\u00e1lvia escurece os fios brancos de forma natural e fortalece o cabelo sem usar tintas qu\u00edmicas. Descubra como aplicar esse t\u00f4nico em casa.\" \/>\n<meta name=\"robots\" content=\"index, follow, max-snippet:-1, max-image-preview:large, max-video-preview:-1\" \/>\n<link rel=\"canonical\" href=\"https:\/\/www.em.com.br\/emfoco\/2025\/07\/27\/essa-planta-esta-conquistando-quem-quer-esconder-os-fios-brancos-sem-tinta\/\" \/>\n<meta property=\"og:locale\" content=\"pt_BR\" \/>\n<meta property=\"og:type\" content=\"article\" \/>\n<meta property=\"og:title\" content=\"Essa planta est\u00e1 conquistando quem quer esconder os fios brancos sem tinta\" \/>\n<meta property=\"og:description\" content=\"S\u00e1lvia escurece os fios brancos de forma natural e fortalece o cabelo sem usar tintas qu\u00edmicas. Descubra como aplicar esse t\u00f4nico em casa.\" \/>\n<meta property=\"og:url\" content=\"https:\/\/www.em.com.br\/emfoco\/2025\/07\/27\/essa-planta-esta-conquistando-quem-quer-esconder-os-fios-brancos-sem-tinta\/\" \/>\n<meta property=\"og:site_name\" content=\"Estado de Minas - Em foco\" \/>\n<meta property=\"article:published_time\" content=\"2025-07-27T13:48:22+00:00\" \/>\n<meta property=\"article:modified_time\" content=\"2025-07-26T13:55:53+00:00\" \/>\n<meta property=\"og:image\" content=\"https:\/\/www.em.com.br\/emfoco\/wp-content\/uploads\/2025\/07\/cabelos-grisalhos_1752335479826.jpg\" \/>\n\t<meta property=\"og:image:width\" content=\"1280\" \/>\n\t<meta property=\"og:image:height\" content=\"720\" \/>\n\t<meta property=\"og:image:type\" content=\"image\/jpeg\" \/>\n<meta name=\"author\" content=\"Daniely Cardoso\" \/>\n<meta name=\"twitter:card\" content=\"summary_large_image\" \/>\n<meta name=\"twitter:label1\" content=\"Escrito por\" \/>\n\t<meta name=\"twitter:data1\" content=\"Daniely Cardoso\" \/>\n\t<meta name=\"twitter:label2\" content=\"Est. tempo de leitura\" \/>\n\t<meta name=\"twitter:data2\" content=\"4 minutos\" \/>\n<!-- \/ Yoast SEO plugin. -->","yoast_head_json":{"title":"Essa planta est\u00e1 conquistando quem quer esconder os fios brancos sem tinta","description":"S\u00e1lvia escurece os fios brancos de forma natural e fortalece o cabelo sem usar tintas qu\u00edmicas. Descubra como aplicar esse t\u00f4nico em casa.","robots":{"index":"index","follow":"follow","max-snippet":"max-snippet:-1","max-image-preview":"max-image-preview:large","max-video-preview":"max-video-preview:-1"},"canonical":"https:\/\/www.em.com.br\/emfoco\/2025\/07\/27\/essa-planta-esta-conquistando-quem-quer-esconder-os-fios-brancos-sem-tinta\/","og_locale":"pt_BR","og_type":"article","og_title":"Essa planta est\u00e1 conquistando quem quer esconder os fios brancos sem tinta","og_description":"S\u00e1lvia escurece os fios brancos de forma natural e fortalece o cabelo sem usar tintas qu\u00edmicas. Descubra como aplicar esse t\u00f4nico em casa.","og_url":"https:\/\/www.em.com.br\/emfoco\/2025\/07\/27\/essa-planta-esta-conquistando-quem-quer-esconder-os-fios-brancos-sem-tinta\/","og_site_name":"Estado de Minas - Em foco","article_published_time":"2025-07-27T13:48:22+00:00","article_modified_time":"2025-07-26T13:55:53+00:00","og_image":[{"width":1280,"height":720,"url":"https:\/\/www.em.com.br\/emfoco\/wp-content\/uploads\/2025\/07\/cabelos-grisalhos_1752335479826.jpg","type":"image\/jpeg"}],"author":"Daniely Cardoso","twitter_card":"summary_large_image","twitter_misc":{"Escrito por":"Daniely Cardoso","Est. tempo de leitura":"4 minutos"},"schema":{"@context":"https:\/\/schema.org","@graph":[{"@type":"WebPage","@id":"https:\/\/www.em.com.br\/emfoco\/2025\/07\/27\/essa-planta-esta-conquistando-quem-quer-esconder-os-fios-brancos-sem-tinta\/","url":"https:\/\/www.em.com.br\/emfoco\/2025\/07\/27\/essa-planta-esta-conquistando-quem-quer-esconder-os-fios-brancos-sem-tinta\/","name":"Essa planta est\u00e1 conquistando quem quer esconder os fios brancos sem tinta","isPartOf":{"@id":"https:\/\/www.em.com.br\/emfoco\/#website"},"primaryImageOfPage":{"@id":"https:\/\/www.em.com.br\/emfoco\/2025\/07\/27\/essa-planta-esta-conquistando-quem-quer-esconder-os-fios-brancos-sem-tinta\/#primaryimage"},"image":{"@id":"https:\/\/www.em.com.br\/emfoco\/2025\/07\/27\/essa-planta-esta-conquistando-quem-quer-esconder-os-fios-brancos-sem-tinta\/#primaryimage"},"thumbnailUrl":"https:\/\/www.em.com.br\/emfoco\/wp-content\/uploads\/2025\/07\/cabelos-grisalhos_1752335479826.jpg","datePublished":"2025-07-27T13:48:22+00:00","dateModified":"2025-07-26T13:55:53+00:00","author":{"@id":"https:\/\/www.em.com.br\/emfoco\/#\/schema\/person\/0a8186d72f2c3a5c6276d90b41f271a0"},"description":"S\u00e1lvia escurece os fios brancos de forma natural e fortalece o cabelo sem usar tintas qu\u00edmicas. Descubra como aplicar esse t\u00f4nico em casa.","breadcrumb":{"@id":"https:\/\/www.em.com.br\/emfoco\/2025\/07\/27\/essa-planta-esta-conquistando-quem-quer-esconder-os-fios-brancos-sem-tinta\/#breadcrumb"},"inLanguage":"pt-BR","potentialAction":[{"@type":"ReadAction","target":["https:\/\/www.em.com.br\/emfoco\/2025\/07\/27\/essa-planta-esta-conquistando-quem-quer-esconder-os-fios-brancos-sem-tinta\/"]}]},{"@type":"ImageObject","inLanguage":"pt-BR","@id":"https:\/\/www.em.com.br\/emfoco\/2025\/07\/27\/essa-planta-esta-conquistando-quem-quer-esconder-os-fios-brancos-sem-tinta\/#primaryimage","url":"https:\/\/www.em.com.br\/emfoco\/wp-content\/uploads\/2025\/07\/cabelos-grisalhos_1752335479826.jpg","contentUrl":"https:\/\/www.em.com.br\/emfoco\/wp-content\/uploads\/2025\/07\/cabelos-grisalhos_1752335479826.jpg","width":1280,"height":720,"caption":"Voc\u00ea j\u00e1 pensou em parar de retocar a raiz todo m\u00eas, mas tem medo de ficar com o cabelo sem gra\u00e7 - Cr\u00e9ditos: depositphotos.com \/ serezniy"},{"@type":"BreadcrumbList","@id":"https:\/\/www.em.com.br\/emfoco\/2025\/07\/27\/essa-planta-esta-conquistando-quem-quer-esconder-os-fios-brancos-sem-tinta\/#breadcrumb","itemListElement":[{"@type":"ListItem","position":1,"name":"In\u00edcio","item":"https:\/\/www.em.com.br\/emfoco\/"},{"@type":"ListItem","position":2,"name":"Essa planta est\u00e1 conquistando quem quer esconder os fios brancos sem tinta"}]},{"@type":"WebSite","@id":"https:\/\/www.em.com.br\/emfoco\/#website","url":"https:\/\/www.em.com.br\/emfoco\/","name":"Estado de Minas - Em foco","description":"Acompanhe as \u00faltimas not\u00edcias e fique bem informado sobre tudo o que acontece em Minas Gerais, Brasil e no mundo.","potentialAction":[{"@type":"SearchAction","target":{"@type":"EntryPoint","urlTemplate":"https:\/\/www.em.com.br\/emfoco\/?s={search_term_string}"},"query-input":{"@type":"PropertyValueSpecification","valueRequired":true,"valueName":"search_term_string"}}],"inLanguage":"pt-BR"},{"@type":"Person","@id":"https:\/\/www.em.com.br\/emfoco\/#\/schema\/person\/0a8186d72f2c3a5c6276d90b41f271a0","name":"Daniely Cardoso","image":{"@type":"ImageObject","inLanguage":"pt-BR","@id":"https:\/\/www.em.com.br\/emfoco\/#\/schema\/person\/image\/","url":"https:\/\/secure.gravatar.com\/avatar\/4b80ddbd124d1f071b626d52d62e5dff?s=96&d=mm&r=g","contentUrl":"https:\/\/secure.gravatar.com\/avatar\/4b80ddbd124d1f071b626d52d62e5dff?s=96&d=mm&r=g","caption":"Daniely Cardoso"},"url":"https:\/\/www.em.com.br\/emfoco\/author\/danielymyth\/"}]}},"_links":{"self":[{"href":"https:\/\/www.em.com.br\/emfoco\/wp-json\/wp\/v2\/posts\/81993","targetHints":{"allow":["GET"]}}],"collection":[{"href":"https:\/\/www.em.com.br\/emfoco\/wp-json\/wp\/v2\/posts"}],"about":[{"href":"https:\/\/www.em.com.br\/emfoco\/wp-json\/wp\/v2\/types\/post"}],"author":[{"embeddable":true,"href":"https:\/\/www.em.com.br\/emfoco\/wp-json\/wp\/v2\/users\/9"}],"replies":[{"embeddable":true,"href":"https:\/\/www.em.com.br\/emfoco\/wp-json\/wp\/v2\/comments?post=81993"}],"version-history":[{"count":2,"href":"https:\/\/www.em.com.br\/emfoco\/wp-json\/wp\/v2\/posts\/81993\/revisions"}],"predecessor-version":[{"id":82005,"href":"https:\/\/www.em.com.br\/emfoco\/wp-json\/wp\/v2\/posts\/81993\/revisions\/82005"}],"wp:featuredmedia":[{"embeddable":true,"href":"https:\/\/www.em.com.br\/emfoco\/wp-json\/wp\/v2\/media\/75115"}],"wp:attachment":[{"href":"https:\/\/www.em.com.br\/emfoco\/wp-json\/wp\/v2\/media?parent=81993"}],"wp:term":[{"taxonomy":"category","embeddable":true,"href":"https:\/\/www.em.com.br\/emfoco\/wp-json\/wp\/v2\/categories?post=81993"},{"taxonomy":"post_tag","embeddable":true,"href":"https:\/\/www.em.com.br\/emfoco\/wp-json\/wp\/v2\/tags?post=81993"}],"curies":[{"name":"wp","href":"https:\/\/api.w.org\/{rel}","templated":true}]}}