{"id":81950,"date":"2025-07-27T18:18:00","date_gmt":"2025-07-27T21:18:00","guid":{"rendered":"https:\/\/www.em.com.br\/emfoco\/?p=81950"},"modified":"2025-07-26T17:54:01","modified_gmt":"2025-07-26T20:54:01","slug":"voce-esta-preparado-para-o-6g-veja-o-que-essa-nova-era-trara","status":"publish","type":"post","link":"https:\/\/www.em.com.br\/emfoco\/2025\/07\/27\/voce-esta-preparado-para-o-6g-veja-o-que-essa-nova-era-trara\/","title":{"rendered":"Voc\u00ea est\u00e1 preparado para o 6G? Veja o que essa nova era trar\u00e1"},"content":{"rendered":"\n<p>Nos \u00faltimos anos, a internet evoluiu de forma impressionante, impactando diretamente nosso modo de viver e trabalhar. Entramos agora na transi\u00e7\u00e3o do <strong>5G<\/strong> para o <strong><a href=\"https:\/\/www.em.com.br\/emfoco\/2025\/04\/14\/internet-100x-mais-rapida-que-o-5g-conheca-a-nova-tecnologia-6g\/\" target=\"_blank\" rel=\"noreferrer noopener\">6G<\/a><\/strong>, trazendo avan\u00e7os significativos na <strong>conectividade global<\/strong>.<\/p>\n\n\n\n<ul class=\"wp-block-list\">\n<li>O que \u00e9 o 6G?<\/li>\n\n\n\n<li>Como o 6G supera o 5G?<\/li>\n\n\n\n<li>Impactos sociais e econ\u00f4micos do 6G<\/li>\n<\/ul>\n\n\n\n<h2 class=\"wp-block-heading\">O que \u00e9 o 6G?<\/h2>\n\n\n\n<p>O <a href=\"https:\/\/www.cnnbrasil.com.br\/tecnologia\/internet-6g-o-que-se-sabe-ate-agora-e-quando-deve-operar\/\" target=\"_blank\" rel=\"noreferrer noopener\"><strong>6G<\/strong> <\/a>representa a pr\u00f3xima gera\u00e7\u00e3o de redes m\u00f3veis, prometendo velocidade incompar\u00e1vel e lat\u00eancia ultrabaixa. Ainda em desenvolvimento em pa\u00edses como <strong>Coreia do Sul<\/strong> e <strong>Estados Unidos<\/strong>, estima-se que sua implementa\u00e7\u00e3o ocorra na pr\u00f3xima d\u00e9cada, permitindo avan\u00e7os tecnol\u00f3gicos ainda mais disruptivos.<\/p>\n\n\n\n<h2 class=\"wp-block-heading\">Quais s\u00e3o as diferen\u00e7as entre 5G e 6G?<\/h2>\n\n\n\n<p>A principal diferen\u00e7a entre o <strong>5G<\/strong> e o <strong>6G<\/strong> \u00e9 o aumento na capacidade de transmiss\u00e3o de dados e a redu\u00e7\u00e3o dr\u00e1stica na lat\u00eancia. Enquanto o 5G j\u00e1 oferece melhorias em rela\u00e7\u00e3o ao 4G, o 6G pretende ser ainda mais r\u00e1pido e eficiente. Pesquisadores da <strong>Universidade de T\u00f3quio<\/strong> t\u00eam liderado estudos sobre a efici\u00eancia energ\u00e9tica do 6G, destacando a import\u00e2ncia de redes mais sustent\u00e1veis.<\/p>\n\n\n\n<ul class=\"wp-block-list\">\n<li><strong>Velocidade:<\/strong> Espera-se que o 6G alcance velocidades at\u00e9 100 vezes superiores ao 5G.<\/li>\n\n\n\n<li><strong>Conectividade universal:<\/strong> Ampliar\u00e1 a cobertura de rede mesmo em \u00e1reas remotas.<\/li>\n\n\n\n<li><strong>Integra\u00e7\u00e3o com IA:<\/strong> O 6G ter\u00e1 suporte aprimorado para dispositivos de intelig\u00eancia artificial, como <strong>smartphones<\/strong> e <strong>wearables<\/strong>.<\/li>\n<\/ul>\n\n\n\n<figure class=\"wp-block-image size-large\"><img loading=\"lazy\" decoding=\"async\" width=\"1024\" height=\"576\" src=\"https:\/\/www.em.com.br\/emfoco\/wp-content\/uploads\/2025\/07\/6G_1753536445511-1024x576.jpg\" alt=\"Voc\u00ea est\u00e1 preparado para o 6G? Veja o que essa nova era trar\u00e1\" class=\"wp-image-81958\" srcset=\"https:\/\/www.em.com.br\/emfoco\/wp-content\/uploads\/2025\/07\/6G_1753536445511-1024x576.jpg 1024w, https:\/\/www.em.com.br\/emfoco\/wp-content\/uploads\/2025\/07\/6G_1753536445511-300x169.jpg 300w, https:\/\/www.em.com.br\/emfoco\/wp-content\/uploads\/2025\/07\/6G_1753536445511-768x432.jpg 768w, https:\/\/www.em.com.br\/emfoco\/wp-content\/uploads\/2025\/07\/6G_1753536445511-750x422.jpg 750w, https:\/\/www.em.com.br\/emfoco\/wp-content\/uploads\/2025\/07\/6G_1753536445511-1140x641.jpg 1140w, https:\/\/www.em.com.br\/emfoco\/wp-content\/uploads\/2025\/07\/6G_1753536445511.jpg 1280w\" sizes=\"auto, (max-width: 1024px) 100vw, 1024px\" \/><figcaption class=\"wp-element-caption\">Alus\u00e3o a internet 6G &#8211; Cr\u00e9ditos: depositphotos.com \/ putilich<\/figcaption><\/figure>\n\n\n\n<h2 class=\"wp-block-heading\">Impactos sociais e econ\u00f4micos do 6G<\/h2>\n\n\n\n<p>A implementa\u00e7\u00e3o do <strong>6G<\/strong> ter\u00e1 <strong>impactos significativos<\/strong> tanto sociais quanto econ\u00f4micos. A revolu\u00e7\u00e3o da conectividade abrir\u00e1 portas para novos modelos de neg\u00f3cios, al\u00e9m de transformar setores como sa\u00fade, educa\u00e7\u00e3o e transporte. Empresas como <strong>Huawei<\/strong> e <strong>Samsung<\/strong> j\u00e1 investem em pesquisas para explorar as oportunidades geradas por essa tecnologia.<\/p>\n\n\n\n<p><strong>Dica r\u00e1pida:<\/strong> O 6G poder\u00e1 facilitar o acesso \u00e0 internet em regi\u00f5es isoladas, promovendo maior inclus\u00e3o digital. Em pa\u00edses como <strong>Brasil<\/strong>, isso pode resultar em maior inclus\u00e3o nas zonas rurais.<\/p>\n\n\n\n<h2 class=\"wp-block-heading\"><strong>Leia tamb\u00e9m:<\/strong> <a href=\"https:\/\/www.em.com.br\/emfoco\/2025\/03\/18\/o-segredo-por-tras-da-revolucao-da-tecnologia-5g-nos-carros-brasileiros\/\" target=\"_blank\" rel=\"noreferrer noopener\">O segredo por tr\u00e1s da revolu\u00e7\u00e3o da tecnologia 5G nos carros brasileiros<\/a><\/h2>\n\n\n\n<h2 class=\"wp-block-heading\">Capacidades avan\u00e7adas do 6G que devemos esperar<\/h2>\n\n\n\n<p>Al\u00e9m das melhorias em velocidade e cobertura, o <strong>6G<\/strong> permitir\u00e1 a implementa\u00e7\u00e3o avan\u00e7ada de tecnologia emergente como realidade aumentada e hologramas em tempo real, criando novas experi\u00eancias de consumo e intera\u00e7\u00e3o. Projetos-piloto, como os realizados na <strong>Finl\u00e2ndia<\/strong>, j\u00e1 testam aplica\u00e7\u00f5es de holografia conectada para educa\u00e7\u00e3o \u00e0 dist\u00e2ncia.<\/p>\n\n\n\n<p><strong>Aten\u00e7\u00e3o:<\/strong> A transi\u00e7\u00e3o para o 6G demandar\u00e1 investimentos robustos em infraestrutura e desenvolvimento tecnol\u00f3gico, o que coloca desafios para gestores p\u00fablicos e empresas privadas.<\/p>\n\n\n\n<h2 class=\"wp-block-heading\">O futuro conectado: O que esperar do 6G<\/h2>\n\n\n\n<ol class=\"wp-block-list\">\n<li><strong>Velocidade e efici\u00eancia:<\/strong> Tornar\u00e3o a navega\u00e7\u00e3o e o acesso a dados mais r\u00e1pidos, beneficiando aparelhos como <strong>drones<\/strong> e <strong>carros aut\u00f4nomos<\/strong>.<\/li>\n\n\n\n<li><strong>Nova era de IoT:<\/strong> Mais dispositivos estar\u00e3o conectados, facilitando o cotidiano.<\/li>\n\n\n\n<li><strong>Inclus\u00e3o digital:<\/strong> Acesso \u00e0 internet ampliado melhorar\u00e1 qualidade de vida em \u00e1reas remotas, principalmente em regi\u00f5es como o <strong>Sert\u00e3o Nordestino<\/strong> no Brasil.<\/li>\n<\/ol>\n","protected":false},"excerpt":{"rendered":"<p>Nos \u00faltimos anos, a internet evoluiu de forma impressionante, impactando diretamente nosso modo de viver e trabalhar. Entramos agora na transi\u00e7\u00e3o do 5G para o 6G, trazendo avan\u00e7os significativos na conectividade global. O que \u00e9 o 6G? O 6G representa a pr\u00f3xima gera\u00e7\u00e3o de redes m\u00f3veis, prometendo velocidade incompar\u00e1vel e lat\u00eancia ultrabaixa. Ainda em desenvolvimento [&hellip;]<\/p>\n","protected":false},"author":18,"featured_media":81955,"comment_status":"open","ping_status":"open","sticky":false,"template":"","format":"standard","meta":{"jnews-multi-image_gallery":[],"jnews_single_post":{"format":"standard"},"jnews_primary_category":[],"jnews_social_meta":[],"jnews_override_counter":[],"footnotes":""},"categories":[4204],"tags":[7195,7334,952,161],"class_list":["post-81950","post","type-post","status-publish","format-standard","has-post-thumbnail","hentry","category-tecnologia","tag-5g","tag-6g","tag-internet","tag-tecnologia"],"yoast_head":"<!-- This site is optimized with the Yoast SEO plugin v23.8 - https:\/\/yoast.com\/wordpress\/plugins\/seo\/ -->\n<title>Voc\u00ea est\u00e1 preparado para o 6G? Veja o que essa nova era trar\u00e1 - Estado de Minas - Em foco<\/title>\n<meta name=\"description\" content=\"Muito mais r\u00e1pido que o 5G, o 6G vai al\u00e9m da velocidade. Veja o que essa nova tecnologia trar\u00e1 para sa\u00fade, educa\u00e7\u00e3o e inclus\u00e3o digital.\" \/>\n<meta name=\"robots\" content=\"index, follow, max-snippet:-1, max-image-preview:large, max-video-preview:-1\" \/>\n<link rel=\"canonical\" href=\"https:\/\/www.em.com.br\/emfoco\/2025\/07\/27\/voce-esta-preparado-para-o-6g-veja-o-que-essa-nova-era-trara\/\" \/>\n<meta property=\"og:locale\" content=\"pt_BR\" \/>\n<meta property=\"og:type\" content=\"article\" \/>\n<meta property=\"og:title\" content=\"Voc\u00ea est\u00e1 preparado para o 6G? Veja o que essa nova era trar\u00e1 - Estado de Minas - Em foco\" \/>\n<meta property=\"og:description\" content=\"Muito mais r\u00e1pido que o 5G, o 6G vai al\u00e9m da velocidade. Veja o que essa nova tecnologia trar\u00e1 para sa\u00fade, educa\u00e7\u00e3o e inclus\u00e3o digital.\" \/>\n<meta property=\"og:url\" content=\"https:\/\/www.em.com.br\/emfoco\/2025\/07\/27\/voce-esta-preparado-para-o-6g-veja-o-que-essa-nova-era-trara\/\" \/>\n<meta property=\"og:site_name\" content=\"Estado de Minas - Em foco\" \/>\n<meta property=\"article:published_time\" content=\"2025-07-27T21:18:00+00:00\" \/>\n<meta property=\"article:modified_time\" content=\"2025-07-26T20:54:01+00:00\" \/>\n<meta property=\"og:image\" content=\"https:\/\/www.em.com.br\/emfoco\/wp-content\/uploads\/2025\/07\/6G_1753536334795.jpg\" \/>\n\t<meta property=\"og:image:width\" content=\"1280\" \/>\n\t<meta property=\"og:image:height\" content=\"720\" \/>\n\t<meta property=\"og:image:type\" content=\"image\/jpeg\" \/>\n<meta name=\"author\" content=\"Julio Cesar\" \/>\n<meta name=\"twitter:card\" content=\"summary_large_image\" \/>\n<meta name=\"twitter:label1\" content=\"Escrito por\" \/>\n\t<meta name=\"twitter:data1\" content=\"Julio Cesar\" \/>\n\t<meta name=\"twitter:label2\" content=\"Est. tempo de leitura\" \/>\n\t<meta name=\"twitter:data2\" content=\"3 minutos\" \/>\n<!-- \/ Yoast SEO plugin. -->","yoast_head_json":{"title":"Voc\u00ea est\u00e1 preparado para o 6G? Veja o que essa nova era trar\u00e1 - Estado de Minas - Em foco","description":"Muito mais r\u00e1pido que o 5G, o 6G vai al\u00e9m da velocidade. Veja o que essa nova tecnologia trar\u00e1 para sa\u00fade, educa\u00e7\u00e3o e inclus\u00e3o digital.","robots":{"index":"index","follow":"follow","max-snippet":"max-snippet:-1","max-image-preview":"max-image-preview:large","max-video-preview":"max-video-preview:-1"},"canonical":"https:\/\/www.em.com.br\/emfoco\/2025\/07\/27\/voce-esta-preparado-para-o-6g-veja-o-que-essa-nova-era-trara\/","og_locale":"pt_BR","og_type":"article","og_title":"Voc\u00ea est\u00e1 preparado para o 6G? Veja o que essa nova era trar\u00e1 - Estado de Minas - Em foco","og_description":"Muito mais r\u00e1pido que o 5G, o 6G vai al\u00e9m da velocidade. Veja o que essa nova tecnologia trar\u00e1 para sa\u00fade, educa\u00e7\u00e3o e inclus\u00e3o digital.","og_url":"https:\/\/www.em.com.br\/emfoco\/2025\/07\/27\/voce-esta-preparado-para-o-6g-veja-o-que-essa-nova-era-trara\/","og_site_name":"Estado de Minas - Em foco","article_published_time":"2025-07-27T21:18:00+00:00","article_modified_time":"2025-07-26T20:54:01+00:00","og_image":[{"width":1280,"height":720,"url":"https:\/\/www.em.com.br\/emfoco\/wp-content\/uploads\/2025\/07\/6G_1753536334795.jpg","type":"image\/jpeg"}],"author":"Julio Cesar","twitter_card":"summary_large_image","twitter_misc":{"Escrito por":"Julio Cesar","Est. tempo de leitura":"3 minutos"},"schema":{"@context":"https:\/\/schema.org","@graph":[{"@type":"WebPage","@id":"https:\/\/www.em.com.br\/emfoco\/2025\/07\/27\/voce-esta-preparado-para-o-6g-veja-o-que-essa-nova-era-trara\/","url":"https:\/\/www.em.com.br\/emfoco\/2025\/07\/27\/voce-esta-preparado-para-o-6g-veja-o-que-essa-nova-era-trara\/","name":"Voc\u00ea est\u00e1 preparado para o 6G? Veja o que essa nova era trar\u00e1 - Estado de Minas - Em foco","isPartOf":{"@id":"https:\/\/www.em.com.br\/emfoco\/#website"},"primaryImageOfPage":{"@id":"https:\/\/www.em.com.br\/emfoco\/2025\/07\/27\/voce-esta-preparado-para-o-6g-veja-o-que-essa-nova-era-trara\/#primaryimage"},"image":{"@id":"https:\/\/www.em.com.br\/emfoco\/2025\/07\/27\/voce-esta-preparado-para-o-6g-veja-o-que-essa-nova-era-trara\/#primaryimage"},"thumbnailUrl":"https:\/\/www.em.com.br\/emfoco\/wp-content\/uploads\/2025\/07\/6G_1753536334795.jpg","datePublished":"2025-07-27T21:18:00+00:00","dateModified":"2025-07-26T20:54:01+00:00","author":{"@id":"https:\/\/www.em.com.br\/emfoco\/#\/schema\/person\/08c4a03e38018bbab9038d5f788321fc"},"description":"Muito mais r\u00e1pido que o 5G, o 6G vai al\u00e9m da velocidade. Veja o que essa nova tecnologia trar\u00e1 para sa\u00fade, educa\u00e7\u00e3o e inclus\u00e3o digital.","breadcrumb":{"@id":"https:\/\/www.em.com.br\/emfoco\/2025\/07\/27\/voce-esta-preparado-para-o-6g-veja-o-que-essa-nova-era-trara\/#breadcrumb"},"inLanguage":"pt-BR","potentialAction":[{"@type":"ReadAction","target":["https:\/\/www.em.com.br\/emfoco\/2025\/07\/27\/voce-esta-preparado-para-o-6g-veja-o-que-essa-nova-era-trara\/"]}]},{"@type":"ImageObject","inLanguage":"pt-BR","@id":"https:\/\/www.em.com.br\/emfoco\/2025\/07\/27\/voce-esta-preparado-para-o-6g-veja-o-que-essa-nova-era-trara\/#primaryimage","url":"https:\/\/www.em.com.br\/emfoco\/wp-content\/uploads\/2025\/07\/6G_1753536334795.jpg","contentUrl":"https:\/\/www.em.com.br\/emfoco\/wp-content\/uploads\/2025\/07\/6G_1753536334795.jpg","width":1280,"height":720,"caption":"Ilustra\u00e7\u00e3o em alus\u00e3o a internet 6G - Cr\u00e9ditos: depositphotos.com \/ putilich"},{"@type":"BreadcrumbList","@id":"https:\/\/www.em.com.br\/emfoco\/2025\/07\/27\/voce-esta-preparado-para-o-6g-veja-o-que-essa-nova-era-trara\/#breadcrumb","itemListElement":[{"@type":"ListItem","position":1,"name":"In\u00edcio","item":"https:\/\/www.em.com.br\/emfoco\/"},{"@type":"ListItem","position":2,"name":"Voc\u00ea est\u00e1 preparado para o 6G? Veja o que essa nova era trar\u00e1"}]},{"@type":"WebSite","@id":"https:\/\/www.em.com.br\/emfoco\/#website","url":"https:\/\/www.em.com.br\/emfoco\/","name":"Estado de Minas - Em foco","description":"Acompanhe as \u00faltimas not\u00edcias e fique bem informado sobre tudo o que acontece em Minas Gerais, Brasil e no mundo.","potentialAction":[{"@type":"SearchAction","target":{"@type":"EntryPoint","urlTemplate":"https:\/\/www.em.com.br\/emfoco\/?s={search_term_string}"},"query-input":{"@type":"PropertyValueSpecification","valueRequired":true,"valueName":"search_term_string"}}],"inLanguage":"pt-BR"},{"@type":"Person","@id":"https:\/\/www.em.com.br\/emfoco\/#\/schema\/person\/08c4a03e38018bbab9038d5f788321fc","name":"Julio Cesar","image":{"@type":"ImageObject","inLanguage":"pt-BR","@id":"https:\/\/www.em.com.br\/emfoco\/#\/schema\/person\/image\/","url":"https:\/\/secure.gravatar.com\/avatar\/ab1ea64f0d4f4c1385f8ef10d5a6e758?s=96&d=mm&r=g","contentUrl":"https:\/\/secure.gravatar.com\/avatar\/ab1ea64f0d4f4c1385f8ef10d5a6e758?s=96&d=mm&r=g","caption":"Julio Cesar"},"url":"https:\/\/www.em.com.br\/emfoco\/author\/juliomyth\/"}]}},"_links":{"self":[{"href":"https:\/\/www.em.com.br\/emfoco\/wp-json\/wp\/v2\/posts\/81950","targetHints":{"allow":["GET"]}}],"collection":[{"href":"https:\/\/www.em.com.br\/emfoco\/wp-json\/wp\/v2\/posts"}],"about":[{"href":"https:\/\/www.em.com.br\/emfoco\/wp-json\/wp\/v2\/types\/post"}],"author":[{"embeddable":true,"href":"https:\/\/www.em.com.br\/emfoco\/wp-json\/wp\/v2\/users\/18"}],"replies":[{"embeddable":true,"href":"https:\/\/www.em.com.br\/emfoco\/wp-json\/wp\/v2\/comments?post=81950"}],"version-history":[{"count":2,"href":"https:\/\/www.em.com.br\/emfoco\/wp-json\/wp\/v2\/posts\/81950\/revisions"}],"predecessor-version":[{"id":81960,"href":"https:\/\/www.em.com.br\/emfoco\/wp-json\/wp\/v2\/posts\/81950\/revisions\/81960"}],"wp:featuredmedia":[{"embeddable":true,"href":"https:\/\/www.em.com.br\/emfoco\/wp-json\/wp\/v2\/media\/81955"}],"wp:attachment":[{"href":"https:\/\/www.em.com.br\/emfoco\/wp-json\/wp\/v2\/media?parent=81950"}],"wp:term":[{"taxonomy":"category","embeddable":true,"href":"https:\/\/www.em.com.br\/emfoco\/wp-json\/wp\/v2\/categories?post=81950"},{"taxonomy":"post_tag","embeddable":true,"href":"https:\/\/www.em.com.br\/emfoco\/wp-json\/wp\/v2\/tags?post=81950"}],"curies":[{"name":"wp","href":"https:\/\/api.w.org\/{rel}","templated":true}]}}