{"id":81917,"date":"2025-07-26T12:20:00","date_gmt":"2025-07-26T15:20:00","guid":{"rendered":"https:\/\/www.em.com.br\/emfoco\/?p=81917"},"modified":"2025-07-26T10:45:29","modified_gmt":"2025-07-26T13:45:29","slug":"marca-de-varejo-de-125-anos-entra-com-pedido-de-falencia-e-entao-fecha-sem-dar-explicacoes","status":"publish","type":"post","link":"https:\/\/www.em.com.br\/emfoco\/2025\/07\/26\/marca-de-varejo-de-125-anos-entra-com-pedido-de-falencia-e-entao-fecha-sem-dar-explicacoes\/","title":{"rendered":"Marca de varejo de 125 anos entra com pedido de fal\u00eancia e ent\u00e3o fecha sem dar explica\u00e7\u00f5es"},"content":{"rendered":"\n<p>A pandemia de&nbsp;<strong>COVID-19<\/strong>&nbsp;trouxe desafios sem precedentes para a economia global, afetando profundamente as cadeias de&nbsp;<strong>suprimentos<\/strong>&nbsp;e revelando fragilidades em diversos setores. Nos&nbsp;<strong>EUA<\/strong>, muitos ainda sofrem os impactos dessas disrup\u00e7\u00f5es, que ocasionaram at\u00e9 mesmo a fal\u00eancia de empresas robustas.<\/p>\n\n\n\n<ul class=\"wp-block-list\">\n<li>Como a pandemia afetou a cadeia de suprimentos?<\/li>\n\n\n\n<li>Exemplos de empresas impactadas economicamente<\/li>\n\n\n\n<li>O que podemos aprender com essas fal\u00eancias?<\/li>\n<\/ul>\n\n\n\n<h2 class=\"wp-block-heading\">Quais foram os principais efeitos da pandemia na cadeia de suprimentos?<\/h2>\n\n\n\n<p>Em&nbsp;<strong>2020<\/strong>, a pandemia de&nbsp;<strong>COVID-19<\/strong>&nbsp;causou perturba\u00e7\u00f5es substanciais nas&nbsp;<strong>cadeias de suprimentos<\/strong>&nbsp;nos&nbsp;<strong>Estados Unidos<\/strong>. F\u00e1bricas e portos ao redor do mundo fecharam ou reduziram suas opera\u00e7\u00f5es para prevenir a propaga\u00e7\u00e3o da doen\u00e7a.<\/p>\n\n\n\n<p>Essa interrup\u00e7\u00e3o resultou em escassez de insumos essenciais, atrasos na produ\u00e7\u00e3o e aumento s\u00fabito de pre\u00e7os, causando impacto direto nas mercearias e nos consumidores americanos.<\/p>\n\n\n\n<p><strong>Aten\u00e7\u00e3o:<\/strong>&nbsp;A escassez n\u00e3o se limitou a bens n\u00e3o essenciais; foi um fracasso massivo do sistema como um todo, afetando at\u00e9 itens b\u00e1sicos.<\/p>\n\n\n\n<h2 class=\"wp-block-heading\">Por que a Corona-College Heights Orange &amp; Lemon Association declarou fal\u00eancia?<\/h2>\n\n\n\n<p>A associa\u00e7\u00e3o, conhecida como&nbsp;<strong>Corona-College Heights Orange &amp; Lemon Association<\/strong>&nbsp;(CCH), decidiu entrar com pedido de fal\u00eancia pelo&nbsp;<strong>Cap\u00edtulo 7<\/strong>&nbsp;para liquida\u00e7\u00e3o, afetada pelas condi\u00e7\u00f5es econ\u00f4micas adversas trazidas pela pandemia.<\/p>\n\n\n\n<p>O&nbsp;<strong>Cap\u00edtulo 7<\/strong>&nbsp;\u00e9 um procedimento de fal\u00eancia nos&nbsp;<strong>Estados Unidos<\/strong>&nbsp;que envolve a liquida\u00e7\u00e3o dos ativos de uma empresa para pagar os credores. Este processo geralmente \u00e9 adotado por empresas que n\u00e3o possuem condi\u00e7\u00f5es vi\u00e1veis de recupera\u00e7\u00e3o financeira e desejam encerrar suas opera\u00e7\u00f5es definitivamente.<\/p>\n\n\n\n<p>Apesar de sua longa hist\u00f3ria e solidez financeira aparente, a CCH sucumbiu aos desafios econ\u00f4micos que n\u00e3o conseguiu superar.<\/p>\n\n\n\n<figure class=\"wp-block-image\"><img decoding=\"async\" src=\"https:\/\/www.em.com.br\/emfoco\/wp-content\/uploads\/2025\/07\/loja-falida_1752499313198-1024x576.jpg\" alt=\"\"\/><figcaption class=\"wp-element-caption\">Loja fechada &#8211; Cr\u00e9ditos: depositphotos.com \/ buecax<\/figcaption><\/figure>\n\n\n\n<p>Outras empresas not\u00e1veis que tamb\u00e9m enfrentaram pedidos de fal\u00eancia incluem a&nbsp;<strong>JC Penney<\/strong>, famosa rede de lojas de departamento, e a&nbsp;<strong>Hertz<\/strong>, gigante de aluguel de autom\u00f3veis, que mostraram como at\u00e9 mesmo grandes corpora\u00e7\u00f5es n\u00e3o estavam imunes aos efeitos devastadores da pandemia. \u00c9 importante lembrar que, em outros mercados, empresas como&nbsp;<strong>Brooks Brothers<\/strong>&nbsp;e&nbsp;<strong>Neiman Marcus<\/strong>&nbsp;tamb\u00e9m decretaram fal\u00eancia em decorr\u00eancia das restri\u00e7\u00f5es e queda no consumo durante este per\u00edodo.<\/p>\n\n\n\n<p><em>Leia tamb\u00e9m: <a href=\"https:\/\/www.em.com.br\/emfoco\/2025\/07\/25\/franquia-de-hamburgueres-fecha-dezenas-de-lojas-e-pega-fas-de-surpresa\/\" target=\"_blank\" rel=\"noreferrer noopener\">Franquia de hamb\u00fargueres fecha dezenas de lojas e pega f\u00e3s de surpresa<\/a><\/em><\/p>\n\n\n\n<h2 class=\"wp-block-heading\">Como as empresas podem se proteger contra futuras crises econ\u00f4micas?<\/h2>\n\n\n\n<p>A pandemia ensinou \u00e0s empresas a import\u00e2ncia de ter cadeias de suprimentos&nbsp;<strong>flex\u00edveis<\/strong>&nbsp;e planificar para incertezas. A diversifica\u00e7\u00e3o de fornecedores e a digitaliza\u00e7\u00e3o dos processos s\u00e3o passos essenciais. Essas pr\u00e1ticas contribuem significativamente para a resili\u00eancia ao permitir que empresas minimizem riscos associados a falhas em componentes espec\u00edficos da cadeia de suprimentos e tamb\u00e9m ajudem a otimizar opera\u00e7\u00f5es atrav\u00e9s do uso de tecnologia.<\/p>\n\n\n\n<p>Al\u00e9m disso, a cria\u00e7\u00e3o de fundos de emerg\u00eancia pode garantir a continuidade das opera\u00e7\u00f5es em tempos de crise. No futuro, a utiliza\u00e7\u00e3o de ferramentas digitais, como&nbsp;<strong>ERP (Enterprise Resource Planning)<\/strong>&nbsp;e plataformas online de gest\u00e3o de fornecedores, tende a ganhar cada vez mais import\u00e2ncia para antecipar riscos e criar respostas r\u00e1pidas.<\/p>\n\n\n\n<h2 class=\"wp-block-heading\">O que s\u00e3o redes de contato e parcerias resilientes?<\/h2>\n\n\n\n<p>Redes de contato e parcerias resilientes referem-se a conex\u00f5es estrat\u00e9gicas estabelecidas por uma empresa com outras organiza\u00e7\u00f5es ou indiv\u00edduos que possam ajudar em tempos de crise. Durante crises, como a pandemia, essas redes permitem acesso a recursos, informa\u00e7\u00f5es e suporte operacional que podem ser cruciais para a continuidade dos neg\u00f3cios. Ter parcerias fortes pode significar a diferen\u00e7a entre sucumbir \u00e0 crise ou super\u00e1-la com mais facilidade.<\/p>\n\n\n\n<h2 class=\"wp-block-heading\">O que podemos aprender com as fal\u00eancias durante a pandemia?<\/h2>\n\n\n\n<p>A queda de empresas como a CCH \u00e9 um lembrete das vulnerabilidades econ\u00f4micas, mesmo para neg\u00f3cios aparentemente s\u00f3lidos. Reavaliar estrat\u00e9gias e aprender com esses casos \u00e9 crucial.<\/p>\n\n\n\n<ul class=\"wp-block-list\">\n<li>Import\u00e2ncia de estrat\u00e9gias de\u00a0<strong>gest\u00e3o de risco<\/strong><\/li>\n\n\n\n<li>Necessidade de adapta\u00e7\u00f5es r\u00e1pidas a mudan\u00e7as no mercado<\/li>\n\n\n\n<li>Valor de redes de contato e parcerias resilientes<\/li>\n<\/ul>\n\n\n\n<p><strong>Leia tamb\u00e9m: <a href=\"https:\/\/www.em.com.br\/emfoco\/2025\/07\/17\/grande-rede-de-varejo-fecha-todas-as-lojas-apos-80-anos-de-historia\/\" target=\"_blank\" rel=\"noreferrer noopener\">Grande rede de varejo fecha todas as lojas ap\u00f3s 80 anos de hist\u00f3ria<\/a><\/strong><\/p>\n\n\n\n<h2 class=\"wp-block-heading\">Quais li\u00e7\u00f5es econ\u00f4micas ficaram para o per\u00edodo p\u00f3s-pandemia?<\/h2>\n\n\n\n<ul class=\"wp-block-list\">\n<li>A pandemia exp\u00f4s a fragilidade das cadeias de suprimentos globais.<\/li>\n\n\n\n<li>Crises podem afetar indistintamente grandes e pequenas empresas.<\/li>\n\n\n\n<li>A prepara\u00e7\u00e3o preventiva \u00e9 chave para a sobreviv\u00eancia empresarial.<\/li>\n<\/ul>\n","protected":false},"excerpt":{"rendered":"<p>A pandemia de&nbsp;COVID-19&nbsp;trouxe desafios sem precedentes para a economia global, afetando profundamente as cadeias de&nbsp;suprimentos&nbsp;e revelando fragilidades em diversos setores. Nos&nbsp;EUA, muitos ainda sofrem os impactos dessas disrup\u00e7\u00f5es, que ocasionaram at\u00e9 mesmo a fal\u00eancia de empresas robustas. Quais foram os principais efeitos da pandemia na cadeia de suprimentos? Em&nbsp;2020, a pandemia de&nbsp;COVID-19&nbsp;causou perturba\u00e7\u00f5es substanciais nas&nbsp;cadeias [&hellip;]<\/p>\n","protected":false},"author":11,"featured_media":57196,"comment_status":"open","ping_status":"open","sticky":false,"template":"","format":"standard","meta":{"jnews-multi-image_gallery":[],"jnews_single_post":{"format":"standard"},"jnews_primary_category":[],"jnews_social_meta":[],"jnews_override_counter":[],"footnotes":""},"categories":[138,1],"tags":[5478,9677,10009,1563],"class_list":["post-81917","post","type-post","status-publish","format-standard","has-post-thumbnail","hentry","category-mundo","category-noticias","tag-falencia","tag-fechou","tag-lojas","tag-mercado"],"yoast_head":"<!-- This site is optimized with the Yoast SEO plugin v23.8 - https:\/\/yoast.com\/wordpress\/plugins\/seo\/ -->\n<title>Marca de varejo de 125 anos entra com pedido de fal\u00eancia e ent\u00e3o fecha sem dar explica\u00e7\u00f5es - Estado de Minas - Em foco<\/title>\n<meta name=\"description\" content=\"A crise exp\u00f4s falhas graves nas cadeias de suprimentos. Saiba como at\u00e9 gigantes do mercado sucumbiram e o que isso revela.\" \/>\n<meta name=\"robots\" content=\"index, follow, max-snippet:-1, max-image-preview:large, max-video-preview:-1\" \/>\n<link rel=\"canonical\" href=\"https:\/\/www.em.com.br\/emfoco\/2025\/07\/26\/marca-de-varejo-de-125-anos-entra-com-pedido-de-falencia-e-entao-fecha-sem-dar-explicacoes\/\" \/>\n<meta property=\"og:locale\" content=\"pt_BR\" \/>\n<meta property=\"og:type\" content=\"article\" \/>\n<meta property=\"og:title\" content=\"Marca de varejo de 125 anos entra com pedido de fal\u00eancia e ent\u00e3o fecha sem dar explica\u00e7\u00f5es - Estado de Minas - Em foco\" \/>\n<meta property=\"og:description\" content=\"A crise exp\u00f4s falhas graves nas cadeias de suprimentos. Saiba como at\u00e9 gigantes do mercado sucumbiram e o que isso revela.\" \/>\n<meta property=\"og:url\" content=\"https:\/\/www.em.com.br\/emfoco\/2025\/07\/26\/marca-de-varejo-de-125-anos-entra-com-pedido-de-falencia-e-entao-fecha-sem-dar-explicacoes\/\" \/>\n<meta property=\"og:site_name\" content=\"Estado de Minas - Em foco\" \/>\n<meta property=\"article:published_time\" content=\"2025-07-26T15:20:00+00:00\" \/>\n<meta property=\"article:modified_time\" content=\"2025-07-26T13:45:29+00:00\" \/>\n<meta property=\"og:image\" content=\"https:\/\/www.em.com.br\/emfoco\/wp-content\/uploads\/2025\/06\/falencia-loja-_1749302643112.jpg\" \/>\n\t<meta property=\"og:image:width\" content=\"1280\" \/>\n\t<meta property=\"og:image:height\" content=\"720\" \/>\n\t<meta property=\"og:image:type\" content=\"image\/jpeg\" \/>\n<meta name=\"author\" content=\"Andre\u0301 Rangel\u00a0\" \/>\n<meta name=\"twitter:card\" content=\"summary_large_image\" \/>\n<meta name=\"twitter:label1\" content=\"Escrito por\" \/>\n\t<meta name=\"twitter:data1\" content=\"Andre\u0301 Rangel\u00a0\" \/>\n\t<meta name=\"twitter:label2\" content=\"Est. tempo de leitura\" \/>\n\t<meta name=\"twitter:data2\" content=\"5 minutos\" \/>\n<!-- \/ Yoast SEO plugin. -->","yoast_head_json":{"title":"Marca de varejo de 125 anos entra com pedido de fal\u00eancia e ent\u00e3o fecha sem dar explica\u00e7\u00f5es - Estado de Minas - Em foco","description":"A crise exp\u00f4s falhas graves nas cadeias de suprimentos. Saiba como at\u00e9 gigantes do mercado sucumbiram e o que isso revela.","robots":{"index":"index","follow":"follow","max-snippet":"max-snippet:-1","max-image-preview":"max-image-preview:large","max-video-preview":"max-video-preview:-1"},"canonical":"https:\/\/www.em.com.br\/emfoco\/2025\/07\/26\/marca-de-varejo-de-125-anos-entra-com-pedido-de-falencia-e-entao-fecha-sem-dar-explicacoes\/","og_locale":"pt_BR","og_type":"article","og_title":"Marca de varejo de 125 anos entra com pedido de fal\u00eancia e ent\u00e3o fecha sem dar explica\u00e7\u00f5es - Estado de Minas - Em foco","og_description":"A crise exp\u00f4s falhas graves nas cadeias de suprimentos. Saiba como at\u00e9 gigantes do mercado sucumbiram e o que isso revela.","og_url":"https:\/\/www.em.com.br\/emfoco\/2025\/07\/26\/marca-de-varejo-de-125-anos-entra-com-pedido-de-falencia-e-entao-fecha-sem-dar-explicacoes\/","og_site_name":"Estado de Minas - Em foco","article_published_time":"2025-07-26T15:20:00+00:00","article_modified_time":"2025-07-26T13:45:29+00:00","og_image":[{"width":1280,"height":720,"url":"https:\/\/www.em.com.br\/emfoco\/wp-content\/uploads\/2025\/06\/falencia-loja-_1749302643112.jpg","type":"image\/jpeg"}],"author":"Andre\u0301 Rangel\u00a0","twitter_card":"summary_large_image","twitter_misc":{"Escrito por":"Andre\u0301 Rangel\u00a0","Est. tempo de leitura":"5 minutos"},"schema":{"@context":"https:\/\/schema.org","@graph":[{"@type":"WebPage","@id":"https:\/\/www.em.com.br\/emfoco\/2025\/07\/26\/marca-de-varejo-de-125-anos-entra-com-pedido-de-falencia-e-entao-fecha-sem-dar-explicacoes\/","url":"https:\/\/www.em.com.br\/emfoco\/2025\/07\/26\/marca-de-varejo-de-125-anos-entra-com-pedido-de-falencia-e-entao-fecha-sem-dar-explicacoes\/","name":"Marca de varejo de 125 anos entra com pedido de fal\u00eancia e ent\u00e3o fecha sem dar explica\u00e7\u00f5es - Estado de Minas - Em foco","isPartOf":{"@id":"https:\/\/www.em.com.br\/emfoco\/#website"},"primaryImageOfPage":{"@id":"https:\/\/www.em.com.br\/emfoco\/2025\/07\/26\/marca-de-varejo-de-125-anos-entra-com-pedido-de-falencia-e-entao-fecha-sem-dar-explicacoes\/#primaryimage"},"image":{"@id":"https:\/\/www.em.com.br\/emfoco\/2025\/07\/26\/marca-de-varejo-de-125-anos-entra-com-pedido-de-falencia-e-entao-fecha-sem-dar-explicacoes\/#primaryimage"},"thumbnailUrl":"https:\/\/www.em.com.br\/emfoco\/wp-content\/uploads\/2025\/06\/falencia-loja-_1749302643112.jpg","datePublished":"2025-07-26T15:20:00+00:00","dateModified":"2025-07-26T13:45:29+00:00","author":{"@id":"https:\/\/www.em.com.br\/emfoco\/#\/schema\/person\/60eda09c1fedf0d6891f4cef4b60b8b8"},"description":"A crise exp\u00f4s falhas graves nas cadeias de suprimentos. Saiba como at\u00e9 gigantes do mercado sucumbiram e o que isso revela.","breadcrumb":{"@id":"https:\/\/www.em.com.br\/emfoco\/2025\/07\/26\/marca-de-varejo-de-125-anos-entra-com-pedido-de-falencia-e-entao-fecha-sem-dar-explicacoes\/#breadcrumb"},"inLanguage":"pt-BR","potentialAction":[{"@type":"ReadAction","target":["https:\/\/www.em.com.br\/emfoco\/2025\/07\/26\/marca-de-varejo-de-125-anos-entra-com-pedido-de-falencia-e-entao-fecha-sem-dar-explicacoes\/"]}]},{"@type":"ImageObject","inLanguage":"pt-BR","@id":"https:\/\/www.em.com.br\/emfoco\/2025\/07\/26\/marca-de-varejo-de-125-anos-entra-com-pedido-de-falencia-e-entao-fecha-sem-dar-explicacoes\/#primaryimage","url":"https:\/\/www.em.com.br\/emfoco\/wp-content\/uploads\/2025\/06\/falencia-loja-_1749302643112.jpg","contentUrl":"https:\/\/www.em.com.br\/emfoco\/wp-content\/uploads\/2025\/06\/falencia-loja-_1749302643112.jpg","width":1280,"height":720,"caption":"O fechamento que abalou moradores - Cr\u00e9ditos: depositphotos.com \/ MikeEdwards"},{"@type":"BreadcrumbList","@id":"https:\/\/www.em.com.br\/emfoco\/2025\/07\/26\/marca-de-varejo-de-125-anos-entra-com-pedido-de-falencia-e-entao-fecha-sem-dar-explicacoes\/#breadcrumb","itemListElement":[{"@type":"ListItem","position":1,"name":"In\u00edcio","item":"https:\/\/www.em.com.br\/emfoco\/"},{"@type":"ListItem","position":2,"name":"Marca de varejo de 125 anos entra com pedido de fal\u00eancia e ent\u00e3o fecha sem dar explica\u00e7\u00f5es"}]},{"@type":"WebSite","@id":"https:\/\/www.em.com.br\/emfoco\/#website","url":"https:\/\/www.em.com.br\/emfoco\/","name":"Estado de Minas - Em foco","description":"Acompanhe as \u00faltimas not\u00edcias e fique bem informado sobre tudo o que acontece em Minas Gerais, Brasil e no mundo.","potentialAction":[{"@type":"SearchAction","target":{"@type":"EntryPoint","urlTemplate":"https:\/\/www.em.com.br\/emfoco\/?s={search_term_string}"},"query-input":{"@type":"PropertyValueSpecification","valueRequired":true,"valueName":"search_term_string"}}],"inLanguage":"pt-BR"},{"@type":"Person","@id":"https:\/\/www.em.com.br\/emfoco\/#\/schema\/person\/60eda09c1fedf0d6891f4cef4b60b8b8","name":"Andre\u0301 Rangel\u00a0","image":{"@type":"ImageObject","inLanguage":"pt-BR","@id":"https:\/\/www.em.com.br\/emfoco\/#\/schema\/person\/image\/","url":"https:\/\/secure.gravatar.com\/avatar\/6234dc814c77c8ef6d8bba622c787efc?s=96&d=mm&r=g","contentUrl":"https:\/\/secure.gravatar.com\/avatar\/6234dc814c77c8ef6d8bba622c787efc?s=96&d=mm&r=g","caption":"Andre\u0301 Rangel\u00a0"},"url":"https:\/\/www.em.com.br\/emfoco\/author\/luizmyth\/"}]}},"_links":{"self":[{"href":"https:\/\/www.em.com.br\/emfoco\/wp-json\/wp\/v2\/posts\/81917","targetHints":{"allow":["GET"]}}],"collection":[{"href":"https:\/\/www.em.com.br\/emfoco\/wp-json\/wp\/v2\/posts"}],"about":[{"href":"https:\/\/www.em.com.br\/emfoco\/wp-json\/wp\/v2\/types\/post"}],"author":[{"embeddable":true,"href":"https:\/\/www.em.com.br\/emfoco\/wp-json\/wp\/v2\/users\/11"}],"replies":[{"embeddable":true,"href":"https:\/\/www.em.com.br\/emfoco\/wp-json\/wp\/v2\/comments?post=81917"}],"version-history":[{"count":3,"href":"https:\/\/www.em.com.br\/emfoco\/wp-json\/wp\/v2\/posts\/81917\/revisions"}],"predecessor-version":[{"id":81983,"href":"https:\/\/www.em.com.br\/emfoco\/wp-json\/wp\/v2\/posts\/81917\/revisions\/81983"}],"wp:featuredmedia":[{"embeddable":true,"href":"https:\/\/www.em.com.br\/emfoco\/wp-json\/wp\/v2\/media\/57196"}],"wp:attachment":[{"href":"https:\/\/www.em.com.br\/emfoco\/wp-json\/wp\/v2\/media?parent=81917"}],"wp:term":[{"taxonomy":"category","embeddable":true,"href":"https:\/\/www.em.com.br\/emfoco\/wp-json\/wp\/v2\/categories?post=81917"},{"taxonomy":"post_tag","embeddable":true,"href":"https:\/\/www.em.com.br\/emfoco\/wp-json\/wp\/v2\/tags?post=81917"}],"curies":[{"name":"wp","href":"https:\/\/api.w.org\/{rel}","templated":true}]}}