{"id":81870,"date":"2025-07-27T08:38:00","date_gmt":"2025-07-27T11:38:00","guid":{"rendered":"https:\/\/www.em.com.br\/emfoco\/?p=81870"},"modified":"2025-07-26T09:34:19","modified_gmt":"2025-07-26T12:34:19","slug":"andar-30-minutos-por-dia-pode-ser-mais-eficaz-que-muitos-remedios","status":"publish","type":"post","link":"https:\/\/www.em.com.br\/emfoco\/2025\/07\/27\/andar-30-minutos-por-dia-pode-ser-mais-eficaz-que-muitos-remedios\/","title":{"rendered":"Andar 30 minutos por dia pode ser mais eficaz que muitos rem\u00e9dios"},"content":{"rendered":"\n<p>Andar diariamente por <strong><a href=\"https:\/\/www.em.com.br\/emfoco\/2025\/06\/17\/voce-sabia-que-caminhar-30-minutos-por-dia-pode-reduzir-a-ansiedade-em-ate-50\/\" target=\"_blank\" rel=\"noreferrer noopener\">30 minutos<\/a><\/strong> pode trazer uma s\u00e9rie de benef\u00edcios para o seu <a href=\"https:\/\/www.tjdft.jus.br\/informacoes\/programas-projetos-e-acoes\/pro-vida\/dicas-de-saude\/pilulas-de-saude\/11-beneficios-da-caminhada-para-o-corpo-e-a-mente\" target=\"_blank\" rel=\"noreferrer noopener\">corpo e mente<\/a>. Este h\u00e1bito simples, mas eficaz, melhora a sa\u00fade, o bem-estar e a qualidade de vida.<\/p>\n\n\n\n<ul class=\"wp-block-list\">\n<li>Aumento da <strong>capacidade cardiovascular<\/strong> e melhora na circula\u00e7\u00e3o sangu\u00ednea.<\/li>\n\n\n\n<li>Redu\u00e7\u00e3o do <strong>estresse<\/strong> e melhora no humor.<\/li>\n\n\n\n<li>Aux\u00edlio no controle do <strong>peso corporal<\/strong> e preven\u00e7\u00e3o de doen\u00e7as.<\/li>\n<\/ul>\n\n\n\n<h2 class=\"wp-block-heading\">Andar 30 minutos por dia ajuda na capacidade cardiovascular?<\/h2>\n\n\n\n<p>Sim, caminhar meia hora diariamente fortalece o <strong>cora\u00e7\u00e3o<\/strong>, melhorando a circula\u00e7\u00e3o sangu\u00ednea e diminuindo a press\u00e3o arterial. Esta pr\u00e1tica regular pode reduzir o risco de doen\u00e7as cardiovasculares, segundo estudos realizados em <strong>Nova York<\/strong> e outras grandes cidades. Pesquisadores da <strong>Organiza\u00e7\u00e3o Mundial da Sa\u00fade<\/strong> tamb\u00e9m recomendam caminhadas frequentes para prevenir problemas de sa\u00fade.<\/p>\n\n\n\n<h2 class=\"wp-block-heading\">Por que andar ajuda a reduzir o estresse?<\/h2>\n\n\n\n<p>Caminhar aumenta a libera\u00e7\u00e3o de endorfinas, horm\u00f4nios que proporcionam sensa\u00e7\u00e3o de bem-estar e <strong>felicidade<\/strong>. Este exerc\u00edcio simples \u00e9 <strong>eficaz<\/strong> para aliviar a tens\u00e3o e melhorar o <strong>humor<\/strong>. Al\u00e9m disso, em cidades como <strong>S\u00e3o Paulo<\/strong>, pessoas que incorporaram a caminhada em ambientes naturais relataram maior redu\u00e7\u00e3o do estresse, conforme estudos publicados no site <strong>PubMed<\/strong>.<\/p>\n\n\n\n<figure class=\"wp-block-image size-large\"><img loading=\"lazy\" decoding=\"async\" width=\"1024\" height=\"576\" src=\"https:\/\/www.em.com.br\/emfoco\/wp-content\/uploads\/2025\/07\/CAMINHANDO_1753533114079-1024x576.jpg\" alt=\"Andar 30 minutos por dia pode ser mais eficaz que muitos rem\u00e9dios\" class=\"wp-image-81875\" srcset=\"https:\/\/www.em.com.br\/emfoco\/wp-content\/uploads\/2025\/07\/CAMINHANDO_1753533114079-1024x576.jpg 1024w, https:\/\/www.em.com.br\/emfoco\/wp-content\/uploads\/2025\/07\/CAMINHANDO_1753533114079-300x169.jpg 300w, https:\/\/www.em.com.br\/emfoco\/wp-content\/uploads\/2025\/07\/CAMINHANDO_1753533114079-768x432.jpg 768w, https:\/\/www.em.com.br\/emfoco\/wp-content\/uploads\/2025\/07\/CAMINHANDO_1753533114079-750x422.jpg 750w, https:\/\/www.em.com.br\/emfoco\/wp-content\/uploads\/2025\/07\/CAMINHANDO_1753533114079-1140x641.jpg 1140w, https:\/\/www.em.com.br\/emfoco\/wp-content\/uploads\/2025\/07\/CAMINHANDO_1753533114079.jpg 1280w\" sizes=\"auto, (max-width: 1024px) 100vw, 1024px\" \/><figcaption class=\"wp-element-caption\">Pessoas caminhando no parque &#8211; Cr\u00e9ditos: depositphotos.com \/ AndrewLozovyi<\/figcaption><\/figure>\n\n\n\n<h2 class=\"wp-block-heading\">Controle de peso: Caminhada realmente funciona?<\/h2>\n\n\n\n<p>Andar diariamente ajuda a queimar calorias, o que \u00e9 crucial para a redu\u00e7\u00e3o e manuten\u00e7\u00e3o do <strong>peso<\/strong>. Al\u00e9m disso, aumenta o <strong>metabolismo<\/strong>, tornando a gest\u00e3o de peso mais <strong>eficiente<\/strong>. Segundo dados do <strong>Minist\u00e9rio da Sa\u00fade<\/strong> do Brasil, pessoas que adotam caminhadas regulares apresentam menos riscos de desenvolver problemas relacionados ao excesso de peso.<\/p>\n\n\n\n<p><strong>Leia tamb\u00e9m:<\/strong> <a href=\"https:\/\/www.em.com.br\/emfoco\/2025\/07\/13\/caminhar-todos-os-dias-melhora-a-autoestima-e-clareza-mental\/\" target=\"_blank\" rel=\"noreferrer noopener\">Caminhar todos os dias melhora a autoestima e clareza mental<\/a><\/p>\n\n\n\n<h2 class=\"wp-block-heading\">Como manter a consist\u00eancia na caminhada di\u00e1ria?<\/h2>\n\n\n\n<p>Estabele\u00e7a uma <strong>rotina<\/strong> fixa e escolha um hor\u00e1rio que se encaixe confortavelmente no seu dia. Assim, voc\u00ea garante uma maior <strong>motiva\u00e7\u00e3o<\/strong> e consist\u00eancia na pr\u00e1tica. Aplicativos\u202fde celular, como o <strong>Strava<\/strong> ou o <strong>Google Fit<\/strong>, podem ajudar a monitorar seu progresso e incentivar a regularidade.<\/p>\n\n\n\n<p><strong>Dica r\u00e1pida<\/strong>: Tente caminhar com um amigo ou escutar m\u00fasica, tornando a atividade mais agrad\u00e1vel. Em lugares como o <strong>Parque Ibirapuera<\/strong> ou a <strong>Lagoa Rodrigo de Freitas<\/strong>, a caminhada pode ser ainda mais prazerosa pelo contato com a natureza.<\/p>\n\n\n\n<h2 class=\"wp-block-heading\">Principais benef\u00edcios que voc\u00ea n\u00e3o deve ignorar<\/h2>\n\n\n\n<p><strong>Incorporar uma caminhada di\u00e1ria<\/strong> no seu cronograma pode ser o impulso necess\u00e1rio para um estilo de vida mais saud\u00e1vel. Aqui est\u00e3o os principais aprendizados:<\/p>\n\n\n\n<ol class=\"wp-block-list\">\n<li>Fortalece a sa\u00fade do <strong>cora\u00e7\u00e3o<\/strong> e melhora circula\u00e7\u00e3o.<\/li>\n\n\n\n<li>Reduz <strong>estresse<\/strong> promovendo bem-estar mental.<\/li>\n\n\n\n<li>Contribui para o <strong>controle de peso<\/strong> de forma eficaz.<\/li>\n<\/ol>\n","protected":false},"excerpt":{"rendered":"<p>Andar diariamente por 30 minutos pode trazer uma s\u00e9rie de benef\u00edcios para o seu corpo e mente. Este h\u00e1bito simples, mas eficaz, melhora a sa\u00fade, o bem-estar e a qualidade de vida. Andar 30 minutos por dia ajuda na capacidade cardiovascular? Sim, caminhar meia hora diariamente fortalece o cora\u00e7\u00e3o, melhorando a circula\u00e7\u00e3o sangu\u00ednea e diminuindo [&hellip;]<\/p>\n","protected":false},"author":18,"featured_media":81874,"comment_status":"open","ping_status":"open","sticky":false,"template":"","format":"standard","meta":{"jnews-multi-image_gallery":[],"jnews_single_post":{"format":"standard"},"jnews_primary_category":[],"jnews_social_meta":[],"jnews_override_counter":[],"footnotes":""},"categories":[8819],"tags":[12907,8852,4955,410],"class_list":["post-81870","post","type-post","status-publish","format-standard","has-post-thumbnail","hentry","category-curiosidades","tag-andar","tag-caminhar","tag-exercicio-fisico","tag-saude-mental"],"yoast_head":"<!-- This site is optimized with the Yoast SEO plugin v23.8 - https:\/\/yoast.com\/wordpress\/plugins\/seo\/ -->\n<title>Andar 30 minutos por dia pode ser mais eficaz que muitos rem\u00e9dios - Estado de Minas - Em foco<\/title>\n<meta name=\"description\" content=\"Caminhar diariamente pode trazer benef\u00edcios surpreendentes para seu corpo e mente. Saiba o que acontece depois de apenas 30 minutos por dia.\" \/>\n<meta name=\"robots\" content=\"index, follow, max-snippet:-1, max-image-preview:large, max-video-preview:-1\" \/>\n<link rel=\"canonical\" href=\"https:\/\/www.em.com.br\/emfoco\/2025\/07\/27\/andar-30-minutos-por-dia-pode-ser-mais-eficaz-que-muitos-remedios\/\" \/>\n<meta property=\"og:locale\" content=\"pt_BR\" \/>\n<meta property=\"og:type\" content=\"article\" \/>\n<meta property=\"og:title\" content=\"Andar 30 minutos por dia pode ser mais eficaz que muitos rem\u00e9dios - Estado de Minas - Em foco\" \/>\n<meta property=\"og:description\" content=\"Caminhar diariamente pode trazer benef\u00edcios surpreendentes para seu corpo e mente. Saiba o que acontece depois de apenas 30 minutos por dia.\" \/>\n<meta property=\"og:url\" content=\"https:\/\/www.em.com.br\/emfoco\/2025\/07\/27\/andar-30-minutos-por-dia-pode-ser-mais-eficaz-que-muitos-remedios\/\" \/>\n<meta property=\"og:site_name\" content=\"Estado de Minas - Em foco\" \/>\n<meta property=\"article:published_time\" content=\"2025-07-27T11:38:00+00:00\" \/>\n<meta property=\"article:modified_time\" content=\"2025-07-26T12:34:19+00:00\" \/>\n<meta property=\"og:image\" content=\"https:\/\/www.em.com.br\/emfoco\/wp-content\/uploads\/2025\/07\/CAMINHANDO_1753533038488.jpg\" \/>\n\t<meta property=\"og:image:width\" content=\"1280\" \/>\n\t<meta property=\"og:image:height\" content=\"720\" \/>\n\t<meta property=\"og:image:type\" content=\"image\/jpeg\" \/>\n<meta name=\"author\" content=\"Julio Cesar\" \/>\n<meta name=\"twitter:card\" content=\"summary_large_image\" \/>\n<meta name=\"twitter:label1\" content=\"Escrito por\" \/>\n\t<meta name=\"twitter:data1\" content=\"Julio Cesar\" \/>\n\t<meta name=\"twitter:label2\" content=\"Est. tempo de leitura\" \/>\n\t<meta name=\"twitter:data2\" content=\"3 minutos\" \/>\n<!-- \/ Yoast SEO plugin. -->","yoast_head_json":{"title":"Andar 30 minutos por dia pode ser mais eficaz que muitos rem\u00e9dios - Estado de Minas - Em foco","description":"Caminhar diariamente pode trazer benef\u00edcios surpreendentes para seu corpo e mente. Saiba o que acontece depois de apenas 30 minutos por dia.","robots":{"index":"index","follow":"follow","max-snippet":"max-snippet:-1","max-image-preview":"max-image-preview:large","max-video-preview":"max-video-preview:-1"},"canonical":"https:\/\/www.em.com.br\/emfoco\/2025\/07\/27\/andar-30-minutos-por-dia-pode-ser-mais-eficaz-que-muitos-remedios\/","og_locale":"pt_BR","og_type":"article","og_title":"Andar 30 minutos por dia pode ser mais eficaz que muitos rem\u00e9dios - Estado de Minas - Em foco","og_description":"Caminhar diariamente pode trazer benef\u00edcios surpreendentes para seu corpo e mente. Saiba o que acontece depois de apenas 30 minutos por dia.","og_url":"https:\/\/www.em.com.br\/emfoco\/2025\/07\/27\/andar-30-minutos-por-dia-pode-ser-mais-eficaz-que-muitos-remedios\/","og_site_name":"Estado de Minas - Em foco","article_published_time":"2025-07-27T11:38:00+00:00","article_modified_time":"2025-07-26T12:34:19+00:00","og_image":[{"width":1280,"height":720,"url":"https:\/\/www.em.com.br\/emfoco\/wp-content\/uploads\/2025\/07\/CAMINHANDO_1753533038488.jpg","type":"image\/jpeg"}],"author":"Julio Cesar","twitter_card":"summary_large_image","twitter_misc":{"Escrito por":"Julio Cesar","Est. tempo de leitura":"3 minutos"},"schema":{"@context":"https:\/\/schema.org","@graph":[{"@type":"WebPage","@id":"https:\/\/www.em.com.br\/emfoco\/2025\/07\/27\/andar-30-minutos-por-dia-pode-ser-mais-eficaz-que-muitos-remedios\/","url":"https:\/\/www.em.com.br\/emfoco\/2025\/07\/27\/andar-30-minutos-por-dia-pode-ser-mais-eficaz-que-muitos-remedios\/","name":"Andar 30 minutos por dia pode ser mais eficaz que muitos rem\u00e9dios - Estado de Minas - Em foco","isPartOf":{"@id":"https:\/\/www.em.com.br\/emfoco\/#website"},"primaryImageOfPage":{"@id":"https:\/\/www.em.com.br\/emfoco\/2025\/07\/27\/andar-30-minutos-por-dia-pode-ser-mais-eficaz-que-muitos-remedios\/#primaryimage"},"image":{"@id":"https:\/\/www.em.com.br\/emfoco\/2025\/07\/27\/andar-30-minutos-por-dia-pode-ser-mais-eficaz-que-muitos-remedios\/#primaryimage"},"thumbnailUrl":"https:\/\/www.em.com.br\/emfoco\/wp-content\/uploads\/2025\/07\/CAMINHANDO_1753533038488.jpg","datePublished":"2025-07-27T11:38:00+00:00","dateModified":"2025-07-26T12:34:19+00:00","author":{"@id":"https:\/\/www.em.com.br\/emfoco\/#\/schema\/person\/08c4a03e38018bbab9038d5f788321fc"},"description":"Caminhar diariamente pode trazer benef\u00edcios surpreendentes para seu corpo e mente. Saiba o que acontece depois de apenas 30 minutos por dia.","breadcrumb":{"@id":"https:\/\/www.em.com.br\/emfoco\/2025\/07\/27\/andar-30-minutos-por-dia-pode-ser-mais-eficaz-que-muitos-remedios\/#breadcrumb"},"inLanguage":"pt-BR","potentialAction":[{"@type":"ReadAction","target":["https:\/\/www.em.com.br\/emfoco\/2025\/07\/27\/andar-30-minutos-por-dia-pode-ser-mais-eficaz-que-muitos-remedios\/"]}]},{"@type":"ImageObject","inLanguage":"pt-BR","@id":"https:\/\/www.em.com.br\/emfoco\/2025\/07\/27\/andar-30-minutos-por-dia-pode-ser-mais-eficaz-que-muitos-remedios\/#primaryimage","url":"https:\/\/www.em.com.br\/emfoco\/wp-content\/uploads\/2025\/07\/CAMINHANDO_1753533038488.jpg","contentUrl":"https:\/\/www.em.com.br\/emfoco\/wp-content\/uploads\/2025\/07\/CAMINHANDO_1753533038488.jpg","width":1280,"height":720,"caption":"Amigas caminhando - Cr\u00e9ditos: depositphotos.com \/ yobro10"},{"@type":"BreadcrumbList","@id":"https:\/\/www.em.com.br\/emfoco\/2025\/07\/27\/andar-30-minutos-por-dia-pode-ser-mais-eficaz-que-muitos-remedios\/#breadcrumb","itemListElement":[{"@type":"ListItem","position":1,"name":"In\u00edcio","item":"https:\/\/www.em.com.br\/emfoco\/"},{"@type":"ListItem","position":2,"name":"Andar 30 minutos por dia pode ser mais eficaz que muitos rem\u00e9dios"}]},{"@type":"WebSite","@id":"https:\/\/www.em.com.br\/emfoco\/#website","url":"https:\/\/www.em.com.br\/emfoco\/","name":"Estado de Minas - Em foco","description":"Acompanhe as \u00faltimas not\u00edcias e fique bem informado sobre tudo o que acontece em Minas Gerais, Brasil e no mundo.","potentialAction":[{"@type":"SearchAction","target":{"@type":"EntryPoint","urlTemplate":"https:\/\/www.em.com.br\/emfoco\/?s={search_term_string}"},"query-input":{"@type":"PropertyValueSpecification","valueRequired":true,"valueName":"search_term_string"}}],"inLanguage":"pt-BR"},{"@type":"Person","@id":"https:\/\/www.em.com.br\/emfoco\/#\/schema\/person\/08c4a03e38018bbab9038d5f788321fc","name":"Julio Cesar","image":{"@type":"ImageObject","inLanguage":"pt-BR","@id":"https:\/\/www.em.com.br\/emfoco\/#\/schema\/person\/image\/","url":"https:\/\/secure.gravatar.com\/avatar\/ab1ea64f0d4f4c1385f8ef10d5a6e758?s=96&d=mm&r=g","contentUrl":"https:\/\/secure.gravatar.com\/avatar\/ab1ea64f0d4f4c1385f8ef10d5a6e758?s=96&d=mm&r=g","caption":"Julio Cesar"},"url":"https:\/\/www.em.com.br\/emfoco\/author\/juliomyth\/"}]}},"_links":{"self":[{"href":"https:\/\/www.em.com.br\/emfoco\/wp-json\/wp\/v2\/posts\/81870","targetHints":{"allow":["GET"]}}],"collection":[{"href":"https:\/\/www.em.com.br\/emfoco\/wp-json\/wp\/v2\/posts"}],"about":[{"href":"https:\/\/www.em.com.br\/emfoco\/wp-json\/wp\/v2\/types\/post"}],"author":[{"embeddable":true,"href":"https:\/\/www.em.com.br\/emfoco\/wp-json\/wp\/v2\/users\/18"}],"replies":[{"embeddable":true,"href":"https:\/\/www.em.com.br\/emfoco\/wp-json\/wp\/v2\/comments?post=81870"}],"version-history":[{"count":2,"href":"https:\/\/www.em.com.br\/emfoco\/wp-json\/wp\/v2\/posts\/81870\/revisions"}],"predecessor-version":[{"id":81877,"href":"https:\/\/www.em.com.br\/emfoco\/wp-json\/wp\/v2\/posts\/81870\/revisions\/81877"}],"wp:featuredmedia":[{"embeddable":true,"href":"https:\/\/www.em.com.br\/emfoco\/wp-json\/wp\/v2\/media\/81874"}],"wp:attachment":[{"href":"https:\/\/www.em.com.br\/emfoco\/wp-json\/wp\/v2\/media?parent=81870"}],"wp:term":[{"taxonomy":"category","embeddable":true,"href":"https:\/\/www.em.com.br\/emfoco\/wp-json\/wp\/v2\/categories?post=81870"},{"taxonomy":"post_tag","embeddable":true,"href":"https:\/\/www.em.com.br\/emfoco\/wp-json\/wp\/v2\/tags?post=81870"}],"curies":[{"name":"wp","href":"https:\/\/api.w.org\/{rel}","templated":true}]}}