{"id":81865,"date":"2025-07-26T12:38:02","date_gmt":"2025-07-26T15:38:02","guid":{"rendered":"https:\/\/www.em.com.br\/emfoco\/?p=81865"},"modified":"2025-07-26T09:30:06","modified_gmt":"2025-07-26T12:30:06","slug":"por-que-incluir-nabo-roxo-na-alimentacao-faz-tao-bem-a-saude","status":"publish","type":"post","link":"https:\/\/www.em.com.br\/emfoco\/2025\/07\/26\/por-que-incluir-nabo-roxo-na-alimentacao-faz-tao-bem-a-saude\/","title":{"rendered":"Por que incluir nabo roxo na alimenta\u00e7\u00e3o faz t\u00e3o bem \u00e0 sa\u00fade"},"content":{"rendered":"\n<p>O&nbsp;<strong>nabo roxo<\/strong>&nbsp;\u00e9 um vegetal que tem ganhado mais espa\u00e7o nas pesquisas sobre nutri\u00e7\u00e3o devido ao seu perfil nutricional e aos benef\u00edcios relacionados ao consumo no dia a dia. Este tub\u00e9rculo apresenta propriedades que auxiliam diferentes aspectos da sa\u00fade e pode ser facilmente incorporado \u00e0 rotina alimentar.<\/p>\n\n\n\n<ul class=\"wp-block-list\">\n<li><strong>Rico em antioxidantes naturais<\/strong>&nbsp;que colaboram com o organismo.<\/li>\n\n\n\n<li><strong>Contribui para a sa\u00fade intestinal<\/strong>&nbsp;e digestiva de forma simples.<\/li>\n\n\n\n<li><strong>Versatilidade<\/strong>&nbsp;no preparo e consumo em diversas receitas saud\u00e1veis.<\/li>\n<\/ul>\n\n\n\n<h2 class=\"wp-block-heading\">O que torna o nabo roxo um alimento diferenciado para a sa\u00fade?<\/h2>\n\n\n\n<p>O&nbsp;<strong>nabo roxo<\/strong>&nbsp;re\u00fane uma gama de compostos bioativos que favorecem o funcionamento do corpo, incluindo vitaminas como C e K, al\u00e9m de fibras essenciais para o intestino. A colora\u00e7\u00e3o arroxeada do vegetal indica a presen\u00e7a de antocianinas, fitoqu\u00edmicos conhecidos pelo potencial antioxidante.<\/p>\n\n\n\n<p>Na pr\u00e1tica, esses antioxidantes protegem as c\u00e9lulas contra a a\u00e7\u00e3o dos radicais livres. Esse processo impacta diretamente em processos naturais, como envelhecimento e resposta imunol\u00f3gica. Pessoas de diferentes faixas et\u00e1rias podem se beneficiar destas caracter\u00edsticas ao incluir o nabo roxo na alimenta\u00e7\u00e3o.<\/p>\n\n\n<div class=\"wp-block-image\">\n<figure class=\"aligncenter size-large\"><img loading=\"lazy\" decoding=\"async\" width=\"1024\" height=\"576\" src=\"https:\/\/www.em.com.br\/emfoco\/wp-content\/uploads\/2025\/07\/Nabo-roxo-1024x576.jpg\" alt=\"Nabo roxo\" class=\"wp-image-81869\" srcset=\"https:\/\/www.em.com.br\/emfoco\/wp-content\/uploads\/2025\/07\/Nabo-roxo-1024x576.jpg 1024w, https:\/\/www.em.com.br\/emfoco\/wp-content\/uploads\/2025\/07\/Nabo-roxo-300x169.jpg 300w, https:\/\/www.em.com.br\/emfoco\/wp-content\/uploads\/2025\/07\/Nabo-roxo-768x432.jpg 768w, https:\/\/www.em.com.br\/emfoco\/wp-content\/uploads\/2025\/07\/Nabo-roxo-750x422.jpg 750w, https:\/\/www.em.com.br\/emfoco\/wp-content\/uploads\/2025\/07\/Nabo-roxo-1140x641.jpg 1140w, https:\/\/www.em.com.br\/emfoco\/wp-content\/uploads\/2025\/07\/Nabo-roxo.jpg 1280w\" sizes=\"auto, (max-width: 1024px) 100vw, 1024px\" \/><figcaption class=\"wp-element-caption\">Nabo roxo &#8211; Cr\u00e9ditos: depositphotos.com \/ outline205 &#8211; Cr\u00e9ditos: depositphotos.com \/ merc67<\/figcaption><\/figure><\/div>\n\n\n<h2 class=\"wp-block-heading\">Como o nabo roxo pode ser aproveitado na dieta di\u00e1ria?<\/h2>\n\n\n\n<p>H\u00e1 diversas maneiras de consumir o&nbsp;<strong>nabo roxo<\/strong>&nbsp;sem perder nutrientes importantes. Desde o preparo cru em saladas at\u00e9 usos em cozidos, refogados ou conservas, o vegetal se apresenta como alternativa vers\u00e1til para promover refei\u00e7\u00f5es equilibradas.<\/p>\n\n\n\n<ul class=\"wp-block-list\">\n<li>Lavar e fatiar o nabo para saladas frias mant\u00e9m o frescor dos nutrientes.<\/li>\n\n\n\n<li>Cozinhar em cubos junto com outros legumes em sopas r\u00e1pidas enriquece o sabor.<\/li>\n\n\n\n<li>Refogar levemente melhora a textura e preserva compostos antioxidantes.<\/li>\n\n\n\n<li>Introduzir na alimenta\u00e7\u00e3o de crian\u00e7as pode ser feito misturando ao pur\u00ea de batatas.<\/li>\n<\/ul>\n\n\n\n<p>Aten\u00e7\u00e3o: Para garantir o melhor aproveitamento das fibras e vitaminas, recomenda-se consumir o nabo roxo preferencialmente com casca, ap\u00f3s higieniza\u00e7\u00e3o com \u00e1gua corrente e escova\u00e7\u00e3o. <\/p>\n\n\n\n<p>Leia tamb\u00e9m: <a href=\"https:\/\/www.em.com.br\/emfoco\/2025\/07\/26\/voce-nao-pode-tomar-cafe-junto-com-esses-medicamentos\/\" target=\"_blank\" rel=\"noreferrer noopener\">Voc\u00ea n\u00e3o pode tomar caf\u00e9 junto com esses medicamentos<\/a><\/p>\n\n\n\n<h2 class=\"wp-block-heading\">Quais benef\u00edcios o nabo roxo oferece para a digest\u00e3o e imunidade?<\/h2>\n\n\n\n<p>As&nbsp;<strong>fibras alimentares<\/strong>&nbsp;presentes no nabo roxo ajudam a regular o tr\u00e2nsito intestinal e previnem desconfortos como constipa\u00e7\u00e3o. O consumo frequente favorece o equil\u00edbrio da microbiota, fator associado a outros aspectos da sa\u00fade sist\u00eamica.<\/p>\n\n\n\n<p>Outro destaque \u00e9 a vitamina C, encontrada em quantidades consider\u00e1veis no nabo roxo, que potencializa a resposta imunol\u00f3gica do organismo, especialmente em \u00e9pocas de instabilidade clim\u00e1tica. Esse efeito pode ser ampliado quando o vegetal \u00e9 aliado a uma alimenta\u00e7\u00e3o variada e equilibrada.<\/p>\n\n\n\n<p>Dica r\u00e1pida: O nabo roxo pode ser consumido cru com lim\u00e3o ou azeite para valorizar a absor\u00e7\u00e3o dos nutrientes. Aproveitar diferentes prepara\u00e7\u00f5es ajuda a evitar a monotonia alimentar e traz mais variedade ao prato.<\/p>\n\n\n\n<h2 class=\"wp-block-heading\">Nabo roxo contribui para a preven\u00e7\u00e3o de doen\u00e7as?<\/h2>\n\n\n\n<p>Pesquisas recentes apontam que o consumo regular de vegetais como o&nbsp;<strong>nabo roxo<\/strong>&nbsp;est\u00e1 relacionado \u00e0 redu\u00e7\u00e3o do risco de doen\u00e7as cr\u00f4nicas, como hipertens\u00e3o arterial e algumas condi\u00e7\u00f5es cardiovasculares. Esse efeito se deve, em parte, ao baixo teor de s\u00f3dio, \u00e0s fibras sol\u00faveis e \u00e0 presen\u00e7a de antioxidantes.<\/p>\n\n\n\n<p>Quem busca investir em h\u00e1bitos que <a href=\"https:\/\/www.uol.com.br\/vivabem\/noticias\/redacao\/2021\/11\/29\/nabo-faz-bem-para-o-figado-e-ossos-veja-7-beneficios.htm\" target=\"_blank\" rel=\"noreferrer noopener\">promovem<\/a> bem-estar e qualidade de vida encontra neste vegetal um aliado natural, acess\u00edvel financeiramente e de preparo simples. A adapta\u00e7\u00e3o de receitas tradicionais com o uso do nabo roxo tamb\u00e9m facilita o acesso aos benef\u00edcios sem exigir grandes mudan\u00e7as alimentares.<\/p>\n\n\n\n<h2 class=\"wp-block-heading\">Nabo roxo \u00e9 uma escolha inteligente para o cotidiano alimentar<\/h2>\n\n\n\n<ul class=\"wp-block-list\">\n<li><strong>Contribui para funcionamento intestinal<\/strong>&nbsp;e fortalece a defesa do organismo.<\/li>\n\n\n\n<li><strong>Oferece antioxidantes naturais<\/strong>&nbsp;que auxiliam na prote\u00e7\u00e3o celular.<\/li>\n\n\n\n<li><strong>Apresenta formas variadas de preparo<\/strong>, tornando a alimenta\u00e7\u00e3o mais pr\u00e1tica e saud\u00e1vel.<\/li>\n<\/ul>\n","protected":false},"excerpt":{"rendered":"<p>O&nbsp;nabo roxo&nbsp;\u00e9 um vegetal que tem ganhado mais espa\u00e7o nas pesquisas sobre nutri\u00e7\u00e3o devido ao seu perfil nutricional e aos benef\u00edcios relacionados ao consumo no dia a dia. Este tub\u00e9rculo apresenta propriedades que auxiliam diferentes aspectos da sa\u00fade e pode ser facilmente incorporado \u00e0 rotina alimentar. O que torna o nabo roxo um alimento diferenciado [&hellip;]<\/p>\n","protected":false},"author":15,"featured_media":81868,"comment_status":"open","ping_status":"open","sticky":false,"template":"","format":"standard","meta":{"jnews-multi-image_gallery":[],"jnews_single_post":{"format":"standard"},"jnews_primary_category":[],"jnews_social_meta":[],"jnews_override_counter":[],"footnotes":""},"categories":[8819,1],"tags":[2904,711,3509,415],"class_list":["post-81865","post","type-post","status-publish","format-standard","has-post-thumbnail","hentry","category-curiosidades","category-noticias","tag-alimentacao","tag-bem-estar","tag-nutricao","tag-saude"],"yoast_head":"<!-- This site is optimized with the Yoast SEO plugin v23.8 - https:\/\/yoast.com\/wordpress\/plugins\/seo\/ -->\n<title>Por que incluir nabo roxo na alimenta\u00e7\u00e3o faz t\u00e3o bem \u00e0 sa\u00fade - Estado de Minas - Em foco<\/title>\n<meta name=\"description\" content=\"O nabo roxo \u00e9 rico em fibras, antioxidantes e vitamina C. Veja por que seu consumo regular pode melhorar a digest\u00e3o e a imunidade.\" \/>\n<meta name=\"robots\" content=\"index, follow, max-snippet:-1, max-image-preview:large, max-video-preview:-1\" \/>\n<link rel=\"canonical\" href=\"https:\/\/www.em.com.br\/emfoco\/2025\/07\/26\/por-que-incluir-nabo-roxo-na-alimentacao-faz-tao-bem-a-saude\/\" \/>\n<meta property=\"og:locale\" content=\"pt_BR\" \/>\n<meta property=\"og:type\" content=\"article\" \/>\n<meta property=\"og:title\" content=\"Por que incluir nabo roxo na alimenta\u00e7\u00e3o faz t\u00e3o bem \u00e0 sa\u00fade - Estado de Minas - Em foco\" \/>\n<meta property=\"og:description\" content=\"O nabo roxo \u00e9 rico em fibras, antioxidantes e vitamina C. Veja por que seu consumo regular pode melhorar a digest\u00e3o e a imunidade.\" \/>\n<meta property=\"og:url\" content=\"https:\/\/www.em.com.br\/emfoco\/2025\/07\/26\/por-que-incluir-nabo-roxo-na-alimentacao-faz-tao-bem-a-saude\/\" \/>\n<meta property=\"og:site_name\" content=\"Estado de Minas - Em foco\" \/>\n<meta property=\"article:published_time\" content=\"2025-07-26T15:38:02+00:00\" \/>\n<meta property=\"article:modified_time\" content=\"2025-07-26T12:30:06+00:00\" \/>\n<meta property=\"og:image\" content=\"https:\/\/www.em.com.br\/emfoco\/wp-content\/uploads\/2025\/07\/nabo-roxo_1753532860750.jpg\" \/>\n\t<meta property=\"og:image:width\" content=\"1280\" \/>\n\t<meta property=\"og:image:height\" content=\"720\" \/>\n\t<meta property=\"og:image:type\" content=\"image\/jpeg\" \/>\n<meta name=\"author\" content=\"Douglas Myth\" \/>\n<meta name=\"twitter:card\" content=\"summary_large_image\" \/>\n<meta name=\"twitter:label1\" content=\"Escrito por\" \/>\n\t<meta name=\"twitter:data1\" content=\"Douglas Myth\" \/>\n\t<meta name=\"twitter:label2\" content=\"Est. tempo de leitura\" \/>\n\t<meta name=\"twitter:data2\" content=\"4 minutos\" \/>\n<!-- \/ Yoast SEO plugin. -->","yoast_head_json":{"title":"Por que incluir nabo roxo na alimenta\u00e7\u00e3o faz t\u00e3o bem \u00e0 sa\u00fade - Estado de Minas - Em foco","description":"O nabo roxo \u00e9 rico em fibras, antioxidantes e vitamina C. Veja por que seu consumo regular pode melhorar a digest\u00e3o e a imunidade.","robots":{"index":"index","follow":"follow","max-snippet":"max-snippet:-1","max-image-preview":"max-image-preview:large","max-video-preview":"max-video-preview:-1"},"canonical":"https:\/\/www.em.com.br\/emfoco\/2025\/07\/26\/por-que-incluir-nabo-roxo-na-alimentacao-faz-tao-bem-a-saude\/","og_locale":"pt_BR","og_type":"article","og_title":"Por que incluir nabo roxo na alimenta\u00e7\u00e3o faz t\u00e3o bem \u00e0 sa\u00fade - Estado de Minas - Em foco","og_description":"O nabo roxo \u00e9 rico em fibras, antioxidantes e vitamina C. Veja por que seu consumo regular pode melhorar a digest\u00e3o e a imunidade.","og_url":"https:\/\/www.em.com.br\/emfoco\/2025\/07\/26\/por-que-incluir-nabo-roxo-na-alimentacao-faz-tao-bem-a-saude\/","og_site_name":"Estado de Minas - Em foco","article_published_time":"2025-07-26T15:38:02+00:00","article_modified_time":"2025-07-26T12:30:06+00:00","og_image":[{"width":1280,"height":720,"url":"https:\/\/www.em.com.br\/emfoco\/wp-content\/uploads\/2025\/07\/nabo-roxo_1753532860750.jpg","type":"image\/jpeg"}],"author":"Douglas Myth","twitter_card":"summary_large_image","twitter_misc":{"Escrito por":"Douglas Myth","Est. tempo de leitura":"4 minutos"},"schema":{"@context":"https:\/\/schema.org","@graph":[{"@type":"WebPage","@id":"https:\/\/www.em.com.br\/emfoco\/2025\/07\/26\/por-que-incluir-nabo-roxo-na-alimentacao-faz-tao-bem-a-saude\/","url":"https:\/\/www.em.com.br\/emfoco\/2025\/07\/26\/por-que-incluir-nabo-roxo-na-alimentacao-faz-tao-bem-a-saude\/","name":"Por que incluir nabo roxo na alimenta\u00e7\u00e3o faz t\u00e3o bem \u00e0 sa\u00fade - Estado de Minas - Em foco","isPartOf":{"@id":"https:\/\/www.em.com.br\/emfoco\/#website"},"primaryImageOfPage":{"@id":"https:\/\/www.em.com.br\/emfoco\/2025\/07\/26\/por-que-incluir-nabo-roxo-na-alimentacao-faz-tao-bem-a-saude\/#primaryimage"},"image":{"@id":"https:\/\/www.em.com.br\/emfoco\/2025\/07\/26\/por-que-incluir-nabo-roxo-na-alimentacao-faz-tao-bem-a-saude\/#primaryimage"},"thumbnailUrl":"https:\/\/www.em.com.br\/emfoco\/wp-content\/uploads\/2025\/07\/nabo-roxo_1753532860750.jpg","datePublished":"2025-07-26T15:38:02+00:00","dateModified":"2025-07-26T12:30:06+00:00","author":{"@id":"https:\/\/www.em.com.br\/emfoco\/#\/schema\/person\/bba594b7eebe9b9885fec3a5c7837089"},"description":"O nabo roxo \u00e9 rico em fibras, antioxidantes e vitamina C. Veja por que seu consumo regular pode melhorar a digest\u00e3o e a imunidade.","breadcrumb":{"@id":"https:\/\/www.em.com.br\/emfoco\/2025\/07\/26\/por-que-incluir-nabo-roxo-na-alimentacao-faz-tao-bem-a-saude\/#breadcrumb"},"inLanguage":"pt-BR","potentialAction":[{"@type":"ReadAction","target":["https:\/\/www.em.com.br\/emfoco\/2025\/07\/26\/por-que-incluir-nabo-roxo-na-alimentacao-faz-tao-bem-a-saude\/"]}]},{"@type":"ImageObject","inLanguage":"pt-BR","@id":"https:\/\/www.em.com.br\/emfoco\/2025\/07\/26\/por-que-incluir-nabo-roxo-na-alimentacao-faz-tao-bem-a-saude\/#primaryimage","url":"https:\/\/www.em.com.br\/emfoco\/wp-content\/uploads\/2025\/07\/nabo-roxo_1753532860750.jpg","contentUrl":"https:\/\/www.em.com.br\/emfoco\/wp-content\/uploads\/2025\/07\/nabo-roxo_1753532860750.jpg","width":1280,"height":720,"caption":"Nabo roxo - Cr\u00e9ditos: depositphotos.com \/ merc67"},{"@type":"BreadcrumbList","@id":"https:\/\/www.em.com.br\/emfoco\/2025\/07\/26\/por-que-incluir-nabo-roxo-na-alimentacao-faz-tao-bem-a-saude\/#breadcrumb","itemListElement":[{"@type":"ListItem","position":1,"name":"In\u00edcio","item":"https:\/\/www.em.com.br\/emfoco\/"},{"@type":"ListItem","position":2,"name":"Por que incluir nabo roxo na alimenta\u00e7\u00e3o faz t\u00e3o bem \u00e0 sa\u00fade"}]},{"@type":"WebSite","@id":"https:\/\/www.em.com.br\/emfoco\/#website","url":"https:\/\/www.em.com.br\/emfoco\/","name":"Estado de Minas - Em foco","description":"Acompanhe as \u00faltimas not\u00edcias e fique bem informado sobre tudo o que acontece em Minas Gerais, Brasil e no mundo.","potentialAction":[{"@type":"SearchAction","target":{"@type":"EntryPoint","urlTemplate":"https:\/\/www.em.com.br\/emfoco\/?s={search_term_string}"},"query-input":{"@type":"PropertyValueSpecification","valueRequired":true,"valueName":"search_term_string"}}],"inLanguage":"pt-BR"},{"@type":"Person","@id":"https:\/\/www.em.com.br\/emfoco\/#\/schema\/person\/bba594b7eebe9b9885fec3a5c7837089","name":"Douglas Myth","image":{"@type":"ImageObject","inLanguage":"pt-BR","@id":"https:\/\/www.em.com.br\/emfoco\/#\/schema\/person\/image\/","url":"https:\/\/secure.gravatar.com\/avatar\/1ac3cf50d0e68642c697dc0c960c802f?s=96&d=mm&r=g","contentUrl":"https:\/\/secure.gravatar.com\/avatar\/1ac3cf50d0e68642c697dc0c960c802f?s=96&d=mm&r=g","caption":"Douglas Myth"},"url":"https:\/\/www.em.com.br\/emfoco\/author\/douglasmyth\/"}]}},"_links":{"self":[{"href":"https:\/\/www.em.com.br\/emfoco\/wp-json\/wp\/v2\/posts\/81865","targetHints":{"allow":["GET"]}}],"collection":[{"href":"https:\/\/www.em.com.br\/emfoco\/wp-json\/wp\/v2\/posts"}],"about":[{"href":"https:\/\/www.em.com.br\/emfoco\/wp-json\/wp\/v2\/types\/post"}],"author":[{"embeddable":true,"href":"https:\/\/www.em.com.br\/emfoco\/wp-json\/wp\/v2\/users\/15"}],"replies":[{"embeddable":true,"href":"https:\/\/www.em.com.br\/emfoco\/wp-json\/wp\/v2\/comments?post=81865"}],"version-history":[{"count":3,"href":"https:\/\/www.em.com.br\/emfoco\/wp-json\/wp\/v2\/posts\/81865\/revisions"}],"predecessor-version":[{"id":81871,"href":"https:\/\/www.em.com.br\/emfoco\/wp-json\/wp\/v2\/posts\/81865\/revisions\/81871"}],"wp:featuredmedia":[{"embeddable":true,"href":"https:\/\/www.em.com.br\/emfoco\/wp-json\/wp\/v2\/media\/81868"}],"wp:attachment":[{"href":"https:\/\/www.em.com.br\/emfoco\/wp-json\/wp\/v2\/media?parent=81865"}],"wp:term":[{"taxonomy":"category","embeddable":true,"href":"https:\/\/www.em.com.br\/emfoco\/wp-json\/wp\/v2\/categories?post=81865"},{"taxonomy":"post_tag","embeddable":true,"href":"https:\/\/www.em.com.br\/emfoco\/wp-json\/wp\/v2\/tags?post=81865"}],"curies":[{"name":"wp","href":"https:\/\/api.w.org\/{rel}","templated":true}]}}