{"id":81789,"date":"2025-07-26T08:18:00","date_gmt":"2025-07-26T11:18:00","guid":{"rendered":"https:\/\/www.em.com.br\/emfoco\/?p=81789"},"modified":"2025-07-25T23:23:37","modified_gmt":"2025-07-26T02:23:37","slug":"caixa-finaliza-pagamentos-de-julho-na-proxima-semana","status":"publish","type":"post","link":"https:\/\/www.em.com.br\/emfoco\/2025\/07\/26\/caixa-finaliza-pagamentos-de-julho-na-proxima-semana\/","title":{"rendered":"Caixa finaliza pagamentos de julho na pr\u00f3xima semana"},"content":{"rendered":"\n<p>Os dep\u00f3sitos do<strong> <a href=\"https:\/\/www.em.com.br\/emfoco\/2025\/07\/24\/bolsa-familia-libera-novo-pagamento-para-nis-final-4\/\" target=\"_blank\" rel=\"noreferrer noopener\">Bolsa Fam\u00edlia<\/a><\/strong> referentes a agosto de 2025 j\u00e1 t\u00eam data marcada para come\u00e7ar. De acordo com o <strong>Minist\u00e9rio do Desenvolvimento e Assist\u00eancia Social<\/strong> (<a href=\"https:\/\/www.gov.br\/mds\/pt-br\" target=\"_blank\" rel=\"noreferrer noopener\">MDS<\/a>), os pagamentos iniciam no dia 18, seguindo o d\u00edgito final do <strong>NIS <\/strong>registrado no cart\u00e3o. As transfer\u00eancias ocorrem nos dez \u00faltimos dias \u00fateis de cada m\u00eas, com uma exce\u00e7\u00e3o em dezembro.<\/p>\n\n\n\n<p>A organiza\u00e7\u00e3o dos pagamentos \u00e9 fundamental para garantir o acesso eficiente dos benefici\u00e1rios. Dessa forma, o cronograma detalhado visa evitar transtornos, aglomera\u00e7\u00f5es e longas filas nas ag\u00eancias. Quem recebe o benef\u00edcio deve sempre ficar atento ao calend\u00e1rio oficial para acompanhar poss\u00edveis atualiza\u00e7\u00f5es ou altera\u00e7\u00f5es no cronograma habitual.<\/p>\n\n\n\n<h2 class=\"wp-block-heading\">Por que os pagamentos come\u00e7am no dia 18 de agosto?<\/h2>\n\n\n<div class=\"wp-block-image\">\n<figure class=\"aligncenter size-large\"><img loading=\"lazy\" decoding=\"async\" width=\"1024\" height=\"576\" src=\"https:\/\/www.em.com.br\/emfoco\/wp-content\/uploads\/2025\/06\/dinheiro-re_1748976514366-1024x576.jpg\" alt=\"Caixa paga Bolsa Fam\u00edlia a benefici\u00e1rios com NIS de final 3\" class=\"wp-image-55001\" srcset=\"https:\/\/www.em.com.br\/emfoco\/wp-content\/uploads\/2025\/06\/dinheiro-re_1748976514366-1024x576.jpg 1024w, https:\/\/www.em.com.br\/emfoco\/wp-content\/uploads\/2025\/06\/dinheiro-re_1748976514366-300x169.jpg 300w, https:\/\/www.em.com.br\/emfoco\/wp-content\/uploads\/2025\/06\/dinheiro-re_1748976514366-768x432.jpg 768w, https:\/\/www.em.com.br\/emfoco\/wp-content\/uploads\/2025\/06\/dinheiro-re_1748976514366-750x422.jpg 750w, https:\/\/www.em.com.br\/emfoco\/wp-content\/uploads\/2025\/06\/dinheiro-re_1748976514366-1140x641.jpg 1140w, https:\/\/www.em.com.br\/emfoco\/wp-content\/uploads\/2025\/06\/dinheiro-re_1748976514366.jpg 1280w\" sizes=\"auto, (max-width: 1024px) 100vw, 1024px\" \/><figcaption class=\"wp-element-caption\">Calend\u00e1rio de pagamento &#8211; Cr\u00e9ditos: depositphotos.com \/ vectorlab<\/figcaption><\/figure><\/div>\n\n\n<p>A escolha da <strong>data de in\u00edcio dos dep\u00f3sitos<\/strong> est\u00e1 estrategicamente alinhada com a estrutura financeira do programa, garantindo que todos os benefici\u00e1rios recebam dentro do m\u00eas vigente. Assim, poss\u00edveis atrasos s\u00e3o evitados, e a seguran\u00e7a alimentar das fam\u00edlias \u00e9 priorizada, especialmente em per\u00edodos de alta demanda.<\/p>\n\n\n\n<p>Al\u00e9m disso, a distribui\u00e7\u00e3o ao longo dos dias \u00fateis contribui para um fluxo mais controlado dos recursos nos sistemas banc\u00e1rios e oferece maior comodidade. O benefici\u00e1rio tem maior previsibilidade, podendo planejar melhor o uso do valor recebido para despesas priorit\u00e1rias, como alimenta\u00e7\u00e3o e moradia.<\/p>\n\n\n\n<h2 class=\"wp-block-heading\">Como funciona o escalonamento pelo d\u00edgito final do NIS?<\/h2>\n\n\n\n<p>O <strong>escalonamento<\/strong> atrav\u00e9s do d\u00edgito final do <strong>N\u00famero de Identifica\u00e7\u00e3o Social<\/strong> \u00e9 um m\u00e9todo para organizar os pagamentos e evitar aglomera\u00e7\u00f5es nas ag\u00eancias banc\u00e1rias. Cada n\u00famero final do <strong>NIS <\/strong>est\u00e1 associado a uma data espec\u00edfica de recebimento, o que facilita o gerenciamento e reduz a necessidade de deslocamentos desnecess\u00e1rios.<\/p>\n\n\n\n<p>Por exemplo, benefici\u00e1rios com <strong>NIS <\/strong>final 1 recebem no primeiro dia do cronograma, enquanto aqueles de final 0 s\u00e3o contemplados ao final do ciclo de pagamentos. Esta divis\u00e3o garante atendimento mais \u00e1gil e evita que todos procurem o servi\u00e7o banc\u00e1rio no mesmo dia, preservando a qualidade do servi\u00e7o.<\/p>\n\n\n\n<h2 class=\"wp-block-heading\">Como saber a data exata do meu dep\u00f3sito?<\/h2>\n\n\n\n<p>Para saber a data exata do seu dep\u00f3sito, deve-se observar o \u00faltimo d\u00edgito do <strong>NIS <\/strong>no cart\u00e3o. Al\u00e9m disso, \u00e9 crucial <strong>consultar o calend\u00e1rio oficial<\/strong> divulgado pelo Minist\u00e9rio mensalmente, que traz todas as datas organizadas por d\u00edgito.<\/p>\n\n\n\n<p>Os canais oficiais do governo, como o aplicativo <strong>Caixa Tem<\/strong> e o site do <strong>Minist\u00e9rio do Desenvolvimento Social<\/strong>, disponibilizam constantemente essas informa\u00e7\u00f5es. Ficar atento a comunicados oficiais \u00e9 fundamental para garantir o recebimento sem imprevistos ou atrasos.<\/p>\n\n\n\n<h2 class=\"wp-block-heading\">O que muda em dezembro?<\/h2>\n\n\n\n<p>Em dezembro, os <strong>pagamentos do Bolsa Fam\u00edlia<\/strong> s\u00e3o adiantados devido \u00e0s festividades natalinas. O assunto \u00e9 de alta relev\u00e2ncia para garantir que os benefici\u00e1rios tenham acesso ao recurso antes das festividades, podendo assim se organizar melhor nas compras de final de ano.<\/p>\n\n\n\n<p>Nesse m\u00eas, tradicionalmente, os dep\u00f3sitos ocorrem antes do dia 10. Essa medida especial beneficia milh\u00f5es de fam\u00edlias e permite um fim de ano mais tranquilo e com mais dignidade para todos os integrantes do programa.<\/p>\n\n\n\n<h2 class=\"wp-block-heading\">Entenda o calend\u00e1rio completo do Bolsa Fam\u00edlia<\/h2>\n\n\n\n<p>Para compreender integralmente o <strong>calend\u00e1rio de pagamentos<\/strong>, \u00e9 recomend\u00e1vel o acompanhamento cont\u00ednuo atrav\u00e9s dos canais oficiais, permitindo adequar as finan\u00e7as pessoais conforme os recebimentos mensais. Al\u00e9m disso, \u00e9 importante destacar que eventuais mudan\u00e7as costumam ser comunicadas com anteced\u00eancia.<\/p>\n\n\n\n<p>A programa\u00e7\u00e3o inclui n\u00e3o apenas agosto, mas todas as datas mensais, bem como outras informa\u00e7\u00f5es relevantes sobre o benef\u00edcio. Assim, os benefici\u00e1rios mant\u00eam-se atualizados e preparados para administrar melhor seus recursos ao longo do ano.<\/p>\n\n\n\n<h2 class=\"wp-block-heading\">Resumo dos principais pontos dos dep\u00f3sitos de agosto<\/h2>\n\n\n\n<p>Os <strong>pagamentos de agosto<\/strong> come\u00e7am no dia 18 e seguem o d\u00edgito final do <strong>NIS<\/strong>. O escalonamento dos dep\u00f3sitos continua sendo um dos pontos mais importantes para garantir que todos recebam de forma segura e organizada. Em caso de d\u00favida, \u00e9 aconselh\u00e1vel buscar informa\u00e7\u00f5es nas unidades do <strong>CRAS <\/strong>ou pelo telefone 111 da <strong><a href=\"https:\/\/www.caixa.gov.br\/\" target=\"_blank\" rel=\"noreferrer noopener\">Caixa Econ\u00f4mica Federal<\/a><\/strong>.<\/p>\n\n\n\n<p>A transfer\u00eancia efetua-se nos dez \u00faltimos dias \u00fateis de cada m\u00eas, com exce\u00e7\u00e3o do m\u00eas de dezembro, em que os pagamentos s\u00e3o antecipados, encerrando antes do dia 10. Mantenha seus dados atualizados e acompanhe as novidades para garantir seu benef\u00edcio sem comprometer o planejamento financeiro de sua fam\u00edlia.<\/p>\n","protected":false},"excerpt":{"rendered":"<p>Os dep\u00f3sitos do Bolsa Fam\u00edlia referentes a agosto de 2025 j\u00e1 t\u00eam data marcada para come\u00e7ar. De acordo com o Minist\u00e9rio do Desenvolvimento e Assist\u00eancia Social (MDS), os pagamentos iniciam no dia 18, seguindo o d\u00edgito final do NIS registrado no cart\u00e3o. As transfer\u00eancias ocorrem nos dez \u00faltimos dias \u00fateis de cada m\u00eas, com uma [&hellip;]<\/p>\n","protected":false},"author":20,"featured_media":67038,"comment_status":"open","ping_status":"open","sticky":false,"template":"","format":"standard","meta":{"jnews-multi-image_gallery":[],"jnews_single_post":{"format":"standard"},"jnews_primary_category":[],"jnews_social_meta":[],"jnews_override_counter":[],"footnotes":""},"categories":[28,1],"tags":[10743,209,1114,345],"class_list":["post-81789","post","type-post","status-publish","format-standard","has-post-thumbnail","hentry","category-economia","category-noticias","tag-agosto","tag-bolsa-familia","tag-mds","tag-nis"],"yoast_head":"<!-- This site is optimized with the Yoast SEO plugin v23.8 - https:\/\/yoast.com\/wordpress\/plugins\/seo\/ -->\n<title>Caixa finaliza pagamentos de julho na pr\u00f3xima semana - Estado de Minas - Em foco<\/title>\n<meta name=\"description\" content=\"Caixa conclui os \u00faltimos pagamentos de julho. Confira o calend\u00e1rio por final de NIS e saiba quando o \u00faltimo pagamento ser\u00e1 feito.\" \/>\n<meta name=\"robots\" content=\"index, follow, max-snippet:-1, max-image-preview:large, max-video-preview:-1\" \/>\n<link rel=\"canonical\" href=\"https:\/\/www.em.com.br\/emfoco\/2025\/07\/26\/caixa-finaliza-pagamentos-de-julho-na-proxima-semana\/\" \/>\n<meta property=\"og:locale\" content=\"pt_BR\" \/>\n<meta property=\"og:type\" content=\"article\" \/>\n<meta property=\"og:title\" content=\"Caixa finaliza pagamentos de julho na pr\u00f3xima semana - Estado de Minas - Em foco\" \/>\n<meta property=\"og:description\" content=\"Caixa conclui os \u00faltimos pagamentos de julho. Confira o calend\u00e1rio por final de NIS e saiba quando o \u00faltimo pagamento ser\u00e1 feito.\" \/>\n<meta property=\"og:url\" content=\"https:\/\/www.em.com.br\/emfoco\/2025\/07\/26\/caixa-finaliza-pagamentos-de-julho-na-proxima-semana\/\" \/>\n<meta property=\"og:site_name\" content=\"Estado de Minas - Em foco\" \/>\n<meta property=\"article:published_time\" content=\"2025-07-26T11:18:00+00:00\" \/>\n<meta property=\"article:modified_time\" content=\"2025-07-26T02:23:37+00:00\" \/>\n<meta property=\"og:image\" content=\"https:\/\/www.em.com.br\/emfoco\/wp-content\/uploads\/2025\/06\/beneficio-brasil_1750889248343.jpg\" \/>\n\t<meta property=\"og:image:width\" content=\"1280\" \/>\n\t<meta property=\"og:image:height\" content=\"720\" \/>\n\t<meta property=\"og:image:type\" content=\"image\/jpeg\" \/>\n<meta name=\"author\" content=\"Ingrid Diniz\" \/>\n<meta name=\"twitter:card\" content=\"summary_large_image\" \/>\n<meta name=\"twitter:label1\" content=\"Escrito por\" \/>\n\t<meta name=\"twitter:data1\" content=\"Ingrid Diniz\" \/>\n\t<meta name=\"twitter:label2\" content=\"Est. tempo de leitura\" \/>\n\t<meta name=\"twitter:data2\" content=\"5 minutos\" \/>\n<!-- \/ Yoast SEO plugin. -->","yoast_head_json":{"title":"Caixa finaliza pagamentos de julho na pr\u00f3xima semana - Estado de Minas - Em foco","description":"Caixa conclui os \u00faltimos pagamentos de julho. Confira o calend\u00e1rio por final de NIS e saiba quando o \u00faltimo pagamento ser\u00e1 feito.","robots":{"index":"index","follow":"follow","max-snippet":"max-snippet:-1","max-image-preview":"max-image-preview:large","max-video-preview":"max-video-preview:-1"},"canonical":"https:\/\/www.em.com.br\/emfoco\/2025\/07\/26\/caixa-finaliza-pagamentos-de-julho-na-proxima-semana\/","og_locale":"pt_BR","og_type":"article","og_title":"Caixa finaliza pagamentos de julho na pr\u00f3xima semana - Estado de Minas - Em foco","og_description":"Caixa conclui os \u00faltimos pagamentos de julho. Confira o calend\u00e1rio por final de NIS e saiba quando o \u00faltimo pagamento ser\u00e1 feito.","og_url":"https:\/\/www.em.com.br\/emfoco\/2025\/07\/26\/caixa-finaliza-pagamentos-de-julho-na-proxima-semana\/","og_site_name":"Estado de Minas - Em foco","article_published_time":"2025-07-26T11:18:00+00:00","article_modified_time":"2025-07-26T02:23:37+00:00","og_image":[{"width":1280,"height":720,"url":"https:\/\/www.em.com.br\/emfoco\/wp-content\/uploads\/2025\/06\/beneficio-brasil_1750889248343.jpg","type":"image\/jpeg"}],"author":"Ingrid Diniz","twitter_card":"summary_large_image","twitter_misc":{"Escrito por":"Ingrid Diniz","Est. tempo de leitura":"5 minutos"},"schema":{"@context":"https:\/\/schema.org","@graph":[{"@type":"WebPage","@id":"https:\/\/www.em.com.br\/emfoco\/2025\/07\/26\/caixa-finaliza-pagamentos-de-julho-na-proxima-semana\/","url":"https:\/\/www.em.com.br\/emfoco\/2025\/07\/26\/caixa-finaliza-pagamentos-de-julho-na-proxima-semana\/","name":"Caixa finaliza pagamentos de julho na pr\u00f3xima semana - Estado de Minas - Em foco","isPartOf":{"@id":"https:\/\/www.em.com.br\/emfoco\/#website"},"primaryImageOfPage":{"@id":"https:\/\/www.em.com.br\/emfoco\/2025\/07\/26\/caixa-finaliza-pagamentos-de-julho-na-proxima-semana\/#primaryimage"},"image":{"@id":"https:\/\/www.em.com.br\/emfoco\/2025\/07\/26\/caixa-finaliza-pagamentos-de-julho-na-proxima-semana\/#primaryimage"},"thumbnailUrl":"https:\/\/www.em.com.br\/emfoco\/wp-content\/uploads\/2025\/06\/beneficio-brasil_1750889248343.jpg","datePublished":"2025-07-26T11:18:00+00:00","dateModified":"2025-07-26T02:23:37+00:00","author":{"@id":"https:\/\/www.em.com.br\/emfoco\/#\/schema\/person\/649e610b4eb8fff87ff394e54fe17b2b"},"description":"Caixa conclui os \u00faltimos pagamentos de julho. Confira o calend\u00e1rio por final de NIS e saiba quando o \u00faltimo pagamento ser\u00e1 feito.","breadcrumb":{"@id":"https:\/\/www.em.com.br\/emfoco\/2025\/07\/26\/caixa-finaliza-pagamentos-de-julho-na-proxima-semana\/#breadcrumb"},"inLanguage":"pt-BR","potentialAction":[{"@type":"ReadAction","target":["https:\/\/www.em.com.br\/emfoco\/2025\/07\/26\/caixa-finaliza-pagamentos-de-julho-na-proxima-semana\/"]}]},{"@type":"ImageObject","inLanguage":"pt-BR","@id":"https:\/\/www.em.com.br\/emfoco\/2025\/07\/26\/caixa-finaliza-pagamentos-de-julho-na-proxima-semana\/#primaryimage","url":"https:\/\/www.em.com.br\/emfoco\/wp-content\/uploads\/2025\/06\/beneficio-brasil_1750889248343.jpg","contentUrl":"https:\/\/www.em.com.br\/emfoco\/wp-content\/uploads\/2025\/06\/beneficio-brasil_1750889248343.jpg","width":1280,"height":720,"caption":"Resolva problemas no Caixa Tem rapidamente - Cr\u00e9ditos: depositphotos.com \/ rafapress"},{"@type":"BreadcrumbList","@id":"https:\/\/www.em.com.br\/emfoco\/2025\/07\/26\/caixa-finaliza-pagamentos-de-julho-na-proxima-semana\/#breadcrumb","itemListElement":[{"@type":"ListItem","position":1,"name":"In\u00edcio","item":"https:\/\/www.em.com.br\/emfoco\/"},{"@type":"ListItem","position":2,"name":"Caixa finaliza pagamentos de julho na pr\u00f3xima semana"}]},{"@type":"WebSite","@id":"https:\/\/www.em.com.br\/emfoco\/#website","url":"https:\/\/www.em.com.br\/emfoco\/","name":"Estado de Minas - Em foco","description":"Acompanhe as \u00faltimas not\u00edcias e fique bem informado sobre tudo o que acontece em Minas Gerais, Brasil e no mundo.","potentialAction":[{"@type":"SearchAction","target":{"@type":"EntryPoint","urlTemplate":"https:\/\/www.em.com.br\/emfoco\/?s={search_term_string}"},"query-input":{"@type":"PropertyValueSpecification","valueRequired":true,"valueName":"search_term_string"}}],"inLanguage":"pt-BR"},{"@type":"Person","@id":"https:\/\/www.em.com.br\/emfoco\/#\/schema\/person\/649e610b4eb8fff87ff394e54fe17b2b","name":"Ingrid Diniz","image":{"@type":"ImageObject","inLanguage":"pt-BR","@id":"https:\/\/www.em.com.br\/emfoco\/#\/schema\/person\/image\/","url":"https:\/\/secure.gravatar.com\/avatar\/a3baa1449ec5c39b4c42babc9d4f3951?s=96&d=mm&r=g","contentUrl":"https:\/\/secure.gravatar.com\/avatar\/a3baa1449ec5c39b4c42babc9d4f3951?s=96&d=mm&r=g","caption":"Ingrid Diniz"},"sameAs":["https:\/\/www.em.com.br\/"],"url":"https:\/\/www.em.com.br\/emfoco\/author\/ingridmyth\/"}]}},"_links":{"self":[{"href":"https:\/\/www.em.com.br\/emfoco\/wp-json\/wp\/v2\/posts\/81789","targetHints":{"allow":["GET"]}}],"collection":[{"href":"https:\/\/www.em.com.br\/emfoco\/wp-json\/wp\/v2\/posts"}],"about":[{"href":"https:\/\/www.em.com.br\/emfoco\/wp-json\/wp\/v2\/types\/post"}],"author":[{"embeddable":true,"href":"https:\/\/www.em.com.br\/emfoco\/wp-json\/wp\/v2\/users\/20"}],"replies":[{"embeddable":true,"href":"https:\/\/www.em.com.br\/emfoco\/wp-json\/wp\/v2\/comments?post=81789"}],"version-history":[{"count":1,"href":"https:\/\/www.em.com.br\/emfoco\/wp-json\/wp\/v2\/posts\/81789\/revisions"}],"predecessor-version":[{"id":81799,"href":"https:\/\/www.em.com.br\/emfoco\/wp-json\/wp\/v2\/posts\/81789\/revisions\/81799"}],"wp:featuredmedia":[{"embeddable":true,"href":"https:\/\/www.em.com.br\/emfoco\/wp-json\/wp\/v2\/media\/67038"}],"wp:attachment":[{"href":"https:\/\/www.em.com.br\/emfoco\/wp-json\/wp\/v2\/media?parent=81789"}],"wp:term":[{"taxonomy":"category","embeddable":true,"href":"https:\/\/www.em.com.br\/emfoco\/wp-json\/wp\/v2\/categories?post=81789"},{"taxonomy":"post_tag","embeddable":true,"href":"https:\/\/www.em.com.br\/emfoco\/wp-json\/wp\/v2\/tags?post=81789"}],"curies":[{"name":"wp","href":"https:\/\/api.w.org\/{rel}","templated":true}]}}