{"id":81503,"date":"2025-07-27T18:48:00","date_gmt":"2025-07-27T21:48:00","guid":{"rendered":"https:\/\/www.em.com.br\/emfoco\/?p=81503"},"modified":"2025-07-25T13:56:42","modified_gmt":"2025-07-25T16:56:42","slug":"a-cena-pos-creditos-revela-o-vilao-mais-temido-do-universo-marvel","status":"publish","type":"post","link":"https:\/\/www.em.com.br\/emfoco\/2025\/07\/27\/a-cena-pos-creditos-revela-o-vilao-mais-temido-do-universo-marvel\/","title":{"rendered":"A cena p\u00f3s-cr\u00e9ditos revela o vil\u00e3o mais temido do universo Marvel"},"content":{"rendered":"\n<p>A estreia de\u00a0<strong><a href=\"https:\/\/www.adorocinema.com\/filmes\/filme-226116\/\" target=\"_blank\" rel=\"noreferrer noopener\">Quarteto Fant\u00e1sticos: Primeiros Passos<\/a><\/strong>, programada para o pr\u00f3ximo dia\u00a0<strong>25 de julho<\/strong>, marca o in\u00edcio de uma nova etapa na\u00a0<strong>Fase 6 do MCU<\/strong>. Este filme promete trazer inova\u00e7\u00f5es na narrativa dos super-her\u00f3is da\u00a0<strong><a href=\"https:\/\/www.em.com.br\/emfoco\/2025\/07\/24\/o-filme-de-super-herois-mais-aguardado-da-marvel-ja-esta-nos-cinemas\/\" target=\"_blank\" rel=\"noreferrer noopener\">Marvel<\/a><\/strong>. A seguir, exploramos como essa hist\u00f3ria se conecta com\u00a0<strong>Avengers: Doomsday<\/strong>.<\/p>\n\n\n\n<ul class=\"wp-block-list\">\n<li>A introdu\u00e7\u00e3o do vil\u00e3o\u00a0<strong>Doutor Doom<\/strong>\u00a0no\u00a0<strong>MCU<\/strong>.<\/li>\n\n\n\n<li>Refer\u00eancias a personagens j\u00e1 estabelecidos e a novos\u00a0<strong>X-Men<\/strong>.<\/li>\n\n\n\n<li>Refer\u00eancias e cenas p\u00f3s-cr\u00e9ditos que preparam o terreno para os pr\u00f3ximos filmes.<\/li>\n<\/ul>\n\n\n\n<h2 class=\"wp-block-heading\">Como \u00e9 feita a introdu\u00e7\u00e3o de Doutor Doom em Os 4 Fant\u00e1sticos: Primeiros Passos?<\/h2>\n\n\n\n<p>Em\u00a0<strong><strong>Quarteto Fant\u00e1sticos: Primeiros Passos<\/strong><\/strong>, h\u00e1 uma refer\u00eancia inicial a\u00a0<strong>Doutor Doom<\/strong>\u00a0em uma cena em que\u00a0<strong>Sue Storm<\/strong>\u00a0faz um discurso na\u00a0<strong>ONU<\/strong>. \u00c9 poss\u00edvel notar uma cadeira vazia no posto de\u00a0<strong>Latveria<\/strong>, na\u00e7\u00e3o governada por\u00a0<em>Victor Von Doom<\/em>.<\/p>\n\n\n\n<h2 class=\"wp-block-heading\">O que revela a cena p\u00f3s-cr\u00e9ditos e quais s\u00e3o suas implica\u00e7\u00f5es?<\/h2>\n\n\n\n<p>A primeira cena p\u00f3s-cr\u00e9ditos mostra&nbsp;<strong>Sue Storm<\/strong>&nbsp;descobrindo&nbsp;<strong>Franklin<\/strong>&nbsp;ao lado de uma figura encapuzada. Essa silhueta pertence a&nbsp;<strong>Doutor Doom<\/strong>, sugerindo que suas inten\u00e7\u00f5es podem estar relacionadas \u00e0 obten\u00e7\u00e3o dos poderes do jovem Franklin.<\/p>\n\n\n\n<figure class=\"wp-block-image\"><img decoding=\"async\" src=\"https:\/\/www.em.com.br\/emfoco\/wp-content\/uploads\/2025\/03\/quarteto_fantastico_2025-1024x576.jpg\" alt=\"\"\/><figcaption class=\"wp-element-caption\">Quarteto Fant\u00e1stico: Primeiros Passos &#8211; Cr\u00e9ditos: Divulga\u00e7\u00e3o\/Marvel<\/figcaption><\/figure>\n\n\n\n<p><strong>Dica Curiosa:<\/strong>&nbsp;A escolha de&nbsp;<strong>Robert Downey Jr.<\/strong>&nbsp;para interpretar&nbsp;<strong>Doutor Doom<\/strong>&nbsp;vem gerando grande expectativa entre os f\u00e3s, movimentando as discuss\u00f5es nas redes sociais.<\/p>\n\n\n\n<h2 class=\"wp-block-heading\">Quem se une em Avengers: Doomsday?<\/h2>\n\n\n\n<p><strong>Avengers: Doomsday<\/strong>&nbsp;reunir\u00e1 diversos her\u00f3is da&nbsp;<strong>Fase 6<\/strong>, al\u00e9m dos novos&nbsp;<strong>X-Men<\/strong>. Juntos, esses personagens enfrentar\u00e3o o imponente Doutor Doom, que j\u00e1 deixou sua marca nos quadrinhos da&nbsp;<strong>Marvel<\/strong>.<\/p>\n\n\n\n<h2 class=\"wp-block-heading\">Quais s\u00e3o as expectativas para o futuro do MCU?<\/h2>\n\n\n\n<ul class=\"wp-block-list\">\n<li>A possibilidade de alian\u00e7a e rivalidade entre\u00a0<strong><strong>Quarteto Fant\u00e1sticos: Primeiros Passos<\/strong><\/strong>\u00a0e os Avengers.<\/li>\n\n\n\n<li>O papel crucial do Doutor Doom e suas motiva\u00e7\u00f5es.<\/li>\n\n\n\n<li>A cont\u00ednua expans\u00e3o do elenco de her\u00f3is e vil\u00f5es.<\/li>\n<\/ul>\n\n\n\n<p>O que voc\u00ea gostaria de ver no futuro do&nbsp;<strong>MCU<\/strong>&nbsp;com&nbsp;<strong>Doutor Doom<\/strong>&nbsp;como vil\u00e3o central? Compartilhe sua opini\u00e3o nos coment\u00e1rios!<\/p>\n\n\n\n<h2 class=\"wp-block-heading\">Quais s\u00e3o os aprendizados e como fica o olhar para o futuro do MCU?<\/h2>\n\n\n\n<ul class=\"wp-block-list\">\n<li>A import\u00e2ncia das refer\u00eancias e conex\u00f5es entre os filmes no MCU.<\/li>\n\n\n\n<li>Doutor Doom como um vil\u00e3o ic\u00f4nico que promete elevar o n\u00edvel da narrativa.<\/li>\n\n\n\n<li>A integra\u00e7\u00e3o dos personagens e a cria\u00e7\u00e3o de um universo cada vez mais coeso.<\/li>\n<\/ul>\n\n\n\n<p>Para mais novidades sobre o&nbsp;<strong>MCU<\/strong>&nbsp;e outros universos de quadrinhos, inscreva-se em nosso canal do&nbsp;<strong>YouTube<\/strong>. N\u00e3o deixe de nos seguir tamb\u00e9m no&nbsp;<strong>TikTok<\/strong>&nbsp;para conte\u00fados ainda mais din\u00e2micos!<\/p>\n","protected":false},"excerpt":{"rendered":"<p>A estreia de\u00a0Quarteto Fant\u00e1sticos: Primeiros Passos, programada para o pr\u00f3ximo dia\u00a025 de julho, marca o in\u00edcio de uma nova etapa na\u00a0Fase 6 do MCU. Este filme promete trazer inova\u00e7\u00f5es na narrativa dos super-her\u00f3is da\u00a0Marvel. A seguir, exploramos como essa hist\u00f3ria se conecta com\u00a0Avengers: Doomsday. Como \u00e9 feita a introdu\u00e7\u00e3o de Doutor Doom em Os 4 [&hellip;]<\/p>\n","protected":false},"author":11,"featured_media":71426,"comment_status":"open","ping_status":"open","sticky":false,"template":"","format":"standard","meta":{"jnews-multi-image_gallery":[],"jnews_single_post":{"format":"standard"},"jnews_primary_category":[],"jnews_social_meta":[],"jnews_override_counter":[],"footnotes":""},"categories":[137,1],"tags":[12881,637,999,12882],"class_list":["post-81503","post","type-post","status-publish","format-standard","has-post-thumbnail","hentry","category-filmes","category-noticias","tag-avengers-doomsday","tag-cinema","tag-marvel","tag-quarteto-fantasticos-primeiros-passos"],"yoast_head":"<!-- This site is optimized with the Yoast SEO plugin v23.8 - https:\/\/yoast.com\/wordpress\/plugins\/seo\/ -->\n<title>A cena p\u00f3s-cr\u00e9ditos revela o vil\u00e3o mais temido do universo Marvel - Estado de Minas - Em foco<\/title>\n<meta name=\"description\" content=\"A nova fase da Marvel come\u00e7a com a estreia de Quarteto Fant\u00e1sticos: Primeiros Passos e a chegada do temido Doutor Doom.\" \/>\n<meta name=\"robots\" content=\"index, follow, max-snippet:-1, max-image-preview:large, max-video-preview:-1\" \/>\n<link rel=\"canonical\" href=\"https:\/\/www.em.com.br\/emfoco\/2025\/07\/27\/a-cena-pos-creditos-revela-o-vilao-mais-temido-do-universo-marvel\/\" \/>\n<meta property=\"og:locale\" content=\"pt_BR\" \/>\n<meta property=\"og:type\" content=\"article\" \/>\n<meta property=\"og:title\" content=\"A cena p\u00f3s-cr\u00e9ditos revela o vil\u00e3o mais temido do universo Marvel - Estado de Minas - Em foco\" \/>\n<meta property=\"og:description\" content=\"A nova fase da Marvel come\u00e7a com a estreia de Quarteto Fant\u00e1sticos: Primeiros Passos e a chegada do temido Doutor Doom.\" \/>\n<meta property=\"og:url\" content=\"https:\/\/www.em.com.br\/emfoco\/2025\/07\/27\/a-cena-pos-creditos-revela-o-vilao-mais-temido-do-universo-marvel\/\" \/>\n<meta property=\"og:site_name\" content=\"Estado de Minas - Em foco\" \/>\n<meta property=\"article:published_time\" content=\"2025-07-27T21:48:00+00:00\" \/>\n<meta property=\"article:modified_time\" content=\"2025-07-25T16:56:42+00:00\" \/>\n<meta property=\"og:image\" content=\"https:\/\/www.em.com.br\/emfoco\/wp-content\/uploads\/2025\/07\/mulher-juntas-no-cinema_1751647455984.jpg\" \/>\n\t<meta property=\"og:image:width\" content=\"1280\" \/>\n\t<meta property=\"og:image:height\" content=\"720\" \/>\n\t<meta property=\"og:image:type\" content=\"image\/jpeg\" \/>\n<meta name=\"author\" content=\"Andre\u0301 Rangel\u00a0\" \/>\n<meta name=\"twitter:card\" content=\"summary_large_image\" \/>\n<meta name=\"twitter:label1\" content=\"Escrito por\" \/>\n\t<meta name=\"twitter:data1\" content=\"Andre\u0301 Rangel\u00a0\" \/>\n\t<meta name=\"twitter:label2\" content=\"Est. tempo de leitura\" \/>\n\t<meta name=\"twitter:data2\" content=\"3 minutos\" \/>\n<!-- \/ Yoast SEO plugin. -->","yoast_head_json":{"title":"A cena p\u00f3s-cr\u00e9ditos revela o vil\u00e3o mais temido do universo Marvel - Estado de Minas - Em foco","description":"A nova fase da Marvel come\u00e7a com a estreia de Quarteto Fant\u00e1sticos: Primeiros Passos e a chegada do temido Doutor Doom.","robots":{"index":"index","follow":"follow","max-snippet":"max-snippet:-1","max-image-preview":"max-image-preview:large","max-video-preview":"max-video-preview:-1"},"canonical":"https:\/\/www.em.com.br\/emfoco\/2025\/07\/27\/a-cena-pos-creditos-revela-o-vilao-mais-temido-do-universo-marvel\/","og_locale":"pt_BR","og_type":"article","og_title":"A cena p\u00f3s-cr\u00e9ditos revela o vil\u00e3o mais temido do universo Marvel - Estado de Minas - Em foco","og_description":"A nova fase da Marvel come\u00e7a com a estreia de Quarteto Fant\u00e1sticos: Primeiros Passos e a chegada do temido Doutor Doom.","og_url":"https:\/\/www.em.com.br\/emfoco\/2025\/07\/27\/a-cena-pos-creditos-revela-o-vilao-mais-temido-do-universo-marvel\/","og_site_name":"Estado de Minas - Em foco","article_published_time":"2025-07-27T21:48:00+00:00","article_modified_time":"2025-07-25T16:56:42+00:00","og_image":[{"width":1280,"height":720,"url":"https:\/\/www.em.com.br\/emfoco\/wp-content\/uploads\/2025\/07\/mulher-juntas-no-cinema_1751647455984.jpg","type":"image\/jpeg"}],"author":"Andre\u0301 Rangel\u00a0","twitter_card":"summary_large_image","twitter_misc":{"Escrito por":"Andre\u0301 Rangel\u00a0","Est. tempo de leitura":"3 minutos"},"schema":{"@context":"https:\/\/schema.org","@graph":[{"@type":"WebPage","@id":"https:\/\/www.em.com.br\/emfoco\/2025\/07\/27\/a-cena-pos-creditos-revela-o-vilao-mais-temido-do-universo-marvel\/","url":"https:\/\/www.em.com.br\/emfoco\/2025\/07\/27\/a-cena-pos-creditos-revela-o-vilao-mais-temido-do-universo-marvel\/","name":"A cena p\u00f3s-cr\u00e9ditos revela o vil\u00e3o mais temido do universo Marvel - Estado de Minas - Em foco","isPartOf":{"@id":"https:\/\/www.em.com.br\/emfoco\/#website"},"primaryImageOfPage":{"@id":"https:\/\/www.em.com.br\/emfoco\/2025\/07\/27\/a-cena-pos-creditos-revela-o-vilao-mais-temido-do-universo-marvel\/#primaryimage"},"image":{"@id":"https:\/\/www.em.com.br\/emfoco\/2025\/07\/27\/a-cena-pos-creditos-revela-o-vilao-mais-temido-do-universo-marvel\/#primaryimage"},"thumbnailUrl":"https:\/\/www.em.com.br\/emfoco\/wp-content\/uploads\/2025\/07\/mulher-juntas-no-cinema_1751647455984.jpg","datePublished":"2025-07-27T21:48:00+00:00","dateModified":"2025-07-25T16:56:42+00:00","author":{"@id":"https:\/\/www.em.com.br\/emfoco\/#\/schema\/person\/60eda09c1fedf0d6891f4cef4b60b8b8"},"description":"A nova fase da Marvel come\u00e7a com a estreia de Quarteto Fant\u00e1sticos: Primeiros Passos e a chegada do temido Doutor Doom.","breadcrumb":{"@id":"https:\/\/www.em.com.br\/emfoco\/2025\/07\/27\/a-cena-pos-creditos-revela-o-vilao-mais-temido-do-universo-marvel\/#breadcrumb"},"inLanguage":"pt-BR","potentialAction":[{"@type":"ReadAction","target":["https:\/\/www.em.com.br\/emfoco\/2025\/07\/27\/a-cena-pos-creditos-revela-o-vilao-mais-temido-do-universo-marvel\/"]}]},{"@type":"ImageObject","inLanguage":"pt-BR","@id":"https:\/\/www.em.com.br\/emfoco\/2025\/07\/27\/a-cena-pos-creditos-revela-o-vilao-mais-temido-do-universo-marvel\/#primaryimage","url":"https:\/\/www.em.com.br\/emfoco\/wp-content\/uploads\/2025\/07\/mulher-juntas-no-cinema_1751647455984.jpg","contentUrl":"https:\/\/www.em.com.br\/emfoco\/wp-content\/uploads\/2025\/07\/mulher-juntas-no-cinema_1751647455984.jpg","width":1280,"height":720,"caption":"Mulheres juntas no cinema - Cr\u00e9ditos: depositphotos.com \/ AllaSerebrina"},{"@type":"BreadcrumbList","@id":"https:\/\/www.em.com.br\/emfoco\/2025\/07\/27\/a-cena-pos-creditos-revela-o-vilao-mais-temido-do-universo-marvel\/#breadcrumb","itemListElement":[{"@type":"ListItem","position":1,"name":"In\u00edcio","item":"https:\/\/www.em.com.br\/emfoco\/"},{"@type":"ListItem","position":2,"name":"A cena p\u00f3s-cr\u00e9ditos revela o vil\u00e3o mais temido do universo Marvel"}]},{"@type":"WebSite","@id":"https:\/\/www.em.com.br\/emfoco\/#website","url":"https:\/\/www.em.com.br\/emfoco\/","name":"Estado de Minas - Em foco","description":"Acompanhe as \u00faltimas not\u00edcias e fique bem informado sobre tudo o que acontece em Minas Gerais, Brasil e no mundo.","potentialAction":[{"@type":"SearchAction","target":{"@type":"EntryPoint","urlTemplate":"https:\/\/www.em.com.br\/emfoco\/?s={search_term_string}"},"query-input":{"@type":"PropertyValueSpecification","valueRequired":true,"valueName":"search_term_string"}}],"inLanguage":"pt-BR"},{"@type":"Person","@id":"https:\/\/www.em.com.br\/emfoco\/#\/schema\/person\/60eda09c1fedf0d6891f4cef4b60b8b8","name":"Andre\u0301 Rangel\u00a0","image":{"@type":"ImageObject","inLanguage":"pt-BR","@id":"https:\/\/www.em.com.br\/emfoco\/#\/schema\/person\/image\/","url":"https:\/\/secure.gravatar.com\/avatar\/6234dc814c77c8ef6d8bba622c787efc?s=96&d=mm&r=g","contentUrl":"https:\/\/secure.gravatar.com\/avatar\/6234dc814c77c8ef6d8bba622c787efc?s=96&d=mm&r=g","caption":"Andre\u0301 Rangel\u00a0"},"url":"https:\/\/www.em.com.br\/emfoco\/author\/luizmyth\/"}]}},"_links":{"self":[{"href":"https:\/\/www.em.com.br\/emfoco\/wp-json\/wp\/v2\/posts\/81503","targetHints":{"allow":["GET"]}}],"collection":[{"href":"https:\/\/www.em.com.br\/emfoco\/wp-json\/wp\/v2\/posts"}],"about":[{"href":"https:\/\/www.em.com.br\/emfoco\/wp-json\/wp\/v2\/types\/post"}],"author":[{"embeddable":true,"href":"https:\/\/www.em.com.br\/emfoco\/wp-json\/wp\/v2\/users\/11"}],"replies":[{"embeddable":true,"href":"https:\/\/www.em.com.br\/emfoco\/wp-json\/wp\/v2\/comments?post=81503"}],"version-history":[{"count":3,"href":"https:\/\/www.em.com.br\/emfoco\/wp-json\/wp\/v2\/posts\/81503\/revisions"}],"predecessor-version":[{"id":81578,"href":"https:\/\/www.em.com.br\/emfoco\/wp-json\/wp\/v2\/posts\/81503\/revisions\/81578"}],"wp:featuredmedia":[{"embeddable":true,"href":"https:\/\/www.em.com.br\/emfoco\/wp-json\/wp\/v2\/media\/71426"}],"wp:attachment":[{"href":"https:\/\/www.em.com.br\/emfoco\/wp-json\/wp\/v2\/media?parent=81503"}],"wp:term":[{"taxonomy":"category","embeddable":true,"href":"https:\/\/www.em.com.br\/emfoco\/wp-json\/wp\/v2\/categories?post=81503"},{"taxonomy":"post_tag","embeddable":true,"href":"https:\/\/www.em.com.br\/emfoco\/wp-json\/wp\/v2\/tags?post=81503"}],"curies":[{"name":"wp","href":"https:\/\/api.w.org\/{rel}","templated":true}]}}