{"id":81461,"date":"2025-07-28T17:28:00","date_gmt":"2025-07-28T20:28:00","guid":{"rendered":"https:\/\/www.em.com.br\/emfoco\/?p=81461"},"modified":"2025-07-26T19:49:25","modified_gmt":"2025-07-26T22:49:25","slug":"as-5-melhores-plantas-que-atraem-abelhas-e-aumentam-a-polinizacao-natural","status":"publish","type":"post","link":"https:\/\/www.em.com.br\/emfoco\/2025\/07\/28\/as-5-melhores-plantas-que-atraem-abelhas-e-aumentam-a-polinizacao-natural\/","title":{"rendered":"As 3 melhores plantas que atraem abelhas e aumentam a poliniza\u00e7\u00e3o natural"},"content":{"rendered":"\n<p>Quer otimizar a poliniza\u00e7\u00e3o da sua horta de forma natural? Alguns tipos de <strong>plantas<\/strong> s\u00e3o especialistas em atrair abelhas, fundamentais para esse processo. Neste artigo, vamos explorar como integrar essas plantas \u00e0 sua horta pode trazer in\u00fameros benef\u00edcios.<\/p>\n\n\n\n<ul class=\"wp-block-list\">\n<li>Plantas que as abelhas amam<\/li>\n\n\n\n<li>Benef\u00edcios da poliniza\u00e7\u00e3o natural<\/li>\n\n\n\n<li>Dicas para cultivar essas plantas em casa<\/li>\n<\/ul>\n\n\n\n<h2 class=\"wp-block-heading\">Quais s\u00e3o as plantas que as abelhas adoram?<\/h2>\n\n\n\n<p>Certas <strong>flores silvestres<\/strong> s\u00e3o especialmente eficazes em atrair abelhas. Elas oferecem n\u00e3o apenas n\u00e9ctar, mas tamb\u00e9m ambientes seguros para repouso. Plantas como <strong>alfazema<\/strong>, <strong>alecrim<\/strong> e <a href=\"https:\/\/www.em.com.br\/emfoco\/2025\/05\/13\/os-principais-cuidados-para-seu-girassol-florir-mais-rapido\/\" target=\"_blank\" rel=\"noreferrer noopener\"><strong>girassol <\/strong><\/a>s\u00e3o conhecidas por sua capacidade de chamar a aten\u00e7\u00e3o desses polinizadores naturais.<\/p>\n\n\n\n<p>O uso destas plantas em combina\u00e7\u00e3o pode criar um ambiente vibrante e variado para as abelhas, maximizando suas visitas e otimizando a <strong>poliniza\u00e7\u00e3o<\/strong>. Elas n\u00e3o apenas contribuem para a sa\u00fade das abelhas, mas tamb\u00e9m melhoram a est\u00e9tica de qualquer horta.<\/p>\n\n\n\n<figure class=\"wp-block-image size-large\"><img loading=\"lazy\" decoding=\"async\" width=\"1024\" height=\"576\" src=\"https:\/\/www.em.com.br\/emfoco\/wp-content\/uploads\/2025\/05\/sunflower_1747859080954-1024x576.jpg\" alt=\"Conhe\u00e7a o segredo por tr\u00e1s do cultivo de girass\u00f3is e transforme seu quintal\" class=\"wp-image-49845\" srcset=\"https:\/\/www.em.com.br\/emfoco\/wp-content\/uploads\/2025\/05\/sunflower_1747859080954-1024x576.jpg 1024w, https:\/\/www.em.com.br\/emfoco\/wp-content\/uploads\/2025\/05\/sunflower_1747859080954-300x169.jpg 300w, https:\/\/www.em.com.br\/emfoco\/wp-content\/uploads\/2025\/05\/sunflower_1747859080954-768x432.jpg 768w, https:\/\/www.em.com.br\/emfoco\/wp-content\/uploads\/2025\/05\/sunflower_1747859080954-750x422.jpg 750w, https:\/\/www.em.com.br\/emfoco\/wp-content\/uploads\/2025\/05\/sunflower_1747859080954-1140x641.jpg 1140w, https:\/\/www.em.com.br\/emfoco\/wp-content\/uploads\/2025\/05\/sunflower_1747859080954.jpg 1280w\" sizes=\"auto, (max-width: 1024px) 100vw, 1024px\" \/><figcaption class=\"wp-element-caption\">Girassol &#8211; Cr\u00e9ditos: depositphotos.com \/ AntonMatyukha<\/figcaption><\/figure>\n\n\n\n<h2 class=\"wp-block-heading\">Como a poliniza\u00e7\u00e3o natural beneficia seu jardim?<\/h2>\n\n\n\n<p>A <strong>poliniza\u00e7\u00e3o<\/strong> feita por abelhas aumenta a produtividade de v\u00e1rias culturas, resultando em frutas mais saborosas e abundantes. Al\u00e9m disso, um ambiente polinizado naturalmente tende a ser mais equilibrado, com menos demandas por <strong><a href=\"https:\/\/brasilescola.uol.com.br\/geografia\/fertilizantes.htm\" target=\"_blank\" rel=\"noreferrer noopener\">fertilizantes artificiais<\/a><\/strong>.<\/p>\n\n\n\n<p>Manter um ecossistema saud\u00e1vel fortalece suas plantas, tornando-as menos suscet\u00edveis a pragas. Dessa forma, um jardim biodiverso \u00e9 uma estrat\u00e9gia eficaz e sustent\u00e1vel para qualquer labrador urbano ou rural.<\/p>\n\n\n\n<h2 class=\"wp-block-heading\">Quais cuidados devo ter ao plantar para atrair abelhas?<\/h2>\n\n\n\n<p>Certifique-se de que as plantas escolhidas estejam em locais adequados para o crescimento saud\u00e1vel. Elas devem receber sol suficiente e ter um sistema de drenagem bem estruturado. Al\u00e9m disso, evite o uso de pesticidas que possam ser prejudiciais \u00e0s abelhas.<\/p>\n\n\n\n<p>Lembre-se de variar as esp\u00e9cies de plantas ao longo do ano para garantir que as abelhas tenham uma fonte cont\u00ednua de alimento e possam visitar sua horta sempre. Plantas nativas geralmente s\u00e3o uma escolha s\u00e1bia e facilitam esse processo.<\/p>\n\n\n\n<h2 class=\"wp-block-heading\">Quer aumentar a biodiversidade na sua horta?<\/h2>\n\n\n\n<p>Interagir constantemente com seu jardim, removendo plantas competidoras e adicionando novas esp\u00e9cies, ajudar\u00e1 a manter a vitalidade do espa\u00e7o. Aposte em <strong>trepadeiras floriadas<\/strong> e <strong>ervas arom\u00e1ticas<\/strong> para criar um ambiente diverso e saud\u00e1vel.<\/p>\n\n\n\n<p>Essa diversidade n\u00e3o apenas atrai abelhas, mas tamb\u00e9m borboletas e outros polinizadores importantes. Esses visitantes frequentes mant\u00eam sua horta rica em vida e mais produtiva ao longo das temporadas.<\/p>\n\n\n\n<ul class=\"wp-block-list\">\n<li>Integre plantas atrativas para abelhas em qualquer jardim.<\/li>\n\n\n\n<li>Acompanhe a sa\u00fade da sua horta com pr\u00e1ticas naturais.<\/li>\n\n\n\n<li>Aumente a biodiversidade para um ecossistema mais vigoroso.<\/li>\n<\/ul>\n\n\n\n<p><\/p>\n","protected":false},"excerpt":{"rendered":"<p>Quer otimizar a poliniza\u00e7\u00e3o da sua horta de forma natural? Alguns tipos de plantas s\u00e3o especialistas em atrair abelhas, fundamentais para esse processo. Neste artigo, vamos explorar como integrar essas plantas \u00e0 sua horta pode trazer in\u00fameros benef\u00edcios. Quais s\u00e3o as plantas que as abelhas adoram? Certas flores silvestres s\u00e3o especialmente eficazes em atrair abelhas. [&hellip;]<\/p>\n","protected":false},"author":13,"featured_media":74698,"comment_status":"open","ping_status":"open","sticky":false,"template":"","format":"standard","meta":{"jnews-multi-image_gallery":[],"jnews_single_post":{"format":"standard"},"jnews_primary_category":[],"jnews_social_meta":[],"jnews_override_counter":[],"footnotes":""},"categories":[8819,1],"tags":[6030,6094,7646,5976],"class_list":["post-81461","post","type-post","status-publish","format-standard","has-post-thumbnail","hentry","category-curiosidades","category-noticias","tag-abelhas","tag-hortas","tag-plantas-aromaticas","tag-polinizacao"],"yoast_head":"<!-- This site is optimized with the Yoast SEO plugin v23.8 - https:\/\/yoast.com\/wordpress\/plugins\/seo\/ -->\n<title>As 3 melhores plantas que atraem abelhas e aumentam a poliniza\u00e7\u00e3o natural - Estado de Minas - Em foco<\/title>\n<meta name=\"description\" content=\"Atrair abelhas para sua horta melhora a poliniza\u00e7\u00e3o e produtividade. Veja quais plantas usar e como cuidar delas de forma natural.\" \/>\n<meta name=\"robots\" content=\"index, follow, max-snippet:-1, max-image-preview:large, max-video-preview:-1\" \/>\n<link rel=\"canonical\" href=\"https:\/\/www.em.com.br\/emfoco\/2025\/07\/28\/as-5-melhores-plantas-que-atraem-abelhas-e-aumentam-a-polinizacao-natural\/\" \/>\n<meta property=\"og:locale\" content=\"pt_BR\" \/>\n<meta property=\"og:type\" content=\"article\" \/>\n<meta property=\"og:title\" content=\"As 3 melhores plantas que atraem abelhas e aumentam a poliniza\u00e7\u00e3o natural - Estado de Minas - Em foco\" \/>\n<meta property=\"og:description\" content=\"Atrair abelhas para sua horta melhora a poliniza\u00e7\u00e3o e produtividade. Veja quais plantas usar e como cuidar delas de forma natural.\" \/>\n<meta property=\"og:url\" content=\"https:\/\/www.em.com.br\/emfoco\/2025\/07\/28\/as-5-melhores-plantas-que-atraem-abelhas-e-aumentam-a-polinizacao-natural\/\" \/>\n<meta property=\"og:site_name\" content=\"Estado de Minas - Em foco\" \/>\n<meta property=\"article:published_time\" content=\"2025-07-28T20:28:00+00:00\" \/>\n<meta property=\"article:modified_time\" content=\"2025-07-26T22:49:25+00:00\" \/>\n<meta property=\"og:image\" content=\"https:\/\/www.em.com.br\/emfoco\/wp-content\/uploads\/2025\/07\/abelhas-_1752258412295.jpg\" \/>\n\t<meta property=\"og:image:width\" content=\"1280\" \/>\n\t<meta property=\"og:image:height\" content=\"720\" \/>\n\t<meta property=\"og:image:type\" content=\"image\/jpeg\" \/>\n<meta name=\"author\" content=\"Gabriel Martins\" \/>\n<meta name=\"twitter:card\" content=\"summary_large_image\" \/>\n<meta name=\"twitter:label1\" content=\"Escrito por\" \/>\n\t<meta name=\"twitter:data1\" content=\"Gabriel Martins\" \/>\n\t<meta name=\"twitter:label2\" content=\"Est. tempo de leitura\" \/>\n\t<meta name=\"twitter:data2\" content=\"3 minutos\" \/>\n<!-- \/ Yoast SEO plugin. -->","yoast_head_json":{"title":"As 3 melhores plantas que atraem abelhas e aumentam a poliniza\u00e7\u00e3o natural - Estado de Minas - Em foco","description":"Atrair abelhas para sua horta melhora a poliniza\u00e7\u00e3o e produtividade. Veja quais plantas usar e como cuidar delas de forma natural.","robots":{"index":"index","follow":"follow","max-snippet":"max-snippet:-1","max-image-preview":"max-image-preview:large","max-video-preview":"max-video-preview:-1"},"canonical":"https:\/\/www.em.com.br\/emfoco\/2025\/07\/28\/as-5-melhores-plantas-que-atraem-abelhas-e-aumentam-a-polinizacao-natural\/","og_locale":"pt_BR","og_type":"article","og_title":"As 3 melhores plantas que atraem abelhas e aumentam a poliniza\u00e7\u00e3o natural - Estado de Minas - Em foco","og_description":"Atrair abelhas para sua horta melhora a poliniza\u00e7\u00e3o e produtividade. Veja quais plantas usar e como cuidar delas de forma natural.","og_url":"https:\/\/www.em.com.br\/emfoco\/2025\/07\/28\/as-5-melhores-plantas-que-atraem-abelhas-e-aumentam-a-polinizacao-natural\/","og_site_name":"Estado de Minas - Em foco","article_published_time":"2025-07-28T20:28:00+00:00","article_modified_time":"2025-07-26T22:49:25+00:00","og_image":[{"width":1280,"height":720,"url":"https:\/\/www.em.com.br\/emfoco\/wp-content\/uploads\/2025\/07\/abelhas-_1752258412295.jpg","type":"image\/jpeg"}],"author":"Gabriel Martins","twitter_card":"summary_large_image","twitter_misc":{"Escrito por":"Gabriel Martins","Est. tempo de leitura":"3 minutos"},"schema":{"@context":"https:\/\/schema.org","@graph":[{"@type":"WebPage","@id":"https:\/\/www.em.com.br\/emfoco\/2025\/07\/28\/as-5-melhores-plantas-que-atraem-abelhas-e-aumentam-a-polinizacao-natural\/","url":"https:\/\/www.em.com.br\/emfoco\/2025\/07\/28\/as-5-melhores-plantas-que-atraem-abelhas-e-aumentam-a-polinizacao-natural\/","name":"As 3 melhores plantas que atraem abelhas e aumentam a poliniza\u00e7\u00e3o natural - Estado de Minas - Em foco","isPartOf":{"@id":"https:\/\/www.em.com.br\/emfoco\/#website"},"primaryImageOfPage":{"@id":"https:\/\/www.em.com.br\/emfoco\/2025\/07\/28\/as-5-melhores-plantas-que-atraem-abelhas-e-aumentam-a-polinizacao-natural\/#primaryimage"},"image":{"@id":"https:\/\/www.em.com.br\/emfoco\/2025\/07\/28\/as-5-melhores-plantas-que-atraem-abelhas-e-aumentam-a-polinizacao-natural\/#primaryimage"},"thumbnailUrl":"https:\/\/www.em.com.br\/emfoco\/wp-content\/uploads\/2025\/07\/abelhas-_1752258412295.jpg","datePublished":"2025-07-28T20:28:00+00:00","dateModified":"2025-07-26T22:49:25+00:00","author":{"@id":"https:\/\/www.em.com.br\/emfoco\/#\/schema\/person\/1c9ddeab18b98abeffef834667bcf08a"},"description":"Atrair abelhas para sua horta melhora a poliniza\u00e7\u00e3o e produtividade. Veja quais plantas usar e como cuidar delas de forma natural.","breadcrumb":{"@id":"https:\/\/www.em.com.br\/emfoco\/2025\/07\/28\/as-5-melhores-plantas-que-atraem-abelhas-e-aumentam-a-polinizacao-natural\/#breadcrumb"},"inLanguage":"pt-BR","potentialAction":[{"@type":"ReadAction","target":["https:\/\/www.em.com.br\/emfoco\/2025\/07\/28\/as-5-melhores-plantas-que-atraem-abelhas-e-aumentam-a-polinizacao-natural\/"]}]},{"@type":"ImageObject","inLanguage":"pt-BR","@id":"https:\/\/www.em.com.br\/emfoco\/2025\/07\/28\/as-5-melhores-plantas-que-atraem-abelhas-e-aumentam-a-polinizacao-natural\/#primaryimage","url":"https:\/\/www.em.com.br\/emfoco\/wp-content\/uploads\/2025\/07\/abelhas-_1752258412295.jpg","contentUrl":"https:\/\/www.em.com.br\/emfoco\/wp-content\/uploads\/2025\/07\/abelhas-_1752258412295.jpg","width":1280,"height":720,"caption":"Abelha - Cr\u00e9ditos: depositphotos.com \/ azur13"},{"@type":"BreadcrumbList","@id":"https:\/\/www.em.com.br\/emfoco\/2025\/07\/28\/as-5-melhores-plantas-que-atraem-abelhas-e-aumentam-a-polinizacao-natural\/#breadcrumb","itemListElement":[{"@type":"ListItem","position":1,"name":"In\u00edcio","item":"https:\/\/www.em.com.br\/emfoco\/"},{"@type":"ListItem","position":2,"name":"As 3 melhores plantas que atraem abelhas e aumentam a poliniza\u00e7\u00e3o natural"}]},{"@type":"WebSite","@id":"https:\/\/www.em.com.br\/emfoco\/#website","url":"https:\/\/www.em.com.br\/emfoco\/","name":"Estado de Minas - Em foco","description":"Acompanhe as \u00faltimas not\u00edcias e fique bem informado sobre tudo o que acontece em Minas Gerais, Brasil e no mundo.","potentialAction":[{"@type":"SearchAction","target":{"@type":"EntryPoint","urlTemplate":"https:\/\/www.em.com.br\/emfoco\/?s={search_term_string}"},"query-input":{"@type":"PropertyValueSpecification","valueRequired":true,"valueName":"search_term_string"}}],"inLanguage":"pt-BR"},{"@type":"Person","@id":"https:\/\/www.em.com.br\/emfoco\/#\/schema\/person\/1c9ddeab18b98abeffef834667bcf08a","name":"Gabriel Martins","image":{"@type":"ImageObject","inLanguage":"pt-BR","@id":"https:\/\/www.em.com.br\/emfoco\/#\/schema\/person\/image\/","url":"https:\/\/secure.gravatar.com\/avatar\/f0f1e2efdfd88f1ad2cb08c5c2731e50?s=96&d=mm&r=g","contentUrl":"https:\/\/secure.gravatar.com\/avatar\/f0f1e2efdfd88f1ad2cb08c5c2731e50?s=96&d=mm&r=g","caption":"Gabriel Martins"},"sameAs":["https:\/\/www.em.com.br\/emfoco\/"],"url":"https:\/\/www.em.com.br\/emfoco\/author\/gabrielmartinsmyth\/"}]}},"_links":{"self":[{"href":"https:\/\/www.em.com.br\/emfoco\/wp-json\/wp\/v2\/posts\/81461","targetHints":{"allow":["GET"]}}],"collection":[{"href":"https:\/\/www.em.com.br\/emfoco\/wp-json\/wp\/v2\/posts"}],"about":[{"href":"https:\/\/www.em.com.br\/emfoco\/wp-json\/wp\/v2\/types\/post"}],"author":[{"embeddable":true,"href":"https:\/\/www.em.com.br\/emfoco\/wp-json\/wp\/v2\/users\/13"}],"replies":[{"embeddable":true,"href":"https:\/\/www.em.com.br\/emfoco\/wp-json\/wp\/v2\/comments?post=81461"}],"version-history":[{"count":3,"href":"https:\/\/www.em.com.br\/emfoco\/wp-json\/wp\/v2\/posts\/81461\/revisions"}],"predecessor-version":[{"id":82126,"href":"https:\/\/www.em.com.br\/emfoco\/wp-json\/wp\/v2\/posts\/81461\/revisions\/82126"}],"wp:featuredmedia":[{"embeddable":true,"href":"https:\/\/www.em.com.br\/emfoco\/wp-json\/wp\/v2\/media\/74698"}],"wp:attachment":[{"href":"https:\/\/www.em.com.br\/emfoco\/wp-json\/wp\/v2\/media?parent=81461"}],"wp:term":[{"taxonomy":"category","embeddable":true,"href":"https:\/\/www.em.com.br\/emfoco\/wp-json\/wp\/v2\/categories?post=81461"},{"taxonomy":"post_tag","embeddable":true,"href":"https:\/\/www.em.com.br\/emfoco\/wp-json\/wp\/v2\/tags?post=81461"}],"curies":[{"name":"wp","href":"https:\/\/api.w.org\/{rel}","templated":true}]}}