{"id":81455,"date":"2025-07-28T07:08:00","date_gmt":"2025-07-28T10:08:00","guid":{"rendered":"https:\/\/www.em.com.br\/emfoco\/?p=81455"},"modified":"2025-07-25T11:58:07","modified_gmt":"2025-07-25T14:58:07","slug":"como-montar-uma-rotina-saudavel-para-criancas-em-idade-escolar","status":"publish","type":"post","link":"https:\/\/www.em.com.br\/emfoco\/2025\/07\/28\/como-montar-uma-rotina-saudavel-para-criancas-em-idade-escolar\/","title":{"rendered":"Como montar uma rotina saud\u00e1vel para crian\u00e7as em idade escolar"},"content":{"rendered":"\n<p>Construir uma <strong>rotina saud\u00e1vel<\/strong> para crian\u00e7as pode ser um desafio, mas \u00e9 essencial para o desenvolvimento. Descubra como otimizar o dia dos pequenos com simples ajustes. Com dedica\u00e7\u00e3o, \u00e9 poss\u00edvel transformar a rotina em uma experi\u00eancia saud\u00e1vel e produtiva.<\/p>\n\n\n\n<ul class=\"wp-block-list\">\n<li>Import\u00e2ncia de hor\u00e1rios regulares para refei\u00e7\u00f5es e descanso.<\/li>\n\n\n\n<li>A relev\u00e2ncia do tempo de qualidade em fam\u00edlia.<\/li>\n\n\n\n<li>Como encaixar atividades f\u00edsicas e tempos de estudo.<\/li>\n<\/ul>\n\n\n\n<h2 class=\"wp-block-heading\">Por que hor\u00e1rios regulares s\u00e3o cruciais para refei\u00e7\u00f5es e descanso?<\/h2>\n\n\n\n<p>Hor\u00e1rios consistentes para <strong>refei\u00e7\u00f5es<\/strong> ajudam no desenvolvimento saud\u00e1vel das crian\u00e7as. Eles proporcionam uma melhor digest\u00e3o e um metabolismo regulado.<\/p>\n\n\n\n<p>Garantir que o momento de <a href=\"https:\/\/www.em.com.br\/emfoco\/2025\/06\/25\/dormir-mal-veja-como-melhorar-seu-descanso-com-dicas-simples\/\" target=\"_blank\" rel=\"noreferrer noopener\"><strong>descanso<\/strong> <\/a>ocorra sempre no mesmo hor\u00e1rio auxilia no ritmo biol\u00f3gico das crian\u00e7as. Isso impacta positivamente no humor e na disposi\u00e7\u00e3o para aprender.<\/p>\n\n\n\n<figure class=\"wp-block-image size-large\"><img loading=\"lazy\" decoding=\"async\" width=\"1024\" height=\"576\" src=\"https:\/\/www.em.com.br\/emfoco\/wp-content\/uploads\/2025\/05\/left-handed_1748445595805-1024x576.jpg\" alt=\"Pessoas canhotas realmente pensam diferente? Entenda como o c\u00e9rebro deles podem ter surpreender!\" class=\"wp-image-52529\" srcset=\"https:\/\/www.em.com.br\/emfoco\/wp-content\/uploads\/2025\/05\/left-handed_1748445595805-1024x576.jpg 1024w, https:\/\/www.em.com.br\/emfoco\/wp-content\/uploads\/2025\/05\/left-handed_1748445595805-300x169.jpg 300w, https:\/\/www.em.com.br\/emfoco\/wp-content\/uploads\/2025\/05\/left-handed_1748445595805-768x432.jpg 768w, https:\/\/www.em.com.br\/emfoco\/wp-content\/uploads\/2025\/05\/left-handed_1748445595805-750x422.jpg 750w, https:\/\/www.em.com.br\/emfoco\/wp-content\/uploads\/2025\/05\/left-handed_1748445595805-1140x641.jpg 1140w, https:\/\/www.em.com.br\/emfoco\/wp-content\/uploads\/2025\/05\/left-handed_1748445595805.jpg 1280w\" sizes=\"auto, (max-width: 1024px) 100vw, 1024px\" \/><figcaption class=\"wp-element-caption\">Crian\u00e7a canhota &#8211; Cr\u00e9ditos: depositphotos.com \/ mproduction<\/figcaption><\/figure>\n\n\n\n<h2 class=\"wp-block-heading\">Como equilibrar atividades f\u00edsicas e tempos de estudo?<\/h2>\n\n\n\n<p>Incorporar <strong>atividades f\u00edsicas<\/strong> di\u00e1rias \u00e9 essencial para a sa\u00fade f\u00edsica e mental das crian\u00e7as. Isso pode ser feito com exerc\u00edcios simples ou brincadeiras.<\/p>\n\n\n\n<p>Organizar um cronograma que intercale per\u00edodos de <strong>estudo<\/strong> e exerc\u00edcios permite que a crian\u00e7a mantenha o foco e evite o esgotamento mental.<\/p>\n\n\n\n<h2 class=\"wp-block-heading\">Qual a import\u00e2ncia do tempo de qualidade em fam\u00edlia?<\/h2>\n\n\n\n<p>Investir em<a href=\"https:\/\/www.tjdft.jus.br\/informacoes\/programas-projetos-e-acoes\/pro-vida\/dicas-de-saude\/pilulas-de-saude\/o-que-e-tempo-de-qualidade-aprenda-e-comece-a-ter-o-seu\" target=\"_blank\" rel=\"noreferrer noopener\"> <strong>tempo de qualidade<\/strong><\/a> em fam\u00edlia fortalece os la\u00e7os emocionais e oferece um suporte emocional essencial para as crian\u00e7as.<\/p>\n\n\n\n<p>Atividades em conjunto como jogos, leitura ou conversas podem enriquecer a rotina e promover um ambiente familiar saud\u00e1vel e estimulante.<\/p>\n\n\n\n<h2 class=\"wp-block-heading\">Como adaptar a rotina para necessidades espec\u00edficas?<\/h2>\n\n\n\n<p>Cada crian\u00e7a possui suas <strong>necessidades \u00fanicas<\/strong>, e adaptar a rotina \u00e9 crucial. Prestar aten\u00e7\u00e3o aos sinais das crian\u00e7as ajuda a fazer os ajustes necess\u00e1rios.<\/p>\n\n\n\n<p>Estar aberto a <strong>flexibilizar<\/strong> hor\u00e1rios conforme o necess\u00e1rio, sempre mantendo uma estrutura b\u00e1sica, \u00e9 a chave para uma rotina equilibrada.<\/p>\n\n\n\n<h2 class=\"wp-block-heading\">Principais aprendizados sobre rotinas saud\u00e1veis<\/h2>\n\n\n\n<ul class=\"wp-block-list\">\n<li>Estabelecer hor\u00e1rios consistente para refei\u00e7\u00f5es e sono promove sa\u00fade e bem-estar.<\/li>\n\n\n\n<li>Integra\u00e7\u00e3o de atividades f\u00edsicas e tempos de estudo melhora a concentra\u00e7\u00e3o e o vigor.<\/li>\n\n\n\n<li>Tempo de qualidade em fam\u00edlia fortalece la\u00e7os e oferece suporte emocional essencial.<\/li>\n<\/ul>\n","protected":false},"excerpt":{"rendered":"<p>Construir uma rotina saud\u00e1vel para crian\u00e7as pode ser um desafio, mas \u00e9 essencial para o desenvolvimento. Descubra como otimizar o dia dos pequenos com simples ajustes. Com dedica\u00e7\u00e3o, \u00e9 poss\u00edvel transformar a rotina em uma experi\u00eancia saud\u00e1vel e produtiva. Por que hor\u00e1rios regulares s\u00e3o cruciais para refei\u00e7\u00f5es e descanso? Hor\u00e1rios consistentes para refei\u00e7\u00f5es ajudam no [&hellip;]<\/p>\n","protected":false},"author":13,"featured_media":76845,"comment_status":"open","ping_status":"open","sticky":false,"template":"","format":"standard","meta":{"jnews-multi-image_gallery":[],"jnews_single_post":{"format":"standard"},"jnews_primary_category":[],"jnews_social_meta":[],"jnews_override_counter":[],"footnotes":""},"categories":[8819,1],"tags":[6746,12870,12869,2553],"class_list":["post-81455","post","type-post","status-publish","format-standard","has-post-thumbnail","hentry","category-curiosidades","category-noticias","tag-desenvolvimento-infantil","tag-horarios-regulares","tag-rotina-infantil","tag-saudavel"],"yoast_head":"<!-- This site is optimized with the Yoast SEO plugin v23.8 - https:\/\/yoast.com\/wordpress\/plugins\/seo\/ -->\n<title>Como montar uma rotina saud\u00e1vel para crian\u00e7as em idade escolar - Estado de Minas - Em foco<\/title>\n<meta name=\"description\" content=\"Rotina com refei\u00e7\u00f5es e sono regulares melhora o humor e aprendizado das crian\u00e7as. Veja como montar um dia equilibrado para elas.\" \/>\n<meta name=\"robots\" content=\"index, follow, max-snippet:-1, max-image-preview:large, max-video-preview:-1\" \/>\n<link rel=\"canonical\" href=\"https:\/\/www.em.com.br\/emfoco\/2025\/07\/28\/como-montar-uma-rotina-saudavel-para-criancas-em-idade-escolar\/\" \/>\n<meta property=\"og:locale\" content=\"pt_BR\" \/>\n<meta property=\"og:type\" content=\"article\" \/>\n<meta property=\"og:title\" content=\"Como montar uma rotina saud\u00e1vel para crian\u00e7as em idade escolar - Estado de Minas - Em foco\" \/>\n<meta property=\"og:description\" content=\"Rotina com refei\u00e7\u00f5es e sono regulares melhora o humor e aprendizado das crian\u00e7as. Veja como montar um dia equilibrado para elas.\" \/>\n<meta property=\"og:url\" content=\"https:\/\/www.em.com.br\/emfoco\/2025\/07\/28\/como-montar-uma-rotina-saudavel-para-criancas-em-idade-escolar\/\" \/>\n<meta property=\"og:site_name\" content=\"Estado de Minas - Em foco\" \/>\n<meta property=\"article:published_time\" content=\"2025-07-28T10:08:00+00:00\" \/>\n<meta property=\"article:modified_time\" content=\"2025-07-25T14:58:07+00:00\" \/>\n<meta property=\"og:image\" content=\"https:\/\/www.em.com.br\/emfoco\/wp-content\/uploads\/2025\/07\/Criancas_1752676021119.jpg\" \/>\n\t<meta property=\"og:image:width\" content=\"1280\" \/>\n\t<meta property=\"og:image:height\" content=\"720\" \/>\n\t<meta property=\"og:image:type\" content=\"image\/jpeg\" \/>\n<meta name=\"author\" content=\"Gabriel Martins\" \/>\n<meta name=\"twitter:card\" content=\"summary_large_image\" \/>\n<meta name=\"twitter:label1\" content=\"Escrito por\" \/>\n\t<meta name=\"twitter:data1\" content=\"Gabriel Martins\" \/>\n\t<meta name=\"twitter:label2\" content=\"Est. tempo de leitura\" \/>\n\t<meta name=\"twitter:data2\" content=\"3 minutos\" \/>\n<!-- \/ Yoast SEO plugin. -->","yoast_head_json":{"title":"Como montar uma rotina saud\u00e1vel para crian\u00e7as em idade escolar - Estado de Minas - Em foco","description":"Rotina com refei\u00e7\u00f5es e sono regulares melhora o humor e aprendizado das crian\u00e7as. Veja como montar um dia equilibrado para elas.","robots":{"index":"index","follow":"follow","max-snippet":"max-snippet:-1","max-image-preview":"max-image-preview:large","max-video-preview":"max-video-preview:-1"},"canonical":"https:\/\/www.em.com.br\/emfoco\/2025\/07\/28\/como-montar-uma-rotina-saudavel-para-criancas-em-idade-escolar\/","og_locale":"pt_BR","og_type":"article","og_title":"Como montar uma rotina saud\u00e1vel para crian\u00e7as em idade escolar - Estado de Minas - Em foco","og_description":"Rotina com refei\u00e7\u00f5es e sono regulares melhora o humor e aprendizado das crian\u00e7as. Veja como montar um dia equilibrado para elas.","og_url":"https:\/\/www.em.com.br\/emfoco\/2025\/07\/28\/como-montar-uma-rotina-saudavel-para-criancas-em-idade-escolar\/","og_site_name":"Estado de Minas - Em foco","article_published_time":"2025-07-28T10:08:00+00:00","article_modified_time":"2025-07-25T14:58:07+00:00","og_image":[{"width":1280,"height":720,"url":"https:\/\/www.em.com.br\/emfoco\/wp-content\/uploads\/2025\/07\/Criancas_1752676021119.jpg","type":"image\/jpeg"}],"author":"Gabriel Martins","twitter_card":"summary_large_image","twitter_misc":{"Escrito por":"Gabriel Martins","Est. tempo de leitura":"3 minutos"},"schema":{"@context":"https:\/\/schema.org","@graph":[{"@type":"WebPage","@id":"https:\/\/www.em.com.br\/emfoco\/2025\/07\/28\/como-montar-uma-rotina-saudavel-para-criancas-em-idade-escolar\/","url":"https:\/\/www.em.com.br\/emfoco\/2025\/07\/28\/como-montar-uma-rotina-saudavel-para-criancas-em-idade-escolar\/","name":"Como montar uma rotina saud\u00e1vel para crian\u00e7as em idade escolar - Estado de Minas - Em foco","isPartOf":{"@id":"https:\/\/www.em.com.br\/emfoco\/#website"},"primaryImageOfPage":{"@id":"https:\/\/www.em.com.br\/emfoco\/2025\/07\/28\/como-montar-uma-rotina-saudavel-para-criancas-em-idade-escolar\/#primaryimage"},"image":{"@id":"https:\/\/www.em.com.br\/emfoco\/2025\/07\/28\/como-montar-uma-rotina-saudavel-para-criancas-em-idade-escolar\/#primaryimage"},"thumbnailUrl":"https:\/\/www.em.com.br\/emfoco\/wp-content\/uploads\/2025\/07\/Criancas_1752676021119.jpg","datePublished":"2025-07-28T10:08:00+00:00","dateModified":"2025-07-25T14:58:07+00:00","author":{"@id":"https:\/\/www.em.com.br\/emfoco\/#\/schema\/person\/1c9ddeab18b98abeffef834667bcf08a"},"description":"Rotina com refei\u00e7\u00f5es e sono regulares melhora o humor e aprendizado das crian\u00e7as. Veja como montar um dia equilibrado para elas.","breadcrumb":{"@id":"https:\/\/www.em.com.br\/emfoco\/2025\/07\/28\/como-montar-uma-rotina-saudavel-para-criancas-em-idade-escolar\/#breadcrumb"},"inLanguage":"pt-BR","potentialAction":[{"@type":"ReadAction","target":["https:\/\/www.em.com.br\/emfoco\/2025\/07\/28\/como-montar-uma-rotina-saudavel-para-criancas-em-idade-escolar\/"]}]},{"@type":"ImageObject","inLanguage":"pt-BR","@id":"https:\/\/www.em.com.br\/emfoco\/2025\/07\/28\/como-montar-uma-rotina-saudavel-para-criancas-em-idade-escolar\/#primaryimage","url":"https:\/\/www.em.com.br\/emfoco\/wp-content\/uploads\/2025\/07\/Criancas_1752676021119.jpg","contentUrl":"https:\/\/www.em.com.br\/emfoco\/wp-content\/uploads\/2025\/07\/Criancas_1752676021119.jpg","width":1280,"height":720,"caption":"Crian\u00e7as - Cr\u00e9ditos: depositphotos.com \/ AndrewLozovyi"},{"@type":"BreadcrumbList","@id":"https:\/\/www.em.com.br\/emfoco\/2025\/07\/28\/como-montar-uma-rotina-saudavel-para-criancas-em-idade-escolar\/#breadcrumb","itemListElement":[{"@type":"ListItem","position":1,"name":"In\u00edcio","item":"https:\/\/www.em.com.br\/emfoco\/"},{"@type":"ListItem","position":2,"name":"Como montar uma rotina saud\u00e1vel para crian\u00e7as em idade escolar"}]},{"@type":"WebSite","@id":"https:\/\/www.em.com.br\/emfoco\/#website","url":"https:\/\/www.em.com.br\/emfoco\/","name":"Estado de Minas - Em foco","description":"Acompanhe as \u00faltimas not\u00edcias e fique bem informado sobre tudo o que acontece em Minas Gerais, Brasil e no mundo.","potentialAction":[{"@type":"SearchAction","target":{"@type":"EntryPoint","urlTemplate":"https:\/\/www.em.com.br\/emfoco\/?s={search_term_string}"},"query-input":{"@type":"PropertyValueSpecification","valueRequired":true,"valueName":"search_term_string"}}],"inLanguage":"pt-BR"},{"@type":"Person","@id":"https:\/\/www.em.com.br\/emfoco\/#\/schema\/person\/1c9ddeab18b98abeffef834667bcf08a","name":"Gabriel Martins","image":{"@type":"ImageObject","inLanguage":"pt-BR","@id":"https:\/\/www.em.com.br\/emfoco\/#\/schema\/person\/image\/","url":"https:\/\/secure.gravatar.com\/avatar\/f0f1e2efdfd88f1ad2cb08c5c2731e50?s=96&d=mm&r=g","contentUrl":"https:\/\/secure.gravatar.com\/avatar\/f0f1e2efdfd88f1ad2cb08c5c2731e50?s=96&d=mm&r=g","caption":"Gabriel Martins"},"sameAs":["https:\/\/www.em.com.br\/emfoco\/"],"url":"https:\/\/www.em.com.br\/emfoco\/author\/gabrielmartinsmyth\/"}]}},"_links":{"self":[{"href":"https:\/\/www.em.com.br\/emfoco\/wp-json\/wp\/v2\/posts\/81455","targetHints":{"allow":["GET"]}}],"collection":[{"href":"https:\/\/www.em.com.br\/emfoco\/wp-json\/wp\/v2\/posts"}],"about":[{"href":"https:\/\/www.em.com.br\/emfoco\/wp-json\/wp\/v2\/types\/post"}],"author":[{"embeddable":true,"href":"https:\/\/www.em.com.br\/emfoco\/wp-json\/wp\/v2\/users\/13"}],"replies":[{"embeddable":true,"href":"https:\/\/www.em.com.br\/emfoco\/wp-json\/wp\/v2\/comments?post=81455"}],"version-history":[{"count":2,"href":"https:\/\/www.em.com.br\/emfoco\/wp-json\/wp\/v2\/posts\/81455\/revisions"}],"predecessor-version":[{"id":81512,"href":"https:\/\/www.em.com.br\/emfoco\/wp-json\/wp\/v2\/posts\/81455\/revisions\/81512"}],"wp:featuredmedia":[{"embeddable":true,"href":"https:\/\/www.em.com.br\/emfoco\/wp-json\/wp\/v2\/media\/76845"}],"wp:attachment":[{"href":"https:\/\/www.em.com.br\/emfoco\/wp-json\/wp\/v2\/media?parent=81455"}],"wp:term":[{"taxonomy":"category","embeddable":true,"href":"https:\/\/www.em.com.br\/emfoco\/wp-json\/wp\/v2\/categories?post=81455"},{"taxonomy":"post_tag","embeddable":true,"href":"https:\/\/www.em.com.br\/emfoco\/wp-json\/wp\/v2\/tags?post=81455"}],"curies":[{"name":"wp","href":"https:\/\/api.w.org\/{rel}","templated":true}]}}