{"id":81445,"date":"2025-07-26T11:08:28","date_gmt":"2025-07-26T14:08:28","guid":{"rendered":"https:\/\/www.em.com.br\/emfoco\/?p=81445"},"modified":"2025-07-25T11:38:13","modified_gmt":"2025-07-25T14:38:13","slug":"como-fazer-florescer-um-jardim-mesmo-em-varandas-com-pouca-luz","status":"publish","type":"post","link":"https:\/\/www.em.com.br\/emfoco\/2025\/07\/26\/como-fazer-florescer-um-jardim-mesmo-em-varandas-com-pouca-luz\/","title":{"rendered":"Como fazer florescer um jardim mesmo em varandas com pouca luz"},"content":{"rendered":"\n<p>Criar um <strong>jardim florido em varandas com pouco sol<\/strong> pode parecer desafiador, mas n\u00e3o \u00e9 imposs\u00edvel. Com as escolhas certas de plantas e cuidados eficientes, suas flores podem prosperar mesmo em ambiente sombreado.<\/p>\n\n\n\n<ul class=\"wp-block-list\">\n<li>Escolha as flores certas que florescem na sombra.<\/li>\n\n\n\n<li>Entenda a import\u00e2ncia do solo ideal e irriga\u00e7\u00e3o.<\/li>\n\n\n\n<li>Descubra formas de otimizar a luz dispon\u00edvel para suas plantas.<\/li>\n<\/ul>\n\n\n\n<h2 class=\"wp-block-heading\">Que flores se adaptam melhor a ambientes com pouca luz solar?<\/h2>\n\n\n\n<p>Flores como <strong>beg\u00f4nias<\/strong>, <strong>f\u00facsias<\/strong> e <strong>impatiens<\/strong> s\u00e3o ideais para varandas com pouca luz. Elas s\u00e3o adaptadas a ambientes sombreados e conseguem florescer lindamente com luz indireta.<\/p>\n\n\n\n<p>Considere tamb\u00e9m esp\u00e9cies como <strong>cal\u00e1dios<\/strong> e <strong>lirios-da-paz<\/strong>, que trazem n\u00e3o s\u00f3 cor, mas tamb\u00e9m um toque tropical ao seu jardim. Caso voc\u00ea more em cidades como <strong>S\u00e3o Paulo<\/strong> ou <strong>Rio de Janeiro<\/strong>, onde a incid\u00eancia solar pode variar bastante ao longo do ano, essas flores tamb\u00e9m se adaptam bem nesses cen\u00e1rios urbanos.<\/p>\n\n\n\n<h2 class=\"wp-block-heading\">Como preparar o solo para varandas com sombra?<\/h2>\n\n\n\n<p>O <strong>solo ideal<\/strong> para varandas com pouco sol deve ser leve e bem drenado. Misture <a href=\"https:\/\/rehagro.com.br\/blog\/composto-organico-quais-os-beneficios-como-e-feito\/\" target=\"_blank\" rel=\"noopener\">composto org\u00e2nico<\/a> ao solo para melhorar a reten\u00e7\u00e3o de umidade e nutrir as ra\u00edzes das plantas.<\/p>\n\n\n\n<p>Uma drenagem eficiente \u00e9 essencial para evitar o ac\u00famulo de \u00e1gua nas ra\u00edzes, que pode prejudicar o desenvolvimento das flores. Em apartamentos de grandes cidades como <strong>Belo Horizonte<\/strong> e <strong>Curitiba<\/strong>, invista em vasos com furos e sistemas de drenagem para garantir o melhor para suas plantas.<\/p>\n\n\n\n<h2 class=\"wp-block-heading\">Qual a melhor forma de regar flores em varandas sombreadas?<\/h2>\n\n\n\n<p>Regue suas flores pela manh\u00e3 para garantir que elas absorvam o m\u00e1ximo de umidade antes que a temperatura suba. Um <strong>regime consistente<\/strong> \u00e9 crucial para manter a sa\u00fade das plantas.<\/p>\n\n\n\n<p>A quantidade de \u00e1gua pode variar com a esta\u00e7\u00e3o e a esp\u00e9cie; ajuste conforme necess\u00e1rio, observando o solo e as condi\u00e7\u00f5es clim\u00e1ticas. Se voc\u00ea utiliza aplicativos de jardinagem, eles podem ajudar a monitorar as necessidades das suas flores.<\/p>\n\n\n<div class=\"wp-block-image\">\n<figure class=\"aligncenter size-large\"><img loading=\"lazy\" decoding=\"async\" width=\"1024\" height=\"576\" src=\"https:\/\/www.em.com.br\/emfoco\/wp-content\/uploads\/2025\/05\/flores-vasos_1746195376903-1024x576.jpg\" alt=\"Aprenda a combinar flores arom\u00e1ticas e hortali\u00e7as no mesmo espa\u00e7o\" class=\"wp-image-43789\" srcset=\"https:\/\/www.em.com.br\/emfoco\/wp-content\/uploads\/2025\/05\/flores-vasos_1746195376903-1024x576.jpg 1024w, https:\/\/www.em.com.br\/emfoco\/wp-content\/uploads\/2025\/05\/flores-vasos_1746195376903-300x169.jpg 300w, https:\/\/www.em.com.br\/emfoco\/wp-content\/uploads\/2025\/05\/flores-vasos_1746195376903-768x432.jpg 768w, https:\/\/www.em.com.br\/emfoco\/wp-content\/uploads\/2025\/05\/flores-vasos_1746195376903-750x422.jpg 750w, https:\/\/www.em.com.br\/emfoco\/wp-content\/uploads\/2025\/05\/flores-vasos_1746195376903-1140x641.jpg 1140w, https:\/\/www.em.com.br\/emfoco\/wp-content\/uploads\/2025\/05\/flores-vasos_1746195376903.jpg 1280w\" sizes=\"auto, (max-width: 1024px) 100vw, 1024px\" \/><figcaption class=\"wp-element-caption\">Flores &#8211; Cr\u00e9ditos: depositphotos.com \/ SashaKhalabuzar<\/figcaption><\/figure><\/div>\n\n\n<h2 class=\"wp-block-heading\">Como ampliar a ilumina\u00e7\u00e3o dispon\u00edvel na varanda?<\/h2>\n\n\n\n<p>Coloque estrategicamente espelhos ou superf\u00edcies reflexivas para aumentar a <strong>ilumina\u00e7\u00e3o natural<\/strong> do espa\u00e7o. Isso pode ajudar a direcionar a luz para \u00e1reas espec\u00edficas onde suas flores est\u00e3o plantadas.<br>Usar vasos leves e m\u00f3veis permite reorganizar o espa\u00e7o de acordo com as mudan\u00e7as sazonais da luz solar.<\/p>\n\n\n\n<p>Se sua varanda est\u00e1 voltada para a face sul em uma cidade como <strong>Porto Alegre<\/strong>, por exemplo, essas estrat\u00e9gias se mostram ainda mais \u00fateis para compensar a aus\u00eancia do sol direto.<\/p>\n\n\n\n<p>Leia tamb\u00e9m: <a href=\"https:\/\/www.em.com.br\/emfoco\/2025\/07\/21\/4-plantas-para-muros-que-transformam-seu-jardim-em-um-espetaculo\/\" target=\"_blank\" rel=\"noopener\">4 plantas para muros que transformam seu jardim em um espet\u00e1culo<\/a><\/p>\n\n\n\n<h2 class=\"wp-block-heading\">Como aumentar a durabilidade e beleza das flores na sombra?<\/h2>\n\n\n\n<p>Adicionar fertilizantes adequados pode ajudar a prolongar o per\u00edodo de flora\u00e7\u00e3o e fortalecer as plantas. Opte por um fertilizante balanceado aplicado uma vez por m\u00eas.<\/p>\n\n\n\n<p>Remova flores murchas para permitir novas flora\u00e7\u00f5es e prevenir doen\u00e7as. Pr\u00e1ticas recomendadas por especialistas tamb\u00e9m incluem a troca peri\u00f3dica da camada superior do solo para renovar os nutrientes dispon\u00edveis.<\/p>\n\n\n\n<h2 class=\"wp-block-heading\">Quais dicas s\u00e3o essenciais para um jardim florido em qualquer varanda?<\/h2>\n\n\n\n<ul class=\"wp-block-list\">\n<li>Escolher as <strong>flores certas<\/strong> para sombra \u00e9 crucial para o sucesso.<\/li>\n\n\n\n<li>Mantenha o <strong>solo f\u00e9rtil e bem drenado<\/strong> para otimizar o crescimento.<\/li>\n\n\n\n<li><strong>Utilize estrat\u00e9gias de luz<\/strong> para aprimorar a exposi\u00e7\u00e3o solar.<\/li>\n<\/ul>\n\n\n\n<p>Com estas diretrizes, seu jardim em varandas com pouco sol pode se tornar um espa\u00e7o vibrante e acolhedor, seja em cidades como S\u00e3o Paulo ou Rio de Janeiro. Aproveite tamb\u00e9m dicas e inspira\u00e7\u00f5es em sites como o <strong>Pinterest<\/strong> para criar o ambiente perfeito na sua varanda.<\/p>\n","protected":false},"excerpt":{"rendered":"<p>Criar um jardim florido em varandas com pouco sol pode parecer desafiador, mas n\u00e3o \u00e9 imposs\u00edvel. Com as escolhas certas de plantas e cuidados eficientes, suas flores podem prosperar mesmo em ambiente sombreado. Que flores se adaptam melhor a ambientes com pouca luz solar? Flores como beg\u00f4nias, f\u00facsias e impatiens s\u00e3o ideais para varandas com [&hellip;]<\/p>\n","protected":false},"author":9,"featured_media":43786,"comment_status":"open","ping_status":"open","sticky":false,"template":"","format":"standard","meta":{"jnews-multi-image_gallery":[],"jnews_single_post":{"format":"standard"},"jnews_primary_category":[],"jnews_social_meta":[],"jnews_override_counter":[],"footnotes":""},"categories":[29,1],"tags":[12868,3357,3325,5025],"class_list":["post-81445","post","type-post","status-publish","format-standard","has-post-thumbnail","hentry","category-entretenimento","category-noticias","tag-dicas-de-plantio","tag-flores","tag-jardim","tag-varanda"],"yoast_head":"<!-- This site is optimized with the Yoast SEO plugin v23.8 - https:\/\/yoast.com\/wordpress\/plugins\/seo\/ -->\n<title>Como fazer florescer um jardim mesmo em varandas com pouca luz<\/title>\n<meta name=\"description\" content=\"Saiba como criar um jardim florido em varandas com pouca luz usando flores certas, solo ideal e truques para aproveitar a luz indireta.\" \/>\n<meta name=\"robots\" content=\"index, follow, max-snippet:-1, max-image-preview:large, max-video-preview:-1\" \/>\n<link rel=\"canonical\" href=\"https:\/\/www.em.com.br\/emfoco\/2025\/07\/26\/como-fazer-florescer-um-jardim-mesmo-em-varandas-com-pouca-luz\/\" \/>\n<meta property=\"og:locale\" content=\"pt_BR\" \/>\n<meta property=\"og:type\" content=\"article\" \/>\n<meta property=\"og:title\" content=\"Como fazer florescer um jardim mesmo em varandas com pouca luz\" \/>\n<meta property=\"og:description\" content=\"Saiba como criar um jardim florido em varandas com pouca luz usando flores certas, solo ideal e truques para aproveitar a luz indireta.\" \/>\n<meta property=\"og:url\" content=\"https:\/\/www.em.com.br\/emfoco\/2025\/07\/26\/como-fazer-florescer-um-jardim-mesmo-em-varandas-com-pouca-luz\/\" \/>\n<meta property=\"og:site_name\" content=\"Estado de Minas - Em foco\" \/>\n<meta property=\"article:published_time\" content=\"2025-07-26T14:08:28+00:00\" \/>\n<meta property=\"article:modified_time\" content=\"2025-07-25T14:38:13+00:00\" \/>\n<meta property=\"og:image\" content=\"https:\/\/www.em.com.br\/emfoco\/wp-content\/uploads\/2025\/05\/flores-vasos_1746195103079.jpg\" \/>\n\t<meta property=\"og:image:width\" content=\"1280\" \/>\n\t<meta property=\"og:image:height\" content=\"720\" \/>\n\t<meta property=\"og:image:type\" content=\"image\/jpeg\" \/>\n<meta name=\"author\" content=\"Daniely Cardoso\" \/>\n<meta name=\"twitter:card\" content=\"summary_large_image\" \/>\n<meta name=\"twitter:label1\" content=\"Escrito por\" \/>\n\t<meta name=\"twitter:data1\" content=\"Daniely Cardoso\" \/>\n\t<meta name=\"twitter:label2\" content=\"Est. tempo de leitura\" \/>\n\t<meta name=\"twitter:data2\" content=\"4 minutos\" \/>\n<!-- \/ Yoast SEO plugin. -->","yoast_head_json":{"title":"Como fazer florescer um jardim mesmo em varandas com pouca luz","description":"Saiba como criar um jardim florido em varandas com pouca luz usando flores certas, solo ideal e truques para aproveitar a luz indireta.","robots":{"index":"index","follow":"follow","max-snippet":"max-snippet:-1","max-image-preview":"max-image-preview:large","max-video-preview":"max-video-preview:-1"},"canonical":"https:\/\/www.em.com.br\/emfoco\/2025\/07\/26\/como-fazer-florescer-um-jardim-mesmo-em-varandas-com-pouca-luz\/","og_locale":"pt_BR","og_type":"article","og_title":"Como fazer florescer um jardim mesmo em varandas com pouca luz","og_description":"Saiba como criar um jardim florido em varandas com pouca luz usando flores certas, solo ideal e truques para aproveitar a luz indireta.","og_url":"https:\/\/www.em.com.br\/emfoco\/2025\/07\/26\/como-fazer-florescer-um-jardim-mesmo-em-varandas-com-pouca-luz\/","og_site_name":"Estado de Minas - Em foco","article_published_time":"2025-07-26T14:08:28+00:00","article_modified_time":"2025-07-25T14:38:13+00:00","og_image":[{"width":1280,"height":720,"url":"https:\/\/www.em.com.br\/emfoco\/wp-content\/uploads\/2025\/05\/flores-vasos_1746195103079.jpg","type":"image\/jpeg"}],"author":"Daniely Cardoso","twitter_card":"summary_large_image","twitter_misc":{"Escrito por":"Daniely Cardoso","Est. tempo de leitura":"4 minutos"},"schema":{"@context":"https:\/\/schema.org","@graph":[{"@type":"WebPage","@id":"https:\/\/www.em.com.br\/emfoco\/2025\/07\/26\/como-fazer-florescer-um-jardim-mesmo-em-varandas-com-pouca-luz\/","url":"https:\/\/www.em.com.br\/emfoco\/2025\/07\/26\/como-fazer-florescer-um-jardim-mesmo-em-varandas-com-pouca-luz\/","name":"Como fazer florescer um jardim mesmo em varandas com pouca luz","isPartOf":{"@id":"https:\/\/www.em.com.br\/emfoco\/#website"},"primaryImageOfPage":{"@id":"https:\/\/www.em.com.br\/emfoco\/2025\/07\/26\/como-fazer-florescer-um-jardim-mesmo-em-varandas-com-pouca-luz\/#primaryimage"},"image":{"@id":"https:\/\/www.em.com.br\/emfoco\/2025\/07\/26\/como-fazer-florescer-um-jardim-mesmo-em-varandas-com-pouca-luz\/#primaryimage"},"thumbnailUrl":"https:\/\/www.em.com.br\/emfoco\/wp-content\/uploads\/2025\/05\/flores-vasos_1746195103079.jpg","datePublished":"2025-07-26T14:08:28+00:00","dateModified":"2025-07-25T14:38:13+00:00","author":{"@id":"https:\/\/www.em.com.br\/emfoco\/#\/schema\/person\/0a8186d72f2c3a5c6276d90b41f271a0"},"description":"Saiba como criar um jardim florido em varandas com pouca luz usando flores certas, solo ideal e truques para aproveitar a luz indireta.","breadcrumb":{"@id":"https:\/\/www.em.com.br\/emfoco\/2025\/07\/26\/como-fazer-florescer-um-jardim-mesmo-em-varandas-com-pouca-luz\/#breadcrumb"},"inLanguage":"pt-BR","potentialAction":[{"@type":"ReadAction","target":["https:\/\/www.em.com.br\/emfoco\/2025\/07\/26\/como-fazer-florescer-um-jardim-mesmo-em-varandas-com-pouca-luz\/"]}]},{"@type":"ImageObject","inLanguage":"pt-BR","@id":"https:\/\/www.em.com.br\/emfoco\/2025\/07\/26\/como-fazer-florescer-um-jardim-mesmo-em-varandas-com-pouca-luz\/#primaryimage","url":"https:\/\/www.em.com.br\/emfoco\/wp-content\/uploads\/2025\/05\/flores-vasos_1746195103079.jpg","contentUrl":"https:\/\/www.em.com.br\/emfoco\/wp-content\/uploads\/2025\/05\/flores-vasos_1746195103079.jpg","width":1280,"height":720,"caption":"Flores - Cr\u00e9ditos: depositphotos.com \/ brebca"},{"@type":"BreadcrumbList","@id":"https:\/\/www.em.com.br\/emfoco\/2025\/07\/26\/como-fazer-florescer-um-jardim-mesmo-em-varandas-com-pouca-luz\/#breadcrumb","itemListElement":[{"@type":"ListItem","position":1,"name":"In\u00edcio","item":"https:\/\/www.em.com.br\/emfoco\/"},{"@type":"ListItem","position":2,"name":"Como fazer florescer um jardim mesmo em varandas com pouca luz"}]},{"@type":"WebSite","@id":"https:\/\/www.em.com.br\/emfoco\/#website","url":"https:\/\/www.em.com.br\/emfoco\/","name":"Estado de Minas - Em foco","description":"Acompanhe as \u00faltimas not\u00edcias e fique bem informado sobre tudo o que acontece em Minas Gerais, Brasil e no mundo.","potentialAction":[{"@type":"SearchAction","target":{"@type":"EntryPoint","urlTemplate":"https:\/\/www.em.com.br\/emfoco\/?s={search_term_string}"},"query-input":{"@type":"PropertyValueSpecification","valueRequired":true,"valueName":"search_term_string"}}],"inLanguage":"pt-BR"},{"@type":"Person","@id":"https:\/\/www.em.com.br\/emfoco\/#\/schema\/person\/0a8186d72f2c3a5c6276d90b41f271a0","name":"Daniely Cardoso","image":{"@type":"ImageObject","inLanguage":"pt-BR","@id":"https:\/\/www.em.com.br\/emfoco\/#\/schema\/person\/image\/","url":"https:\/\/secure.gravatar.com\/avatar\/4b80ddbd124d1f071b626d52d62e5dff?s=96&d=mm&r=g","contentUrl":"https:\/\/secure.gravatar.com\/avatar\/4b80ddbd124d1f071b626d52d62e5dff?s=96&d=mm&r=g","caption":"Daniely Cardoso"},"url":"https:\/\/www.em.com.br\/emfoco\/author\/danielymyth\/"}]}},"_links":{"self":[{"href":"https:\/\/www.em.com.br\/emfoco\/wp-json\/wp\/v2\/posts\/81445","targetHints":{"allow":["GET"]}}],"collection":[{"href":"https:\/\/www.em.com.br\/emfoco\/wp-json\/wp\/v2\/posts"}],"about":[{"href":"https:\/\/www.em.com.br\/emfoco\/wp-json\/wp\/v2\/types\/post"}],"author":[{"embeddable":true,"href":"https:\/\/www.em.com.br\/emfoco\/wp-json\/wp\/v2\/users\/9"}],"replies":[{"embeddable":true,"href":"https:\/\/www.em.com.br\/emfoco\/wp-json\/wp\/v2\/comments?post=81445"}],"version-history":[{"count":2,"href":"https:\/\/www.em.com.br\/emfoco\/wp-json\/wp\/v2\/posts\/81445\/revisions"}],"predecessor-version":[{"id":81468,"href":"https:\/\/www.em.com.br\/emfoco\/wp-json\/wp\/v2\/posts\/81445\/revisions\/81468"}],"wp:featuredmedia":[{"embeddable":true,"href":"https:\/\/www.em.com.br\/emfoco\/wp-json\/wp\/v2\/media\/43786"}],"wp:attachment":[{"href":"https:\/\/www.em.com.br\/emfoco\/wp-json\/wp\/v2\/media?parent=81445"}],"wp:term":[{"taxonomy":"category","embeddable":true,"href":"https:\/\/www.em.com.br\/emfoco\/wp-json\/wp\/v2\/categories?post=81445"},{"taxonomy":"post_tag","embeddable":true,"href":"https:\/\/www.em.com.br\/emfoco\/wp-json\/wp\/v2\/tags?post=81445"}],"curies":[{"name":"wp","href":"https:\/\/api.w.org\/{rel}","templated":true}]}}