{"id":81405,"date":"2025-07-26T15:18:00","date_gmt":"2025-07-26T18:18:00","guid":{"rendered":"https:\/\/www.em.com.br\/emfoco\/?p=81405"},"modified":"2025-07-25T11:15:14","modified_gmt":"2025-07-25T14:15:14","slug":"recorde-de-turismo-estrangeiro-revela-nova-fase-para-o-brasil","status":"publish","type":"post","link":"https:\/\/www.em.com.br\/emfoco\/2025\/07\/26\/recorde-de-turismo-estrangeiro-revela-nova-fase-para-o-brasil\/","title":{"rendered":"Recorde de turismo estrangeiro revela nova fase para o Brasil"},"content":{"rendered":"\n<p>O <strong><a href=\"https:\/\/www.gov.br\/secom\/pt-br\/assuntos\/noticias\/2025\/06\/investimento-estrangeiro-brasil-atinge-recorde-no-acumulado-ate-maio-e-ultrapassa-r-20-bilhoes-em-2025\" target=\"_blank\" rel=\"noreferrer noopener\">turismo estrangeiro<\/a><\/strong> no Brasil atingiu n\u00edveis recordes, trazendo um impacto significativo \u00e0 economia nacional. O crescimento do setor <a href=\"https:\/\/www.em.com.br\/emfoco\/2025\/07\/12\/entenda-a-explicacao-por-tras-do-crescimento-acelerado-do-turismo-na-capital-baiana\/\" target=\"_blank\" rel=\"noreferrer noopener\">tur\u00edstico <\/a>se destaca n\u00e3o apenas pelo aumento no n\u00famero de visitantes, mas tamb\u00e9m pelo fortalecimento de outras \u00e1reas econ\u00f4micas. Neste artigo, voc\u00ea encontrar\u00e1:<\/p>\n\n\n\n<ul class=\"wp-block-list\">\n<li>Os fatores que contribu\u00edram para o recorde no turismo estrangeiro.<\/li>\n\n\n\n<li>Os impactos econ\u00f4micos dessa expans\u00e3o.<\/li>\n\n\n\n<li>O papel das pol\u00edticas p\u00fablicas e da promo\u00e7\u00e3o internacional.<\/li>\n<\/ul>\n\n\n\n<h2 class=\"wp-block-heading\">Por que o turismo estrangeiro est\u00e1 crescendo no Brasil?<\/h2>\n\n\n\n<p>O <strong>aumento do turismo estrangeiro<\/strong> no Brasil deve-se a diversos fatores estrat\u00e9gicos. Investimentos em infraestrutura e campanhas de <strong>promo\u00e7\u00e3o internacional<\/strong> desempenharam pap\u00e9is fundamentais. Al\u00e9m disso, eventos culturais e esportivos internacionais alavancaram a visibilidade global do pa\u00eds.<\/p>\n\n\n\n<p>Ao escolher o Brasil como destino, turistas estrangeiros buscam experi\u00eancias \u00fanicas, explorando desde praias paradis\u00edacas at\u00e9 a rica cultura interiorana. A diversifica\u00e7\u00e3o das atra\u00e7\u00f5es tamb\u00e9m contribui para o interesse crescente.<\/p>\n\n\n\n<h2 class=\"wp-block-heading\">Quais s\u00e3o os impactos econ\u00f4micos do turismo no Brasil?<\/h2>\n\n\n\n<p>O impacto econ\u00f4mico do turismo no Brasil \u00e9 vasto, gerando empregos e movimentando outros setores, como a ind\u00fastria e o com\u00e9rcio. Com o aumento recorde de turistas, a <strong>renda gerada<\/strong> no pa\u00eds cresceu exponencialmente, beneficiando desde grandes cidades at\u00e9 pequenas comunidades.<\/p>\n\n\n\n<p>A aten\u00e7\u00e3o que o turismo traz favorece a melhoria na infraestrutura urbana e fortalece a economia local, promovendo um ciclo positivo de desenvolvimento sustent\u00e1vel.<\/p>\n\n\n\n<figure class=\"wp-block-image size-large\"><img loading=\"lazy\" decoding=\"async\" width=\"1024\" height=\"576\" src=\"https:\/\/www.em.com.br\/emfoco\/wp-content\/uploads\/2025\/07\/TURISTAS-BRASIL_1753452725693-1024x576.jpg\" alt=\"Recorde de turismo estrangeiro revela nova fase para o Brasil\" class=\"wp-image-81426\" srcset=\"https:\/\/www.em.com.br\/emfoco\/wp-content\/uploads\/2025\/07\/TURISTAS-BRASIL_1753452725693-1024x576.jpg 1024w, https:\/\/www.em.com.br\/emfoco\/wp-content\/uploads\/2025\/07\/TURISTAS-BRASIL_1753452725693-300x169.jpg 300w, https:\/\/www.em.com.br\/emfoco\/wp-content\/uploads\/2025\/07\/TURISTAS-BRASIL_1753452725693-768x432.jpg 768w, https:\/\/www.em.com.br\/emfoco\/wp-content\/uploads\/2025\/07\/TURISTAS-BRASIL_1753452725693-750x422.jpg 750w, https:\/\/www.em.com.br\/emfoco\/wp-content\/uploads\/2025\/07\/TURISTAS-BRASIL_1753452725693-1140x641.jpg 1140w, https:\/\/www.em.com.br\/emfoco\/wp-content\/uploads\/2025\/07\/TURISTAS-BRASIL_1753452725693.jpg 1280w\" sizes=\"auto, (max-width: 1024px) 100vw, 1024px\" \/><figcaption class=\"wp-element-caption\">Turistas no Cristo Redentor &#8211; Cr\u00e9ditos: depositphotos.com \/ sergio_pulp<\/figcaption><\/figure>\n\n\n\n<h2 class=\"wp-block-heading\">Pol\u00edticas p\u00fablicas que alavancam o turismo brasileiro<\/h2>\n\n\n\n<p>As <strong>pol\u00edticas p\u00fablicas<\/strong> desempenham um papel crucial na facilita\u00e7\u00e3o do turismo. Iniciativas que abrangem desde a seguran\u00e7a dos visitantes at\u00e9 a simplifica\u00e7\u00e3o de vistos se mostraram eficazes para atrair mais turistas.<\/p>\n\n\n\n<ul class=\"wp-block-list\">\n<li>Ado\u00e7\u00e3o de tecnologia para aprimorar a experi\u00eancia do visitante.<\/li>\n\n\n\n<li>Parcerias internacionais que ampliam o mercado.<\/li>\n\n\n\n<li>Programas de forma\u00e7\u00e3o para m\u00e3o de obra qualificada no setor de turismo.<\/li>\n<\/ul>\n\n\n\n<p><strong>Dica r\u00e1pida<\/strong>: Incentivos fiscais e programas de capacita\u00e7\u00e3o podem manter o crescimento do turismo a longo prazo.<\/p>\n\n\n\n<h2 class=\"wp-block-heading\"><strong>Leia tamb\u00e9m:<\/strong> <a href=\"https:\/\/www.em.com.br\/emfoco\/2025\/07\/12\/essa-cidade-baiana-virou-exemplo-de-turismo-sustentavel-no-brasil\/\" target=\"_blank\" rel=\"noreferrer noopener\">Essa cidade baiana virou exemplo de turismo sustent\u00e1vel no Brasil<\/a><\/h2>\n\n\n\n<h2 class=\"wp-block-heading\">Torcer para o Futebol tamb\u00e9m impulsiona o turismo?<\/h2>\n\n\n\n<p>Eventos esportivos, como campeonatos de futebol, s\u00e3o catalisadores no aumento do turismo. Eles atraem milhares de torcedores estrangeiros, que al\u00e9m de assistirem aos jogos, exploram o pa\u00eds como turistas.<\/p>\n\n\n\n<p>A cultura apaixonada do futebol brasileiro, associada a eventos esportivos, aumenta o apelo do Brasil como um destino tur\u00edstico internacional.<\/p>\n\n\n\n<h2 class=\"wp-block-heading\">Principais aprendizados sobre o turismo e economia<\/h2>\n\n\n\n<ol class=\"wp-block-list\">\n<li><strong>Infraestrutura melhorada e campanhas internacionais<\/strong> s\u00e3o essenciais para o recorde no turismo.<\/li>\n\n\n\n<li>O <strong>crescimento econ\u00f4mico<\/strong> \u00e9 impulsionado por m\u00faltiplos setores ligados ao turismo.<\/li>\n\n\n\n<li>Pol\u00edticas p\u00fablicas tem\u00e1ticas potencializam o atraente cultural e natural do pa\u00eds.<\/li>\n<\/ol>\n","protected":false},"excerpt":{"rendered":"<p>O turismo estrangeiro no Brasil atingiu n\u00edveis recordes, trazendo um impacto significativo \u00e0 economia nacional. O crescimento do setor tur\u00edstico se destaca n\u00e3o apenas pelo aumento no n\u00famero de visitantes, mas tamb\u00e9m pelo fortalecimento de outras \u00e1reas econ\u00f4micas. Neste artigo, voc\u00ea encontrar\u00e1: Por que o turismo estrangeiro est\u00e1 crescendo no Brasil? O aumento do turismo [&hellip;]<\/p>\n","protected":false},"author":18,"featured_media":81408,"comment_status":"open","ping_status":"open","sticky":false,"template":"","format":"standard","meta":{"jnews-multi-image_gallery":[],"jnews_single_post":{"format":"standard"},"jnews_primary_category":[],"jnews_social_meta":[],"jnews_override_counter":[],"footnotes":""},"categories":[1],"tags":[158,6378,157,12780],"class_list":["post-81405","post","type-post","status-publish","format-standard","has-post-thumbnail","hentry","category-noticias","tag-brasil","tag-recorde","tag-turismo","tag-turismo-internacional"],"yoast_head":"<!-- This site is optimized with the Yoast SEO plugin v23.8 - https:\/\/yoast.com\/wordpress\/plugins\/seo\/ -->\n<title>Recorde de turismo estrangeiro revela nova fase para o Brasil - Estado de Minas - Em foco<\/title>\n<meta name=\"description\" content=\"Mais visitantes, mais renda e mais desenvolvimento. O turismo estrangeiro no Brasil vive um momento in\u00e9dito e promissor. Entenda os motivos.\" \/>\n<meta name=\"robots\" content=\"index, follow, max-snippet:-1, max-image-preview:large, max-video-preview:-1\" \/>\n<link rel=\"canonical\" href=\"https:\/\/www.em.com.br\/emfoco\/2025\/07\/26\/recorde-de-turismo-estrangeiro-revela-nova-fase-para-o-brasil\/\" \/>\n<meta property=\"og:locale\" content=\"pt_BR\" \/>\n<meta property=\"og:type\" content=\"article\" \/>\n<meta property=\"og:title\" content=\"Recorde de turismo estrangeiro revela nova fase para o Brasil - Estado de Minas - Em foco\" \/>\n<meta property=\"og:description\" content=\"Mais visitantes, mais renda e mais desenvolvimento. O turismo estrangeiro no Brasil vive um momento in\u00e9dito e promissor. Entenda os motivos.\" \/>\n<meta property=\"og:url\" content=\"https:\/\/www.em.com.br\/emfoco\/2025\/07\/26\/recorde-de-turismo-estrangeiro-revela-nova-fase-para-o-brasil\/\" \/>\n<meta property=\"og:site_name\" content=\"Estado de Minas - Em foco\" \/>\n<meta property=\"article:published_time\" content=\"2025-07-26T18:18:00+00:00\" \/>\n<meta property=\"article:modified_time\" content=\"2025-07-25T14:15:14+00:00\" \/>\n<meta property=\"og:image\" content=\"https:\/\/www.em.com.br\/emfoco\/wp-content\/uploads\/2025\/07\/TURISTA-NO-BRASIL_1753452279789.jpg\" \/>\n\t<meta property=\"og:image:width\" content=\"1280\" \/>\n\t<meta property=\"og:image:height\" content=\"720\" \/>\n\t<meta property=\"og:image:type\" content=\"image\/jpeg\" \/>\n<meta name=\"author\" content=\"Julio Cesar\" \/>\n<meta name=\"twitter:card\" content=\"summary_large_image\" \/>\n<meta name=\"twitter:label1\" content=\"Escrito por\" \/>\n\t<meta name=\"twitter:data1\" content=\"Julio Cesar\" \/>\n\t<meta name=\"twitter:label2\" content=\"Est. tempo de leitura\" \/>\n\t<meta name=\"twitter:data2\" content=\"3 minutos\" \/>\n<!-- \/ Yoast SEO plugin. -->","yoast_head_json":{"title":"Recorde de turismo estrangeiro revela nova fase para o Brasil - Estado de Minas - Em foco","description":"Mais visitantes, mais renda e mais desenvolvimento. O turismo estrangeiro no Brasil vive um momento in\u00e9dito e promissor. Entenda os motivos.","robots":{"index":"index","follow":"follow","max-snippet":"max-snippet:-1","max-image-preview":"max-image-preview:large","max-video-preview":"max-video-preview:-1"},"canonical":"https:\/\/www.em.com.br\/emfoco\/2025\/07\/26\/recorde-de-turismo-estrangeiro-revela-nova-fase-para-o-brasil\/","og_locale":"pt_BR","og_type":"article","og_title":"Recorde de turismo estrangeiro revela nova fase para o Brasil - Estado de Minas - Em foco","og_description":"Mais visitantes, mais renda e mais desenvolvimento. O turismo estrangeiro no Brasil vive um momento in\u00e9dito e promissor. Entenda os motivos.","og_url":"https:\/\/www.em.com.br\/emfoco\/2025\/07\/26\/recorde-de-turismo-estrangeiro-revela-nova-fase-para-o-brasil\/","og_site_name":"Estado de Minas - Em foco","article_published_time":"2025-07-26T18:18:00+00:00","article_modified_time":"2025-07-25T14:15:14+00:00","og_image":[{"width":1280,"height":720,"url":"https:\/\/www.em.com.br\/emfoco\/wp-content\/uploads\/2025\/07\/TURISTA-NO-BRASIL_1753452279789.jpg","type":"image\/jpeg"}],"author":"Julio Cesar","twitter_card":"summary_large_image","twitter_misc":{"Escrito por":"Julio Cesar","Est. tempo de leitura":"3 minutos"},"schema":{"@context":"https:\/\/schema.org","@graph":[{"@type":"WebPage","@id":"https:\/\/www.em.com.br\/emfoco\/2025\/07\/26\/recorde-de-turismo-estrangeiro-revela-nova-fase-para-o-brasil\/","url":"https:\/\/www.em.com.br\/emfoco\/2025\/07\/26\/recorde-de-turismo-estrangeiro-revela-nova-fase-para-o-brasil\/","name":"Recorde de turismo estrangeiro revela nova fase para o Brasil - Estado de Minas - Em foco","isPartOf":{"@id":"https:\/\/www.em.com.br\/emfoco\/#website"},"primaryImageOfPage":{"@id":"https:\/\/www.em.com.br\/emfoco\/2025\/07\/26\/recorde-de-turismo-estrangeiro-revela-nova-fase-para-o-brasil\/#primaryimage"},"image":{"@id":"https:\/\/www.em.com.br\/emfoco\/2025\/07\/26\/recorde-de-turismo-estrangeiro-revela-nova-fase-para-o-brasil\/#primaryimage"},"thumbnailUrl":"https:\/\/www.em.com.br\/emfoco\/wp-content\/uploads\/2025\/07\/TURISTA-NO-BRASIL_1753452279789.jpg","datePublished":"2025-07-26T18:18:00+00:00","dateModified":"2025-07-25T14:15:14+00:00","author":{"@id":"https:\/\/www.em.com.br\/emfoco\/#\/schema\/person\/08c4a03e38018bbab9038d5f788321fc"},"description":"Mais visitantes, mais renda e mais desenvolvimento. O turismo estrangeiro no Brasil vive um momento in\u00e9dito e promissor. Entenda os motivos.","breadcrumb":{"@id":"https:\/\/www.em.com.br\/emfoco\/2025\/07\/26\/recorde-de-turismo-estrangeiro-revela-nova-fase-para-o-brasil\/#breadcrumb"},"inLanguage":"pt-BR","potentialAction":[{"@type":"ReadAction","target":["https:\/\/www.em.com.br\/emfoco\/2025\/07\/26\/recorde-de-turismo-estrangeiro-revela-nova-fase-para-o-brasil\/"]}]},{"@type":"ImageObject","inLanguage":"pt-BR","@id":"https:\/\/www.em.com.br\/emfoco\/2025\/07\/26\/recorde-de-turismo-estrangeiro-revela-nova-fase-para-o-brasil\/#primaryimage","url":"https:\/\/www.em.com.br\/emfoco\/wp-content\/uploads\/2025\/07\/TURISTA-NO-BRASIL_1753452279789.jpg","contentUrl":"https:\/\/www.em.com.br\/emfoco\/wp-content\/uploads\/2025\/07\/TURISTA-NO-BRASIL_1753452279789.jpg","width":1280,"height":720,"caption":"Elevador Lacerda em Salvador - Cr\u00e9ditos: depositphotos.com \/ joasouza"},{"@type":"BreadcrumbList","@id":"https:\/\/www.em.com.br\/emfoco\/2025\/07\/26\/recorde-de-turismo-estrangeiro-revela-nova-fase-para-o-brasil\/#breadcrumb","itemListElement":[{"@type":"ListItem","position":1,"name":"In\u00edcio","item":"https:\/\/www.em.com.br\/emfoco\/"},{"@type":"ListItem","position":2,"name":"Recorde de turismo estrangeiro revela nova fase para o Brasil"}]},{"@type":"WebSite","@id":"https:\/\/www.em.com.br\/emfoco\/#website","url":"https:\/\/www.em.com.br\/emfoco\/","name":"Estado de Minas - Em foco","description":"Acompanhe as \u00faltimas not\u00edcias e fique bem informado sobre tudo o que acontece em Minas Gerais, Brasil e no mundo.","potentialAction":[{"@type":"SearchAction","target":{"@type":"EntryPoint","urlTemplate":"https:\/\/www.em.com.br\/emfoco\/?s={search_term_string}"},"query-input":{"@type":"PropertyValueSpecification","valueRequired":true,"valueName":"search_term_string"}}],"inLanguage":"pt-BR"},{"@type":"Person","@id":"https:\/\/www.em.com.br\/emfoco\/#\/schema\/person\/08c4a03e38018bbab9038d5f788321fc","name":"Julio Cesar","image":{"@type":"ImageObject","inLanguage":"pt-BR","@id":"https:\/\/www.em.com.br\/emfoco\/#\/schema\/person\/image\/","url":"https:\/\/secure.gravatar.com\/avatar\/ab1ea64f0d4f4c1385f8ef10d5a6e758?s=96&d=mm&r=g","contentUrl":"https:\/\/secure.gravatar.com\/avatar\/ab1ea64f0d4f4c1385f8ef10d5a6e758?s=96&d=mm&r=g","caption":"Julio Cesar"},"url":"https:\/\/www.em.com.br\/emfoco\/author\/juliomyth\/"}]}},"_links":{"self":[{"href":"https:\/\/www.em.com.br\/emfoco\/wp-json\/wp\/v2\/posts\/81405","targetHints":{"allow":["GET"]}}],"collection":[{"href":"https:\/\/www.em.com.br\/emfoco\/wp-json\/wp\/v2\/posts"}],"about":[{"href":"https:\/\/www.em.com.br\/emfoco\/wp-json\/wp\/v2\/types\/post"}],"author":[{"embeddable":true,"href":"https:\/\/www.em.com.br\/emfoco\/wp-json\/wp\/v2\/users\/18"}],"replies":[{"embeddable":true,"href":"https:\/\/www.em.com.br\/emfoco\/wp-json\/wp\/v2\/comments?post=81405"}],"version-history":[{"count":2,"href":"https:\/\/www.em.com.br\/emfoco\/wp-json\/wp\/v2\/posts\/81405\/revisions"}],"predecessor-version":[{"id":81433,"href":"https:\/\/www.em.com.br\/emfoco\/wp-json\/wp\/v2\/posts\/81405\/revisions\/81433"}],"wp:featuredmedia":[{"embeddable":true,"href":"https:\/\/www.em.com.br\/emfoco\/wp-json\/wp\/v2\/media\/81408"}],"wp:attachment":[{"href":"https:\/\/www.em.com.br\/emfoco\/wp-json\/wp\/v2\/media?parent=81405"}],"wp:term":[{"taxonomy":"category","embeddable":true,"href":"https:\/\/www.em.com.br\/emfoco\/wp-json\/wp\/v2\/categories?post=81405"},{"taxonomy":"post_tag","embeddable":true,"href":"https:\/\/www.em.com.br\/emfoco\/wp-json\/wp\/v2\/tags?post=81405"}],"curies":[{"name":"wp","href":"https:\/\/api.w.org\/{rel}","templated":true}]}}