{"id":81392,"date":"2025-07-27T09:48:00","date_gmt":"2025-07-27T12:48:00","guid":{"rendered":"https:\/\/www.em.com.br\/emfoco\/?p=81392"},"modified":"2025-07-25T13:55:24","modified_gmt":"2025-07-25T16:55:24","slug":"pessoas-felizes-sempre-evitam-essa-rotina-matinal-segundo-a-psicologia","status":"publish","type":"post","link":"https:\/\/www.em.com.br\/emfoco\/2025\/07\/27\/pessoas-felizes-sempre-evitam-essa-rotina-matinal-segundo-a-psicologia\/","title":{"rendered":"Pessoas felizes sempre evitam essa rotina matinal, segundo a psicologia\u00a0"},"content":{"rendered":"\n<p>As rotinas e h\u00e1bitos cotidianos, muitas vezes automatizados, desempenham um papel significativo em quest\u00f5es de felicidade e produtividade. Frequentemente, sem perceber, incorporamos comportamentos que, apesar de parecerem inofensivos, podem afetar adversamente nosso bem-estar e efici\u00eancia. A ado\u00e7\u00e3o de pr\u00e1ticas mais conscientes e a elimina\u00e7\u00e3o de <a href=\"https:\/\/www.em.com.br\/emfoco\/2025\/07\/22\/habitos-poderosos-para-saude-mental-que-exigem-menos-de-15-minutos\/\" target=\"_blank\" rel=\"noreferrer noopener\">h\u00e1bitos <\/a>limitantes representam o primeiro passo para viver com maior plenitude.<\/p>\n\n\n\n<p>O escritor e coach <strong>Jeff Haden <\/strong>sugere que sucesso e felicidade s\u00e3o acess\u00edveis a qualquer pessoa que compreenda a verdadeira natureza da motiva\u00e7\u00e3o. Alguns dos comportamentos que ele recomenda abandonar incluem prestar aten\u00e7\u00e3o ao celular durante intera\u00e7\u00f5es sociais. Essa pr\u00e1tica, al\u00e9m de interromper a conex\u00e3o com a outra pessoa, demonstra desinteresse.<\/p>\n\n\n\n<h2 class=\"wp-block-heading\">Qual \u00e9 o impacto do multitasking na produtividade?<\/h2>\n\n\n\n<p>Muitas pessoas acreditam que realizar v\u00e1rias tarefas ao mesmo tempo (<a href=\"https:\/\/napratica.org.br\/multitasking-mito-razoes-cientificas\/\" target=\"_blank\" rel=\"noreferrer noopener\">multitasking<\/a>) pode aumentar a efici\u00eancia. Por\u00e9m, a realidade \u00e9 o oposto. De fato, a\u00a0<strong>produtividade<\/strong>\u00a0genu\u00edna surge de uma concentra\u00e7\u00e3o profunda em uma \u00fanica atividade. Ao focar toda a aten\u00e7\u00e3o em uma s\u00f3 tarefa, o progresso acontece de maneira mais r\u00e1pida e com maior qualidade. Isso porque mudar constantemente o foco causa\u00a0<em>cansa\u00e7o mental<\/em>, propens\u00e3o a erros e desperd\u00edcio de tempo. Al\u00e9m disso, o multitasking pode gerar efeitos negativos na sa\u00fade mental e f\u00edsica, como o aumento do estresse e fadiga. Isso ocorre devido \u00e0 eleva\u00e7\u00e3o dos n\u00edveis de cortisol, um horm\u00f4nio associado ao estresse, o que pode levar ao esgotamento mental.<\/p>\n\n\n\n<h2 class=\"wp-block-heading\">Por que evitar usar o celular em conversas presenciais?<\/h2>\n\n\n\n<p>Desviar a aten\u00e7\u00e3o para o celular enquanto conversa com algu\u00e9m \u00e9 um dos m\u00e9todos mais sutis de desconex\u00e3o emocional. Essa pr\u00e1tica&nbsp;<strong>denota desinteresse<\/strong>, gera desconforto na outra pessoa e compromete a qualidade das rela\u00e7\u00f5es. Al\u00e9m disso, limita a habilidade de empatia do indiv\u00edduo. Assim, respeitar o tempo e presen\u00e7a de outra pessoa \u00e9 crucial para construir rela\u00e7\u00f5es s\u00f3lidas. Esse comportamento \u00e9 conhecido como &#8216;phubbing&#8217;, que combina as palavras &#8216;phone&#8217; (telefone) e &#8216;snubbing&#8217; (esnobar), descrevendo o ato de ignorar algu\u00e9m por causa do celular.<\/p>\n\n\n\n<figure class=\"wp-block-image\"><img decoding=\"async\" src=\"https:\/\/www.em.com.br\/emfoco\/wp-content\/uploads\/2025\/05\/vitamina_1747846127612-1024x576.jpg\" alt=\"\"\/><figcaption class=\"wp-element-caption\">Fruta e vitaminas &#8211; Cr\u00e9ditos: depositphotos.com \/ AndrewLozovyi<\/figcaption><\/figure>\n\n\n\n<h2 class=\"wp-block-heading\">Como a aten\u00e7\u00e3o \u00e0s redes sociais pode afetar rela\u00e7\u00f5es reais?<\/h2>\n\n\n\n<p>O foco dedicado a intera\u00e7\u00f5es nas redes sociais pode criar um desequil\u00edbrio emocional e social. Ao priorizar contatos virtuais ou distantes, pode-se negligenciar relacionamentos pr\u00f3ximos e significativos. Portanto, \u00e9 importante dar prioridade \u00e0s rela\u00e7\u00f5es que t\u00eam verdadeiro impacto emocional, como aquelas com amigos, fam\u00edlia e colegas de trabalho. Essa pr\u00e1tica fortalece a confian\u00e7a e promove maior bem-estar.<\/p>\n\n\n\n<p>Al\u00e9m disso, o uso excessivo das redes sociais pode levar \u00e0 compara\u00e7\u00e3o social negativa e afetar a autoestima. Ao ver constantemente os destaques e momentos selecionados da vida de outras pessoas, \u00e9 f\u00e1cil cair na armadilha de acreditar que sua vida \u00e9 menos interessante ou satisfat\u00f3ria, o que pode impactar negativamente o bem-estar emocional.<\/p>\n\n\n\n<h2 class=\"wp-block-heading\">O que fazer com os erros passados?<\/h2>\n\n\n\n<p>Ignorar erros sem aprender com eles \u00e9 tamb\u00e9m um h\u00e1bito a ser evitado. Embora possa parecer um m\u00e9todo para seguir em frente, deixar de refletir sobre falhas representa uma oportunidade perdida. Cada erro cont\u00e9m informa\u00e7\u00f5es valiosas para o crescimento e para evitar recorr\u00eancias. Em vez de suprimir falhas, deve-se analis\u00e1-las e utiliz\u00e1-las como li\u00e7\u00f5es para o futuro.<\/p>\n\n\n\n<p>Alterar esses padr\u00f5es envolve o desenvolvimento de uma maior consci\u00eancia, a prioriza\u00e7\u00e3o da qualidade dos relacionamentos e o aprendizado em agir com responsabilidade emocional e mental. Transformar-se em uma pessoa mais feliz e produtiva come\u00e7a pela elimina\u00e7\u00e3o de h\u00e1bitos prejudiciais e pela promo\u00e7\u00e3o de pr\u00e1ticas que refor\u00e7am o bem-estar pessoal e emocional.<\/p>\n\n\n\n<h2 class=\"wp-block-heading\">T\u00e9cnicas para Melhorar a Concentra\u00e7\u00e3o<\/h2>\n\n\n\n<p>Para melhorar a concentra\u00e7\u00e3o e reduzir o multitasking, \u00e9 aconselh\u00e1vel adotar t\u00e9cnicas como a T\u00e9cnica Pomodoro ou a Regra 52\/17. A T\u00e9cnica Pomodoro envolve trabalhar por per\u00edodos de 25 minutos seguidos de um curto intervalo de 5 minutos, ajudando a manter o foco e evitar o cansa\u00e7o mental excessivo. J\u00e1 a Regra 52\/17, que sugere trabalhar por 52 minutos e descansar por 17, \u00e9 outra abordagem eficaz para promover produtividade e bem-estar ao longo do dia, prevenindo o esgotamento e garantindo que sua mente permane\u00e7a alerta e descansada.<\/p>\n","protected":false},"excerpt":{"rendered":"<p>As rotinas e h\u00e1bitos cotidianos, muitas vezes automatizados, desempenham um papel significativo em quest\u00f5es de felicidade e produtividade. Frequentemente, sem perceber, incorporamos comportamentos que, apesar de parecerem inofensivos, podem afetar adversamente nosso bem-estar e efici\u00eancia. A ado\u00e7\u00e3o de pr\u00e1ticas mais conscientes e a elimina\u00e7\u00e3o de h\u00e1bitos limitantes representam o primeiro passo para viver com maior [&hellip;]<\/p>\n","protected":false},"author":11,"featured_media":63095,"comment_status":"open","ping_status":"open","sticky":false,"template":"","format":"standard","meta":{"jnews-multi-image_gallery":[],"jnews_single_post":{"format":"standard"},"jnews_primary_category":[],"jnews_social_meta":[],"jnews_override_counter":[],"footnotes":""},"categories":[29,1],"tags":[5058,9040,5151],"class_list":["post-81392","post","type-post","status-publish","format-standard","has-post-thumbnail","hentry","category-entretenimento","category-noticias","tag-felicidade","tag-habitos","tag-produtividade"],"yoast_head":"<!-- This site is optimized with the Yoast SEO plugin v23.8 - https:\/\/yoast.com\/wordpress\/plugins\/seo\/ -->\n<title>Pessoas felizes sempre evitam essa rotina matinal, segundo a psicologia\u00a0 - Estado de Minas - Em foco<\/title>\n<meta name=\"description\" content=\"Seu dia pode estar sendo sabotado por h\u00e1bitos invis\u00edveis. Veja o que especialistas revelam sobre foco, celular e produtividade emocional.\" \/>\n<meta name=\"robots\" content=\"index, follow, max-snippet:-1, max-image-preview:large, max-video-preview:-1\" \/>\n<link rel=\"canonical\" href=\"https:\/\/www.em.com.br\/emfoco\/2025\/07\/27\/pessoas-felizes-sempre-evitam-essa-rotina-matinal-segundo-a-psicologia\/\" \/>\n<meta property=\"og:locale\" content=\"pt_BR\" \/>\n<meta property=\"og:type\" content=\"article\" \/>\n<meta property=\"og:title\" content=\"Pessoas felizes sempre evitam essa rotina matinal, segundo a psicologia\u00a0 - Estado de Minas - Em foco\" \/>\n<meta property=\"og:description\" content=\"Seu dia pode estar sendo sabotado por h\u00e1bitos invis\u00edveis. Veja o que especialistas revelam sobre foco, celular e produtividade emocional.\" \/>\n<meta property=\"og:url\" content=\"https:\/\/www.em.com.br\/emfoco\/2025\/07\/27\/pessoas-felizes-sempre-evitam-essa-rotina-matinal-segundo-a-psicologia\/\" \/>\n<meta property=\"og:site_name\" content=\"Estado de Minas - Em foco\" \/>\n<meta property=\"article:published_time\" content=\"2025-07-27T12:48:00+00:00\" \/>\n<meta property=\"article:modified_time\" content=\"2025-07-25T16:55:24+00:00\" \/>\n<meta property=\"og:image\" content=\"https:\/\/www.em.com.br\/emfoco\/wp-content\/uploads\/2025\/06\/mulher-elegante-e-feliz_1750263226617.jpg\" \/>\n\t<meta property=\"og:image:width\" content=\"1279\" \/>\n\t<meta property=\"og:image:height\" content=\"720\" \/>\n\t<meta property=\"og:image:type\" content=\"image\/jpeg\" \/>\n<meta name=\"author\" content=\"Andre\u0301 Rangel\u00a0\" \/>\n<meta name=\"twitter:card\" content=\"summary_large_image\" \/>\n<meta name=\"twitter:label1\" content=\"Escrito por\" \/>\n\t<meta name=\"twitter:data1\" content=\"Andre\u0301 Rangel\u00a0\" \/>\n\t<meta name=\"twitter:label2\" content=\"Est. tempo de leitura\" \/>\n\t<meta name=\"twitter:data2\" content=\"5 minutos\" \/>\n<!-- \/ Yoast SEO plugin. -->","yoast_head_json":{"title":"Pessoas felizes sempre evitam essa rotina matinal, segundo a psicologia\u00a0 - Estado de Minas - Em foco","description":"Seu dia pode estar sendo sabotado por h\u00e1bitos invis\u00edveis. Veja o que especialistas revelam sobre foco, celular e produtividade emocional.","robots":{"index":"index","follow":"follow","max-snippet":"max-snippet:-1","max-image-preview":"max-image-preview:large","max-video-preview":"max-video-preview:-1"},"canonical":"https:\/\/www.em.com.br\/emfoco\/2025\/07\/27\/pessoas-felizes-sempre-evitam-essa-rotina-matinal-segundo-a-psicologia\/","og_locale":"pt_BR","og_type":"article","og_title":"Pessoas felizes sempre evitam essa rotina matinal, segundo a psicologia\u00a0 - Estado de Minas - Em foco","og_description":"Seu dia pode estar sendo sabotado por h\u00e1bitos invis\u00edveis. Veja o que especialistas revelam sobre foco, celular e produtividade emocional.","og_url":"https:\/\/www.em.com.br\/emfoco\/2025\/07\/27\/pessoas-felizes-sempre-evitam-essa-rotina-matinal-segundo-a-psicologia\/","og_site_name":"Estado de Minas - Em foco","article_published_time":"2025-07-27T12:48:00+00:00","article_modified_time":"2025-07-25T16:55:24+00:00","og_image":[{"width":1279,"height":720,"url":"https:\/\/www.em.com.br\/emfoco\/wp-content\/uploads\/2025\/06\/mulher-elegante-e-feliz_1750263226617.jpg","type":"image\/jpeg"}],"author":"Andre\u0301 Rangel\u00a0","twitter_card":"summary_large_image","twitter_misc":{"Escrito por":"Andre\u0301 Rangel\u00a0","Est. tempo de leitura":"5 minutos"},"schema":{"@context":"https:\/\/schema.org","@graph":[{"@type":"WebPage","@id":"https:\/\/www.em.com.br\/emfoco\/2025\/07\/27\/pessoas-felizes-sempre-evitam-essa-rotina-matinal-segundo-a-psicologia\/","url":"https:\/\/www.em.com.br\/emfoco\/2025\/07\/27\/pessoas-felizes-sempre-evitam-essa-rotina-matinal-segundo-a-psicologia\/","name":"Pessoas felizes sempre evitam essa rotina matinal, segundo a psicologia\u00a0 - Estado de Minas - Em foco","isPartOf":{"@id":"https:\/\/www.em.com.br\/emfoco\/#website"},"primaryImageOfPage":{"@id":"https:\/\/www.em.com.br\/emfoco\/2025\/07\/27\/pessoas-felizes-sempre-evitam-essa-rotina-matinal-segundo-a-psicologia\/#primaryimage"},"image":{"@id":"https:\/\/www.em.com.br\/emfoco\/2025\/07\/27\/pessoas-felizes-sempre-evitam-essa-rotina-matinal-segundo-a-psicologia\/#primaryimage"},"thumbnailUrl":"https:\/\/www.em.com.br\/emfoco\/wp-content\/uploads\/2025\/06\/mulher-elegante-e-feliz_1750263226617.jpg","datePublished":"2025-07-27T12:48:00+00:00","dateModified":"2025-07-25T16:55:24+00:00","author":{"@id":"https:\/\/www.em.com.br\/emfoco\/#\/schema\/person\/60eda09c1fedf0d6891f4cef4b60b8b8"},"description":"Seu dia pode estar sendo sabotado por h\u00e1bitos invis\u00edveis. Veja o que especialistas revelam sobre foco, celular e produtividade emocional.","breadcrumb":{"@id":"https:\/\/www.em.com.br\/emfoco\/2025\/07\/27\/pessoas-felizes-sempre-evitam-essa-rotina-matinal-segundo-a-psicologia\/#breadcrumb"},"inLanguage":"pt-BR","potentialAction":[{"@type":"ReadAction","target":["https:\/\/www.em.com.br\/emfoco\/2025\/07\/27\/pessoas-felizes-sempre-evitam-essa-rotina-matinal-segundo-a-psicologia\/"]}]},{"@type":"ImageObject","inLanguage":"pt-BR","@id":"https:\/\/www.em.com.br\/emfoco\/2025\/07\/27\/pessoas-felizes-sempre-evitam-essa-rotina-matinal-segundo-a-psicologia\/#primaryimage","url":"https:\/\/www.em.com.br\/emfoco\/wp-content\/uploads\/2025\/06\/mulher-elegante-e-feliz_1750263226617.jpg","contentUrl":"https:\/\/www.em.com.br\/emfoco\/wp-content\/uploads\/2025\/06\/mulher-elegante-e-feliz_1750263226617.jpg","width":1279,"height":720,"caption":"Mulher feliz - Cr\u00e9ditos: depositphotos.com \/ thelivephotos"},{"@type":"BreadcrumbList","@id":"https:\/\/www.em.com.br\/emfoco\/2025\/07\/27\/pessoas-felizes-sempre-evitam-essa-rotina-matinal-segundo-a-psicologia\/#breadcrumb","itemListElement":[{"@type":"ListItem","position":1,"name":"In\u00edcio","item":"https:\/\/www.em.com.br\/emfoco\/"},{"@type":"ListItem","position":2,"name":"Pessoas felizes sempre evitam essa rotina matinal, segundo a psicologia\u00a0"}]},{"@type":"WebSite","@id":"https:\/\/www.em.com.br\/emfoco\/#website","url":"https:\/\/www.em.com.br\/emfoco\/","name":"Estado de Minas - Em foco","description":"Acompanhe as \u00faltimas not\u00edcias e fique bem informado sobre tudo o que acontece em Minas Gerais, Brasil e no mundo.","potentialAction":[{"@type":"SearchAction","target":{"@type":"EntryPoint","urlTemplate":"https:\/\/www.em.com.br\/emfoco\/?s={search_term_string}"},"query-input":{"@type":"PropertyValueSpecification","valueRequired":true,"valueName":"search_term_string"}}],"inLanguage":"pt-BR"},{"@type":"Person","@id":"https:\/\/www.em.com.br\/emfoco\/#\/schema\/person\/60eda09c1fedf0d6891f4cef4b60b8b8","name":"Andre\u0301 Rangel\u00a0","image":{"@type":"ImageObject","inLanguage":"pt-BR","@id":"https:\/\/www.em.com.br\/emfoco\/#\/schema\/person\/image\/","url":"https:\/\/secure.gravatar.com\/avatar\/6234dc814c77c8ef6d8bba622c787efc?s=96&d=mm&r=g","contentUrl":"https:\/\/secure.gravatar.com\/avatar\/6234dc814c77c8ef6d8bba622c787efc?s=96&d=mm&r=g","caption":"Andre\u0301 Rangel\u00a0"},"url":"https:\/\/www.em.com.br\/emfoco\/author\/luizmyth\/"}]}},"_links":{"self":[{"href":"https:\/\/www.em.com.br\/emfoco\/wp-json\/wp\/v2\/posts\/81392","targetHints":{"allow":["GET"]}}],"collection":[{"href":"https:\/\/www.em.com.br\/emfoco\/wp-json\/wp\/v2\/posts"}],"about":[{"href":"https:\/\/www.em.com.br\/emfoco\/wp-json\/wp\/v2\/types\/post"}],"author":[{"embeddable":true,"href":"https:\/\/www.em.com.br\/emfoco\/wp-json\/wp\/v2\/users\/11"}],"replies":[{"embeddable":true,"href":"https:\/\/www.em.com.br\/emfoco\/wp-json\/wp\/v2\/comments?post=81392"}],"version-history":[{"count":3,"href":"https:\/\/www.em.com.br\/emfoco\/wp-json\/wp\/v2\/posts\/81392\/revisions"}],"predecessor-version":[{"id":81586,"href":"https:\/\/www.em.com.br\/emfoco\/wp-json\/wp\/v2\/posts\/81392\/revisions\/81586"}],"wp:featuredmedia":[{"embeddable":true,"href":"https:\/\/www.em.com.br\/emfoco\/wp-json\/wp\/v2\/media\/63095"}],"wp:attachment":[{"href":"https:\/\/www.em.com.br\/emfoco\/wp-json\/wp\/v2\/media?parent=81392"}],"wp:term":[{"taxonomy":"category","embeddable":true,"href":"https:\/\/www.em.com.br\/emfoco\/wp-json\/wp\/v2\/categories?post=81392"},{"taxonomy":"post_tag","embeddable":true,"href":"https:\/\/www.em.com.br\/emfoco\/wp-json\/wp\/v2\/tags?post=81392"}],"curies":[{"name":"wp","href":"https:\/\/api.w.org\/{rel}","templated":true}]}}