{"id":81379,"date":"2025-07-28T14:18:00","date_gmt":"2025-07-28T17:18:00","guid":{"rendered":"https:\/\/www.em.com.br\/emfoco\/?p=81379"},"modified":"2025-07-25T10:54:49","modified_gmt":"2025-07-25T13:54:49","slug":"voce-se-sente-muito-cansado-apos-o-almoco-o-erro-pode-estar-nas-suas-escolhas-alimentares","status":"publish","type":"post","link":"https:\/\/www.em.com.br\/emfoco\/2025\/07\/28\/voce-se-sente-muito-cansado-apos-o-almoco-o-erro-pode-estar-nas-suas-escolhas-alimentares\/","title":{"rendered":"Voc\u00ea se sente muito cansado ap\u00f3s o almo\u00e7o? O erro pode estar nas suas escolhas alimentares!"},"content":{"rendered":"\n<p>\u00c9 comum sentir-se exausto depois de almo\u00e7ar. Mas voc\u00ea j\u00e1 se perguntou por que isso acontece? Descubra abaixo as principais raz\u00f5es que contribuem para a <strong>fadiga <\/strong>ap\u00f3s as refei\u00e7\u00f5es e dicas para evitar esse estado.<\/p>\n\n\n\n<ul class=\"wp-block-list\">\n<li><strong>Digest\u00e3o<\/strong> em andamento e seu impacto na energia.<\/li>\n\n\n\n<li>Import\u00e2ncia do <strong>tipo de alimento<\/strong> consumido.<\/li>\n\n\n\n<li><strong><a href=\"https:\/\/naturallisas.com.br\/blog\/importancia-de-ter-um-bom-habito-alimentar?srsltid=AfmBOooO2N6WVq2fS1BVCaDxZrtU3Ad_TvBJiheSDQVbG_-njgIXPhxt\" target=\"_blank\" rel=\"noreferrer noopener\">H\u00e1bitos alimentares<\/a><\/strong> que melhoram a disposi\u00e7\u00e3o.<\/li>\n<\/ul>\n\n\n\n<h2 class=\"wp-block-heading\">O que acontece com nosso corpo durante a digest\u00e3o?<\/h2>\n\n\n\n<p>Ap\u00f3s o almo\u00e7o, o corpo inicia o complexo processo digestivo, direcionando sangue para o est\u00f4mago e intestinos. Este processo pode causar uma <strong>diminui\u00e7\u00e3o na circula\u00e7\u00e3o sangu\u00ednea<\/strong> em outras partes do corpo, influenciando na nossa sensa\u00e7\u00e3o de cansa\u00e7o.<\/p>\n\n\n\n<p>Al\u00e9m disso, o corpo produz horm\u00f4nios que auxiliam na digest\u00e3o, como a insulina. Este horm\u00f4nio \u00e9 respons\u00e1vel por regular a glicose e pode afetar os n\u00edveis de energia, contribuindo para a sensa\u00e7\u00e3o de lentid\u00e3o e sono.<\/p>\n\n\n\n<figure class=\"wp-block-image size-large\"><img loading=\"lazy\" decoding=\"async\" width=\"1024\" height=\"576\" src=\"https:\/\/www.em.com.br\/emfoco\/wp-content\/uploads\/2025\/07\/cansado_1752846200263-1024x576.jpg\" alt=\"Voc\u00ea dorme 8 horas e mesmo assim acorda cansado? Cuidado, essa sensa\u00e7\u00e3o pode estar ligada a algo mais s\u00e9rio\" class=\"wp-image-78042\" srcset=\"https:\/\/www.em.com.br\/emfoco\/wp-content\/uploads\/2025\/07\/cansado_1752846200263-1024x576.jpg 1024w, https:\/\/www.em.com.br\/emfoco\/wp-content\/uploads\/2025\/07\/cansado_1752846200263-300x169.jpg 300w, https:\/\/www.em.com.br\/emfoco\/wp-content\/uploads\/2025\/07\/cansado_1752846200263-768x432.jpg 768w, https:\/\/www.em.com.br\/emfoco\/wp-content\/uploads\/2025\/07\/cansado_1752846200263-750x422.jpg 750w, https:\/\/www.em.com.br\/emfoco\/wp-content\/uploads\/2025\/07\/cansado_1752846200263-1140x641.jpg 1140w, https:\/\/www.em.com.br\/emfoco\/wp-content\/uploads\/2025\/07\/cansado_1752846200263.jpg 1280w\" sizes=\"auto, (max-width: 1024px) 100vw, 1024px\" \/><figcaption class=\"wp-element-caption\">Mulher cansada no trabalho &#8211; Cr\u00e9ditos: depositphotos.com \/ stokkete<\/figcaption><\/figure>\n\n\n\n<h2 class=\"wp-block-heading\">Quais alimentos aumentam a sensa\u00e7\u00e3o de sonol\u00eancia?<\/h2>\n\n\n\n<p>Certos alimentos s\u00e3o mais propensos a causar sonol\u00eancia do que outros. Alimentos ricos em carboidratos e a\u00e7\u00facares podem levar a um r\u00e1pido aumento da glicemia, seguido de uma queda, causando fadiga. Em particular, refei\u00e7\u00f5es ricas em<strong> carboidratos refinados<\/strong> podem aumentar a sonol\u00eancia p\u00f3s-refei\u00e7\u00e3o.<br><br>Por outro lado, refei\u00e7\u00f5es ricas em prote\u00ednas, como peru e latic\u00ednios, cont\u00eam um amino\u00e1cido chamado triptofano, que pode aumentar a produ\u00e7\u00e3o de serotonina e melatonina, horm\u00f4nios associados ao relaxamento e ao sono.<\/p>\n\n\n\n<h2 class=\"wp-block-heading\">Como os h\u00e1bitos alimentares influenciam na nossa disposi\u00e7\u00e3o?<\/h2>\n\n\n\n<p>Mastigar devagar e saborear cada refei\u00e7\u00e3o pode ajudar na digest\u00e3o, reduzindo a probabilidade de cansa\u00e7o p\u00f3s-refei\u00e7\u00e3o. Al\u00e9m disso, refei\u00e7\u00f5es em menor quantidade e <strong>frequentes<\/strong> durante o dia ajudam a manter n\u00edveis de energia mais constantes.<\/p>\n\n\n\n<p>Adequar o hor\u00e1rio das refei\u00e7\u00f5es tamb\u00e9m pode influenciar. Evitar grandes refei\u00e7\u00f5es tarde da noite e equilibrar refei\u00e7\u00f5es pesadas com op\u00e7\u00f5es mais leves durante o dia pode ajudar a manter a energia ao longo do dia.<\/p>\n\n\n\n<h2 class=\"wp-block-heading\">Maneiras pr\u00e1ticas para driblar o cansa\u00e7o p\u00f3s-almo\u00e7o?<\/h2>\n\n\n\n<p>Uma caminhada leve ap\u00f3s o almo\u00e7o pode ser uma estrat\u00e9gia eficaz para aumentar os n\u00edveis de energia e melhorar a circula\u00e7\u00e3o sangu\u00ednea. Movimentar-se ajuda a combater a <strong>lentid\u00e3o<\/strong> associada ao processo digestivo.<\/p>\n\n\n\n<p>Outra dica \u00e9 garantir uma boa noite de sono, pois a qualidade do descanso noturno influencia diretamente na sensa\u00e7\u00e3o de cansa\u00e7o durante o dia. Manter um padr\u00e3o de sono regular auxilia na disposi\u00e7\u00e3o geral.<\/p>\n\n\n\n<p><strong>Este artigo trouxe insights valiosos:<\/strong><\/p>\n\n\n\n<ul class=\"wp-block-list\">\n<li>Compreens\u00e3o do papel da digest\u00e3o na <strong>fadiga p\u00f3s-almo\u00e7o<\/strong>.<\/li>\n\n\n\n<li>Cuidado com a escolha dos alimentos que podem influenciar a energia.<\/li>\n\n\n\n<li>Adapta\u00e7\u00e3o dos h\u00e1bitos alimentares para melhorar o <strong><a href=\"https:\/\/www.em.com.br\/emfoco\/2025\/05\/31\/como-a-autoaceitacao-contribui-para-o-bem-estar\/\" target=\"_blank\" rel=\"noreferrer noopener\">bem-estar di\u00e1rio<\/a><\/strong>.<\/li>\n<\/ul>\n","protected":false},"excerpt":{"rendered":"<p>\u00c9 comum sentir-se exausto depois de almo\u00e7ar. Mas voc\u00ea j\u00e1 se perguntou por que isso acontece? Descubra abaixo as principais raz\u00f5es que contribuem para a fadiga ap\u00f3s as refei\u00e7\u00f5es e dicas para evitar esse estado. O que acontece com nosso corpo durante a digest\u00e3o? Ap\u00f3s o almo\u00e7o, o corpo inicia o complexo processo digestivo, direcionando [&hellip;]<\/p>\n","protected":false},"author":13,"featured_media":76896,"comment_status":"open","ping_status":"open","sticky":false,"template":"","format":"standard","meta":{"jnews-multi-image_gallery":[],"jnews_single_post":{"format":"standard"},"jnews_primary_category":[],"jnews_social_meta":[],"jnews_override_counter":[],"footnotes":""},"categories":[8819,1],"tags":[2873,6131,4205,11396],"class_list":["post-81379","post","type-post","status-publish","format-standard","has-post-thumbnail","hentry","category-curiosidades","category-noticias","tag-almoco","tag-cansaco","tag-digestao","tag-fadiga"],"yoast_head":"<!-- This site is optimized with the Yoast SEO plugin v23.8 - https:\/\/yoast.com\/wordpress\/plugins\/seo\/ -->\n<title>Voc\u00ea se sente muito cansado ap\u00f3s o almo\u00e7o? O erro pode estar nas suas escolhas alimentares! - Estado de Minas - Em foco<\/title>\n<meta name=\"description\" content=\"Ficar cansado ap\u00f3s o almo\u00e7o \u00e9 comum e tem causas digestivas e alimentares. Veja como evitar essa fadiga com h\u00e1bitos simples.\" \/>\n<meta name=\"robots\" content=\"index, follow, max-snippet:-1, max-image-preview:large, max-video-preview:-1\" \/>\n<link rel=\"canonical\" href=\"https:\/\/www.em.com.br\/emfoco\/2025\/07\/28\/voce-se-sente-muito-cansado-apos-o-almoco-o-erro-pode-estar-nas-suas-escolhas-alimentares\/\" \/>\n<meta property=\"og:locale\" content=\"pt_BR\" \/>\n<meta property=\"og:type\" content=\"article\" \/>\n<meta property=\"og:title\" content=\"Voc\u00ea se sente muito cansado ap\u00f3s o almo\u00e7o? O erro pode estar nas suas escolhas alimentares! - Estado de Minas - Em foco\" \/>\n<meta property=\"og:description\" content=\"Ficar cansado ap\u00f3s o almo\u00e7o \u00e9 comum e tem causas digestivas e alimentares. Veja como evitar essa fadiga com h\u00e1bitos simples.\" \/>\n<meta property=\"og:url\" content=\"https:\/\/www.em.com.br\/emfoco\/2025\/07\/28\/voce-se-sente-muito-cansado-apos-o-almoco-o-erro-pode-estar-nas-suas-escolhas-alimentares\/\" \/>\n<meta property=\"og:site_name\" content=\"Estado de Minas - Em foco\" \/>\n<meta property=\"article:published_time\" content=\"2025-07-28T17:18:00+00:00\" \/>\n<meta property=\"article:modified_time\" content=\"2025-07-25T13:54:49+00:00\" \/>\n<meta property=\"og:image\" content=\"https:\/\/www.em.com.br\/emfoco\/wp-content\/uploads\/2025\/07\/cansaco_1752677622741.jpg\" \/>\n\t<meta property=\"og:image:width\" content=\"1280\" \/>\n\t<meta property=\"og:image:height\" content=\"720\" \/>\n\t<meta property=\"og:image:type\" content=\"image\/jpeg\" \/>\n<meta name=\"author\" content=\"Gabriel Martins\" \/>\n<meta name=\"twitter:card\" content=\"summary_large_image\" \/>\n<meta name=\"twitter:label1\" content=\"Escrito por\" \/>\n\t<meta name=\"twitter:data1\" content=\"Gabriel Martins\" \/>\n\t<meta name=\"twitter:label2\" content=\"Est. tempo de leitura\" \/>\n\t<meta name=\"twitter:data2\" content=\"3 minutos\" \/>\n<!-- \/ Yoast SEO plugin. -->","yoast_head_json":{"title":"Voc\u00ea se sente muito cansado ap\u00f3s o almo\u00e7o? O erro pode estar nas suas escolhas alimentares! - Estado de Minas - Em foco","description":"Ficar cansado ap\u00f3s o almo\u00e7o \u00e9 comum e tem causas digestivas e alimentares. Veja como evitar essa fadiga com h\u00e1bitos simples.","robots":{"index":"index","follow":"follow","max-snippet":"max-snippet:-1","max-image-preview":"max-image-preview:large","max-video-preview":"max-video-preview:-1"},"canonical":"https:\/\/www.em.com.br\/emfoco\/2025\/07\/28\/voce-se-sente-muito-cansado-apos-o-almoco-o-erro-pode-estar-nas-suas-escolhas-alimentares\/","og_locale":"pt_BR","og_type":"article","og_title":"Voc\u00ea se sente muito cansado ap\u00f3s o almo\u00e7o? O erro pode estar nas suas escolhas alimentares! - Estado de Minas - Em foco","og_description":"Ficar cansado ap\u00f3s o almo\u00e7o \u00e9 comum e tem causas digestivas e alimentares. Veja como evitar essa fadiga com h\u00e1bitos simples.","og_url":"https:\/\/www.em.com.br\/emfoco\/2025\/07\/28\/voce-se-sente-muito-cansado-apos-o-almoco-o-erro-pode-estar-nas-suas-escolhas-alimentares\/","og_site_name":"Estado de Minas - Em foco","article_published_time":"2025-07-28T17:18:00+00:00","article_modified_time":"2025-07-25T13:54:49+00:00","og_image":[{"width":1280,"height":720,"url":"https:\/\/www.em.com.br\/emfoco\/wp-content\/uploads\/2025\/07\/cansaco_1752677622741.jpg","type":"image\/jpeg"}],"author":"Gabriel Martins","twitter_card":"summary_large_image","twitter_misc":{"Escrito por":"Gabriel Martins","Est. tempo de leitura":"3 minutos"},"schema":{"@context":"https:\/\/schema.org","@graph":[{"@type":"WebPage","@id":"https:\/\/www.em.com.br\/emfoco\/2025\/07\/28\/voce-se-sente-muito-cansado-apos-o-almoco-o-erro-pode-estar-nas-suas-escolhas-alimentares\/","url":"https:\/\/www.em.com.br\/emfoco\/2025\/07\/28\/voce-se-sente-muito-cansado-apos-o-almoco-o-erro-pode-estar-nas-suas-escolhas-alimentares\/","name":"Voc\u00ea se sente muito cansado ap\u00f3s o almo\u00e7o? O erro pode estar nas suas escolhas alimentares! - Estado de Minas - Em foco","isPartOf":{"@id":"https:\/\/www.em.com.br\/emfoco\/#website"},"primaryImageOfPage":{"@id":"https:\/\/www.em.com.br\/emfoco\/2025\/07\/28\/voce-se-sente-muito-cansado-apos-o-almoco-o-erro-pode-estar-nas-suas-escolhas-alimentares\/#primaryimage"},"image":{"@id":"https:\/\/www.em.com.br\/emfoco\/2025\/07\/28\/voce-se-sente-muito-cansado-apos-o-almoco-o-erro-pode-estar-nas-suas-escolhas-alimentares\/#primaryimage"},"thumbnailUrl":"https:\/\/www.em.com.br\/emfoco\/wp-content\/uploads\/2025\/07\/cansaco_1752677622741.jpg","datePublished":"2025-07-28T17:18:00+00:00","dateModified":"2025-07-25T13:54:49+00:00","author":{"@id":"https:\/\/www.em.com.br\/emfoco\/#\/schema\/person\/1c9ddeab18b98abeffef834667bcf08a"},"description":"Ficar cansado ap\u00f3s o almo\u00e7o \u00e9 comum e tem causas digestivas e alimentares. Veja como evitar essa fadiga com h\u00e1bitos simples.","breadcrumb":{"@id":"https:\/\/www.em.com.br\/emfoco\/2025\/07\/28\/voce-se-sente-muito-cansado-apos-o-almoco-o-erro-pode-estar-nas-suas-escolhas-alimentares\/#breadcrumb"},"inLanguage":"pt-BR","potentialAction":[{"@type":"ReadAction","target":["https:\/\/www.em.com.br\/emfoco\/2025\/07\/28\/voce-se-sente-muito-cansado-apos-o-almoco-o-erro-pode-estar-nas-suas-escolhas-alimentares\/"]}]},{"@type":"ImageObject","inLanguage":"pt-BR","@id":"https:\/\/www.em.com.br\/emfoco\/2025\/07\/28\/voce-se-sente-muito-cansado-apos-o-almoco-o-erro-pode-estar-nas-suas-escolhas-alimentares\/#primaryimage","url":"https:\/\/www.em.com.br\/emfoco\/wp-content\/uploads\/2025\/07\/cansaco_1752677622741.jpg","contentUrl":"https:\/\/www.em.com.br\/emfoco\/wp-content\/uploads\/2025\/07\/cansaco_1752677622741.jpg","width":1280,"height":720,"caption":"Homem cansado - Cr\u00e9ditos: depositphotos.com \/ HayDmitriy"},{"@type":"BreadcrumbList","@id":"https:\/\/www.em.com.br\/emfoco\/2025\/07\/28\/voce-se-sente-muito-cansado-apos-o-almoco-o-erro-pode-estar-nas-suas-escolhas-alimentares\/#breadcrumb","itemListElement":[{"@type":"ListItem","position":1,"name":"In\u00edcio","item":"https:\/\/www.em.com.br\/emfoco\/"},{"@type":"ListItem","position":2,"name":"Voc\u00ea se sente muito cansado ap\u00f3s o almo\u00e7o? O erro pode estar nas suas escolhas alimentares!"}]},{"@type":"WebSite","@id":"https:\/\/www.em.com.br\/emfoco\/#website","url":"https:\/\/www.em.com.br\/emfoco\/","name":"Estado de Minas - Em foco","description":"Acompanhe as \u00faltimas not\u00edcias e fique bem informado sobre tudo o que acontece em Minas Gerais, Brasil e no mundo.","potentialAction":[{"@type":"SearchAction","target":{"@type":"EntryPoint","urlTemplate":"https:\/\/www.em.com.br\/emfoco\/?s={search_term_string}"},"query-input":{"@type":"PropertyValueSpecification","valueRequired":true,"valueName":"search_term_string"}}],"inLanguage":"pt-BR"},{"@type":"Person","@id":"https:\/\/www.em.com.br\/emfoco\/#\/schema\/person\/1c9ddeab18b98abeffef834667bcf08a","name":"Gabriel Martins","image":{"@type":"ImageObject","inLanguage":"pt-BR","@id":"https:\/\/www.em.com.br\/emfoco\/#\/schema\/person\/image\/","url":"https:\/\/secure.gravatar.com\/avatar\/f0f1e2efdfd88f1ad2cb08c5c2731e50?s=96&d=mm&r=g","contentUrl":"https:\/\/secure.gravatar.com\/avatar\/f0f1e2efdfd88f1ad2cb08c5c2731e50?s=96&d=mm&r=g","caption":"Gabriel Martins"},"sameAs":["https:\/\/www.em.com.br\/emfoco\/"],"url":"https:\/\/www.em.com.br\/emfoco\/author\/gabrielmartinsmyth\/"}]}},"_links":{"self":[{"href":"https:\/\/www.em.com.br\/emfoco\/wp-json\/wp\/v2\/posts\/81379","targetHints":{"allow":["GET"]}}],"collection":[{"href":"https:\/\/www.em.com.br\/emfoco\/wp-json\/wp\/v2\/posts"}],"about":[{"href":"https:\/\/www.em.com.br\/emfoco\/wp-json\/wp\/v2\/types\/post"}],"author":[{"embeddable":true,"href":"https:\/\/www.em.com.br\/emfoco\/wp-json\/wp\/v2\/users\/13"}],"replies":[{"embeddable":true,"href":"https:\/\/www.em.com.br\/emfoco\/wp-json\/wp\/v2\/comments?post=81379"}],"version-history":[{"count":2,"href":"https:\/\/www.em.com.br\/emfoco\/wp-json\/wp\/v2\/posts\/81379\/revisions"}],"predecessor-version":[{"id":81396,"href":"https:\/\/www.em.com.br\/emfoco\/wp-json\/wp\/v2\/posts\/81379\/revisions\/81396"}],"wp:featuredmedia":[{"embeddable":true,"href":"https:\/\/www.em.com.br\/emfoco\/wp-json\/wp\/v2\/media\/76896"}],"wp:attachment":[{"href":"https:\/\/www.em.com.br\/emfoco\/wp-json\/wp\/v2\/media?parent=81379"}],"wp:term":[{"taxonomy":"category","embeddable":true,"href":"https:\/\/www.em.com.br\/emfoco\/wp-json\/wp\/v2\/categories?post=81379"},{"taxonomy":"post_tag","embeddable":true,"href":"https:\/\/www.em.com.br\/emfoco\/wp-json\/wp\/v2\/tags?post=81379"}],"curies":[{"name":"wp","href":"https:\/\/api.w.org\/{rel}","templated":true}]}}