{"id":81317,"date":"2025-07-26T07:38:00","date_gmt":"2025-07-26T10:38:00","guid":{"rendered":"https:\/\/www.em.com.br\/emfoco\/?p=81317"},"modified":"2025-07-25T09:50:10","modified_gmt":"2025-07-25T12:50:10","slug":"voce-come-na-ordem-certa-veja-como-isso-afeta-sua-saude","status":"publish","type":"post","link":"https:\/\/www.em.com.br\/emfoco\/2025\/07\/26\/voce-come-na-ordem-certa-veja-como-isso-afeta-sua-saude\/","title":{"rendered":"Voc\u00ea come na ordem certa? Veja como isso afeta sua sa\u00fade"},"content":{"rendered":"\n<p>Uma abordagem inovadora e respaldada por estudos cient\u00edficos sugere que o simples ato de mudar a ordem dos alimentos em uma refei\u00e7\u00e3o pode ter significativos benef\u00edcios para o controle dos n\u00edveis de <a href=\"https:\/\/mundoeducacao.uol.com.br\/biologia\/glicose.htm\" target=\"_blank\" rel=\"noreferrer noopener\">glicose <\/a>no sangue. Essa t\u00e9cnica, denominada <strong>sequenciamento de refei\u00e7\u00f5es<\/strong>, n\u00e3o envolve alterar o que se come, mas sim a sequ\u00eancia em que os alimentos s\u00e3o ingeridos. Pesquisadores de institui\u00e7\u00f5es renomadas, como a <strong>UCLA<\/strong> e a <strong>Cornell University<\/strong>, t\u00eam investigado como essa pr\u00e1tica pode contribuir para uma alimenta\u00e7\u00e3o mais balanceada.<\/p>\n\n\n\n<p>Tradicionalmente, as recomenda\u00e7\u00f5es alimentares enfatizam a escolha correta dos alimentos e o controle de calorias. No entanto, a ordem dos alimentos come\u00e7a a ganhar aten\u00e7\u00e3o olhando, sobretudo, para o impacto na <a href=\"https:\/\/www.em.com.br\/emfoco\/2025\/04\/27\/quer-controlar-sua-glicose-de-forma-natural-veja-como-a-farinha-de-jabuticaba-pode-ajudar\/\" target=\"_blank\" rel=\"noreferrer noopener\">glicemia <\/a>ap\u00f3s as refei\u00e7\u00f5es. Estudos indicam que o consumo de determinados alimentos ao in\u00edcio das refei\u00e7\u00f5es pode criar uma barreira efetiva contra os picos de glicose, sem a necessidade de ajustes dr\u00e1sticos na por\u00e7\u00e3o dos alimentos. Em pesquisa publicada em 2022, cientistas japoneses tamb\u00e9m corroboraram essas descobertas, mostrando a efic\u00e1cia do sequenciamento em popula\u00e7\u00f5es asi\u00e1ticas.<\/p>\n\n\n\n<h2 class=\"wp-block-heading\">Qual \u00e9 a sequ\u00eancia ideal de alimentos para controlar a glicose?<\/h2>\n\n\n\n<p>O protocolo recomendado inicia com o consumo de vegetais n\u00e3o-amil\u00e1ceos, como folhas verdes, br\u00f3colis e repolho. Esses vegetais s\u00e3o ricos em fibras, o que ajuda a desacelerar a absor\u00e7\u00e3o do a\u00e7\u00facar dos alimentos que s\u00e3o ingeridos em seguida. Segundo a bioqu\u00edmica especialista em glicose <strong>Jessie Inchausp\u00e9<\/strong>, dessa maneira \u00e9 poss\u00edvel reduzir os picos glic\u00eamicos em at\u00e9 75%, conforme sugerem dados da <strong>Cornell University<\/strong>.<\/p>\n\n\n\n<p>Ap\u00f3s os vegetais, prote\u00ednas e gorduras saud\u00e1veis s\u00e3o consumidos. Fontes como peixe, tofu e azeite de oliva n\u00e3o promovem eleva\u00e7\u00f5es bruscas nos n\u00edveis de glicose, mas ajudam a prolongar a sensa\u00e7\u00e3o de saciedade e a retardar a absor\u00e7\u00e3o de a\u00e7\u00facar, conforme explicou a dietista registrada <strong>Sandra Ar\u00e9valo<\/strong>. Al\u00e9m disso, o consumo desses nutrientes favorece a secre\u00e7\u00e3o de horm\u00f4nios intestinais que contribuem para uma digest\u00e3o mais lenta e uma redu\u00e7\u00e3o no apetite.<\/p>\n\n\n\n<h2 class=\"wp-block-heading\">Por que os carboidratos devem ser consumidos por \u00faltimo na refei\u00e7\u00e3o?<\/h2>\n\n\n\n<p>O passo final no sequenciamento de refei\u00e7\u00f5es \u00e9 consumir carboidratos no t\u00e9rmino da refei\u00e7\u00e3o. Carboidratos refinados, como arroz branco e p\u00e3es, quando consumidos sozinhos, s\u00e3o mais propensos a causar picos de glicose. Ao serem comidos ap\u00f3s vegetais e prote\u00ednas, seu impacto glic\u00eamico \u00e9 amortecido. Estudos cl\u00ednicos, como um liderado pela doutora <strong>Alpana Shukla<\/strong>, demonstram redu\u00e7\u00f5es significativas em picos glic\u00eamicos quando carboidratos s\u00e3o ingeridos por \u00faltimo.<\/p>\n\n\n\n<p>Outro fator relevante \u00e9 que, ao retardar o consumo de alimentos ricos em amido ou a\u00e7\u00facar, o corpo j\u00e1 iniciou a libera\u00e7\u00e3o de horm\u00f4nios que regulam a glicemia e promovem maior saciedade. Essa estrat\u00e9gia tamb\u00e9m pode ajudar a evitar aquela sensa\u00e7\u00e3o de fadiga p\u00f3s-refei\u00e7\u00e3o, frequentemente associada a altera\u00e7\u00f5es bruscas nos n\u00edveis de a\u00e7\u00facar no sangue. Dessa forma, o sequenciamento alimentar n\u00e3o s\u00f3 contribui para a estabilidade da glicose, como tamb\u00e9m pode favorecer o controle da fome e do peso corporal.<\/p>\n\n\n\n<figure class=\"wp-block-image size-large\"><img loading=\"lazy\" decoding=\"async\" width=\"1024\" height=\"576\" src=\"https:\/\/www.em.com.br\/emfoco\/wp-content\/uploads\/2025\/07\/PRATO-DE-COMIDA_1753447585893-1024x576.jpg\" alt=\"Voc\u00ea come na ordem certa? Veja como isso afeta sua sa\u00fade\" class=\"wp-image-81320\" srcset=\"https:\/\/www.em.com.br\/emfoco\/wp-content\/uploads\/2025\/07\/PRATO-DE-COMIDA_1753447585893-1024x576.jpg 1024w, https:\/\/www.em.com.br\/emfoco\/wp-content\/uploads\/2025\/07\/PRATO-DE-COMIDA_1753447585893-300x169.jpg 300w, https:\/\/www.em.com.br\/emfoco\/wp-content\/uploads\/2025\/07\/PRATO-DE-COMIDA_1753447585893-768x432.jpg 768w, https:\/\/www.em.com.br\/emfoco\/wp-content\/uploads\/2025\/07\/PRATO-DE-COMIDA_1753447585893-750x422.jpg 750w, https:\/\/www.em.com.br\/emfoco\/wp-content\/uploads\/2025\/07\/PRATO-DE-COMIDA_1753447585893-1140x641.jpg 1140w, https:\/\/www.em.com.br\/emfoco\/wp-content\/uploads\/2025\/07\/PRATO-DE-COMIDA_1753447585893.jpg 1280w\" sizes=\"auto, (max-width: 1024px) 100vw, 1024px\" \/><figcaption class=\"wp-element-caption\">Prato de comida &#8211; Cr\u00e9ditos: depositphotos.com \/ diogoppr<\/figcaption><\/figure>\n\n\n\n<h2 class=\"wp-block-heading\">Este m\u00e9todo de sequenciamento alimentar serve para todos?<\/h2>\n\n\n\n<p>Embora o sequenciamento de refei\u00e7\u00f5es apresente benef\u00edcios para muitos, especialmente para aqueles com resist\u00eancia \u00e0 insulina ou diabetes tipo 2, \u00e9 essencial obter orienta\u00e7\u00e3o m\u00e9dica antes de implementar mudan\u00e7as significativas na dieta. A resposta do metabolismo varia entre indiv\u00edduos, o que torna a consulta com profissionais de sa\u00fade crucial. Esse m\u00e9todo tamb\u00e9m pode beneficiar aqueles sem condi\u00e7\u00f5es diagnosticadas de diabetes, ajudando a prevenir quedas de energia e a manter a concentra\u00e7\u00e3o.<\/p>\n\n\n\n<p>Integrar o sequenciamento de refei\u00e7\u00f5es \u00e0 rotina di\u00e1ria pode ser feito sem grandes mudan\u00e7as. Come\u00e7ar cada refei\u00e7\u00e3o com vegetais, seguido de prote\u00ednas e gorduras, e deixar os carboidratos para o final s\u00e3o passos simples que n\u00e3o exigem dietas r\u00edgidas, mas que podem trazer vantagens substanciais para o controle da glicemia e o bem-estar geral.<\/p>\n\n\n\n<h2 class=\"wp-block-heading\">Como adotar o sequenciamento de refei\u00e7\u00f5es no dia a dia?<\/h2>\n\n\n\n<p>Para adotar o sequenciamento de refei\u00e7\u00f5es no cotidiano, pequenas mudan\u00e7as de h\u00e1bito j\u00e1 fazem diferen\u00e7a. Por exemplo, ao montar um prato, reserve uma quantidade generosa de salada e vegetais para iniciar a refei\u00e7\u00e3o. Em seguida, priorize prote\u00ednas magras, como carnes brancas, ovos ou leguminosas, e acrescente uma fonte de gordura saud\u00e1vel, como abacate ou azeite de oliva. S\u00f3 ent\u00e3o, insira a por\u00e7\u00e3o de carboidratos, como batata-doce, arroz integral ou p\u00e3es integrais, ao final do prato.<\/p>\n\n\n\n<p>Outra dica importante \u00e9 mastigar lentamente e apreciar cada etapa da refei\u00e7\u00e3o, dando tempo para que os efeitos positivos na saciedade e no controle da glicose se manifestem. \u00c9 fundamental lembrar que o sequenciamento alimentar pode ser personalizado de acordo com as prefer\u00eancias e necessidades individuais, tornando-se uma abordagem flex\u00edvel para quem busca melhorar a resposta glic\u00eamica sem abdicar do prazer em comer. Tecnologias atuais, como monitores de glicose por sensores cont\u00ednuos, agora tamb\u00e9m permitem que pessoas acompanhem mais facilmente os resultados desse m\u00e9todo em seu dia a dia.<\/p>\n","protected":false},"excerpt":{"rendered":"<p>Uma abordagem inovadora e respaldada por estudos cient\u00edficos sugere que o simples ato de mudar a ordem dos alimentos em uma refei\u00e7\u00e3o pode ter significativos benef\u00edcios para o controle dos n\u00edveis de glicose no sangue. Essa t\u00e9cnica, denominada sequenciamento de refei\u00e7\u00f5es, n\u00e3o envolve alterar o que se come, mas sim a sequ\u00eancia em que os [&hellip;]<\/p>\n","protected":false},"author":18,"featured_media":81319,"comment_status":"open","ping_status":"open","sticky":false,"template":"","format":"standard","meta":{"jnews-multi-image_gallery":[],"jnews_single_post":{"format":"standard"},"jnews_primary_category":[],"jnews_social_meta":[],"jnews_override_counter":[],"footnotes":""},"categories":[9053],"tags":[2856,6825,415],"class_list":["post-81317","post","type-post","status-publish","format-standard","has-post-thumbnail","hentry","category-saude","tag-comida","tag-glicose","tag-saude"],"yoast_head":"<!-- This site is optimized with the Yoast SEO plugin v23.8 - https:\/\/yoast.com\/wordpress\/plugins\/seo\/ -->\n<title>Voc\u00ea come na ordem certa? Veja como isso afeta sua sa\u00fade - Estado de Minas - Em foco<\/title>\n<meta name=\"description\" content=\"Pesquisas mostram que mudar a ordem dos alimentos na refei\u00e7\u00e3o pode estabilizar a glicose. Entenda como isso funciona na pr\u00e1tica.\" \/>\n<meta name=\"robots\" content=\"index, follow, max-snippet:-1, max-image-preview:large, max-video-preview:-1\" \/>\n<link rel=\"canonical\" href=\"https:\/\/www.em.com.br\/emfoco\/2025\/07\/26\/voce-come-na-ordem-certa-veja-como-isso-afeta-sua-saude\/\" \/>\n<meta property=\"og:locale\" content=\"pt_BR\" \/>\n<meta property=\"og:type\" content=\"article\" \/>\n<meta property=\"og:title\" content=\"Voc\u00ea come na ordem certa? Veja como isso afeta sua sa\u00fade - Estado de Minas - Em foco\" \/>\n<meta property=\"og:description\" content=\"Pesquisas mostram que mudar a ordem dos alimentos na refei\u00e7\u00e3o pode estabilizar a glicose. Entenda como isso funciona na pr\u00e1tica.\" \/>\n<meta property=\"og:url\" content=\"https:\/\/www.em.com.br\/emfoco\/2025\/07\/26\/voce-come-na-ordem-certa-veja-como-isso-afeta-sua-saude\/\" \/>\n<meta property=\"og:site_name\" content=\"Estado de Minas - Em foco\" \/>\n<meta property=\"article:published_time\" content=\"2025-07-26T10:38:00+00:00\" \/>\n<meta property=\"article:modified_time\" content=\"2025-07-25T12:50:10+00:00\" \/>\n<meta property=\"og:image\" content=\"https:\/\/www.em.com.br\/emfoco\/wp-content\/uploads\/2025\/07\/PRATO-DE-COMIDA_1753447540524.jpg\" \/>\n\t<meta property=\"og:image:width\" content=\"1280\" \/>\n\t<meta property=\"og:image:height\" content=\"720\" \/>\n\t<meta property=\"og:image:type\" content=\"image\/jpeg\" \/>\n<meta name=\"author\" content=\"Julio Cesar\" \/>\n<meta name=\"twitter:card\" content=\"summary_large_image\" \/>\n<meta name=\"twitter:label1\" content=\"Escrito por\" \/>\n\t<meta name=\"twitter:data1\" content=\"Julio Cesar\" \/>\n\t<meta name=\"twitter:label2\" content=\"Est. tempo de leitura\" \/>\n\t<meta name=\"twitter:data2\" content=\"5 minutos\" \/>\n<!-- \/ Yoast SEO plugin. -->","yoast_head_json":{"title":"Voc\u00ea come na ordem certa? Veja como isso afeta sua sa\u00fade - Estado de Minas - Em foco","description":"Pesquisas mostram que mudar a ordem dos alimentos na refei\u00e7\u00e3o pode estabilizar a glicose. Entenda como isso funciona na pr\u00e1tica.","robots":{"index":"index","follow":"follow","max-snippet":"max-snippet:-1","max-image-preview":"max-image-preview:large","max-video-preview":"max-video-preview:-1"},"canonical":"https:\/\/www.em.com.br\/emfoco\/2025\/07\/26\/voce-come-na-ordem-certa-veja-como-isso-afeta-sua-saude\/","og_locale":"pt_BR","og_type":"article","og_title":"Voc\u00ea come na ordem certa? Veja como isso afeta sua sa\u00fade - Estado de Minas - Em foco","og_description":"Pesquisas mostram que mudar a ordem dos alimentos na refei\u00e7\u00e3o pode estabilizar a glicose. Entenda como isso funciona na pr\u00e1tica.","og_url":"https:\/\/www.em.com.br\/emfoco\/2025\/07\/26\/voce-come-na-ordem-certa-veja-como-isso-afeta-sua-saude\/","og_site_name":"Estado de Minas - Em foco","article_published_time":"2025-07-26T10:38:00+00:00","article_modified_time":"2025-07-25T12:50:10+00:00","og_image":[{"width":1280,"height":720,"url":"https:\/\/www.em.com.br\/emfoco\/wp-content\/uploads\/2025\/07\/PRATO-DE-COMIDA_1753447540524.jpg","type":"image\/jpeg"}],"author":"Julio Cesar","twitter_card":"summary_large_image","twitter_misc":{"Escrito por":"Julio Cesar","Est. tempo de leitura":"5 minutos"},"schema":{"@context":"https:\/\/schema.org","@graph":[{"@type":"WebPage","@id":"https:\/\/www.em.com.br\/emfoco\/2025\/07\/26\/voce-come-na-ordem-certa-veja-como-isso-afeta-sua-saude\/","url":"https:\/\/www.em.com.br\/emfoco\/2025\/07\/26\/voce-come-na-ordem-certa-veja-como-isso-afeta-sua-saude\/","name":"Voc\u00ea come na ordem certa? Veja como isso afeta sua sa\u00fade - Estado de Minas - Em foco","isPartOf":{"@id":"https:\/\/www.em.com.br\/emfoco\/#website"},"primaryImageOfPage":{"@id":"https:\/\/www.em.com.br\/emfoco\/2025\/07\/26\/voce-come-na-ordem-certa-veja-como-isso-afeta-sua-saude\/#primaryimage"},"image":{"@id":"https:\/\/www.em.com.br\/emfoco\/2025\/07\/26\/voce-come-na-ordem-certa-veja-como-isso-afeta-sua-saude\/#primaryimage"},"thumbnailUrl":"https:\/\/www.em.com.br\/emfoco\/wp-content\/uploads\/2025\/07\/PRATO-DE-COMIDA_1753447540524.jpg","datePublished":"2025-07-26T10:38:00+00:00","dateModified":"2025-07-25T12:50:10+00:00","author":{"@id":"https:\/\/www.em.com.br\/emfoco\/#\/schema\/person\/08c4a03e38018bbab9038d5f788321fc"},"description":"Pesquisas mostram que mudar a ordem dos alimentos na refei\u00e7\u00e3o pode estabilizar a glicose. Entenda como isso funciona na pr\u00e1tica.","breadcrumb":{"@id":"https:\/\/www.em.com.br\/emfoco\/2025\/07\/26\/voce-come-na-ordem-certa-veja-como-isso-afeta-sua-saude\/#breadcrumb"},"inLanguage":"pt-BR","potentialAction":[{"@type":"ReadAction","target":["https:\/\/www.em.com.br\/emfoco\/2025\/07\/26\/voce-come-na-ordem-certa-veja-como-isso-afeta-sua-saude\/"]}]},{"@type":"ImageObject","inLanguage":"pt-BR","@id":"https:\/\/www.em.com.br\/emfoco\/2025\/07\/26\/voce-come-na-ordem-certa-veja-como-isso-afeta-sua-saude\/#primaryimage","url":"https:\/\/www.em.com.br\/emfoco\/wp-content\/uploads\/2025\/07\/PRATO-DE-COMIDA_1753447540524.jpg","contentUrl":"https:\/\/www.em.com.br\/emfoco\/wp-content\/uploads\/2025\/07\/PRATO-DE-COMIDA_1753447540524.jpg","width":1280,"height":720,"caption":"Prato de comida - Cr\u00e9ditos: depositphotos.com \/ diogoppr"},{"@type":"BreadcrumbList","@id":"https:\/\/www.em.com.br\/emfoco\/2025\/07\/26\/voce-come-na-ordem-certa-veja-como-isso-afeta-sua-saude\/#breadcrumb","itemListElement":[{"@type":"ListItem","position":1,"name":"In\u00edcio","item":"https:\/\/www.em.com.br\/emfoco\/"},{"@type":"ListItem","position":2,"name":"Voc\u00ea come na ordem certa? Veja como isso afeta sua sa\u00fade"}]},{"@type":"WebSite","@id":"https:\/\/www.em.com.br\/emfoco\/#website","url":"https:\/\/www.em.com.br\/emfoco\/","name":"Estado de Minas - Em foco","description":"Acompanhe as \u00faltimas not\u00edcias e fique bem informado sobre tudo o que acontece em Minas Gerais, Brasil e no mundo.","potentialAction":[{"@type":"SearchAction","target":{"@type":"EntryPoint","urlTemplate":"https:\/\/www.em.com.br\/emfoco\/?s={search_term_string}"},"query-input":{"@type":"PropertyValueSpecification","valueRequired":true,"valueName":"search_term_string"}}],"inLanguage":"pt-BR"},{"@type":"Person","@id":"https:\/\/www.em.com.br\/emfoco\/#\/schema\/person\/08c4a03e38018bbab9038d5f788321fc","name":"Julio Cesar","image":{"@type":"ImageObject","inLanguage":"pt-BR","@id":"https:\/\/www.em.com.br\/emfoco\/#\/schema\/person\/image\/","url":"https:\/\/secure.gravatar.com\/avatar\/ab1ea64f0d4f4c1385f8ef10d5a6e758?s=96&d=mm&r=g","contentUrl":"https:\/\/secure.gravatar.com\/avatar\/ab1ea64f0d4f4c1385f8ef10d5a6e758?s=96&d=mm&r=g","caption":"Julio Cesar"},"url":"https:\/\/www.em.com.br\/emfoco\/author\/juliomyth\/"}]}},"_links":{"self":[{"href":"https:\/\/www.em.com.br\/emfoco\/wp-json\/wp\/v2\/posts\/81317","targetHints":{"allow":["GET"]}}],"collection":[{"href":"https:\/\/www.em.com.br\/emfoco\/wp-json\/wp\/v2\/posts"}],"about":[{"href":"https:\/\/www.em.com.br\/emfoco\/wp-json\/wp\/v2\/types\/post"}],"author":[{"embeddable":true,"href":"https:\/\/www.em.com.br\/emfoco\/wp-json\/wp\/v2\/users\/18"}],"replies":[{"embeddable":true,"href":"https:\/\/www.em.com.br\/emfoco\/wp-json\/wp\/v2\/comments?post=81317"}],"version-history":[{"count":2,"href":"https:\/\/www.em.com.br\/emfoco\/wp-json\/wp\/v2\/posts\/81317\/revisions"}],"predecessor-version":[{"id":81322,"href":"https:\/\/www.em.com.br\/emfoco\/wp-json\/wp\/v2\/posts\/81317\/revisions\/81322"}],"wp:featuredmedia":[{"embeddable":true,"href":"https:\/\/www.em.com.br\/emfoco\/wp-json\/wp\/v2\/media\/81319"}],"wp:attachment":[{"href":"https:\/\/www.em.com.br\/emfoco\/wp-json\/wp\/v2\/media?parent=81317"}],"wp:term":[{"taxonomy":"category","embeddable":true,"href":"https:\/\/www.em.com.br\/emfoco\/wp-json\/wp\/v2\/categories?post=81317"},{"taxonomy":"post_tag","embeddable":true,"href":"https:\/\/www.em.com.br\/emfoco\/wp-json\/wp\/v2\/tags?post=81317"}],"curies":[{"name":"wp","href":"https:\/\/api.w.org\/{rel}","templated":true}]}}