{"id":81231,"date":"2025-07-25T20:38:00","date_gmt":"2025-07-25T23:38:00","guid":{"rendered":"https:\/\/www.em.com.br\/emfoco\/?p=81231"},"modified":"2025-07-24T20:32:32","modified_gmt":"2025-07-24T23:32:32","slug":"pe-de-meia-vira-esperanca-de-renda-fixa-para-jovens-em-vulnerabilidade","status":"publish","type":"post","link":"https:\/\/www.em.com.br\/emfoco\/2025\/07\/25\/pe-de-meia-vira-esperanca-de-renda-fixa-para-jovens-em-vulnerabilidade\/","title":{"rendered":"P\u00e9-de-Meia vira esperan\u00e7a de renda fixa para jovens em vulnerabilidade"},"content":{"rendered":"\n<p>O programa <strong>P\u00e9-de-Meia<\/strong> inicia uma nova rodada de pagamentos no dia 28 de julho, voltado para estudantes do ensino m\u00e9dio p\u00fablico inscritos no <strong><a href=\"https:\/\/www.gov.br\/pt-br\/servicos\/consultar-dados-do-cadastro-unico-cadunico\" target=\"_blank\" rel=\"noreferrer noopener\">Cad\u00danico<\/a><\/strong>. Neste m\u00eas, o <strong>benef\u00edcio<\/strong> ser\u00e1 de R$ 200, destinado a alunos que mantiveram ao menos 80% de frequ\u00eancia escolar. Criado em 2024 para reduzir a evas\u00e3o escolar, o programa beneficia mensalmente mais de 5 milh\u00f5es de estudantes.<\/p>\n\n\n\n<p>Al\u00e9m do incentivo principal para frequ\u00eancia, o <strong>P\u00e9-de-Meia<\/strong> busca criar uma nova perspectiva para jovens em situa\u00e7\u00e3o de vulnerabilidade social. O programa tamb\u00e9m incentiva o planejamento educacional, auxiliando fam\u00edlias a manterem seus filhos na escola at\u00e9 a conclus\u00e3o do ensino m\u00e9dio e promovendo maior inclus\u00e3o social atrav\u00e9s da educa\u00e7\u00e3o.<\/p>\n\n\n\n<h2 class=\"wp-block-heading\">Como funciona o calend\u00e1rio de pagamento do P\u00e9-de-Meia?<\/h2>\n\n\n<div class=\"wp-block-image\">\n<figure class=\"aligncenter size-large\"><img loading=\"lazy\" decoding=\"async\" width=\"1024\" height=\"576\" src=\"https:\/\/www.em.com.br\/emfoco\/wp-content\/uploads\/2025\/06\/dinheiro-re_1748976514366-1024x576.jpg\" alt=\"Caixa paga Bolsa Fam\u00edlia a benefici\u00e1rios com NIS de final 3\" class=\"wp-image-55001\" srcset=\"https:\/\/www.em.com.br\/emfoco\/wp-content\/uploads\/2025\/06\/dinheiro-re_1748976514366-1024x576.jpg 1024w, https:\/\/www.em.com.br\/emfoco\/wp-content\/uploads\/2025\/06\/dinheiro-re_1748976514366-300x169.jpg 300w, https:\/\/www.em.com.br\/emfoco\/wp-content\/uploads\/2025\/06\/dinheiro-re_1748976514366-768x432.jpg 768w, https:\/\/www.em.com.br\/emfoco\/wp-content\/uploads\/2025\/06\/dinheiro-re_1748976514366-750x422.jpg 750w, https:\/\/www.em.com.br\/emfoco\/wp-content\/uploads\/2025\/06\/dinheiro-re_1748976514366-1140x641.jpg 1140w, https:\/\/www.em.com.br\/emfoco\/wp-content\/uploads\/2025\/06\/dinheiro-re_1748976514366.jpg 1280w\" sizes=\"auto, (max-width: 1024px) 100vw, 1024px\" \/><figcaption class=\"wp-element-caption\">Calend\u00e1rio de pagamento &#8211; Cr\u00e9ditos: depositphotos.com \/ vectorlab<\/figcaption><\/figure><\/div>\n\n\n<p>Os pagamentos do <a href=\"https:\/\/www.em.com.br\/emfoco\/2025\/07\/22\/veja-quem-recebe-os-r-200-do-pe-de-meia-e-quando-cai-na-conta\/\" target=\"_blank\" rel=\"noreferrer noopener\">P\u00e9-de-Meia<\/a> s\u00e3o feitos de forma escalonada, com a <strong>Caixa Econ\u00f4mica Federal<\/strong> respons\u00e1vel pelos dep\u00f3sitos. Em alguns casos, o pagamento pode ser antecipado para o s\u00e1bado anterior.<\/p>\n\n\n\n<p>O calend\u00e1rio segue a ordem do m\u00eas de nascimento do estudante, facilitando o controle e organiza\u00e7\u00e3o para recebimento do benef\u00edcio. Por exemplo, estudantes nascidos em janeiro e fevereiro recebem em 28 de julho, podendo ser antecipado para o dia 26. Os demais meses seguem sequencialmente, at\u00e9 novembro e dezembro, cujo pagamento \u00e9 realizado em 4 de agosto, com poss\u00edvel antecipa\u00e7\u00e3o para 2 de agosto.<\/p>\n\n\n\n<h2 class=\"wp-block-heading\">Valores e tipos de incentivos do P\u00e9-de-Meia<\/h2>\n\n\n\n<p>Em 2025, o <strong>P\u00e9-de-Meia<\/strong> prev\u00ea quatro tipos de <strong>incentivos<\/strong>, totalizando at\u00e9 R$ 3.200 anuais para estudantes que cumprem todos os requisitos. Os incentivos incluem matr\u00edcula, frequ\u00eancia mensal, conclus\u00e3o do ano e participa\u00e7\u00e3o no <strong>ENEM<\/strong>.<\/p>\n\n\n\n<p>O <strong>Incentivo Matr\u00edcula<\/strong> oferece uma parcela \u00fanica de R$ 200 para assegurar a inscri\u00e7\u00e3o do estudante. O <strong>Incentivo Frequ\u00eancia<\/strong> consiste em nove parcelas de R$ 200 para quem mant\u00e9m 80% de presen\u00e7a. Ao final do ciclo, o <strong>Incentivo Conclus\u00e3o<\/strong> paga R$ 1.000 para o estudante que concluiu a s\u00e9rie. Por fim, o <strong>Incentivo ENEM<\/strong> adiciona mais R$ 200 para quem realizar a prova.<\/p>\n\n\n\n<h2 class=\"wp-block-heading\">Quem pode participar do P\u00e9-de-Meia em 2025?<\/h2>\n\n\n\n<p>O <strong>P\u00e9-de-Meia<\/strong> atende estudantes do ensino m\u00e9dio regular da rede p\u00fablica, com idade entre 14 e 24 anos, e tamb\u00e9m alunos da modalidade <strong>EJA <\/strong>com idade entre 19 e 24 anos. \u00c9 obrigat\u00f3rio possuir CPF regular, estar inscrito no <strong>Cad\u00danico <\/strong>e a renda familiar deve ser de at\u00e9 meio sal\u00e1rio m\u00ednimo por pessoa.<\/p>\n\n\n\n<p>A sele\u00e7\u00e3o \u00e9 autom\u00e1tica, feita pelo <strong>MEC<\/strong>, priorizando estudantes de fam\u00edlias com menor renda. N\u00e3o h\u00e1 necessidade de inscri\u00e7\u00e3o direta, o que facilita o acesso dos benefici\u00e1rios e garante que o aux\u00edlio realmente chegue a quem mais precisa.<\/p>\n\n\n\n<h2 class=\"wp-block-heading\">Como acompanhar e sacar os pagamentos do P\u00e9-de-Meia?<\/h2>\n\n\n\n<p>Os valores do <strong>P\u00e9-de-Meia<\/strong> s\u00e3o depositados em contas digitais da <strong><a href=\"https:\/\/www.caixa.gov.br\/\" target=\"_blank\" rel=\"noreferrer noopener\">Caixa Econ\u00f4mica Federal<\/a><\/strong>, abertas automaticamente para cada estudante. A movimenta\u00e7\u00e3o e consulta dos valores podem ser feitas pelo aplicativo <strong>Caixa Tem<\/strong> e tamb\u00e9m pelo app <strong>Jornada do Estudante<\/strong>.<\/p>\n\n\n\n<p>Para sacar os valores, o estudante pode utilizar caixas eletr\u00f4nicos, ag\u00eancias da Caixa ou casas lot\u00e9ricas. \u00c9 importante ficar atento ao cronograma de pagamentos para evitar atrasos e garantir o recebimento integral dos benef\u00edcios ao longo do ano letivo.<\/p>\n\n\n\n<h2 class=\"wp-block-heading\">Impactos e aprendizados do programa P\u00e9-de-Meia<\/h2>\n\n\n\n<p>O <strong>P\u00e9-de-Meia<\/strong> tem mostrado resultados positivos na perman\u00eancia dos alunos na escola e redu\u00e7\u00e3o da evas\u00e3o escolar. O incentivo financeiro contribui diretamente para a melhoria dos \u00edndices de educa\u00e7\u00e3o e para o desenvolvimento social de jovens em situa\u00e7\u00e3o de vulnerabilidade.<\/p>\n\n\n\n<p>Os tr\u00eas principais aprendizados do programa incluem: fornecimento de incentivo financeiro relevante para alunos, sele\u00e7\u00e3o autom\u00e1tica que prioriza as fam\u00edlias de menor renda e a facilidade proporcionada pelas ferramentas digitais para o acompanhamento dos benef\u00edcios, tornando o processo mais transparente e acess\u00edvel.<\/p>\n","protected":false},"excerpt":{"rendered":"<p>O programa P\u00e9-de-Meia inicia uma nova rodada de pagamentos no dia 28 de julho, voltado para estudantes do ensino m\u00e9dio p\u00fablico inscritos no Cad\u00danico. Neste m\u00eas, o benef\u00edcio ser\u00e1 de R$ 200, destinado a alunos que mantiveram ao menos 80% de frequ\u00eancia escolar. Criado em 2024 para reduzir a evas\u00e3o escolar, o programa beneficia mensalmente [&hellip;]<\/p>\n","protected":false},"author":20,"featured_media":56516,"comment_status":"open","ping_status":"open","sticky":false,"template":"","format":"standard","meta":{"jnews-multi-image_gallery":[],"jnews_single_post":{"format":"standard"},"jnews_primary_category":[],"jnews_social_meta":[],"jnews_override_counter":[],"footnotes":""},"categories":[28,1],"tags":[12850,1631,8567],"class_list":["post-81231","post","type-post","status-publish","format-standard","has-post-thumbnail","hentry","category-economia","category-noticias","tag-cadunico-2","tag-caixa-economica-federal","tag-pe-de-meia"],"yoast_head":"<!-- This site is optimized with the Yoast SEO plugin v23.8 - https:\/\/yoast.com\/wordpress\/plugins\/seo\/ -->\n<title>P\u00e9-de-Meia vira esperan\u00e7a de renda fixa para jovens em vulnerabilidade - Estado de Minas - Em foco<\/title>\n<meta name=\"description\" content=\"Novo pagamento do P\u00e9-de-Meia j\u00e1 tem data marcada. Mais de 5 milh\u00f5es de jovens v\u00e3o receber o valor direto na conta digital da Caixa.\" \/>\n<meta name=\"robots\" content=\"index, follow, max-snippet:-1, max-image-preview:large, max-video-preview:-1\" \/>\n<link rel=\"canonical\" href=\"https:\/\/www.em.com.br\/emfoco\/2025\/07\/25\/pe-de-meia-vira-esperanca-de-renda-fixa-para-jovens-em-vulnerabilidade\/\" \/>\n<meta property=\"og:locale\" content=\"pt_BR\" \/>\n<meta property=\"og:type\" content=\"article\" \/>\n<meta property=\"og:title\" content=\"P\u00e9-de-Meia vira esperan\u00e7a de renda fixa para jovens em vulnerabilidade - Estado de Minas - Em foco\" \/>\n<meta property=\"og:description\" content=\"Novo pagamento do P\u00e9-de-Meia j\u00e1 tem data marcada. Mais de 5 milh\u00f5es de jovens v\u00e3o receber o valor direto na conta digital da Caixa.\" \/>\n<meta property=\"og:url\" content=\"https:\/\/www.em.com.br\/emfoco\/2025\/07\/25\/pe-de-meia-vira-esperanca-de-renda-fixa-para-jovens-em-vulnerabilidade\/\" \/>\n<meta property=\"og:site_name\" content=\"Estado de Minas - Em foco\" \/>\n<meta property=\"article:published_time\" content=\"2025-07-25T23:38:00+00:00\" \/>\n<meta property=\"article:modified_time\" content=\"2025-07-24T23:32:32+00:00\" \/>\n<meta property=\"og:image\" content=\"https:\/\/www.em.com.br\/emfoco\/wp-content\/uploads\/2025\/06\/estudantes_1749156000477.jpg\" \/>\n\t<meta property=\"og:image:width\" content=\"1280\" \/>\n\t<meta property=\"og:image:height\" content=\"720\" \/>\n\t<meta property=\"og:image:type\" content=\"image\/jpeg\" \/>\n<meta name=\"author\" content=\"Ingrid Diniz\" \/>\n<meta name=\"twitter:card\" content=\"summary_large_image\" \/>\n<meta name=\"twitter:label1\" content=\"Escrito por\" \/>\n\t<meta name=\"twitter:data1\" content=\"Ingrid Diniz\" \/>\n\t<meta name=\"twitter:label2\" content=\"Est. tempo de leitura\" \/>\n\t<meta name=\"twitter:data2\" content=\"4 minutos\" \/>\n<!-- \/ Yoast SEO plugin. -->","yoast_head_json":{"title":"P\u00e9-de-Meia vira esperan\u00e7a de renda fixa para jovens em vulnerabilidade - Estado de Minas - Em foco","description":"Novo pagamento do P\u00e9-de-Meia j\u00e1 tem data marcada. Mais de 5 milh\u00f5es de jovens v\u00e3o receber o valor direto na conta digital da Caixa.","robots":{"index":"index","follow":"follow","max-snippet":"max-snippet:-1","max-image-preview":"max-image-preview:large","max-video-preview":"max-video-preview:-1"},"canonical":"https:\/\/www.em.com.br\/emfoco\/2025\/07\/25\/pe-de-meia-vira-esperanca-de-renda-fixa-para-jovens-em-vulnerabilidade\/","og_locale":"pt_BR","og_type":"article","og_title":"P\u00e9-de-Meia vira esperan\u00e7a de renda fixa para jovens em vulnerabilidade - Estado de Minas - Em foco","og_description":"Novo pagamento do P\u00e9-de-Meia j\u00e1 tem data marcada. Mais de 5 milh\u00f5es de jovens v\u00e3o receber o valor direto na conta digital da Caixa.","og_url":"https:\/\/www.em.com.br\/emfoco\/2025\/07\/25\/pe-de-meia-vira-esperanca-de-renda-fixa-para-jovens-em-vulnerabilidade\/","og_site_name":"Estado de Minas - Em foco","article_published_time":"2025-07-25T23:38:00+00:00","article_modified_time":"2025-07-24T23:32:32+00:00","og_image":[{"width":1280,"height":720,"url":"https:\/\/www.em.com.br\/emfoco\/wp-content\/uploads\/2025\/06\/estudantes_1749156000477.jpg","type":"image\/jpeg"}],"author":"Ingrid Diniz","twitter_card":"summary_large_image","twitter_misc":{"Escrito por":"Ingrid Diniz","Est. tempo de leitura":"4 minutos"},"schema":{"@context":"https:\/\/schema.org","@graph":[{"@type":"WebPage","@id":"https:\/\/www.em.com.br\/emfoco\/2025\/07\/25\/pe-de-meia-vira-esperanca-de-renda-fixa-para-jovens-em-vulnerabilidade\/","url":"https:\/\/www.em.com.br\/emfoco\/2025\/07\/25\/pe-de-meia-vira-esperanca-de-renda-fixa-para-jovens-em-vulnerabilidade\/","name":"P\u00e9-de-Meia vira esperan\u00e7a de renda fixa para jovens em vulnerabilidade - Estado de Minas - Em foco","isPartOf":{"@id":"https:\/\/www.em.com.br\/emfoco\/#website"},"primaryImageOfPage":{"@id":"https:\/\/www.em.com.br\/emfoco\/2025\/07\/25\/pe-de-meia-vira-esperanca-de-renda-fixa-para-jovens-em-vulnerabilidade\/#primaryimage"},"image":{"@id":"https:\/\/www.em.com.br\/emfoco\/2025\/07\/25\/pe-de-meia-vira-esperanca-de-renda-fixa-para-jovens-em-vulnerabilidade\/#primaryimage"},"thumbnailUrl":"https:\/\/www.em.com.br\/emfoco\/wp-content\/uploads\/2025\/06\/estudantes_1749156000477.jpg","datePublished":"2025-07-25T23:38:00+00:00","dateModified":"2025-07-24T23:32:32+00:00","author":{"@id":"https:\/\/www.em.com.br\/emfoco\/#\/schema\/person\/649e610b4eb8fff87ff394e54fe17b2b"},"description":"Novo pagamento do P\u00e9-de-Meia j\u00e1 tem data marcada. Mais de 5 milh\u00f5es de jovens v\u00e3o receber o valor direto na conta digital da Caixa.","breadcrumb":{"@id":"https:\/\/www.em.com.br\/emfoco\/2025\/07\/25\/pe-de-meia-vira-esperanca-de-renda-fixa-para-jovens-em-vulnerabilidade\/#breadcrumb"},"inLanguage":"pt-BR","potentialAction":[{"@type":"ReadAction","target":["https:\/\/www.em.com.br\/emfoco\/2025\/07\/25\/pe-de-meia-vira-esperanca-de-renda-fixa-para-jovens-em-vulnerabilidade\/"]}]},{"@type":"ImageObject","inLanguage":"pt-BR","@id":"https:\/\/www.em.com.br\/emfoco\/2025\/07\/25\/pe-de-meia-vira-esperanca-de-renda-fixa-para-jovens-em-vulnerabilidade\/#primaryimage","url":"https:\/\/www.em.com.br\/emfoco\/wp-content\/uploads\/2025\/06\/estudantes_1749156000477.jpg","contentUrl":"https:\/\/www.em.com.br\/emfoco\/wp-content\/uploads\/2025\/06\/estudantes_1749156000477.jpg","width":1280,"height":720,"caption":"Estudantes - Cr\u00e9ditos: depositphotos.com \/ londondeposit"},{"@type":"BreadcrumbList","@id":"https:\/\/www.em.com.br\/emfoco\/2025\/07\/25\/pe-de-meia-vira-esperanca-de-renda-fixa-para-jovens-em-vulnerabilidade\/#breadcrumb","itemListElement":[{"@type":"ListItem","position":1,"name":"In\u00edcio","item":"https:\/\/www.em.com.br\/emfoco\/"},{"@type":"ListItem","position":2,"name":"P\u00e9-de-Meia vira esperan\u00e7a de renda fixa para jovens em vulnerabilidade"}]},{"@type":"WebSite","@id":"https:\/\/www.em.com.br\/emfoco\/#website","url":"https:\/\/www.em.com.br\/emfoco\/","name":"Estado de Minas - Em foco","description":"Acompanhe as \u00faltimas not\u00edcias e fique bem informado sobre tudo o que acontece em Minas Gerais, Brasil e no mundo.","potentialAction":[{"@type":"SearchAction","target":{"@type":"EntryPoint","urlTemplate":"https:\/\/www.em.com.br\/emfoco\/?s={search_term_string}"},"query-input":{"@type":"PropertyValueSpecification","valueRequired":true,"valueName":"search_term_string"}}],"inLanguage":"pt-BR"},{"@type":"Person","@id":"https:\/\/www.em.com.br\/emfoco\/#\/schema\/person\/649e610b4eb8fff87ff394e54fe17b2b","name":"Ingrid Diniz","image":{"@type":"ImageObject","inLanguage":"pt-BR","@id":"https:\/\/www.em.com.br\/emfoco\/#\/schema\/person\/image\/","url":"https:\/\/secure.gravatar.com\/avatar\/a3baa1449ec5c39b4c42babc9d4f3951?s=96&d=mm&r=g","contentUrl":"https:\/\/secure.gravatar.com\/avatar\/a3baa1449ec5c39b4c42babc9d4f3951?s=96&d=mm&r=g","caption":"Ingrid Diniz"},"sameAs":["https:\/\/www.em.com.br\/"],"url":"https:\/\/www.em.com.br\/emfoco\/author\/ingridmyth\/"}]}},"_links":{"self":[{"href":"https:\/\/www.em.com.br\/emfoco\/wp-json\/wp\/v2\/posts\/81231","targetHints":{"allow":["GET"]}}],"collection":[{"href":"https:\/\/www.em.com.br\/emfoco\/wp-json\/wp\/v2\/posts"}],"about":[{"href":"https:\/\/www.em.com.br\/emfoco\/wp-json\/wp\/v2\/types\/post"}],"author":[{"embeddable":true,"href":"https:\/\/www.em.com.br\/emfoco\/wp-json\/wp\/v2\/users\/20"}],"replies":[{"embeddable":true,"href":"https:\/\/www.em.com.br\/emfoco\/wp-json\/wp\/v2\/comments?post=81231"}],"version-history":[{"count":1,"href":"https:\/\/www.em.com.br\/emfoco\/wp-json\/wp\/v2\/posts\/81231\/revisions"}],"predecessor-version":[{"id":81239,"href":"https:\/\/www.em.com.br\/emfoco\/wp-json\/wp\/v2\/posts\/81231\/revisions\/81239"}],"wp:featuredmedia":[{"embeddable":true,"href":"https:\/\/www.em.com.br\/emfoco\/wp-json\/wp\/v2\/media\/56516"}],"wp:attachment":[{"href":"https:\/\/www.em.com.br\/emfoco\/wp-json\/wp\/v2\/media?parent=81231"}],"wp:term":[{"taxonomy":"category","embeddable":true,"href":"https:\/\/www.em.com.br\/emfoco\/wp-json\/wp\/v2\/categories?post=81231"},{"taxonomy":"post_tag","embeddable":true,"href":"https:\/\/www.em.com.br\/emfoco\/wp-json\/wp\/v2\/tags?post=81231"}],"curies":[{"name":"wp","href":"https:\/\/api.w.org\/{rel}","templated":true}]}}