{"id":81212,"date":"2025-07-25T16:38:00","date_gmt":"2025-07-25T19:38:00","guid":{"rendered":"https:\/\/www.em.com.br\/emfoco\/?p=81212"},"modified":"2025-07-24T19:59:32","modified_gmt":"2025-07-24T22:59:32","slug":"novo-calendario-do-inss-comeca-hoje-25-com-mudancas-importantes","status":"publish","type":"post","link":"https:\/\/www.em.com.br\/emfoco\/2025\/07\/25\/novo-calendario-do-inss-comeca-hoje-25-com-mudancas-importantes\/","title":{"rendered":"Novo calend\u00e1rio do INSS come\u00e7a hoje (25) com mudan\u00e7as importantes!"},"content":{"rendered":"\n<p>O in\u00edcio do segundo semestre de 2025 traz o per\u00edodo de pagamentos do <strong><a href=\"https:\/\/www.em.com.br\/emfoco\/2025\/07\/24\/dona-de-casa-agora-podem-garantir-a-aposentadoria-no-inss\/\" target=\"_blank\" rel=\"noreferrer noopener\">INSS<\/a><\/strong>, beneficiando milh\u00f5es de aposentados e pensionistas em todo o <strong>Brasil<\/strong>. Entre os dias 25 de julho e 7 de agosto, o <strong>Instituto Nacional do Seguro Social<\/strong> est\u00e1 programado para concluir os pagamentos para aqueles que recebem at\u00e9 um sal\u00e1rio m\u00ednimo, conforme o calend\u00e1rio de 2025 divulgado. A opera\u00e7\u00e3o, que abrange mais de 40 milh\u00f5es de dep\u00f3sitos mensais, \u00e9 dividida entre 28.279.547 benefici\u00e1rios, que recebem o piso nacional, e 12.365.818, que t\u00eam rendimentos acima desse valor.<\/p>\n\n\n\n<p>Esses pagamentos s\u00e3o fundamentais para a manuten\u00e7\u00e3o da economia em v\u00e1rias regi\u00f5es, j\u00e1 que boa parte dos munic\u00edpios depende majoritariamente da renda proveniente dos benef\u00edcios. Al\u00e9m disso, o <strong>INSS <\/strong>busca constantemente aprimorar o processo de pagamento, evitando atrasos e garantindo o acesso regular aos valores devidos a cada grupo de benefici\u00e1rios.<\/p>\n\n\n\n<h2 class=\"wp-block-heading\">Quando come\u00e7am os pagamentos do INSS em julho de 2025?<\/h2>\n\n\n<div class=\"wp-block-image\">\n<figure class=\"aligncenter size-large\"><img loading=\"lazy\" decoding=\"async\" width=\"1024\" height=\"576\" src=\"https:\/\/www.em.com.br\/emfoco\/wp-content\/uploads\/2025\/06\/inss_1748997192246-1024x576.jpg\" alt=\"INSS surpreende com estrat\u00e9gia para pagar 40 milh\u00f5es\" class=\"wp-image-55204\" srcset=\"https:\/\/www.em.com.br\/emfoco\/wp-content\/uploads\/2025\/06\/inss_1748997192246-1024x576.jpg 1024w, https:\/\/www.em.com.br\/emfoco\/wp-content\/uploads\/2025\/06\/inss_1748997192246-300x169.jpg 300w, https:\/\/www.em.com.br\/emfoco\/wp-content\/uploads\/2025\/06\/inss_1748997192246-768x432.jpg 768w, https:\/\/www.em.com.br\/emfoco\/wp-content\/uploads\/2025\/06\/inss_1748997192246-750x422.jpg 750w, https:\/\/www.em.com.br\/emfoco\/wp-content\/uploads\/2025\/06\/inss_1748997192246-1140x641.jpg 1140w, https:\/\/www.em.com.br\/emfoco\/wp-content\/uploads\/2025\/06\/inss_1748997192246.jpg 1280w\" sizes=\"auto, (max-width: 1024px) 100vw, 1024px\" \/><figcaption class=\"wp-element-caption\">Celular com o APP do INSS &#8211; Cr\u00e9ditos: depositphotos.com \/ rmcarvalhobsb<\/figcaption><\/figure><\/div>\n\n\n<p>Os segurados do <strong>INSS <\/strong>que recebem at\u00e9 um sal\u00e1rio m\u00ednimo ver\u00e3o seus pagamentos come\u00e7arem em 25 de julho, estendendo-se at\u00e9 7 de agosto. Este intervalo busca distribuir os pagamentos de maneira eficiente e ordenada. J\u00e1 para aqueles que recebem valores superiores ao sal\u00e1rio m\u00ednimo, os dep\u00f3sitos ser\u00e3o realizados do dia 1 ao dia 7 de agosto. A data espec\u00edfica varia conforme o \u00faltimo d\u00edgito do cart\u00e3o benef\u00edcio.<\/p>\n\n\n\n<p>\u00c9 fundamental que os segurados fiquem atentos ao seu calend\u00e1rio de pagamento para evitar imprevistos ou deslocamentos desnecess\u00e1rios at\u00e9 as ag\u00eancias. O acesso ao extrato de pagamento pode ser feito pelo site ou aplicativo &#8220;<strong><a href=\"https:\/\/www.gov.br\/previdencia\/pt-br\" target=\"_blank\" rel=\"noreferrer noopener\">Meu INSS<\/a><\/strong>&#8220;, o que facilita o acompanhamento das informa\u00e7\u00f5es atualizadas sobre datas e valores.<\/p>\n\n\n\n<h2 class=\"wp-block-heading\">Como \u00e9 feita a distribui\u00e7\u00e3o dos pagamentos do INSS?<\/h2>\n\n\n\n<p>A distribui\u00e7\u00e3o dos pagamentos do <strong>INSS <\/strong>\u00e9 meticulosamente planejada conforme o n\u00famero final do benef\u00edcio. Para quem ganha at\u00e9 o m\u00ednimo, a organiza\u00e7\u00e3o se d\u00e1 dentro do m\u00eas atual e o pr\u00f3ximo, enquanto os que superam esse valor recebem no m\u00eas seguinte. No esquema para 2025, por exemplo, esses pagamentos t\u00eam in\u00edcio no primeiro dia \u00fatil do m\u00eas posterior. Essa organiza\u00e7\u00e3o met\u00f3dica ajuda a evitar tumultos e garante um funcionamento suave para o fluxo dos recursos financeiros.<\/p>\n\n\n\n<p>Al\u00e9m disso, esse escalonamento reduz as filas e melhora o atendimento nos bancos, proporcionando mais seguran\u00e7a aos benefici\u00e1rios. O objetivo dessa estrat\u00e9gia \u00e9 garantir que o sistema de pagamentos seja \u00e1gil mesmo em per\u00edodos de alta demanda, como nos meses de reajuste do sal\u00e1rio m\u00ednimo ou quando h\u00e1 libera\u00e7\u00e3o de benef\u00edcios extras.<\/p>\n\n\n\n<h2 class=\"wp-block-heading\">O reajuste do sal\u00e1rio m\u00ednimo e seu impacto nos benefici\u00e1rios<\/h2>\n\n\n\n<p>Entrou em vigor em 1\u00ba de janeiro um reajuste no sal\u00e1rio m\u00ednimo, que automaticamente beneficia aposentados e pensionistas. Este ajuste, no entanto, s\u00f3 come\u00e7ou a impactar efetivamente os pagamentos feitos entre o final de janeiro e o in\u00edcio de fevereiro. Os dep\u00f3sitos ao t\u00e9rmino de dezembro continuavam a refletir o valor anterior, sem a atualiza\u00e7\u00e3o.<\/p>\n\n\n\n<p>Esse aumento influencia diretamente o poder de compra dos benefici\u00e1rios, especialmente daqueles que t\u00eam na aposentadoria ou pens\u00e3o sua principal fonte de renda. O reajuste visa acompanhar a infla\u00e7\u00e3o e manter o valor real dos benef\u00edcios, proporcionando uma maior seguran\u00e7a financeira para milh\u00f5es de brasileiros.<\/p>\n\n\n\n<h2 class=\"wp-block-heading\">Como consultar os valores do INSS?<\/h2>\n\n\n\n<p>O segurado do <strong>INSS <\/strong>tem a conveni\u00eancia de consultar online o valor a ser recebido atrav\u00e9s do site ou do aplicativo &#8220;<strong>Meu INSS<\/strong>&#8220;. Para aqueles sem acesso \u00e0 internet, a central telef\u00f4nica 135 disponibiliza atendimento de segunda a s\u00e1bado, das 7h \u00e0s 22h, bastando o benefici\u00e1rio informar seu n\u00famero de CPF e algumas informa\u00e7\u00f5es cadastrais para proceder com a consulta. Essa medida de facilitar a consulta busca garantir que todos tenham acesso \u00e0s suas informa\u00e7\u00f5es financeiras de maneira r\u00e1pida e segura.<\/p>\n\n\n\n<p>Al\u00e9m disso, \u00e9 importante destacar que o acesso ao &#8220;<strong>Meu INSS<\/strong>&#8221; permite a emiss\u00e3o de extratos, agendamento de per\u00edcias e a solicita\u00e7\u00e3o de outros servi\u00e7os ligados ao benef\u00edcio. Dessa forma, o segurado pode acompanhar todas as movimenta\u00e7\u00f5es e ficar atualizado sobre poss\u00edveis mudan\u00e7as nos valores.<\/p>\n\n\n\n<h2 class=\"wp-block-heading\">Principais d\u00favidas sobre o recebimento do INSS em 2025<\/h2>\n\n\n\n<p>Entre as d\u00favidas mais comuns est\u00e3o quest\u00f5es sobre o calend\u00e1rio de pagamentos, atualiza\u00e7\u00e3o cadastral e como proceder em caso de bloqueio do benef\u00edcio. O <strong>INSS <\/strong>disponibiliza orienta\u00e7\u00f5es detalhadas em seus canais oficiais para resolver essas situa\u00e7\u00f5es e evitar transtornos ao segurado.<\/p>\n\n\n\n<p>Vale lembrar que manter os dados atualizados \u00e9 fundamental para evitar problemas no recebimento, como bloqueios por inconsist\u00eancia de informa\u00e7\u00f5es. A qualquer sinal de anormalidade, o recomendado \u00e9 procurar os canais de atendimento do <strong>INSS <\/strong>ou ag\u00eancias f\u00edsicas com agendamento pr\u00e9vio.<\/p>\n\n\n\n<h2 class=\"wp-block-heading\">Dicas para organizar o or\u00e7amento com os pagamentos do INSS<\/h2>\n\n\n\n<p>O recebimento dos benef\u00edcios previdenci\u00e1rios deve ser acompanhado de um bom planejamento financeiro. Com o calend\u00e1rio em m\u00e3os, o benefici\u00e1rio pode programar o pagamento de contas, compras e reservas para emerg\u00eancias, evitando contratempos.<\/p>\n\n\n\n<p>Al\u00e9m disso, utilizar ferramentas como planilhas ou aplicativos de finan\u00e7as pessoais pode ser de grande ajuda para manter o controle sobre os gastos ao longo do m\u00eas, permitindo um aproveitamento mais consciente dos valores recebidos e garantindo maior tranquilidade e seguran\u00e7a financeira para aposentados e pensionistas.<\/p>\n","protected":false},"excerpt":{"rendered":"<p>O in\u00edcio do segundo semestre de 2025 traz o per\u00edodo de pagamentos do INSS, beneficiando milh\u00f5es de aposentados e pensionistas em todo o Brasil. Entre os dias 25 de julho e 7 de agosto, o Instituto Nacional do Seguro Social est\u00e1 programado para concluir os pagamentos para aqueles que recebem at\u00e9 um sal\u00e1rio m\u00ednimo, conforme [&hellip;]<\/p>\n","protected":false},"author":20,"featured_media":56492,"comment_status":"open","ping_status":"open","sticky":false,"template":"","format":"standard","meta":{"jnews-multi-image_gallery":[],"jnews_single_post":{"format":"standard"},"jnews_primary_category":[],"jnews_social_meta":[],"jnews_override_counter":[],"footnotes":""},"categories":[28,1],"tags":[174,658,4498],"class_list":["post-81212","post","type-post","status-publish","format-standard","has-post-thumbnail","hentry","category-economia","category-noticias","tag-inss","tag-pagamentos","tag-reembolso"],"yoast_head":"<!-- This site is optimized with the Yoast SEO plugin v23.8 - https:\/\/yoast.com\/wordpress\/plugins\/seo\/ -->\n<title>Novo calend\u00e1rio do INSS come\u00e7a hoje (25) com mudan\u00e7as importantes! - Estado de Minas - Em foco<\/title>\n<meta name=\"description\" content=\"Os pagamentos do INSS de agosto seguem novo calend\u00e1rio e trazem impacto direto no bolso dos aposentados. Saiba o que muda e como consultar.\" \/>\n<meta name=\"robots\" content=\"index, follow, max-snippet:-1, max-image-preview:large, max-video-preview:-1\" \/>\n<link rel=\"canonical\" href=\"https:\/\/www.em.com.br\/emfoco\/2025\/07\/25\/novo-calendario-do-inss-comeca-hoje-25-com-mudancas-importantes\/\" \/>\n<meta property=\"og:locale\" content=\"pt_BR\" \/>\n<meta property=\"og:type\" content=\"article\" \/>\n<meta property=\"og:title\" content=\"Novo calend\u00e1rio do INSS come\u00e7a hoje (25) com mudan\u00e7as importantes! - Estado de Minas - Em foco\" \/>\n<meta property=\"og:description\" content=\"Os pagamentos do INSS de agosto seguem novo calend\u00e1rio e trazem impacto direto no bolso dos aposentados. Saiba o que muda e como consultar.\" \/>\n<meta property=\"og:url\" content=\"https:\/\/www.em.com.br\/emfoco\/2025\/07\/25\/novo-calendario-do-inss-comeca-hoje-25-com-mudancas-importantes\/\" \/>\n<meta property=\"og:site_name\" content=\"Estado de Minas - Em foco\" \/>\n<meta property=\"article:published_time\" content=\"2025-07-25T19:38:00+00:00\" \/>\n<meta property=\"article:modified_time\" content=\"2025-07-24T22:59:32+00:00\" \/>\n<meta property=\"og:image\" content=\"https:\/\/www.em.com.br\/emfoco\/wp-content\/uploads\/2025\/06\/PAGAMENTOS-DO-INSS-2025-2.png\" \/>\n\t<meta property=\"og:image:width\" content=\"1280\" \/>\n\t<meta property=\"og:image:height\" content=\"720\" \/>\n\t<meta property=\"og:image:type\" content=\"image\/png\" \/>\n<meta name=\"author\" content=\"Ingrid Diniz\" \/>\n<meta name=\"twitter:card\" content=\"summary_large_image\" \/>\n<meta name=\"twitter:label1\" content=\"Escrito por\" \/>\n\t<meta name=\"twitter:data1\" content=\"Ingrid Diniz\" \/>\n\t<meta name=\"twitter:label2\" content=\"Est. tempo de leitura\" \/>\n\t<meta name=\"twitter:data2\" content=\"6 minutos\" \/>\n<!-- \/ Yoast SEO plugin. -->","yoast_head_json":{"title":"Novo calend\u00e1rio do INSS come\u00e7a hoje (25) com mudan\u00e7as importantes! - Estado de Minas - Em foco","description":"Os pagamentos do INSS de agosto seguem novo calend\u00e1rio e trazem impacto direto no bolso dos aposentados. Saiba o que muda e como consultar.","robots":{"index":"index","follow":"follow","max-snippet":"max-snippet:-1","max-image-preview":"max-image-preview:large","max-video-preview":"max-video-preview:-1"},"canonical":"https:\/\/www.em.com.br\/emfoco\/2025\/07\/25\/novo-calendario-do-inss-comeca-hoje-25-com-mudancas-importantes\/","og_locale":"pt_BR","og_type":"article","og_title":"Novo calend\u00e1rio do INSS come\u00e7a hoje (25) com mudan\u00e7as importantes! - Estado de Minas - Em foco","og_description":"Os pagamentos do INSS de agosto seguem novo calend\u00e1rio e trazem impacto direto no bolso dos aposentados. Saiba o que muda e como consultar.","og_url":"https:\/\/www.em.com.br\/emfoco\/2025\/07\/25\/novo-calendario-do-inss-comeca-hoje-25-com-mudancas-importantes\/","og_site_name":"Estado de Minas - Em foco","article_published_time":"2025-07-25T19:38:00+00:00","article_modified_time":"2025-07-24T22:59:32+00:00","og_image":[{"width":1280,"height":720,"url":"https:\/\/www.em.com.br\/emfoco\/wp-content\/uploads\/2025\/06\/PAGAMENTOS-DO-INSS-2025-2.png","type":"image\/png"}],"author":"Ingrid Diniz","twitter_card":"summary_large_image","twitter_misc":{"Escrito por":"Ingrid Diniz","Est. tempo de leitura":"6 minutos"},"schema":{"@context":"https:\/\/schema.org","@graph":[{"@type":"WebPage","@id":"https:\/\/www.em.com.br\/emfoco\/2025\/07\/25\/novo-calendario-do-inss-comeca-hoje-25-com-mudancas-importantes\/","url":"https:\/\/www.em.com.br\/emfoco\/2025\/07\/25\/novo-calendario-do-inss-comeca-hoje-25-com-mudancas-importantes\/","name":"Novo calend\u00e1rio do INSS come\u00e7a hoje (25) com mudan\u00e7as importantes! - Estado de Minas - Em foco","isPartOf":{"@id":"https:\/\/www.em.com.br\/emfoco\/#website"},"primaryImageOfPage":{"@id":"https:\/\/www.em.com.br\/emfoco\/2025\/07\/25\/novo-calendario-do-inss-comeca-hoje-25-com-mudancas-importantes\/#primaryimage"},"image":{"@id":"https:\/\/www.em.com.br\/emfoco\/2025\/07\/25\/novo-calendario-do-inss-comeca-hoje-25-com-mudancas-importantes\/#primaryimage"},"thumbnailUrl":"https:\/\/www.em.com.br\/emfoco\/wp-content\/uploads\/2025\/06\/PAGAMENTOS-DO-INSS-2025-2.png","datePublished":"2025-07-25T19:38:00+00:00","dateModified":"2025-07-24T22:59:32+00:00","author":{"@id":"https:\/\/www.em.com.br\/emfoco\/#\/schema\/person\/649e610b4eb8fff87ff394e54fe17b2b"},"description":"Os pagamentos do INSS de agosto seguem novo calend\u00e1rio e trazem impacto direto no bolso dos aposentados. Saiba o que muda e como consultar.","breadcrumb":{"@id":"https:\/\/www.em.com.br\/emfoco\/2025\/07\/25\/novo-calendario-do-inss-comeca-hoje-25-com-mudancas-importantes\/#breadcrumb"},"inLanguage":"pt-BR","potentialAction":[{"@type":"ReadAction","target":["https:\/\/www.em.com.br\/emfoco\/2025\/07\/25\/novo-calendario-do-inss-comeca-hoje-25-com-mudancas-importantes\/"]}]},{"@type":"ImageObject","inLanguage":"pt-BR","@id":"https:\/\/www.em.com.br\/emfoco\/2025\/07\/25\/novo-calendario-do-inss-comeca-hoje-25-com-mudancas-importantes\/#primaryimage","url":"https:\/\/www.em.com.br\/emfoco\/wp-content\/uploads\/2025\/06\/PAGAMENTOS-DO-INSS-2025-2.png","contentUrl":"https:\/\/www.em.com.br\/emfoco\/wp-content\/uploads\/2025\/06\/PAGAMENTOS-DO-INSS-2025-2.png","width":1280,"height":720,"caption":"Bolsa Fam\u00edlia paga benefici\u00e1rios de NIS final 6 - Cr\u00e9ditos: GOV.BR\/Divulga\u00e7\u00e3o"},{"@type":"BreadcrumbList","@id":"https:\/\/www.em.com.br\/emfoco\/2025\/07\/25\/novo-calendario-do-inss-comeca-hoje-25-com-mudancas-importantes\/#breadcrumb","itemListElement":[{"@type":"ListItem","position":1,"name":"In\u00edcio","item":"https:\/\/www.em.com.br\/emfoco\/"},{"@type":"ListItem","position":2,"name":"Novo calend\u00e1rio do INSS come\u00e7a hoje (25) com mudan\u00e7as importantes!"}]},{"@type":"WebSite","@id":"https:\/\/www.em.com.br\/emfoco\/#website","url":"https:\/\/www.em.com.br\/emfoco\/","name":"Estado de Minas - Em foco","description":"Acompanhe as \u00faltimas not\u00edcias e fique bem informado sobre tudo o que acontece em Minas Gerais, Brasil e no mundo.","potentialAction":[{"@type":"SearchAction","target":{"@type":"EntryPoint","urlTemplate":"https:\/\/www.em.com.br\/emfoco\/?s={search_term_string}"},"query-input":{"@type":"PropertyValueSpecification","valueRequired":true,"valueName":"search_term_string"}}],"inLanguage":"pt-BR"},{"@type":"Person","@id":"https:\/\/www.em.com.br\/emfoco\/#\/schema\/person\/649e610b4eb8fff87ff394e54fe17b2b","name":"Ingrid Diniz","image":{"@type":"ImageObject","inLanguage":"pt-BR","@id":"https:\/\/www.em.com.br\/emfoco\/#\/schema\/person\/image\/","url":"https:\/\/secure.gravatar.com\/avatar\/a3baa1449ec5c39b4c42babc9d4f3951?s=96&d=mm&r=g","contentUrl":"https:\/\/secure.gravatar.com\/avatar\/a3baa1449ec5c39b4c42babc9d4f3951?s=96&d=mm&r=g","caption":"Ingrid Diniz"},"sameAs":["https:\/\/www.em.com.br\/"],"url":"https:\/\/www.em.com.br\/emfoco\/author\/ingridmyth\/"}]}},"_links":{"self":[{"href":"https:\/\/www.em.com.br\/emfoco\/wp-json\/wp\/v2\/posts\/81212","targetHints":{"allow":["GET"]}}],"collection":[{"href":"https:\/\/www.em.com.br\/emfoco\/wp-json\/wp\/v2\/posts"}],"about":[{"href":"https:\/\/www.em.com.br\/emfoco\/wp-json\/wp\/v2\/types\/post"}],"author":[{"embeddable":true,"href":"https:\/\/www.em.com.br\/emfoco\/wp-json\/wp\/v2\/users\/20"}],"replies":[{"embeddable":true,"href":"https:\/\/www.em.com.br\/emfoco\/wp-json\/wp\/v2\/comments?post=81212"}],"version-history":[{"count":1,"href":"https:\/\/www.em.com.br\/emfoco\/wp-json\/wp\/v2\/posts\/81212\/revisions"}],"predecessor-version":[{"id":81226,"href":"https:\/\/www.em.com.br\/emfoco\/wp-json\/wp\/v2\/posts\/81212\/revisions\/81226"}],"wp:featuredmedia":[{"embeddable":true,"href":"https:\/\/www.em.com.br\/emfoco\/wp-json\/wp\/v2\/media\/56492"}],"wp:attachment":[{"href":"https:\/\/www.em.com.br\/emfoco\/wp-json\/wp\/v2\/media?parent=81212"}],"wp:term":[{"taxonomy":"category","embeddable":true,"href":"https:\/\/www.em.com.br\/emfoco\/wp-json\/wp\/v2\/categories?post=81212"},{"taxonomy":"post_tag","embeddable":true,"href":"https:\/\/www.em.com.br\/emfoco\/wp-json\/wp\/v2\/tags?post=81212"}],"curies":[{"name":"wp","href":"https:\/\/api.w.org\/{rel}","templated":true}]}}