{"id":81209,"date":"2025-07-25T08:18:00","date_gmt":"2025-07-25T11:18:00","guid":{"rendered":"https:\/\/www.em.com.br\/emfoco\/?p=81209"},"modified":"2025-07-24T19:33:14","modified_gmt":"2025-07-24T22:33:14","slug":"cadunico-e-a-chave-para-acessar-programas-que-ajudam-no-aluguel-luz-e-alimentacao","status":"publish","type":"post","link":"https:\/\/www.em.com.br\/emfoco\/2025\/07\/25\/cadunico-e-a-chave-para-acessar-programas-que-ajudam-no-aluguel-luz-e-alimentacao\/","title":{"rendered":"Cad\u00danico \u00e9 a chave para acessar programas que ajudam no aluguel, luz e alimenta\u00e7\u00e3o"},"content":{"rendered":"\n<p>O <strong>Cadastro \u00danico para Programas Sociais do Governo Federal<\/strong>, conhecido como <strong><a href=\"https:\/\/www.em.com.br\/emfoco\/2025\/07\/23\/milhares-estao-perdendo-beneficios-por-um-erro-simples-no-cadastro-unico\/\" target=\"_blank\" rel=\"noreferrer noopener\">Cad\u00danico<\/a><\/strong>, \u00e9 um dos principais instrumentos de inclus\u00e3o social no <strong>Brasil<\/strong>. Implementado para identificar e caracterizar fam\u00edlias de baixa renda em todo o territ\u00f3rio nacional, o <strong>Cad\u00danico <\/strong>serve como porta de entrada para diversos programas sociais. <\/p>\n\n\n\n<p>Administrado pelo <strong>Minist\u00e9rio da Cidadania<\/strong> e operacionalizado pelas prefeituras municipais, o <strong>Cad\u00danico <\/strong>\u00e9 uma base de dados que re\u00fane informa\u00e7\u00f5es socioecon\u00f4micas de milh\u00f5es de fam\u00edlias brasileiras. Este cadastro \u00e9 crucial n\u00e3o apenas para a concess\u00e3o de benef\u00edcios, mas tamb\u00e9m para o planejamento governamental e a execu\u00e7\u00e3o de pol\u00edticas p\u00fablicas. Seu funcionamento depende de um amplo processo de coleta e atualiza\u00e7\u00e3o de dados, realizado por meio de entrevistas domiciliares que garantem a inclus\u00e3o de informa\u00e7\u00f5es relevantes sobre as condi\u00e7\u00f5es de vida das fam\u00edlias cadastradas. <\/p>\n\n\n\n<h2 class=\"wp-block-heading\">Por que o Cad\u00danico \u00e9 essencial para a inclus\u00e3o social?<\/h2>\n\n\n<div class=\"wp-block-image\">\n<figure class=\"aligncenter size-large\"><img loading=\"lazy\" decoding=\"async\" width=\"1024\" height=\"576\" src=\"https:\/\/www.em.com.br\/emfoco\/wp-content\/uploads\/2025\/06\/familia_1748976621996-1024x576.jpg\" alt=\"BPC garante renda m\u00ednima e ampara milh\u00f5es de brasileiros\" class=\"wp-image-55006\" srcset=\"https:\/\/www.em.com.br\/emfoco\/wp-content\/uploads\/2025\/06\/familia_1748976621996-1024x576.jpg 1024w, https:\/\/www.em.com.br\/emfoco\/wp-content\/uploads\/2025\/06\/familia_1748976621996-300x169.jpg 300w, https:\/\/www.em.com.br\/emfoco\/wp-content\/uploads\/2025\/06\/familia_1748976621996-768x432.jpg 768w, https:\/\/www.em.com.br\/emfoco\/wp-content\/uploads\/2025\/06\/familia_1748976621996-750x422.jpg 750w, https:\/\/www.em.com.br\/emfoco\/wp-content\/uploads\/2025\/06\/familia_1748976621996-1140x641.jpg 1140w, https:\/\/www.em.com.br\/emfoco\/wp-content\/uploads\/2025\/06\/familia_1748976621996.jpg 1280w\" sizes=\"auto, (max-width: 1024px) 100vw, 1024px\" \/><figcaption class=\"wp-element-caption\">M\u00e3os de fam\u00edlia &#8211; Cr\u00e9ditos: depositphotos.com \/ asife<\/figcaption><\/figure><\/div>\n\n\n<p>O <strong>Cad\u00danico <\/strong>estabelece um elo indispens\u00e1vel entre as fam\u00edlias mais vulner\u00e1veis e os programas assistenciais oferecidos pelo governo. Uma vez inclu\u00eddas no sistema, as fam\u00edlias t\u00eam a possibilidade de acessar programas que visam minimizar impactos sociais e econ\u00f4micos em comunidades carentes. Por meio desse cadastro, \u00e9 poss\u00edvel selecionar os grupos priorit\u00e1rios de forma mais justa, contribuindo para a redu\u00e7\u00e3o da desigualdade e o combate \u00e0 pobreza em diferentes regi\u00f5es do pa\u00eds.<\/p>\n\n\n\n<p>O cadastro fornece um diagn\u00f3stico detalhado das condi\u00e7\u00f5es sociais e financeiras de seus integrantes, assegurando que os benef\u00edcios sejam devidamente direcionados a quem mais necessita. Desse modo, o <strong>Cad\u00danico <\/strong>se consolida como um pilar para a formula\u00e7\u00e3o de pol\u00edticas p\u00fablicas orientadas \u00e0 promo\u00e7\u00e3o da igualdade social. Al\u00e9m disso, ao permitir a an\u00e1lise do perfil das fam\u00edlias, o governo pode criar a\u00e7\u00f5es integradas e especificas para melhorar a realidade dessas pessoas.<\/p>\n\n\n\n<h2 class=\"wp-block-heading\">Como funciona o processo de inscri\u00e7\u00e3o no Cad\u00danico?<\/h2>\n\n\n\n<p>Para se inscrever no <strong><a href=\"https:\/\/www.gov.br\/pt-br\/servicos\/consultar-dados-do-cadastro-unico-cadunico\" target=\"_blank\" rel=\"noreferrer noopener\">Cad\u00danico<\/a><\/strong>, a fam\u00edlia deve procurar o <strong>Centro de Refer\u00eancia de Assist\u00eancia Social<\/strong> (CRAS) mais pr\u00f3ximo de sua resid\u00eancia ou a secretaria municipal de assist\u00eancia social. Durante o processo de cadastramento, \u00e9 necess\u00e1rio apresentar uma s\u00e9rie de documentos que comprovem a identidade e a situa\u00e7\u00e3o socioecon\u00f4mica dos membros da fam\u00edlia. O atendimento pode ser realizado de forma presencial ou, em algumas cidades, j\u00e1 existe a possibilidade de agendamento online para facilitar o acesso.<\/p>\n\n\n\n<p>S\u00e3o requeridos documentos como <strong>CPF<\/strong>, carteira de identidade, certid\u00e3o de nascimento ou casamento, comprovante de resid\u00eancia, entre outros. O respons\u00e1vel familiar \u00e9 o encarregado de fornecer essas informa\u00e7\u00f5es, que devem ser periodicamente atualizadas para garantir a continuidade do acesso aos benef\u00edcios sociais. Essa responsabilidade permite a manuten\u00e7\u00e3o da transpar\u00eancia no sistema e um alcance maior das fam\u00edlias que realmente se enquadram nos crit\u00e9rios estabelecidos.<\/p>\n\n\n\n<h2 class=\"wp-block-heading\">Quais s\u00e3o os benef\u00edcios dispon\u00edveis atrav\u00e9s do Cad\u00danico?<\/h2>\n\n\n\n<p>O <strong>Cad\u00danico <\/strong>atua como um facilitador para o acesso a uma gama de programas assistenciais. Entre os mais not\u00e1veis est\u00e3o o <strong>Bolsa Fam\u00edlia<\/strong>, programa que oferece aux\u00edlio financeiro \u00e0s fam\u00edlias em situa\u00e7\u00e3o de vulnerabilidade; o <strong>Minha Casa, Minha Vida<\/strong>, que proporciona condi\u00e7\u00f5es facilitadas para a aquisi\u00e7\u00e3o de moradia pr\u00f3pria; e a <strong>Tarifa Social de Energia El\u00e9trica<\/strong>, que garante descontos na conta de luz para fam\u00edlias de baixa renda. Novos benef\u00edcios como o Aux\u00edlio G\u00e1s e o <strong>Programa Crian\u00e7a Feliz<\/strong> tamb\u00e9m utilizam o <strong>Cad\u00danico <\/strong>como refer\u00eancia para atender crian\u00e7as e fam\u00edlias em situa\u00e7\u00e3o de risco social.<\/p>\n\n\n\n<p>Al\u00e9m disso, o cadastro possibilita a inclus\u00e3o em programas estaduais e municipais que podem variar conforme a localidade. Dessa forma, o <strong>Cad\u00danico <\/strong>amplia o espectro de prote\u00e7\u00e3o social, j\u00e1 que suas informa\u00e7\u00f5es servem de base para a\u00e7\u00f5es voltadas \u00e0 educa\u00e7\u00e3o, sa\u00fade, moradia, gera\u00e7\u00e3o de renda e assist\u00eancia social, fortalecendo o papel do Estado na promo\u00e7\u00e3o do bem-estar social.<\/p>\n\n\n\n<h2 class=\"wp-block-heading\">Qual a import\u00e2ncia da atualiza\u00e7\u00e3o cadastral no Cad\u00danico?<\/h2>\n\n\n\n<p>A atualiza\u00e7\u00e3o dos dados no <strong>Cad\u00danico<\/strong> \u00e9 um passo fundamental para assegurar a continuidade dos benef\u00edcios. As fam\u00edlias devem informar qualquer altera\u00e7\u00e3o significativa em sua composi\u00e7\u00e3o, renda ou circunst\u00e2ncias de moradia, pois essas mudan\u00e7as podem impactar a elegibilidade para determinados programas. A n\u00e3o atualiza\u00e7\u00e3o pode gerar bloqueios ou at\u00e9 mesmo o cancelamento dos aux\u00edlios, prejudicando o or\u00e7amento das fam\u00edlias atendidas.<\/p>\n\n\n\n<p>Manter o cadastro atualizado \u00e9 vital para que as pol\u00edticas p\u00fablicas atinjam de forma eficaz seu p\u00fablico-alvo, garantindo que os recursos p\u00fablicos sejam alocados de maneira justa e eficiente. O processo de atualiza\u00e7\u00e3o usualmente ocorre a cada dois anos, mas modifica\u00e7\u00f5es importantes devem ser comunicadas assim que ocorram. Essa pr\u00e1tica permite que o governo acompanhe em tempo real a din\u00e2mica da popula\u00e7\u00e3o e adapte seus programas para atender as demandas sociais emergentes.<\/p>\n\n\n\n<h2 class=\"wp-block-heading\">Cad\u00danico e o combate \u00e0 pobreza no Brasil<\/h2>\n\n\n\n<p>Atrav\u00e9s do <strong>Cad\u00danico<\/strong>, milh\u00f5es de brasileiros t\u00eam suas necessidades atendidas e suas perspectivas de vida ampliadas. Este sistema de cadastro \u00e9 mais do que um simples registro de dados; \u00e9 uma ferramenta poderosa para a transforma\u00e7\u00e3o social e o combate \u00e0 pobreza no <strong>Brasil<\/strong>. Investimentos constantes na moderniza\u00e7\u00e3o da plataforma e na capacita\u00e7\u00e3o dos profissionais envolvidos agregam valor ao sistema e contribuem para sua efici\u00eancia.<\/p>\n\n\n\n<p>Fortalecer e aprimorar continuamente o <strong>Cad\u00danico <\/strong>\u00e9 imperativo para assegurar que os programas assistenciais continuem a apoiar de maneira justa e equitativa aqueles que realmente precisam. Ao promover a equidade e o acesso a oportunidades, o <strong>Cad\u00danico <\/strong>se solidifica como um dos mais significativos instrumentos de pol\u00edticas p\u00fablicas de inclus\u00e3o social no pa\u00eds, sendo reconhecido tamb\u00e9m mundialmente como modelo de gest\u00e3o de pol\u00edticas sociais integradas.<\/p>\n\n\n\n<h2 class=\"wp-block-heading\">Desafios e perspectivas para o futuro do Cad\u00danico<\/h2>\n\n\n\n<p>Apesar dos avan\u00e7os j\u00e1 alcan\u00e7ados, o <strong>Cad\u00danico <\/strong>enfrenta desafios como a necessidade de expans\u00e3o dos pontos de atendimento, melhorias na comunica\u00e7\u00e3o com os benefici\u00e1rios e a integra\u00e7\u00e3o de bancos de dados para evitar fraudes ou duplicidade de registros. Outro ponto importante \u00e9 a dificuldade de alcan\u00e7ar popula\u00e7\u00f5es em \u00e1reas rurais ou comunidades distantes dos centros urbanos, o que exige estrat\u00e9gias m\u00f3veis e parcerias com institui\u00e7\u00f5es locais.<\/p>\n\n\n\n<p>No entanto, as perspectivas futuras s\u00e3o positivas, pois o governo vem investindo em tecnologia da informa\u00e7\u00e3o e aplicativos para facilitar o acesso e atualizar os cadastros de forma mais eficiente. Com pol\u00edticas inovadoras e participa\u00e7\u00e3o ativa da sociedade, o <strong>Cad\u00danico <\/strong>seguir\u00e1 evoluindo como um instrumento central na garantia dos direitos sociais e na diminui\u00e7\u00e3o da desigualdade no <strong>Brasil<\/strong>.<\/p>\n","protected":false},"excerpt":{"rendered":"<p>O Cadastro \u00danico para Programas Sociais do Governo Federal, conhecido como Cad\u00danico, \u00e9 um dos principais instrumentos de inclus\u00e3o social no Brasil. Implementado para identificar e caracterizar fam\u00edlias de baixa renda em todo o territ\u00f3rio nacional, o Cad\u00danico serve como porta de entrada para diversos programas sociais. Administrado pelo Minist\u00e9rio da Cidadania e operacionalizado pelas [&hellip;]<\/p>\n","protected":false},"author":20,"featured_media":71515,"comment_status":"open","ping_status":"open","sticky":false,"template":"","format":"standard","meta":{"jnews-multi-image_gallery":[],"jnews_single_post":{"format":"standard"},"jnews_primary_category":[],"jnews_social_meta":[],"jnews_override_counter":[],"footnotes":""},"categories":[28,1],"tags":[986,614,160],"class_list":["post-81209","post","type-post","status-publish","format-standard","has-post-thumbnail","hentry","category-economia","category-noticias","tag-beneficios-sociais","tag-cadunico","tag-economia"],"yoast_head":"<!-- This site is optimized with the Yoast SEO plugin v23.8 - https:\/\/yoast.com\/wordpress\/plugins\/seo\/ -->\n<title>Cad\u00danico \u00e9 a chave para acessar programas que ajudam no aluguel, luz e alimenta\u00e7\u00e3o - Estado de Minas - Em foco<\/title>\n<meta name=\"description\" content=\"Cadastro \u00danico conecta fam\u00edlias de baixa renda a programas sociais e precisa ser atualizado para garantir a continuidade dos benef\u00edcios.\" \/>\n<meta name=\"robots\" content=\"index, follow, max-snippet:-1, max-image-preview:large, max-video-preview:-1\" \/>\n<link rel=\"canonical\" href=\"https:\/\/www.em.com.br\/emfoco\/2025\/07\/25\/cadunico-e-a-chave-para-acessar-programas-que-ajudam-no-aluguel-luz-e-alimentacao\/\" \/>\n<meta property=\"og:locale\" content=\"pt_BR\" \/>\n<meta property=\"og:type\" content=\"article\" \/>\n<meta property=\"og:title\" content=\"Cad\u00danico \u00e9 a chave para acessar programas que ajudam no aluguel, luz e alimenta\u00e7\u00e3o - Estado de Minas - Em foco\" \/>\n<meta property=\"og:description\" content=\"Cadastro \u00danico conecta fam\u00edlias de baixa renda a programas sociais e precisa ser atualizado para garantir a continuidade dos benef\u00edcios.\" \/>\n<meta property=\"og:url\" content=\"https:\/\/www.em.com.br\/emfoco\/2025\/07\/25\/cadunico-e-a-chave-para-acessar-programas-que-ajudam-no-aluguel-luz-e-alimentacao\/\" \/>\n<meta property=\"og:site_name\" content=\"Estado de Minas - Em foco\" \/>\n<meta property=\"article:published_time\" content=\"2025-07-25T11:18:00+00:00\" \/>\n<meta property=\"article:modified_time\" content=\"2025-07-24T22:33:14+00:00\" \/>\n<meta property=\"og:image\" content=\"https:\/\/www.em.com.br\/emfoco\/wp-content\/uploads\/2025\/07\/emprestimo_1751653717602.jpg\" \/>\n\t<meta property=\"og:image:width\" content=\"1279\" \/>\n\t<meta property=\"og:image:height\" content=\"720\" \/>\n\t<meta property=\"og:image:type\" content=\"image\/jpeg\" \/>\n<meta name=\"author\" content=\"Ingrid Diniz\" \/>\n<meta name=\"twitter:card\" content=\"summary_large_image\" \/>\n<meta name=\"twitter:label1\" content=\"Escrito por\" \/>\n\t<meta name=\"twitter:data1\" content=\"Ingrid Diniz\" \/>\n\t<meta name=\"twitter:label2\" content=\"Est. tempo de leitura\" \/>\n\t<meta name=\"twitter:data2\" content=\"6 minutos\" \/>\n<!-- \/ Yoast SEO plugin. -->","yoast_head_json":{"title":"Cad\u00danico \u00e9 a chave para acessar programas que ajudam no aluguel, luz e alimenta\u00e7\u00e3o - Estado de Minas - Em foco","description":"Cadastro \u00danico conecta fam\u00edlias de baixa renda a programas sociais e precisa ser atualizado para garantir a continuidade dos benef\u00edcios.","robots":{"index":"index","follow":"follow","max-snippet":"max-snippet:-1","max-image-preview":"max-image-preview:large","max-video-preview":"max-video-preview:-1"},"canonical":"https:\/\/www.em.com.br\/emfoco\/2025\/07\/25\/cadunico-e-a-chave-para-acessar-programas-que-ajudam-no-aluguel-luz-e-alimentacao\/","og_locale":"pt_BR","og_type":"article","og_title":"Cad\u00danico \u00e9 a chave para acessar programas que ajudam no aluguel, luz e alimenta\u00e7\u00e3o - Estado de Minas - Em foco","og_description":"Cadastro \u00danico conecta fam\u00edlias de baixa renda a programas sociais e precisa ser atualizado para garantir a continuidade dos benef\u00edcios.","og_url":"https:\/\/www.em.com.br\/emfoco\/2025\/07\/25\/cadunico-e-a-chave-para-acessar-programas-que-ajudam-no-aluguel-luz-e-alimentacao\/","og_site_name":"Estado de Minas - Em foco","article_published_time":"2025-07-25T11:18:00+00:00","article_modified_time":"2025-07-24T22:33:14+00:00","og_image":[{"width":1279,"height":720,"url":"https:\/\/www.em.com.br\/emfoco\/wp-content\/uploads\/2025\/07\/emprestimo_1751653717602.jpg","type":"image\/jpeg"}],"author":"Ingrid Diniz","twitter_card":"summary_large_image","twitter_misc":{"Escrito por":"Ingrid Diniz","Est. tempo de leitura":"6 minutos"},"schema":{"@context":"https:\/\/schema.org","@graph":[{"@type":"WebPage","@id":"https:\/\/www.em.com.br\/emfoco\/2025\/07\/25\/cadunico-e-a-chave-para-acessar-programas-que-ajudam-no-aluguel-luz-e-alimentacao\/","url":"https:\/\/www.em.com.br\/emfoco\/2025\/07\/25\/cadunico-e-a-chave-para-acessar-programas-que-ajudam-no-aluguel-luz-e-alimentacao\/","name":"Cad\u00danico \u00e9 a chave para acessar programas que ajudam no aluguel, luz e alimenta\u00e7\u00e3o - Estado de Minas - Em foco","isPartOf":{"@id":"https:\/\/www.em.com.br\/emfoco\/#website"},"primaryImageOfPage":{"@id":"https:\/\/www.em.com.br\/emfoco\/2025\/07\/25\/cadunico-e-a-chave-para-acessar-programas-que-ajudam-no-aluguel-luz-e-alimentacao\/#primaryimage"},"image":{"@id":"https:\/\/www.em.com.br\/emfoco\/2025\/07\/25\/cadunico-e-a-chave-para-acessar-programas-que-ajudam-no-aluguel-luz-e-alimentacao\/#primaryimage"},"thumbnailUrl":"https:\/\/www.em.com.br\/emfoco\/wp-content\/uploads\/2025\/07\/emprestimo_1751653717602.jpg","datePublished":"2025-07-25T11:18:00+00:00","dateModified":"2025-07-24T22:33:14+00:00","author":{"@id":"https:\/\/www.em.com.br\/emfoco\/#\/schema\/person\/649e610b4eb8fff87ff394e54fe17b2b"},"description":"Cadastro \u00danico conecta fam\u00edlias de baixa renda a programas sociais e precisa ser atualizado para garantir a continuidade dos benef\u00edcios.","breadcrumb":{"@id":"https:\/\/www.em.com.br\/emfoco\/2025\/07\/25\/cadunico-e-a-chave-para-acessar-programas-que-ajudam-no-aluguel-luz-e-alimentacao\/#breadcrumb"},"inLanguage":"pt-BR","potentialAction":[{"@type":"ReadAction","target":["https:\/\/www.em.com.br\/emfoco\/2025\/07\/25\/cadunico-e-a-chave-para-acessar-programas-que-ajudam-no-aluguel-luz-e-alimentacao\/"]}]},{"@type":"ImageObject","inLanguage":"pt-BR","@id":"https:\/\/www.em.com.br\/emfoco\/2025\/07\/25\/cadunico-e-a-chave-para-acessar-programas-que-ajudam-no-aluguel-luz-e-alimentacao\/#primaryimage","url":"https:\/\/www.em.com.br\/emfoco\/wp-content\/uploads\/2025\/07\/emprestimo_1751653717602.jpg","contentUrl":"https:\/\/www.em.com.br\/emfoco\/wp-content\/uploads\/2025\/07\/emprestimo_1751653717602.jpg","width":1279,"height":720,"caption":"Novas taxas municipais que afetam seu bolso - Cr\u00e9ditos: depositphotos.com \/ rfphoto"},{"@type":"BreadcrumbList","@id":"https:\/\/www.em.com.br\/emfoco\/2025\/07\/25\/cadunico-e-a-chave-para-acessar-programas-que-ajudam-no-aluguel-luz-e-alimentacao\/#breadcrumb","itemListElement":[{"@type":"ListItem","position":1,"name":"In\u00edcio","item":"https:\/\/www.em.com.br\/emfoco\/"},{"@type":"ListItem","position":2,"name":"Cad\u00danico \u00e9 a chave para acessar programas que ajudam no aluguel, luz e alimenta\u00e7\u00e3o"}]},{"@type":"WebSite","@id":"https:\/\/www.em.com.br\/emfoco\/#website","url":"https:\/\/www.em.com.br\/emfoco\/","name":"Estado de Minas - Em foco","description":"Acompanhe as \u00faltimas not\u00edcias e fique bem informado sobre tudo o que acontece em Minas Gerais, Brasil e no mundo.","potentialAction":[{"@type":"SearchAction","target":{"@type":"EntryPoint","urlTemplate":"https:\/\/www.em.com.br\/emfoco\/?s={search_term_string}"},"query-input":{"@type":"PropertyValueSpecification","valueRequired":true,"valueName":"search_term_string"}}],"inLanguage":"pt-BR"},{"@type":"Person","@id":"https:\/\/www.em.com.br\/emfoco\/#\/schema\/person\/649e610b4eb8fff87ff394e54fe17b2b","name":"Ingrid Diniz","image":{"@type":"ImageObject","inLanguage":"pt-BR","@id":"https:\/\/www.em.com.br\/emfoco\/#\/schema\/person\/image\/","url":"https:\/\/secure.gravatar.com\/avatar\/a3baa1449ec5c39b4c42babc9d4f3951?s=96&d=mm&r=g","contentUrl":"https:\/\/secure.gravatar.com\/avatar\/a3baa1449ec5c39b4c42babc9d4f3951?s=96&d=mm&r=g","caption":"Ingrid Diniz"},"sameAs":["https:\/\/www.em.com.br\/"],"url":"https:\/\/www.em.com.br\/emfoco\/author\/ingridmyth\/"}]}},"_links":{"self":[{"href":"https:\/\/www.em.com.br\/emfoco\/wp-json\/wp\/v2\/posts\/81209","targetHints":{"allow":["GET"]}}],"collection":[{"href":"https:\/\/www.em.com.br\/emfoco\/wp-json\/wp\/v2\/posts"}],"about":[{"href":"https:\/\/www.em.com.br\/emfoco\/wp-json\/wp\/v2\/types\/post"}],"author":[{"embeddable":true,"href":"https:\/\/www.em.com.br\/emfoco\/wp-json\/wp\/v2\/users\/20"}],"replies":[{"embeddable":true,"href":"https:\/\/www.em.com.br\/emfoco\/wp-json\/wp\/v2\/comments?post=81209"}],"version-history":[{"count":1,"href":"https:\/\/www.em.com.br\/emfoco\/wp-json\/wp\/v2\/posts\/81209\/revisions"}],"predecessor-version":[{"id":81222,"href":"https:\/\/www.em.com.br\/emfoco\/wp-json\/wp\/v2\/posts\/81209\/revisions\/81222"}],"wp:featuredmedia":[{"embeddable":true,"href":"https:\/\/www.em.com.br\/emfoco\/wp-json\/wp\/v2\/media\/71515"}],"wp:attachment":[{"href":"https:\/\/www.em.com.br\/emfoco\/wp-json\/wp\/v2\/media?parent=81209"}],"wp:term":[{"taxonomy":"category","embeddable":true,"href":"https:\/\/www.em.com.br\/emfoco\/wp-json\/wp\/v2\/categories?post=81209"},{"taxonomy":"post_tag","embeddable":true,"href":"https:\/\/www.em.com.br\/emfoco\/wp-json\/wp\/v2\/tags?post=81209"}],"curies":[{"name":"wp","href":"https:\/\/api.w.org\/{rel}","templated":true}]}}