{"id":81208,"date":"2025-07-25T06:18:00","date_gmt":"2025-07-25T09:18:00","guid":{"rendered":"https:\/\/www.em.com.br\/emfoco\/?p=81208"},"modified":"2025-07-24T19:26:55","modified_gmt":"2025-07-24T22:26:55","slug":"bolsa-familia-vai-pagar-mais-neste-mes-para-quem-tem-bebe-em-casa","status":"publish","type":"post","link":"https:\/\/www.em.com.br\/emfoco\/2025\/07\/25\/bolsa-familia-vai-pagar-mais-neste-mes-para-quem-tem-bebe-em-casa\/","title":{"rendered":"Bolsa Fam\u00edlia vai pagar mais neste m\u00eas para quem tem beb\u00ea em casa"},"content":{"rendered":"\n<p>O programa <strong>Bolsa Fam\u00edlia<\/strong>, gerido pela <strong><a href=\"https:\/\/www.caixa.gov.br\/\" target=\"_blank\" rel=\"noreferrer noopener\">Caixa Econ\u00f4mica Federal<\/a><\/strong>, continua sendo uma das principais iniciativas de transfer\u00eancia de renda do <strong>Brasil<\/strong>. Com o objetivo de garantir seguran\u00e7a alimentar e reduzir a desigualdade, o programa atende milh\u00f5es de fam\u00edlias em situa\u00e7\u00e3o de vulnerabilidade econ\u00f4mica. Em julho, o pagamento do benef\u00edcio segue um cronograma rigoroso, com a parcela m\u00ednima estabelecida em R$ 600 e um valor m\u00e9dio que pode chegar a R$ 671,52 devido a adicionais espec\u00edficos.<\/p>\n\n\n\n<p>O adicional de R$ 50 para m\u00e3es de beb\u00eas com at\u00e9 seis meses est\u00e1 entre os benef\u00edcios complementares, assim como para gestantes e nutrizes. Crian\u00e7as com idades variando de 7 a 18 anos tamb\u00e9m s\u00e3o contempladas com um acr\u00e9scimo, bem como aquelas com at\u00e9 6 anos, que recebem um valor superior de R$ 150. Esses adicionais refor\u00e7am o compromisso do programa em atender as diferentes necessidades das fam\u00edlias benefici\u00e1rias.<\/p>\n\n\n\n<h2 class=\"wp-block-heading\">Quem tem direito ao Bolsa Fam\u00edlia?<\/h2>\n\n\n<div class=\"wp-block-image\">\n<figure class=\"aligncenter size-large\"><img loading=\"lazy\" decoding=\"async\" width=\"1024\" height=\"576\" src=\"https:\/\/www.em.com.br\/emfoco\/wp-content\/uploads\/2025\/06\/bolsa-familia_1748976725057-1024x576.jpg\" alt=\"Bolsa Fam\u00edlia e aux\u00edlio-g\u00e1s j\u00e1 t\u00eam datas confirmadas!\" class=\"wp-image-54998\" srcset=\"https:\/\/www.em.com.br\/emfoco\/wp-content\/uploads\/2025\/06\/bolsa-familia_1748976725057-1024x576.jpg 1024w, https:\/\/www.em.com.br\/emfoco\/wp-content\/uploads\/2025\/06\/bolsa-familia_1748976725057-300x169.jpg 300w, https:\/\/www.em.com.br\/emfoco\/wp-content\/uploads\/2025\/06\/bolsa-familia_1748976725057-768x432.jpg 768w, https:\/\/www.em.com.br\/emfoco\/wp-content\/uploads\/2025\/06\/bolsa-familia_1748976725057-750x422.jpg 750w, https:\/\/www.em.com.br\/emfoco\/wp-content\/uploads\/2025\/06\/bolsa-familia_1748976725057-1140x641.jpg 1140w, https:\/\/www.em.com.br\/emfoco\/wp-content\/uploads\/2025\/06\/bolsa-familia_1748976725057.jpg 1280w\" sizes=\"auto, (max-width: 1024px) 100vw, 1024px\" \/><figcaption class=\"wp-element-caption\">M\u00e3os segurando moedas &#8211; Cr\u00e9ditos: depositphotos.com \/ serezniy<\/figcaption><\/figure><\/div>\n\n\n<p>Para ter direito ao <strong><a href=\"https:\/\/www.em.com.br\/emfoco\/2025\/07\/24\/bolsa-familia-libera-novo-pagamento-para-nis-final-4\/\" target=\"_blank\" rel=\"noreferrer noopener\">Bolsa Fam\u00edlia<\/a><\/strong>, as fam\u00edlias precisam estar inscritas no<strong> Cadastro \u00danico para Programas Sociais do Governo Federal<\/strong> (Cad\u00danico) e comprovar renda mensal por pessoa de at\u00e9 R$ 218. O cadastramento \u00e9 feito em postos de atendimento municipais e atualizado periodicamente para verificar se o perfil da fam\u00edlia continua eleg\u00edvel. Al\u00e9m disso, h\u00e1 prioridade para fam\u00edlias chefiadas por mulheres, gestantes e pessoas em situa\u00e7\u00e3o de vulnerabilidade acentuada.<\/p>\n\n\n\n<p>Al\u00e9m dos pr\u00e9-requisitos relacionados \u00e0 renda, o programa exige o cumprimento de compromissos na \u00e1rea da sa\u00fade e da educa\u00e7\u00e3o. A frequ\u00eancia escolar das crian\u00e7as e o acompanhamento regular do calend\u00e1rio de vacina\u00e7\u00e3o s\u00e3o condi\u00e7\u00f5es para a manuten\u00e7\u00e3o do benef\u00edcio. Assim, o <strong>Bolsa Fam\u00edlia<\/strong> incentiva a inclus\u00e3o social e o desenvolvimento humano das novas gera\u00e7\u00f5es.<\/p>\n\n\n\n<h2 class=\"wp-block-heading\">Como ocorre o pagamento do Bolsa Fam\u00edlia?<\/h2>\n\n\n\n<p>Os pagamentos do <strong>Bolsa Fam\u00edlia<\/strong> s\u00e3o realizados nos \u00faltimos dez dias \u00fateis de cada m\u00eas e os benefici\u00e1rios podem acessar informa\u00e7\u00f5es detalhadas sobre datas e valores diretamente no aplicativo <strong>Caixa Tem<\/strong>. A consulta facilita o planejamento financeiro das fam\u00edlias, que podem verificar o calend\u00e1rio de desembolsos e gerenciar o uso da ajuda econ\u00f4mica de acordo com suas necessidades espec\u00edficas.<\/p>\n\n\n\n<p>Recentemente, algumas regi\u00f5es receberam o benef\u00edcio de forma antecipada devido a condi\u00e7\u00f5es clim\u00e1ticas adversas ou situa\u00e7\u00e3o de vulnerabilidade, como em munic\u00edpios do <strong>Rio Grande do Sul<\/strong> e outros estados. Essa medida emergencial demonstra a flexibilidade do programa em responder rapidamente a situa\u00e7\u00f5es de necessidade aumentada.<\/p>\n\n\n\n<h2 class=\"wp-block-heading\">O que \u00e9 a regra de prote\u00e7\u00e3o do Bolsa Fam\u00edlia?<\/h2>\n\n\n\n<p>Introduzida para dar suporte a fam\u00edlias que est\u00e3o melhorando sua condi\u00e7\u00e3o financeira, a regra de prote\u00e7\u00e3o permite que estas fam\u00edlias continuem a receber parte do benef\u00edcio enquanto estabilizam sua nova realidade econ\u00f4mica. Se um membro da fam\u00edlia consegue um emprego ou aumenta seus rendimentos, ainda assim \u00e9 poss\u00edvel receber 50% do benef\u00edcio por at\u00e9 dois anos, desde que os ganhos n\u00e3o ultrapassem meia remunera\u00e7\u00e3o m\u00ednima por integrante.<\/p>\n\n\n\n<p>Essa regra contribui para o incentivo \u00e0 autonomia, ao mesmo tempo em que amortece o impacto das mudan\u00e7as financeiras repentinas. Dessa forma, o Bolsa Fam\u00edlia atua como um suporte de transi\u00e7\u00e3o, evitando que as fam\u00edlias percam o benef\u00edcio de forma abrupta e possam planejar com mais seguran\u00e7a seu futuro.<\/p>\n\n\n\n<h2 class=\"wp-block-heading\">Quando ser\u00e1 pago o Aux\u00edlio G\u00e1s?<\/h2>\n\n\n\n<p>O <strong>Aux\u00edlio G\u00e1s<\/strong>, pago a cada dois meses, n\u00e3o ser\u00e1 emitido em julho, mas retornar\u00e1 em agosto. Esse benef\u00edcio \u00e9 destinado a fam\u00edlias inscritas no <strong>Cad\u00danico <\/strong>que incluem entre seus membros recebedores do <strong>Benef\u00edcio de Presta\u00e7\u00e3o Continuada<\/strong> (BPC). H\u00e1 uma especial aten\u00e7\u00e3o para mulheres gestoras do n\u00facleo familiar e aquelas em situa\u00e7\u00e3o de viol\u00eancia dom\u00e9stica, garantindo assim que a ajuda alcance aqueles que realmente precisam.<\/p>\n\n\n\n<p>O valor do <strong>Aux\u00edlio G\u00e1s<\/strong> \u00e9 ajustado conforme o pre\u00e7o m\u00e9dio do botij\u00e3o de 13 kg no pa\u00eds, e seu pagamento ocorre juntamente ao calend\u00e1rio do <strong>Bolsa Fam\u00edlia<\/strong>, facilitando o recebimento pelos benefici\u00e1rios. Essa ajuda tem se mostrado fundamental na composi\u00e7\u00e3o do or\u00e7amento familiar, especialmente diante do aumento do custo de vida em diversas regi\u00f5es do <strong>Brasil<\/strong>.<\/p>\n\n\n\n<h2 class=\"wp-block-heading\">Como consultar benef\u00edcios e atualizar cadastro<\/h2>\n\n\n\n<p>Os benefici\u00e1rios podem consultar suas informa\u00e7\u00f5es e pagamentos tanto pelo aplicativo <strong>Caixa Tem<\/strong> quanto pelo aplicativo <strong>Bolsa Fam\u00edlia<\/strong>. A atualiza\u00e7\u00e3o cadastral \u00e9 fundamental para garantir o recebimento regular dos benef\u00edcios, sendo recomendada a revis\u00e3o dos dados ao menos uma vez por ano ou sempre que houver altera\u00e7\u00e3o na composi\u00e7\u00e3o familiar ou na renda.<\/p>\n\n\n\n<p>Os <strong>CRAS <\/strong>(Centros de Refer\u00eancia de Assist\u00eancia Social) seguem como principais pontos de atendimento para quem precisa fazer ou atualizar o cadastro. Manter os dados corretos evita bloqueios e interrup\u00e7\u00f5es no pagamento e possibilita o acesso a outros programas sociais federais, estaduais ou municipais.<\/p>\n\n\n\n<h2 class=\"wp-block-heading\">Impactos sociais do Bolsa Fam\u00edlia<\/h2>\n\n\n\n<p>O <strong>Bolsa Fam\u00edlia<\/strong> j\u00e1 demonstrou resultados positivos na redu\u00e7\u00e3o da extrema pobreza no <strong>Brasil<\/strong>, contribuindo para o aumento do \u00edndice de escolaridade e para a melhoria dos indicadores de sa\u00fade infantil. Segundo estudos de \u00f3rg\u00e3os governamentais e internacionais, o programa colabora ainda para o fortalecimento das economias locais.<\/p>\n\n\n\n<p>Al\u00e9m do impacto econ\u00f4mico direto, a amplia\u00e7\u00e3o da prote\u00e7\u00e3o social gerada pelo programa reduz desigualdades regionais e contribui para a melhoria da qualidade de vida de milh\u00f5es de brasileiros. O <strong>Bolsa Fam\u00edlia<\/strong>, dessa forma, se mant\u00e9m como uma importante ferramenta de cidadania e inclus\u00e3o social no pa\u00eds.<\/p>\n","protected":false},"excerpt":{"rendered":"<p>O programa Bolsa Fam\u00edlia, gerido pela Caixa Econ\u00f4mica Federal, continua sendo uma das principais iniciativas de transfer\u00eancia de renda do Brasil. Com o objetivo de garantir seguran\u00e7a alimentar e reduzir a desigualdade, o programa atende milh\u00f5es de fam\u00edlias em situa\u00e7\u00e3o de vulnerabilidade econ\u00f4mica. Em julho, o pagamento do benef\u00edcio segue um cronograma rigoroso, com a [&hellip;]<\/p>\n","protected":false},"author":20,"featured_media":67039,"comment_status":"open","ping_status":"open","sticky":false,"template":"","format":"standard","meta":{"jnews-multi-image_gallery":[],"jnews_single_post":{"format":"standard"},"jnews_primary_category":[],"jnews_social_meta":[],"jnews_override_counter":[],"footnotes":""},"categories":[28,1],"tags":[209,1631],"class_list":["post-81208","post","type-post","status-publish","format-standard","has-post-thumbnail","hentry","category-economia","category-noticias","tag-bolsa-familia","tag-caixa-economica-federal"],"yoast_head":"<!-- This site is optimized with the Yoast SEO plugin v23.8 - https:\/\/yoast.com\/wordpress\/plugins\/seo\/ -->\n<title>Bolsa Fam\u00edlia vai pagar mais neste m\u00eas para quem tem beb\u00ea em casa - Estado de Minas - Em foco<\/title>\n<meta name=\"description\" content=\"Com parcelas m\u00ednimas de R$ 600 e extras para quem tem filhos o Bolsa Fam\u00edlia de julho promete aliviar o bolso de milh\u00f5es de brasileiros.\" \/>\n<meta name=\"robots\" content=\"index, follow, max-snippet:-1, max-image-preview:large, max-video-preview:-1\" \/>\n<link rel=\"canonical\" href=\"https:\/\/www.em.com.br\/emfoco\/2025\/07\/25\/bolsa-familia-vai-pagar-mais-neste-mes-para-quem-tem-bebe-em-casa\/\" \/>\n<meta property=\"og:locale\" content=\"pt_BR\" \/>\n<meta property=\"og:type\" content=\"article\" \/>\n<meta property=\"og:title\" content=\"Bolsa Fam\u00edlia vai pagar mais neste m\u00eas para quem tem beb\u00ea em casa - Estado de Minas - Em foco\" \/>\n<meta property=\"og:description\" content=\"Com parcelas m\u00ednimas de R$ 600 e extras para quem tem filhos o Bolsa Fam\u00edlia de julho promete aliviar o bolso de milh\u00f5es de brasileiros.\" \/>\n<meta property=\"og:url\" content=\"https:\/\/www.em.com.br\/emfoco\/2025\/07\/25\/bolsa-familia-vai-pagar-mais-neste-mes-para-quem-tem-bebe-em-casa\/\" \/>\n<meta property=\"og:site_name\" content=\"Estado de Minas - Em foco\" \/>\n<meta property=\"article:published_time\" content=\"2025-07-25T09:18:00+00:00\" \/>\n<meta property=\"article:modified_time\" content=\"2025-07-24T22:26:55+00:00\" \/>\n<meta property=\"og:image\" content=\"https:\/\/www.em.com.br\/emfoco\/wp-content\/uploads\/2025\/06\/beneficio-brasil_1750889236618.jpg\" \/>\n\t<meta property=\"og:image:width\" content=\"1280\" \/>\n\t<meta property=\"og:image:height\" content=\"720\" \/>\n\t<meta property=\"og:image:type\" content=\"image\/jpeg\" \/>\n<meta name=\"author\" content=\"Ingrid Diniz\" \/>\n<meta name=\"twitter:card\" content=\"summary_large_image\" \/>\n<meta name=\"twitter:label1\" content=\"Escrito por\" \/>\n\t<meta name=\"twitter:data1\" content=\"Ingrid Diniz\" \/>\n\t<meta name=\"twitter:label2\" content=\"Est. tempo de leitura\" \/>\n\t<meta name=\"twitter:data2\" content=\"6 minutos\" \/>\n<!-- \/ Yoast SEO plugin. -->","yoast_head_json":{"title":"Bolsa Fam\u00edlia vai pagar mais neste m\u00eas para quem tem beb\u00ea em casa - Estado de Minas - Em foco","description":"Com parcelas m\u00ednimas de R$ 600 e extras para quem tem filhos o Bolsa Fam\u00edlia de julho promete aliviar o bolso de milh\u00f5es de brasileiros.","robots":{"index":"index","follow":"follow","max-snippet":"max-snippet:-1","max-image-preview":"max-image-preview:large","max-video-preview":"max-video-preview:-1"},"canonical":"https:\/\/www.em.com.br\/emfoco\/2025\/07\/25\/bolsa-familia-vai-pagar-mais-neste-mes-para-quem-tem-bebe-em-casa\/","og_locale":"pt_BR","og_type":"article","og_title":"Bolsa Fam\u00edlia vai pagar mais neste m\u00eas para quem tem beb\u00ea em casa - Estado de Minas - Em foco","og_description":"Com parcelas m\u00ednimas de R$ 600 e extras para quem tem filhos o Bolsa Fam\u00edlia de julho promete aliviar o bolso de milh\u00f5es de brasileiros.","og_url":"https:\/\/www.em.com.br\/emfoco\/2025\/07\/25\/bolsa-familia-vai-pagar-mais-neste-mes-para-quem-tem-bebe-em-casa\/","og_site_name":"Estado de Minas - Em foco","article_published_time":"2025-07-25T09:18:00+00:00","article_modified_time":"2025-07-24T22:26:55+00:00","og_image":[{"width":1280,"height":720,"url":"https:\/\/www.em.com.br\/emfoco\/wp-content\/uploads\/2025\/06\/beneficio-brasil_1750889236618.jpg","type":"image\/jpeg"}],"author":"Ingrid Diniz","twitter_card":"summary_large_image","twitter_misc":{"Escrito por":"Ingrid Diniz","Est. tempo de leitura":"6 minutos"},"schema":{"@context":"https:\/\/schema.org","@graph":[{"@type":"WebPage","@id":"https:\/\/www.em.com.br\/emfoco\/2025\/07\/25\/bolsa-familia-vai-pagar-mais-neste-mes-para-quem-tem-bebe-em-casa\/","url":"https:\/\/www.em.com.br\/emfoco\/2025\/07\/25\/bolsa-familia-vai-pagar-mais-neste-mes-para-quem-tem-bebe-em-casa\/","name":"Bolsa Fam\u00edlia vai pagar mais neste m\u00eas para quem tem beb\u00ea em casa - Estado de Minas - Em foco","isPartOf":{"@id":"https:\/\/www.em.com.br\/emfoco\/#website"},"primaryImageOfPage":{"@id":"https:\/\/www.em.com.br\/emfoco\/2025\/07\/25\/bolsa-familia-vai-pagar-mais-neste-mes-para-quem-tem-bebe-em-casa\/#primaryimage"},"image":{"@id":"https:\/\/www.em.com.br\/emfoco\/2025\/07\/25\/bolsa-familia-vai-pagar-mais-neste-mes-para-quem-tem-bebe-em-casa\/#primaryimage"},"thumbnailUrl":"https:\/\/www.em.com.br\/emfoco\/wp-content\/uploads\/2025\/06\/beneficio-brasil_1750889236618.jpg","datePublished":"2025-07-25T09:18:00+00:00","dateModified":"2025-07-24T22:26:55+00:00","author":{"@id":"https:\/\/www.em.com.br\/emfoco\/#\/schema\/person\/649e610b4eb8fff87ff394e54fe17b2b"},"description":"Com parcelas m\u00ednimas de R$ 600 e extras para quem tem filhos o Bolsa Fam\u00edlia de julho promete aliviar o bolso de milh\u00f5es de brasileiros.","breadcrumb":{"@id":"https:\/\/www.em.com.br\/emfoco\/2025\/07\/25\/bolsa-familia-vai-pagar-mais-neste-mes-para-quem-tem-bebe-em-casa\/#breadcrumb"},"inLanguage":"pt-BR","potentialAction":[{"@type":"ReadAction","target":["https:\/\/www.em.com.br\/emfoco\/2025\/07\/25\/bolsa-familia-vai-pagar-mais-neste-mes-para-quem-tem-bebe-em-casa\/"]}]},{"@type":"ImageObject","inLanguage":"pt-BR","@id":"https:\/\/www.em.com.br\/emfoco\/2025\/07\/25\/bolsa-familia-vai-pagar-mais-neste-mes-para-quem-tem-bebe-em-casa\/#primaryimage","url":"https:\/\/www.em.com.br\/emfoco\/wp-content\/uploads\/2025\/06\/beneficio-brasil_1750889236618.jpg","contentUrl":"https:\/\/www.em.com.br\/emfoco\/wp-content\/uploads\/2025\/06\/beneficio-brasil_1750889236618.jpg","width":1280,"height":720,"caption":"Bolsa Fam\u00edlia de dezembro pode passar de R$ 900 - Cr\u00e9ditos: depositphotos.com \/ rafapress"},{"@type":"BreadcrumbList","@id":"https:\/\/www.em.com.br\/emfoco\/2025\/07\/25\/bolsa-familia-vai-pagar-mais-neste-mes-para-quem-tem-bebe-em-casa\/#breadcrumb","itemListElement":[{"@type":"ListItem","position":1,"name":"In\u00edcio","item":"https:\/\/www.em.com.br\/emfoco\/"},{"@type":"ListItem","position":2,"name":"Bolsa Fam\u00edlia vai pagar mais neste m\u00eas para quem tem beb\u00ea em casa"}]},{"@type":"WebSite","@id":"https:\/\/www.em.com.br\/emfoco\/#website","url":"https:\/\/www.em.com.br\/emfoco\/","name":"Estado de Minas - Em foco","description":"Acompanhe as \u00faltimas not\u00edcias e fique bem informado sobre tudo o que acontece em Minas Gerais, Brasil e no mundo.","potentialAction":[{"@type":"SearchAction","target":{"@type":"EntryPoint","urlTemplate":"https:\/\/www.em.com.br\/emfoco\/?s={search_term_string}"},"query-input":{"@type":"PropertyValueSpecification","valueRequired":true,"valueName":"search_term_string"}}],"inLanguage":"pt-BR"},{"@type":"Person","@id":"https:\/\/www.em.com.br\/emfoco\/#\/schema\/person\/649e610b4eb8fff87ff394e54fe17b2b","name":"Ingrid Diniz","image":{"@type":"ImageObject","inLanguage":"pt-BR","@id":"https:\/\/www.em.com.br\/emfoco\/#\/schema\/person\/image\/","url":"https:\/\/secure.gravatar.com\/avatar\/a3baa1449ec5c39b4c42babc9d4f3951?s=96&d=mm&r=g","contentUrl":"https:\/\/secure.gravatar.com\/avatar\/a3baa1449ec5c39b4c42babc9d4f3951?s=96&d=mm&r=g","caption":"Ingrid Diniz"},"sameAs":["https:\/\/www.em.com.br\/"],"url":"https:\/\/www.em.com.br\/emfoco\/author\/ingridmyth\/"}]}},"_links":{"self":[{"href":"https:\/\/www.em.com.br\/emfoco\/wp-json\/wp\/v2\/posts\/81208","targetHints":{"allow":["GET"]}}],"collection":[{"href":"https:\/\/www.em.com.br\/emfoco\/wp-json\/wp\/v2\/posts"}],"about":[{"href":"https:\/\/www.em.com.br\/emfoco\/wp-json\/wp\/v2\/types\/post"}],"author":[{"embeddable":true,"href":"https:\/\/www.em.com.br\/emfoco\/wp-json\/wp\/v2\/users\/20"}],"replies":[{"embeddable":true,"href":"https:\/\/www.em.com.br\/emfoco\/wp-json\/wp\/v2\/comments?post=81208"}],"version-history":[{"count":1,"href":"https:\/\/www.em.com.br\/emfoco\/wp-json\/wp\/v2\/posts\/81208\/revisions"}],"predecessor-version":[{"id":81221,"href":"https:\/\/www.em.com.br\/emfoco\/wp-json\/wp\/v2\/posts\/81208\/revisions\/81221"}],"wp:featuredmedia":[{"embeddable":true,"href":"https:\/\/www.em.com.br\/emfoco\/wp-json\/wp\/v2\/media\/67039"}],"wp:attachment":[{"href":"https:\/\/www.em.com.br\/emfoco\/wp-json\/wp\/v2\/media?parent=81208"}],"wp:term":[{"taxonomy":"category","embeddable":true,"href":"https:\/\/www.em.com.br\/emfoco\/wp-json\/wp\/v2\/categories?post=81208"},{"taxonomy":"post_tag","embeddable":true,"href":"https:\/\/www.em.com.br\/emfoco\/wp-json\/wp\/v2\/tags?post=81208"}],"curies":[{"name":"wp","href":"https:\/\/api.w.org\/{rel}","templated":true}]}}