{"id":81151,"date":"2025-07-26T22:08:00","date_gmt":"2025-07-27T01:08:00","guid":{"rendered":"https:\/\/www.em.com.br\/emfoco\/?p=81151"},"modified":"2025-07-25T15:10:06","modified_gmt":"2025-07-25T18:10:06","slug":"a-serie-que-vai-redefinir-o-universo-alien-estreia-em-agosto","status":"publish","type":"post","link":"https:\/\/www.em.com.br\/emfoco\/2025\/07\/26\/a-serie-que-vai-redefinir-o-universo-alien-estreia-em-agosto\/","title":{"rendered":"A s\u00e9rie que vai redefinir o universo Alien estreia em agosto"},"content":{"rendered":"\n<p>A ic\u00f4nica franquia <strong>Alien<\/strong>, iniciada por <em>Ridley Scott<\/em> em 1979, ganha uma nova e ousada ramifica\u00e7\u00e3o com<a href=\"https:\/\/www.adorocinema.com\/series\/serie-27910\/\" target=\"_blank\" rel=\"noreferrer noopener\"> <strong>Alien Earth<\/strong><\/a>, s\u00e9rie da FX criada por <em>Noah Hawley<\/em> (Fargo). A estreia est\u00e1 marcada para o <strong>dia 12 de agosto de 2025<\/strong>, com exibi\u00e7\u00e3o pelo canal FX e streaming no <strong>Hulu<\/strong> (EUA) e <strong>Disney+<\/strong> (internacionalmente).<\/p>\n\n\n\n<h2 class=\"wp-block-heading\">Quando e onde assistir Alien Earth?<\/h2>\n\n\n\n<p><strong>Data de estreia:<\/strong> 12 de agosto de 2025 (ter\u00e7a-feira).<\/p>\n\n\n\n<p><strong>Plataformas:<\/strong> FX e Hulu nos EUA; <a href=\"https:\/\/www.em.com.br\/emfoco\/2025\/07\/10\/acabando-com-o-legado-de-tony-stark-coracao-de-ferro-estreia-na-disney-e-acaba-causando-polemicas-entre-os-grandes-fas\/\" target=\"_blank\" rel=\"noreferrer noopener\">Disney+<\/a> em outros pa\u00edses, incluindo o Brasil.<\/p>\n\n\n\n<p>Os <strong>dois primeiros epis\u00f3dios<\/strong> ser\u00e3o lan\u00e7ados de uma vez, \u00e0s <strong>20h (ET\/PT)<\/strong>. A temporada ter\u00e1 <strong>8 epis\u00f3dios<\/strong>, com novos cap\u00edtulos semanais, sempre \u00e0s ter\u00e7as-feiras.<\/p>\n\n\n\n<figure class=\"wp-block-embed is-type-video is-provider-youtube wp-block-embed-youtube wp-embed-aspect-16-9 wp-has-aspect-ratio\"><div class=\"wp-block-embed__wrapper\">\n<div class=\"jeg_video_container jeg_video_content\"><iframe loading=\"lazy\" title=\"Alien: Earth | Official Trailer 2: Greener World | FX\" width=\"500\" height=\"281\" src=\"https:\/\/www.youtube.com\/embed\/FqIi3N9dusk?feature=oembed\" frameborder=\"0\" allow=\"accelerometer; autoplay; clipboard-write; encrypted-media; gyroscope; picture-in-picture; web-share\" referrerpolicy=\"strict-origin-when-cross-origin\" allowfullscreen><\/iframe><\/div>\n<\/div><\/figure>\n\n\n\n<h2 class=\"wp-block-heading\">Sinopse: o horror agora \u00e9 terrestre<\/h2>\n\n\n\n<p>Diferente dos t\u00edtulos anteriores, que se passavam em naves ou col\u00f4nias distantes, <em>Alien Earth<\/em> se ambienta na <strong>Terra do ano 2120<\/strong>. Um futuro dist\u00f3pico onde <strong>cinco megacorpora\u00e7\u00f5es<\/strong> \u2014 Prodigy, Weyland-Yutani, Lynch, Dynamic e Threshold \u2014 controlam a sociedade com avan\u00e7os tecnol\u00f3gicos extremos.<\/p>\n\n\n\n<p>Ap\u00f3s a queda de uma nave misteriosa no planeta, uma <strong>amea\u00e7a biol\u00f3gica<\/strong> se espalha: os temidos <strong>Xenomorfos<\/strong>. Liderada por <strong>Sydney Chandler<\/strong>, uma equipe t\u00e1tica precisa enfrentar o horror em solo conhecido. Mas logo descobrem que os aliens <strong>n\u00e3o est\u00e3o sozinhos<\/strong>.<\/p>\n\n\n\n<h2 class=\"wp-block-heading\">Elenco e personagens de Alien Earth<\/h2>\n\n\n\n<p>A s\u00e9rie conta com um elenco forte e diversificado, incluindo:<\/p>\n\n\n\n<ul class=\"wp-block-list\">\n<li><strong>Sydney Chandler<\/strong><\/li>\n\n\n\n<li><strong>Timothy Olyphant<\/strong><\/li>\n\n\n\n<li><strong>Essie Davis<\/strong><\/li>\n\n\n\n<li><strong>Alex Lawther<\/strong><\/li>\n\n\n\n<li><strong>Babou Ceesay<\/strong><\/li>\n\n\n\n<li><strong>David Rysdahl<\/strong><\/li>\n\n\n\n<li><strong>Adarsh Gourav<\/strong><\/li>\n\n\n\n<li><strong>Erana James<\/strong><\/li>\n\n\n\n<li><strong>Lily Newmark<\/strong><\/li>\n<\/ul>\n\n\n\n<p>Juntos, eles enfrentam o caos e tentam impedir que o planeta seja dominado pelas criaturas alien\u00edgenas mais letais da fic\u00e7\u00e3o cient\u00edfica.<\/p>\n\n\n\n<h2 class=\"wp-block-heading\">Produ\u00e7\u00e3o de alto n\u00edvel com assinatura de Ridley Scott<\/h2>\n\n\n\n<p><em>Alien Earth<\/em> \u00e9 criada por Noah Hawley, respons\u00e1vel pelo sucesso de <strong>Fargo<\/strong>. A s\u00e9rie conta ainda com <strong>produ\u00e7\u00e3o executiva de Ridley Scott<\/strong>, garantindo fidelidade \u00e0 ess\u00eancia da franquia original.<\/p>\n\n\n\n<p>As filmagens ocorreram na <strong>Tail\u00e2ndia<\/strong>, aproveitando cen\u00e1rios naturais ex\u00f3ticos para intensificar a sensa\u00e7\u00e3o de <em>horror, isolamento e desespero<\/em>.<\/p>\n\n\n\n<figure class=\"wp-block-image size-large\"><img loading=\"lazy\" decoding=\"async\" width=\"1024\" height=\"576\" src=\"https:\/\/www.em.com.br\/emfoco\/wp-content\/uploads\/2025\/07\/alien-earth-1024x576.jpg\" alt=\"\" class=\"wp-image-81163\" srcset=\"https:\/\/www.em.com.br\/emfoco\/wp-content\/uploads\/2025\/07\/alien-earth-1024x576.jpg 1024w, https:\/\/www.em.com.br\/emfoco\/wp-content\/uploads\/2025\/07\/alien-earth-300x169.jpg 300w, https:\/\/www.em.com.br\/emfoco\/wp-content\/uploads\/2025\/07\/alien-earth-768x432.jpg 768w, https:\/\/www.em.com.br\/emfoco\/wp-content\/uploads\/2025\/07\/alien-earth-750x422.jpg 750w, https:\/\/www.em.com.br\/emfoco\/wp-content\/uploads\/2025\/07\/alien-earth-1140x641.jpg 1140w, https:\/\/www.em.com.br\/emfoco\/wp-content\/uploads\/2025\/07\/alien-earth.jpg 1280w\" sizes=\"auto, (max-width: 1024px) 100vw, 1024px\" \/><\/figure>\n\n\n\n<h2 class=\"wp-block-heading\">Atmosfera sombria e trailers impactantes<\/h2>\n\n\n\n<p>Os <strong>trailers oficiais<\/strong> deixaram os f\u00e3s empolgados: o primeiro mostra um Xenomorfo chegando \u00e0 Terra, enquanto o segundo foca na <strong>miss\u00e3o t\u00e1tica<\/strong> de conten\u00e7\u00e3o do desastre.<\/p>\n\n\n\n<p>Com uma est\u00e9tica <strong>futurista, sombria e sufocante<\/strong>, a s\u00e9rie aposta em um clima cl\u00e1ssico de <strong>terror sci-fi<\/strong>, expandindo o universo Alien para novos horizontes.<\/p>\n\n\n\n<h2 class=\"wp-block-heading\">Por que Alien Earth promete ser imperd\u00edvel?<\/h2>\n\n\n\n<p>Ao transportar o terror alien\u00edgena para a Terra, a s\u00e9rie <strong>renova a franquia<\/strong> com um olhar mais pol\u00edtico e social. A trama envolve reflex\u00f5es sobre <strong>poder corporativo, neglig\u00eancia humana<\/strong> e os limites da <strong>luta pela sobreviv\u00eancia<\/strong>.<\/p>\n\n\n\n<p><strong>Alien Earth<\/strong> estreia como uma das produ\u00e7\u00f5es mais esperadas de 2025 e tem tudo para se tornar um <strong>marco da televis\u00e3o sci-fi<\/strong>.<\/p>\n\n\n\n<p><strong>Prepare-se para o terror: os Xenomorfos est\u00e3o entre n\u00f3s.<\/strong><\/p>\n","protected":false},"excerpt":{"rendered":"<p>A ic\u00f4nica franquia Alien, iniciada por Ridley Scott em 1979, ganha uma nova e ousada ramifica\u00e7\u00e3o com Alien Earth, s\u00e9rie da FX criada por Noah Hawley (Fargo). A estreia est\u00e1 marcada para o dia 12 de agosto de 2025, com exibi\u00e7\u00e3o pelo canal FX e streaming no Hulu (EUA) e Disney+ (internacionalmente). Quando e onde [&hellip;]<\/p>\n","protected":false},"author":11,"featured_media":81163,"comment_status":"open","ping_status":"open","sticky":false,"template":"","format":"standard","meta":{"jnews-multi-image_gallery":[],"jnews_single_post":{"format":"standard"},"jnews_primary_category":[],"jnews_social_meta":[],"jnews_override_counter":[],"footnotes":""},"categories":[1],"tags":[],"class_list":["post-81151","post","type-post","status-publish","format-standard","has-post-thumbnail","hentry","category-noticias"],"yoast_head":"<!-- This site is optimized with the Yoast SEO plugin v23.8 - https:\/\/yoast.com\/wordpress\/plugins\/seo\/ -->\n<title>A s\u00e9rie que vai redefinir o universo Alien estreia em agosto - Estado de Minas - Em foco<\/title>\n<meta name=\"description\" content=\"O novo cap\u00edtulo da franquia Alien se passa no planeta Terra e j\u00e1 est\u00e1 dando o que falar. Veja por que essa s\u00e9rie promete ser imperd\u00edvel.\" \/>\n<meta name=\"robots\" content=\"index, follow, max-snippet:-1, max-image-preview:large, max-video-preview:-1\" \/>\n<link rel=\"canonical\" href=\"https:\/\/www.em.com.br\/emfoco\/2025\/07\/26\/a-serie-que-vai-redefinir-o-universo-alien-estreia-em-agosto\/\" \/>\n<meta property=\"og:locale\" content=\"pt_BR\" \/>\n<meta property=\"og:type\" content=\"article\" \/>\n<meta property=\"og:title\" content=\"A s\u00e9rie que vai redefinir o universo Alien estreia em agosto - Estado de Minas - Em foco\" \/>\n<meta property=\"og:description\" content=\"O novo cap\u00edtulo da franquia Alien se passa no planeta Terra e j\u00e1 est\u00e1 dando o que falar. Veja por que essa s\u00e9rie promete ser imperd\u00edvel.\" \/>\n<meta property=\"og:url\" content=\"https:\/\/www.em.com.br\/emfoco\/2025\/07\/26\/a-serie-que-vai-redefinir-o-universo-alien-estreia-em-agosto\/\" \/>\n<meta property=\"og:site_name\" content=\"Estado de Minas - Em foco\" \/>\n<meta property=\"article:published_time\" content=\"2025-07-27T01:08:00+00:00\" \/>\n<meta property=\"article:modified_time\" content=\"2025-07-25T18:10:06+00:00\" \/>\n<meta property=\"og:image\" content=\"https:\/\/www.em.com.br\/emfoco\/wp-content\/uploads\/2025\/07\/alien-earth.jpg\" \/>\n\t<meta property=\"og:image:width\" content=\"1280\" \/>\n\t<meta property=\"og:image:height\" content=\"720\" \/>\n\t<meta property=\"og:image:type\" content=\"image\/jpeg\" \/>\n<meta name=\"author\" content=\"Andre\u0301 Rangel\u00a0\" \/>\n<meta name=\"twitter:card\" content=\"summary_large_image\" \/>\n<meta name=\"twitter:label1\" content=\"Escrito por\" \/>\n\t<meta name=\"twitter:data1\" content=\"Andre\u0301 Rangel\u00a0\" \/>\n\t<meta name=\"twitter:label2\" content=\"Est. tempo de leitura\" \/>\n\t<meta name=\"twitter:data2\" content=\"3 minutos\" \/>\n<!-- \/ Yoast SEO plugin. -->","yoast_head_json":{"title":"A s\u00e9rie que vai redefinir o universo Alien estreia em agosto - Estado de Minas - Em foco","description":"O novo cap\u00edtulo da franquia Alien se passa no planeta Terra e j\u00e1 est\u00e1 dando o que falar. Veja por que essa s\u00e9rie promete ser imperd\u00edvel.","robots":{"index":"index","follow":"follow","max-snippet":"max-snippet:-1","max-image-preview":"max-image-preview:large","max-video-preview":"max-video-preview:-1"},"canonical":"https:\/\/www.em.com.br\/emfoco\/2025\/07\/26\/a-serie-que-vai-redefinir-o-universo-alien-estreia-em-agosto\/","og_locale":"pt_BR","og_type":"article","og_title":"A s\u00e9rie que vai redefinir o universo Alien estreia em agosto - Estado de Minas - Em foco","og_description":"O novo cap\u00edtulo da franquia Alien se passa no planeta Terra e j\u00e1 est\u00e1 dando o que falar. Veja por que essa s\u00e9rie promete ser imperd\u00edvel.","og_url":"https:\/\/www.em.com.br\/emfoco\/2025\/07\/26\/a-serie-que-vai-redefinir-o-universo-alien-estreia-em-agosto\/","og_site_name":"Estado de Minas - Em foco","article_published_time":"2025-07-27T01:08:00+00:00","article_modified_time":"2025-07-25T18:10:06+00:00","og_image":[{"width":1280,"height":720,"url":"https:\/\/www.em.com.br\/emfoco\/wp-content\/uploads\/2025\/07\/alien-earth.jpg","type":"image\/jpeg"}],"author":"Andre\u0301 Rangel\u00a0","twitter_card":"summary_large_image","twitter_misc":{"Escrito por":"Andre\u0301 Rangel\u00a0","Est. tempo de leitura":"3 minutos"},"schema":{"@context":"https:\/\/schema.org","@graph":[{"@type":"WebPage","@id":"https:\/\/www.em.com.br\/emfoco\/2025\/07\/26\/a-serie-que-vai-redefinir-o-universo-alien-estreia-em-agosto\/","url":"https:\/\/www.em.com.br\/emfoco\/2025\/07\/26\/a-serie-que-vai-redefinir-o-universo-alien-estreia-em-agosto\/","name":"A s\u00e9rie que vai redefinir o universo Alien estreia em agosto - Estado de Minas - Em foco","isPartOf":{"@id":"https:\/\/www.em.com.br\/emfoco\/#website"},"primaryImageOfPage":{"@id":"https:\/\/www.em.com.br\/emfoco\/2025\/07\/26\/a-serie-que-vai-redefinir-o-universo-alien-estreia-em-agosto\/#primaryimage"},"image":{"@id":"https:\/\/www.em.com.br\/emfoco\/2025\/07\/26\/a-serie-que-vai-redefinir-o-universo-alien-estreia-em-agosto\/#primaryimage"},"thumbnailUrl":"https:\/\/www.em.com.br\/emfoco\/wp-content\/uploads\/2025\/07\/alien-earth.jpg","datePublished":"2025-07-27T01:08:00+00:00","dateModified":"2025-07-25T18:10:06+00:00","author":{"@id":"https:\/\/www.em.com.br\/emfoco\/#\/schema\/person\/60eda09c1fedf0d6891f4cef4b60b8b8"},"description":"O novo cap\u00edtulo da franquia Alien se passa no planeta Terra e j\u00e1 est\u00e1 dando o que falar. Veja por que essa s\u00e9rie promete ser imperd\u00edvel.","breadcrumb":{"@id":"https:\/\/www.em.com.br\/emfoco\/2025\/07\/26\/a-serie-que-vai-redefinir-o-universo-alien-estreia-em-agosto\/#breadcrumb"},"inLanguage":"pt-BR","potentialAction":[{"@type":"ReadAction","target":["https:\/\/www.em.com.br\/emfoco\/2025\/07\/26\/a-serie-que-vai-redefinir-o-universo-alien-estreia-em-agosto\/"]}]},{"@type":"ImageObject","inLanguage":"pt-BR","@id":"https:\/\/www.em.com.br\/emfoco\/2025\/07\/26\/a-serie-que-vai-redefinir-o-universo-alien-estreia-em-agosto\/#primaryimage","url":"https:\/\/www.em.com.br\/emfoco\/wp-content\/uploads\/2025\/07\/alien-earth.jpg","contentUrl":"https:\/\/www.em.com.br\/emfoco\/wp-content\/uploads\/2025\/07\/alien-earth.jpg","width":1280,"height":720,"caption":"Alien earth - Cr\u00e9ditos: Divulga\u00e7\u00e3o\/FX"},{"@type":"BreadcrumbList","@id":"https:\/\/www.em.com.br\/emfoco\/2025\/07\/26\/a-serie-que-vai-redefinir-o-universo-alien-estreia-em-agosto\/#breadcrumb","itemListElement":[{"@type":"ListItem","position":1,"name":"In\u00edcio","item":"https:\/\/www.em.com.br\/emfoco\/"},{"@type":"ListItem","position":2,"name":"A s\u00e9rie que vai redefinir o universo Alien estreia em agosto"}]},{"@type":"WebSite","@id":"https:\/\/www.em.com.br\/emfoco\/#website","url":"https:\/\/www.em.com.br\/emfoco\/","name":"Estado de Minas - Em foco","description":"Acompanhe as \u00faltimas not\u00edcias e fique bem informado sobre tudo o que acontece em Minas Gerais, Brasil e no mundo.","potentialAction":[{"@type":"SearchAction","target":{"@type":"EntryPoint","urlTemplate":"https:\/\/www.em.com.br\/emfoco\/?s={search_term_string}"},"query-input":{"@type":"PropertyValueSpecification","valueRequired":true,"valueName":"search_term_string"}}],"inLanguage":"pt-BR"},{"@type":"Person","@id":"https:\/\/www.em.com.br\/emfoco\/#\/schema\/person\/60eda09c1fedf0d6891f4cef4b60b8b8","name":"Andre\u0301 Rangel\u00a0","image":{"@type":"ImageObject","inLanguage":"pt-BR","@id":"https:\/\/www.em.com.br\/emfoco\/#\/schema\/person\/image\/","url":"https:\/\/secure.gravatar.com\/avatar\/6234dc814c77c8ef6d8bba622c787efc?s=96&d=mm&r=g","contentUrl":"https:\/\/secure.gravatar.com\/avatar\/6234dc814c77c8ef6d8bba622c787efc?s=96&d=mm&r=g","caption":"Andre\u0301 Rangel\u00a0"},"url":"https:\/\/www.em.com.br\/emfoco\/author\/luizmyth\/"}]}},"_links":{"self":[{"href":"https:\/\/www.em.com.br\/emfoco\/wp-json\/wp\/v2\/posts\/81151","targetHints":{"allow":["GET"]}}],"collection":[{"href":"https:\/\/www.em.com.br\/emfoco\/wp-json\/wp\/v2\/posts"}],"about":[{"href":"https:\/\/www.em.com.br\/emfoco\/wp-json\/wp\/v2\/types\/post"}],"author":[{"embeddable":true,"href":"https:\/\/www.em.com.br\/emfoco\/wp-json\/wp\/v2\/users\/11"}],"replies":[{"embeddable":true,"href":"https:\/\/www.em.com.br\/emfoco\/wp-json\/wp\/v2\/comments?post=81151"}],"version-history":[{"count":3,"href":"https:\/\/www.em.com.br\/emfoco\/wp-json\/wp\/v2\/posts\/81151\/revisions"}],"predecessor-version":[{"id":81164,"href":"https:\/\/www.em.com.br\/emfoco\/wp-json\/wp\/v2\/posts\/81151\/revisions\/81164"}],"wp:featuredmedia":[{"embeddable":true,"href":"https:\/\/www.em.com.br\/emfoco\/wp-json\/wp\/v2\/media\/81163"}],"wp:attachment":[{"href":"https:\/\/www.em.com.br\/emfoco\/wp-json\/wp\/v2\/media?parent=81151"}],"wp:term":[{"taxonomy":"category","embeddable":true,"href":"https:\/\/www.em.com.br\/emfoco\/wp-json\/wp\/v2\/categories?post=81151"},{"taxonomy":"post_tag","embeddable":true,"href":"https:\/\/www.em.com.br\/emfoco\/wp-json\/wp\/v2\/tags?post=81151"}],"curies":[{"name":"wp","href":"https:\/\/api.w.org\/{rel}","templated":true}]}}