{"id":80977,"date":"2025-07-27T15:28:00","date_gmt":"2025-07-27T18:28:00","guid":{"rendered":"https:\/\/www.em.com.br\/emfoco\/?p=80977"},"modified":"2025-07-24T12:22:51","modified_gmt":"2025-07-24T15:22:51","slug":"voce-ja-assistiu-loki-entenda-por-que-ela-e-a-serie-mais-importante-de-todo-o-mcu","status":"publish","type":"post","link":"https:\/\/www.em.com.br\/emfoco\/2025\/07\/27\/voce-ja-assistiu-loki-entenda-por-que-ela-e-a-serie-mais-importante-de-todo-o-mcu\/","title":{"rendered":"Voc\u00ea j\u00e1 assistiu &#8220;Loki&#8221;? Entenda por que ela \u00e9 a s\u00e9rie mais importante de todo o MCU!"},"content":{"rendered":"\n<p>O <strong>Universo Cinematogr\u00e1fico da Marvel (MCU)<\/strong> continua a cativar o p\u00fablico ao redor do mundo, e a s\u00e9rie &#8220;Loki&#8221; tornou-se uma pe\u00e7a central desse vasto universo. Estrelada por Tom Hiddleston, a s\u00e9rie explora novas dimens\u00f5es do personagem Loki, famoso por sua duplicidade entre vil\u00e3o e anti-her\u00f3i. Desde sua estreia no <strong>Disney<\/strong>, a produ\u00e7\u00e3o foi marcada por aclama\u00e7\u00e3o cr\u00edtica, comprovada pelas crescentes avalia\u00e7\u00f5es positivas no Rotten Tomatoes e a resposta entusi\u00e1stica de seus espectadores.<\/p>\n\n\n\n<p>A primeira temporada, lan\u00e7ada em 2021, marcou o in\u00edcio dessa nova trajet\u00f3ria, oferecendo uma narrativa que combina inova\u00e7\u00e3o e fidelidade \u00e0s ra\u00edzes do personagem. O sucesso foi instant\u00e2neo, refletindo n\u00e3o apenas nas cr\u00edticas, mas tamb\u00e9m na base fiel de f\u00e3s que se formou ao redor da s\u00e9rie. J\u00e1 em 2023, a segunda temporada trouxe novos desdobramentos e aprofundamento dos arcos narrativos, continua\u00e7\u00e3o esta que se mostra crucial para o entendimento do futuro do MCU.<\/p>\n\n\n\n<h2 class=\"wp-block-heading\">Quais s\u00e3o os segredos por tr\u00e1s do sucesso estrondoso de &#8220;Loki&#8221;?<\/h2>\n\n\n\n<p><strong>O \u00eaxito de &#8220;Loki&#8221; pode ser atribu\u00eddo a diversos fatores.<\/strong> Primeiramente, a atua\u00e7\u00e3o de <strong><a href=\"https:\/\/www.instagram.com\/twhiddleston\/\" target=\"_blank\" rel=\"noreferrer noopener\">Tom Hiddleston<\/a><\/strong>, que j\u00e1 era um ponto forte desde sua primeira apari\u00e7\u00e3o nos filmes do MCU, continua a ser um elemento central. <strong>Hiddleston <\/strong>traz uma complexidade e um charme ao personagem que amplia a percep\u00e7\u00e3o do p\u00fablico sobre suas inten\u00e7\u00f5es e dilemas internos. A s\u00e9rie tamb\u00e9m faz um uso astuto de humor e elementos fantasy, equilibrando a\u00e7\u00e3o e di\u00e1logos inteligentes que dialogam bem com a audi\u00eancia diversificada. Al\u00e9m disso, a trilha sonora marcante de Natalie Holt e o design visual ousado ajudam a criar uma atmosfera \u00fanica, tornando a produ\u00e7\u00e3o ainda mais envolvente. Um novo fator recente para o sucesso \u00e9 o crescimento da an\u00e1lise de f\u00e3s em redes sociais, que se dedicam a teorizar sobre as ramifica\u00e7\u00f5es da hist\u00f3ria e identificar easter eggs, ampliando o interesse do p\u00fablico em cada epis\u00f3dio.<\/p>\n\n\n\n<figure class=\"wp-block-embed is-type-video is-provider-youtube wp-block-embed-youtube wp-embed-aspect-16-9 wp-has-aspect-ratio\"><div class=\"wp-block-embed__wrapper\">\n<div class=\"jeg_video_container jeg_video_content\"><iframe loading=\"lazy\" title=\"Loki | Marvel Studios | Trailer Oficial Dublado | Disney+\" width=\"500\" height=\"281\" src=\"https:\/\/www.youtube.com\/embed\/xdBWrkcmMwU?feature=oembed\" frameborder=\"0\" allow=\"accelerometer; autoplay; clipboard-write; encrypted-media; gyroscope; picture-in-picture; web-share\" referrerpolicy=\"strict-origin-when-cross-origin\" allowfullscreen><\/iframe><\/div>\n<\/div><\/figure>\n\n\n\n<h2 class=\"wp-block-heading\">De que forma Loki est\u00e1 revolucionando a expans\u00e3o do MCU?<\/h2>\n\n\n\n<p><strong>&#8220;Loki&#8221; desempenha um papel fundamental na expans\u00e3o do Universo Cinematogr\u00e1fico Marvel, especialmente no contexto das novas sagas anunciadas.<\/strong> A explora\u00e7\u00e3o de tem\u00e1ticas relacionadas ao Multiverso introduz uma camada complexa \u00e0 sempre din\u00e2mica narrativa do MCU, principalmente atrav\u00e9s da<strong> Autoridade de Varia\u00e7\u00e3o Temporal <\/strong>(AVT) e da <strong>Linha do Tempo Sagrada<\/strong>. As consequ\u00eancias das a\u00e7\u00f5es de <strong>Sylvie <\/strong>na s\u00e9rie desencadeiam eventos que t\u00eam implica\u00e7\u00f5es diretas e profundas nas futuras tramas do <strong>MCU<\/strong>, sobretudo nas produ\u00e7\u00f5es &#8220;<strong><a href=\"https:\/\/www.em.com.br\/emfoco\/2025\/05\/09\/marvel-surpreende-fas-com-elenco-lendario-para-vingadores-doomsday-em-2026\/\" target=\"_blank\" rel=\"noreferrer noopener\">Vingadores: Doomsday<\/a><\/strong>&#8221; e &#8220;<strong>Vingadores: Guerras Secretas<\/strong>&#8220;. Recentemente, produtores da Marvel indicaram que o impacto dos eventos de Loki pode ser sentido em outras obras, como &#8220;<strong>Deadpool &amp; Wolverine<\/strong>&#8221; e at\u00e9 mesmo nas novas produ\u00e7\u00f5es do<strong> Homem-Aranha<\/strong>, aumentando ainda mais o seu alcance. Nos bastidores, roteiristas e produtores j\u00e1 v\u00eam declarando que Loki abriu as portas para explorar ferramentas narrativas mais ousadas, oferecendo infinitas possibilidades de encontros e conflitos instigantes.<\/p>\n\n\n\n<h2 class=\"wp-block-heading\">Como &#8220;Loki&#8221; se conecta de modo surpreendente com as pr\u00f3ximas aventuras dos Vingadores?<\/h2>\n\n\n\n<p><strong>O segundo ano da s\u00e9rie solidifica a posi\u00e7\u00e3o de Loki ao transform\u00e1-lo em um guardi\u00e3o temporal, respons\u00e1vel pela manuten\u00e7\u00e3o das realidades m\u00faltiplas.<\/strong> Com isso, ele se estabelece como uma figura central na resolu\u00e7\u00e3o dos conflitos que poder\u00e3o surgir nas pr\u00f3ximas fases. Os rumores sobre sua futura participa\u00e7\u00e3o nos filmes de Vingadores incluem teorias de que seu novo papel como guardi\u00e3o do tempo poder\u00e1 ser crucial em batalhas interdimensionais, servindo de l\u00edder tanto conceitual quanto estrat\u00e9gico. Vale notar ainda que roteiristas do MCU j\u00e1 confirmaram discuss\u00f5es sobre poss\u00edveis encontros de Loki com personagens como Kang, o Conquistador, e at\u00e9 mesmo intera\u00e7\u00f5es in\u00e9ditas com her\u00f3is cl\u00e1ssicos dos quadrinhos. Outra novidade \u00e9 que f\u00e3s v\u00eam notando paralelos entre as decis\u00f5es de Loki e alguns eventos centrais dos quadrinhos que ainda n\u00e3o foram adaptados, sugerindo liga\u00e7\u00f5es mesmo com arcos ainda in\u00e9ditos no cinema.<\/p>\n\n\n\n<h2 class=\"wp-block-heading\">O que esperar do futuro instigante do Deus da Trapa\u00e7a no MCU?<\/h2>\n\n\n\n<p><strong>Embora Tom Hiddleston tenha mantido sigilo sobre o retorno de Loki nas futuras produ\u00e7\u00f5es, a narrativa desenvolvida por sua s\u00e9rie estabelece um cen\u00e1rio quase inevit\u00e1vel para sua participa\u00e7\u00e3o.<\/strong> Com a potencial chegada de personagens e eventos significativos dos quadrinhos, como o <strong>Doutor Destino<\/strong> e as <strong>Incurs\u00f5es<\/strong>, as bases est\u00e3o mais do que postas para que Loki continue a desempenhar um papel central. A cont\u00ednua evolu\u00e7\u00e3o de seu personagem, de um astuto trapaceiro a um salvador de realidades, engrandece n\u00e3o s\u00f3 sua presen\u00e7a no universo ficcional, mas tamb\u00e9m mant\u00e9m vivo o interesse e a expectativa do p\u00fablico por suas pr\u00f3ximas aventuras. F\u00e3s especulam que Loki poder\u00e1 inclusive liderar uma nova equipe nos cinemas, mostrando que o personagem ainda tem muito a oferecer para a Marvel e seu vasto elenco de her\u00f3is e vil\u00f5es. Rumores recentes tamb\u00e9m apontam para participa\u00e7\u00f5es de Loki em projetos n\u00e3o anunciados que explorar\u00e3o de maneira ainda mais profunda conceitos como o livre-arb\u00edtrio e a responsabilidade sobre o multiverso, consolidando ainda mais sua import\u00e2ncia na franquia.<\/p>\n","protected":false},"excerpt":{"rendered":"<p>O Universo Cinematogr\u00e1fico da Marvel (MCU) continua a cativar o p\u00fablico ao redor do mundo, e a s\u00e9rie &#8220;Loki&#8221; tornou-se uma pe\u00e7a central desse vasto universo. Estrelada por Tom Hiddleston, a s\u00e9rie explora novas dimens\u00f5es do personagem Loki, famoso por sua duplicidade entre vil\u00e3o e anti-her\u00f3i. Desde sua estreia no Disney, a produ\u00e7\u00e3o foi marcada [&hellip;]<\/p>\n","protected":false},"author":13,"featured_media":81012,"comment_status":"open","ping_status":"open","sticky":false,"template":"","format":"standard","meta":{"jnews-multi-image_gallery":[],"jnews_single_post":{"format":"standard"},"jnews_primary_category":[],"jnews_social_meta":[],"jnews_override_counter":[],"footnotes":""},"categories":[29,1,136],"tags":[3843,3707,3845,12826],"class_list":["post-80977","post","type-post","status-publish","format-standard","has-post-thumbnail","hentry","category-entretenimento","category-noticias","category-series","tag-loki","tag-mcu","tag-tom-hiddleston","tag-universo-cinematografico-marvel"],"yoast_head":"<!-- This site is optimized with the Yoast SEO plugin v23.8 - https:\/\/yoast.com\/wordpress\/plugins\/seo\/ -->\n<title>Voc\u00ea j\u00e1 assistiu &quot;Loki&quot;? Entenda por que ela \u00e9 a s\u00e9rie mais importante de todo o MCU! - Estado de Minas - Em foco<\/title>\n<meta name=\"description\" content=\"A s\u00e9rie Loki est\u00e1 conectada aos maiores eventos do MCU. Veja como isso afeta os Vingadores e novos her\u00f3is.\" \/>\n<meta name=\"robots\" content=\"index, follow, max-snippet:-1, max-image-preview:large, max-video-preview:-1\" \/>\n<link rel=\"canonical\" href=\"https:\/\/www.em.com.br\/emfoco\/2025\/07\/27\/voce-ja-assistiu-loki-entenda-por-que-ela-e-a-serie-mais-importante-de-todo-o-mcu\/\" \/>\n<meta property=\"og:locale\" content=\"pt_BR\" \/>\n<meta property=\"og:type\" content=\"article\" \/>\n<meta property=\"og:title\" content=\"Voc\u00ea j\u00e1 assistiu &quot;Loki&quot;? Entenda por que ela \u00e9 a s\u00e9rie mais importante de todo o MCU! - Estado de Minas - Em foco\" \/>\n<meta property=\"og:description\" content=\"A s\u00e9rie Loki est\u00e1 conectada aos maiores eventos do MCU. Veja como isso afeta os Vingadores e novos her\u00f3is.\" \/>\n<meta property=\"og:url\" content=\"https:\/\/www.em.com.br\/emfoco\/2025\/07\/27\/voce-ja-assistiu-loki-entenda-por-que-ela-e-a-serie-mais-importante-de-todo-o-mcu\/\" \/>\n<meta property=\"og:site_name\" content=\"Estado de Minas - Em foco\" \/>\n<meta property=\"article:published_time\" content=\"2025-07-27T18:28:00+00:00\" \/>\n<meta property=\"article:modified_time\" content=\"2025-07-24T15:22:51+00:00\" \/>\n<meta property=\"og:image\" content=\"https:\/\/www.em.com.br\/emfoco\/wp-content\/uploads\/2025\/07\/ad-62.jpg\" \/>\n\t<meta property=\"og:image:width\" content=\"1280\" \/>\n\t<meta property=\"og:image:height\" content=\"720\" \/>\n\t<meta property=\"og:image:type\" content=\"image\/jpeg\" \/>\n<meta name=\"author\" content=\"Gabriel Martins\" \/>\n<meta name=\"twitter:card\" content=\"summary_large_image\" \/>\n<meta name=\"twitter:label1\" content=\"Escrito por\" \/>\n\t<meta name=\"twitter:data1\" content=\"Gabriel Martins\" \/>\n\t<meta name=\"twitter:label2\" content=\"Est. tempo de leitura\" \/>\n\t<meta name=\"twitter:data2\" content=\"5 minutos\" \/>\n<!-- \/ Yoast SEO plugin. -->","yoast_head_json":{"title":"Voc\u00ea j\u00e1 assistiu \"Loki\"? Entenda por que ela \u00e9 a s\u00e9rie mais importante de todo o MCU! - Estado de Minas - Em foco","description":"A s\u00e9rie Loki est\u00e1 conectada aos maiores eventos do MCU. Veja como isso afeta os Vingadores e novos her\u00f3is.","robots":{"index":"index","follow":"follow","max-snippet":"max-snippet:-1","max-image-preview":"max-image-preview:large","max-video-preview":"max-video-preview:-1"},"canonical":"https:\/\/www.em.com.br\/emfoco\/2025\/07\/27\/voce-ja-assistiu-loki-entenda-por-que-ela-e-a-serie-mais-importante-de-todo-o-mcu\/","og_locale":"pt_BR","og_type":"article","og_title":"Voc\u00ea j\u00e1 assistiu \"Loki\"? Entenda por que ela \u00e9 a s\u00e9rie mais importante de todo o MCU! - Estado de Minas - Em foco","og_description":"A s\u00e9rie Loki est\u00e1 conectada aos maiores eventos do MCU. Veja como isso afeta os Vingadores e novos her\u00f3is.","og_url":"https:\/\/www.em.com.br\/emfoco\/2025\/07\/27\/voce-ja-assistiu-loki-entenda-por-que-ela-e-a-serie-mais-importante-de-todo-o-mcu\/","og_site_name":"Estado de Minas - Em foco","article_published_time":"2025-07-27T18:28:00+00:00","article_modified_time":"2025-07-24T15:22:51+00:00","og_image":[{"width":1280,"height":720,"url":"https:\/\/www.em.com.br\/emfoco\/wp-content\/uploads\/2025\/07\/ad-62.jpg","type":"image\/jpeg"}],"author":"Gabriel Martins","twitter_card":"summary_large_image","twitter_misc":{"Escrito por":"Gabriel Martins","Est. tempo de leitura":"5 minutos"},"schema":{"@context":"https:\/\/schema.org","@graph":[{"@type":"WebPage","@id":"https:\/\/www.em.com.br\/emfoco\/2025\/07\/27\/voce-ja-assistiu-loki-entenda-por-que-ela-e-a-serie-mais-importante-de-todo-o-mcu\/","url":"https:\/\/www.em.com.br\/emfoco\/2025\/07\/27\/voce-ja-assistiu-loki-entenda-por-que-ela-e-a-serie-mais-importante-de-todo-o-mcu\/","name":"Voc\u00ea j\u00e1 assistiu \"Loki\"? Entenda por que ela \u00e9 a s\u00e9rie mais importante de todo o MCU! - Estado de Minas - Em foco","isPartOf":{"@id":"https:\/\/www.em.com.br\/emfoco\/#website"},"primaryImageOfPage":{"@id":"https:\/\/www.em.com.br\/emfoco\/2025\/07\/27\/voce-ja-assistiu-loki-entenda-por-que-ela-e-a-serie-mais-importante-de-todo-o-mcu\/#primaryimage"},"image":{"@id":"https:\/\/www.em.com.br\/emfoco\/2025\/07\/27\/voce-ja-assistiu-loki-entenda-por-que-ela-e-a-serie-mais-importante-de-todo-o-mcu\/#primaryimage"},"thumbnailUrl":"https:\/\/www.em.com.br\/emfoco\/wp-content\/uploads\/2025\/07\/ad-62.jpg","datePublished":"2025-07-27T18:28:00+00:00","dateModified":"2025-07-24T15:22:51+00:00","author":{"@id":"https:\/\/www.em.com.br\/emfoco\/#\/schema\/person\/1c9ddeab18b98abeffef834667bcf08a"},"description":"A s\u00e9rie Loki est\u00e1 conectada aos maiores eventos do MCU. Veja como isso afeta os Vingadores e novos her\u00f3is.","breadcrumb":{"@id":"https:\/\/www.em.com.br\/emfoco\/2025\/07\/27\/voce-ja-assistiu-loki-entenda-por-que-ela-e-a-serie-mais-importante-de-todo-o-mcu\/#breadcrumb"},"inLanguage":"pt-BR","potentialAction":[{"@type":"ReadAction","target":["https:\/\/www.em.com.br\/emfoco\/2025\/07\/27\/voce-ja-assistiu-loki-entenda-por-que-ela-e-a-serie-mais-importante-de-todo-o-mcu\/"]}]},{"@type":"ImageObject","inLanguage":"pt-BR","@id":"https:\/\/www.em.com.br\/emfoco\/2025\/07\/27\/voce-ja-assistiu-loki-entenda-por-que-ela-e-a-serie-mais-importante-de-todo-o-mcu\/#primaryimage","url":"https:\/\/www.em.com.br\/emfoco\/wp-content\/uploads\/2025\/07\/ad-62.jpg","contentUrl":"https:\/\/www.em.com.br\/emfoco\/wp-content\/uploads\/2025\/07\/ad-62.jpg","width":1280,"height":720,"caption":"Loki - Cr\u00e9ditos: Disney+ e Marvel\/Divulga\u00e7\u00e3o"},{"@type":"BreadcrumbList","@id":"https:\/\/www.em.com.br\/emfoco\/2025\/07\/27\/voce-ja-assistiu-loki-entenda-por-que-ela-e-a-serie-mais-importante-de-todo-o-mcu\/#breadcrumb","itemListElement":[{"@type":"ListItem","position":1,"name":"In\u00edcio","item":"https:\/\/www.em.com.br\/emfoco\/"},{"@type":"ListItem","position":2,"name":"Voc\u00ea j\u00e1 assistiu &#8220;Loki&#8221;? Entenda por que ela \u00e9 a s\u00e9rie mais importante de todo o MCU!"}]},{"@type":"WebSite","@id":"https:\/\/www.em.com.br\/emfoco\/#website","url":"https:\/\/www.em.com.br\/emfoco\/","name":"Estado de Minas - Em foco","description":"Acompanhe as \u00faltimas not\u00edcias e fique bem informado sobre tudo o que acontece em Minas Gerais, Brasil e no mundo.","potentialAction":[{"@type":"SearchAction","target":{"@type":"EntryPoint","urlTemplate":"https:\/\/www.em.com.br\/emfoco\/?s={search_term_string}"},"query-input":{"@type":"PropertyValueSpecification","valueRequired":true,"valueName":"search_term_string"}}],"inLanguage":"pt-BR"},{"@type":"Person","@id":"https:\/\/www.em.com.br\/emfoco\/#\/schema\/person\/1c9ddeab18b98abeffef834667bcf08a","name":"Gabriel Martins","image":{"@type":"ImageObject","inLanguage":"pt-BR","@id":"https:\/\/www.em.com.br\/emfoco\/#\/schema\/person\/image\/","url":"https:\/\/secure.gravatar.com\/avatar\/f0f1e2efdfd88f1ad2cb08c5c2731e50?s=96&d=mm&r=g","contentUrl":"https:\/\/secure.gravatar.com\/avatar\/f0f1e2efdfd88f1ad2cb08c5c2731e50?s=96&d=mm&r=g","caption":"Gabriel Martins"},"sameAs":["https:\/\/www.em.com.br\/emfoco\/"],"url":"https:\/\/www.em.com.br\/emfoco\/author\/gabrielmartinsmyth\/"}]}},"_links":{"self":[{"href":"https:\/\/www.em.com.br\/emfoco\/wp-json\/wp\/v2\/posts\/80977","targetHints":{"allow":["GET"]}}],"collection":[{"href":"https:\/\/www.em.com.br\/emfoco\/wp-json\/wp\/v2\/posts"}],"about":[{"href":"https:\/\/www.em.com.br\/emfoco\/wp-json\/wp\/v2\/types\/post"}],"author":[{"embeddable":true,"href":"https:\/\/www.em.com.br\/emfoco\/wp-json\/wp\/v2\/users\/13"}],"replies":[{"embeddable":true,"href":"https:\/\/www.em.com.br\/emfoco\/wp-json\/wp\/v2\/comments?post=80977"}],"version-history":[{"count":2,"href":"https:\/\/www.em.com.br\/emfoco\/wp-json\/wp\/v2\/posts\/80977\/revisions"}],"predecessor-version":[{"id":81013,"href":"https:\/\/www.em.com.br\/emfoco\/wp-json\/wp\/v2\/posts\/80977\/revisions\/81013"}],"wp:featuredmedia":[{"embeddable":true,"href":"https:\/\/www.em.com.br\/emfoco\/wp-json\/wp\/v2\/media\/81012"}],"wp:attachment":[{"href":"https:\/\/www.em.com.br\/emfoco\/wp-json\/wp\/v2\/media?parent=80977"}],"wp:term":[{"taxonomy":"category","embeddable":true,"href":"https:\/\/www.em.com.br\/emfoco\/wp-json\/wp\/v2\/categories?post=80977"},{"taxonomy":"post_tag","embeddable":true,"href":"https:\/\/www.em.com.br\/emfoco\/wp-json\/wp\/v2\/tags?post=80977"}],"curies":[{"name":"wp","href":"https:\/\/api.w.org\/{rel}","templated":true}]}}