{"id":80967,"date":"2025-07-24T11:51:00","date_gmt":"2025-07-24T14:51:00","guid":{"rendered":"https:\/\/www.em.com.br\/emfoco\/?p=80967"},"modified":"2025-07-24T11:44:34","modified_gmt":"2025-07-24T14:44:34","slug":"bancos-fecham-nesta-2a-feira","status":"publish","type":"post","link":"https:\/\/www.em.com.br\/emfoco\/2025\/07\/24\/bancos-fecham-nesta-2a-feira\/","title":{"rendered":"Bancos fecham nesta 2\u00aa feira"},"content":{"rendered":"\n<p>O estado do <strong>Maranh\u00e3o <\/strong>possui uma import\u00e2ncia \u00edmpar na hist\u00f3ria da independ\u00eancia do Brasil. Ao contr\u00e1rio dos eventos de 1822, quando o pa\u00eds proclamou sua separa\u00e7\u00e3o formal de Portugal, o <strong>Maranh\u00e3o <\/strong>s\u00f3 oficializou a sua ades\u00e3o ao imp\u00e9rio no ano seguinte, 1823. Esse processo destaca as circunst\u00e2ncias e particularidades locais que eram apresentadas pelas for\u00e7as portuguesas na regi\u00e3o, evidenciando uma transi\u00e7\u00e3o delicada e relevante.<\/p>\n\n\n\n<p>O reconhecimento oficial da ades\u00e3o do <strong>Maranh\u00e3o <\/strong>ao <strong>Brasil <\/strong>independente veio com o estabelecimento de um feriado estadual, em 28 de julho, por meio da Lei Estadual n\u00ba 8.904\/2008. Essa data se tornou um momento de celebra\u00e7\u00e3o e reflex\u00e3o hist\u00f3rica, sendo marcada por uma variedade de atividades culturais e c\u00edvicas que sublinham o papel fundamental do estado na forma\u00e7\u00e3o do pa\u00eds. Essa comemora\u00e7\u00e3o anual evidencia o orgulho local e a preserva\u00e7\u00e3o da identidade hist\u00f3rica maranhense.<\/p>\n\n\n\n<h2 class=\"wp-block-heading\">Fechamento dos bancos em feriados municipais e estaduais<\/h2>\n\n\n\n<p>De acordo com a normatiza\u00e7\u00e3o da Federa\u00e7\u00e3o Brasileira de Bancos (<strong><a href=\"https:\/\/portal.febraban.org.br\/\" target=\"_blank\" rel=\"noreferrer noopener\">Febraban<\/a><\/strong>), todas as ag\u00eancias banc\u00e1rias no Brasil devem respeitar os feriados municipais e estaduais, suspendendo o atendimento presencial nesses dias. Isso significa que, sempre que ocorre um feriado local \u2014 seja municipal ou estadual \u2014 os bancos permanecem fechados, impactando a realiza\u00e7\u00e3o de transa\u00e7\u00f5es, dep\u00f3sitos, saques e outros servi\u00e7os presenciais. <\/p>\n\n\n\n<p>Essa pr\u00e1tica \u00e9 padronizada em todo o territ\u00f3rio nacional e visa garantir que as opera\u00e7\u00f5es financeiras estejam em conformidade com as especificidades de cada localidade. Nos feriados, apenas os canais digitais continuam em funcionamento, permitindo que clientes realizem transa\u00e7\u00f5es essenciais, como transfer\u00eancias via Pix, consultas de saldo e pagamentos online. Boletos e contas vencidas em um feriado t\u00eam o vencimento automaticamente prorrogado para o pr\u00f3ximo dia \u00fatil, evitando transtornos aos consumidores. <\/p>\n\n\n\n<figure class=\"wp-block-image size-large\"><img loading=\"lazy\" decoding=\"async\" width=\"1024\" height=\"576\" src=\"https:\/\/www.em.com.br\/emfoco\/wp-content\/uploads\/2025\/06\/bancos_1750843833341-1024x576.jpg\" alt=\"\" class=\"wp-image-66663\" srcset=\"https:\/\/www.em.com.br\/emfoco\/wp-content\/uploads\/2025\/06\/bancos_1750843833341-1024x576.jpg 1024w, https:\/\/www.em.com.br\/emfoco\/wp-content\/uploads\/2025\/06\/bancos_1750843833341-300x169.jpg 300w, https:\/\/www.em.com.br\/emfoco\/wp-content\/uploads\/2025\/06\/bancos_1750843833341-768x432.jpg 768w, https:\/\/www.em.com.br\/emfoco\/wp-content\/uploads\/2025\/06\/bancos_1750843833341-750x422.jpg 750w, https:\/\/www.em.com.br\/emfoco\/wp-content\/uploads\/2025\/06\/bancos_1750843833341-1140x641.jpg 1140w, https:\/\/www.em.com.br\/emfoco\/wp-content\/uploads\/2025\/06\/bancos_1750843833341.jpg 1280w\" sizes=\"auto, (max-width: 1024px) 100vw, 1024px\" \/><figcaption class=\"wp-element-caption\">Fechamento dos bancos (Cr\u00e9ditos: depositphotos.com \/ kawing921)<\/figcaption><\/figure>\n\n\n\n<h2 class=\"wp-block-heading\">De que maneira o feriado de 28 de julho altera o cotidiano dos maranhenses?<\/h2>\n\n\n\n<p>Durante o feriado de 28 de julho, opera\u00e7\u00f5es banc\u00e1rias no Maranh\u00e3o s\u00e3o ajustadas em conformidade com a regula\u00e7\u00e3o da Federa\u00e7\u00e3o Brasileira de Bancos (Febraban), resultando no fechamento das ag\u00eancias banc\u00e1rias. Essa medida n\u00e3o se limita apenas ao feriado estadual: \u00e9 uma orienta\u00e7\u00e3o geral para todos os feriados municipais e estaduais no Brasil, em que as transa\u00e7\u00f5es presenciais, pagamentos em dinheiro, dep\u00f3sitos e outros atendimentos feitos diretamente nas ag\u00eancias ficam indispon\u00edveis. Embora o calend\u00e1rio banc\u00e1rio seja nacional, cada ag\u00eancia deve observar os feriados do local em que est\u00e1 situada, fechando sempre que houver feriado municipal, estadual ou federal.<\/p>\n\n\n\n<p>No entanto, os servi\u00e7os eletr\u00f4nicos permanecem ativos, possibilitando a continuidade de atividades banc\u00e1rias cotidianas atrav\u00e9s de plataformas digitais, como aplicativos, caixas eletr\u00f4nicos de autoatendimento e internet banking. Assim, clientes podem realizar transfer\u00eancias, pagamentos via Pix, consultas e outros servi\u00e7os eletr\u00f4nicos normalmente. Boletos e outras obriga\u00e7\u00f5es financeiras vencidas na data s\u00e3o postergadas para o pr\u00f3ximo dia \u00fatil, assegurando que nenhuma penaliza\u00e7\u00e3o afete os consumidores. Al\u00e9m disso, contas de consumo, como \u00e1gua, luz e telefone, tamb\u00e9m seguem essa regra, garantindo mais seguran\u00e7a para quem precisa efetuar pagamentos ap\u00f3s o feriado.<\/p>\n\n\n\n<h2 class=\"wp-block-heading\">Como o com\u00e9rcio se adapta ao feriado de ades\u00e3o no Maranh\u00e3o?<\/h2>\n\n\n\n<p>Enquanto as institui\u00e7\u00f5es banc\u00e1rias suspendem suas opera\u00e7\u00f5es, muitos estabelecimentos comerciais mant\u00eam-se funcionando, incluindo lojas vitais como supermercados e farm\u00e1cias. Esta decis\u00e3o \u00e9 frequentemente estrat\u00e9gica, baseando-se na demanda dos consumidores por bens essenciais, assegurando que, mesmo em um feriado de significado hist\u00f3rico, as necessidades di\u00e1rias da popula\u00e7\u00e3o sejam prontamente atendidas. Tal continuidade tamb\u00e9m reflete a resili\u00eancia econ\u00f4mica e adaptabilidade do com\u00e9rcio local.<\/p>\n\n\n\n<p>A celebra\u00e7\u00e3o do feriado de ades\u00e3o do Maranh\u00e3o \u00e9, acima de tudo, uma homenagem ao papel decisivo que o estado desempenhou na forma\u00e7\u00e3o do Brasil moderno. Mais que apenas um dia de descanso, \u00e9 uma oportunidade para reverenciar o rico passado cultural e projetar esses valores para o futuro, garantindo a transmiss\u00e3o de uma heran\u00e7a hist\u00f3rica que continua a inspirar as gera\u00e7\u00f5es maranhenses.<\/p>\n","protected":false},"excerpt":{"rendered":"<p>O estado do Maranh\u00e3o possui uma import\u00e2ncia \u00edmpar na hist\u00f3ria da independ\u00eancia do Brasil. Ao contr\u00e1rio dos eventos de 1822, quando o pa\u00eds proclamou sua separa\u00e7\u00e3o formal de Portugal, o Maranh\u00e3o s\u00f3 oficializou a sua ades\u00e3o ao imp\u00e9rio no ano seguinte, 1823. Esse processo destaca as circunst\u00e2ncias e particularidades locais que eram apresentadas pelas for\u00e7as [&hellip;]<\/p>\n","protected":false},"author":19,"featured_media":58704,"comment_status":"open","ping_status":"open","sticky":false,"template":"","format":"standard","meta":{"jnews-multi-image_gallery":[],"jnews_single_post":{"format":"standard"},"jnews_primary_category":[],"jnews_social_meta":[],"jnews_override_counter":[],"footnotes":""},"categories":[28],"tags":[2291,12824,9136,12825,237,12823,2230],"class_list":["post-80967","post","type-post","status-publish","format-standard","has-post-thumbnail","hentry","category-economia","tag-bancos","tag-cultura-maranhense","tag-feriado-estadual","tag-funcionamento","tag-historia","tag-independencia-do-brasil","tag-maranhao"],"yoast_head":"<!-- This site is optimized with the Yoast SEO plugin v23.8 - https:\/\/yoast.com\/wordpress\/plugins\/seo\/ -->\n<title>Bancos fecham nesta 2\u00aa feira - Estado de Minas - Em foco<\/title>\n<meta name=\"description\" content=\"Entenda a import\u00e2ncia hist\u00f3rica da ades\u00e3o do Maranh\u00e3o ao Brasil independente, que \u00e9 celebrada anualmente em um feriado estadual.\" \/>\n<meta name=\"robots\" content=\"index, follow, max-snippet:-1, max-image-preview:large, max-video-preview:-1\" \/>\n<link rel=\"canonical\" href=\"https:\/\/www.em.com.br\/emfoco\/2025\/07\/24\/bancos-fecham-nesta-2a-feira\/\" \/>\n<meta property=\"og:locale\" content=\"pt_BR\" \/>\n<meta property=\"og:type\" content=\"article\" \/>\n<meta property=\"og:title\" content=\"Bancos fecham nesta 2\u00aa feira - Estado de Minas - Em foco\" \/>\n<meta property=\"og:description\" content=\"Entenda a import\u00e2ncia hist\u00f3rica da ades\u00e3o do Maranh\u00e3o ao Brasil independente, que \u00e9 celebrada anualmente em um feriado estadual.\" \/>\n<meta property=\"og:url\" content=\"https:\/\/www.em.com.br\/emfoco\/2025\/07\/24\/bancos-fecham-nesta-2a-feira\/\" \/>\n<meta property=\"og:site_name\" content=\"Estado de Minas - Em foco\" \/>\n<meta property=\"article:published_time\" content=\"2025-07-24T14:51:00+00:00\" \/>\n<meta property=\"article:modified_time\" content=\"2025-07-24T14:44:34+00:00\" \/>\n<meta property=\"og:image\" content=\"https:\/\/www.em.com.br\/emfoco\/wp-content\/uploads\/2025\/06\/bancos_1749642349686.jpg\" \/>\n\t<meta property=\"og:image:width\" content=\"1280\" \/>\n\t<meta property=\"og:image:height\" content=\"720\" \/>\n\t<meta property=\"og:image:type\" content=\"image\/jpeg\" \/>\n<meta name=\"author\" content=\"Vanessa Tavares\" \/>\n<meta name=\"twitter:card\" content=\"summary_large_image\" \/>\n<meta name=\"twitter:label1\" content=\"Escrito por\" \/>\n\t<meta name=\"twitter:data1\" content=\"Vanessa Tavares\" \/>\n\t<meta name=\"twitter:label2\" content=\"Est. tempo de leitura\" \/>\n\t<meta name=\"twitter:data2\" content=\"4 minutos\" \/>\n<!-- \/ Yoast SEO plugin. -->","yoast_head_json":{"title":"Bancos fecham nesta 2\u00aa feira - Estado de Minas - Em foco","description":"Entenda a import\u00e2ncia hist\u00f3rica da ades\u00e3o do Maranh\u00e3o ao Brasil independente, que \u00e9 celebrada anualmente em um feriado estadual.","robots":{"index":"index","follow":"follow","max-snippet":"max-snippet:-1","max-image-preview":"max-image-preview:large","max-video-preview":"max-video-preview:-1"},"canonical":"https:\/\/www.em.com.br\/emfoco\/2025\/07\/24\/bancos-fecham-nesta-2a-feira\/","og_locale":"pt_BR","og_type":"article","og_title":"Bancos fecham nesta 2\u00aa feira - Estado de Minas - Em foco","og_description":"Entenda a import\u00e2ncia hist\u00f3rica da ades\u00e3o do Maranh\u00e3o ao Brasil independente, que \u00e9 celebrada anualmente em um feriado estadual.","og_url":"https:\/\/www.em.com.br\/emfoco\/2025\/07\/24\/bancos-fecham-nesta-2a-feira\/","og_site_name":"Estado de Minas - Em foco","article_published_time":"2025-07-24T14:51:00+00:00","article_modified_time":"2025-07-24T14:44:34+00:00","og_image":[{"width":1280,"height":720,"url":"https:\/\/www.em.com.br\/emfoco\/wp-content\/uploads\/2025\/06\/bancos_1749642349686.jpg","type":"image\/jpeg"}],"author":"Vanessa Tavares","twitter_card":"summary_large_image","twitter_misc":{"Escrito por":"Vanessa Tavares","Est. tempo de leitura":"4 minutos"},"schema":{"@context":"https:\/\/schema.org","@graph":[{"@type":"WebPage","@id":"https:\/\/www.em.com.br\/emfoco\/2025\/07\/24\/bancos-fecham-nesta-2a-feira\/","url":"https:\/\/www.em.com.br\/emfoco\/2025\/07\/24\/bancos-fecham-nesta-2a-feira\/","name":"Bancos fecham nesta 2\u00aa feira - Estado de Minas - Em foco","isPartOf":{"@id":"https:\/\/www.em.com.br\/emfoco\/#website"},"primaryImageOfPage":{"@id":"https:\/\/www.em.com.br\/emfoco\/2025\/07\/24\/bancos-fecham-nesta-2a-feira\/#primaryimage"},"image":{"@id":"https:\/\/www.em.com.br\/emfoco\/2025\/07\/24\/bancos-fecham-nesta-2a-feira\/#primaryimage"},"thumbnailUrl":"https:\/\/www.em.com.br\/emfoco\/wp-content\/uploads\/2025\/06\/bancos_1749642349686.jpg","datePublished":"2025-07-24T14:51:00+00:00","dateModified":"2025-07-24T14:44:34+00:00","author":{"@id":"https:\/\/www.em.com.br\/emfoco\/#\/schema\/person\/4a7a157aac450b98edc86f15a7434f0b"},"description":"Entenda a import\u00e2ncia hist\u00f3rica da ades\u00e3o do Maranh\u00e3o ao Brasil independente, que \u00e9 celebrada anualmente em um feriado estadual.","breadcrumb":{"@id":"https:\/\/www.em.com.br\/emfoco\/2025\/07\/24\/bancos-fecham-nesta-2a-feira\/#breadcrumb"},"inLanguage":"pt-BR","potentialAction":[{"@type":"ReadAction","target":["https:\/\/www.em.com.br\/emfoco\/2025\/07\/24\/bancos-fecham-nesta-2a-feira\/"]}]},{"@type":"ImageObject","inLanguage":"pt-BR","@id":"https:\/\/www.em.com.br\/emfoco\/2025\/07\/24\/bancos-fecham-nesta-2a-feira\/#primaryimage","url":"https:\/\/www.em.com.br\/emfoco\/wp-content\/uploads\/2025\/06\/bancos_1749642349686.jpg","contentUrl":"https:\/\/www.em.com.br\/emfoco\/wp-content\/uploads\/2025\/06\/bancos_1749642349686.jpg","width":1280,"height":720,"caption":"Feriados, funcionamento dos bancos (Cr\u00e9ditos: depositphotos.com \/ rmcarvalhobsb)"},{"@type":"BreadcrumbList","@id":"https:\/\/www.em.com.br\/emfoco\/2025\/07\/24\/bancos-fecham-nesta-2a-feira\/#breadcrumb","itemListElement":[{"@type":"ListItem","position":1,"name":"In\u00edcio","item":"https:\/\/www.em.com.br\/emfoco\/"},{"@type":"ListItem","position":2,"name":"Bancos fecham nesta 2\u00aa feira"}]},{"@type":"WebSite","@id":"https:\/\/www.em.com.br\/emfoco\/#website","url":"https:\/\/www.em.com.br\/emfoco\/","name":"Estado de Minas - Em foco","description":"Acompanhe as \u00faltimas not\u00edcias e fique bem informado sobre tudo o que acontece em Minas Gerais, Brasil e no mundo.","potentialAction":[{"@type":"SearchAction","target":{"@type":"EntryPoint","urlTemplate":"https:\/\/www.em.com.br\/emfoco\/?s={search_term_string}"},"query-input":{"@type":"PropertyValueSpecification","valueRequired":true,"valueName":"search_term_string"}}],"inLanguage":"pt-BR"},{"@type":"Person","@id":"https:\/\/www.em.com.br\/emfoco\/#\/schema\/person\/4a7a157aac450b98edc86f15a7434f0b","name":"Vanessa Tavares","image":{"@type":"ImageObject","inLanguage":"pt-BR","@id":"https:\/\/www.em.com.br\/emfoco\/#\/schema\/person\/image\/","url":"https:\/\/secure.gravatar.com\/avatar\/088c9372da58da00f00f8e508f13d635?s=96&d=mm&r=g","contentUrl":"https:\/\/secure.gravatar.com\/avatar\/088c9372da58da00f00f8e508f13d635?s=96&d=mm&r=g","caption":"Vanessa Tavares"},"sameAs":["https:\/\/www.em.com.br\/emfoco"],"url":"https:\/\/www.em.com.br\/emfoco\/author\/vanessamyth\/"}]}},"_links":{"self":[{"href":"https:\/\/www.em.com.br\/emfoco\/wp-json\/wp\/v2\/posts\/80967","targetHints":{"allow":["GET"]}}],"collection":[{"href":"https:\/\/www.em.com.br\/emfoco\/wp-json\/wp\/v2\/posts"}],"about":[{"href":"https:\/\/www.em.com.br\/emfoco\/wp-json\/wp\/v2\/types\/post"}],"author":[{"embeddable":true,"href":"https:\/\/www.em.com.br\/emfoco\/wp-json\/wp\/v2\/users\/19"}],"replies":[{"embeddable":true,"href":"https:\/\/www.em.com.br\/emfoco\/wp-json\/wp\/v2\/comments?post=80967"}],"version-history":[{"count":2,"href":"https:\/\/www.em.com.br\/emfoco\/wp-json\/wp\/v2\/posts\/80967\/revisions"}],"predecessor-version":[{"id":80974,"href":"https:\/\/www.em.com.br\/emfoco\/wp-json\/wp\/v2\/posts\/80967\/revisions\/80974"}],"wp:featuredmedia":[{"embeddable":true,"href":"https:\/\/www.em.com.br\/emfoco\/wp-json\/wp\/v2\/media\/58704"}],"wp:attachment":[{"href":"https:\/\/www.em.com.br\/emfoco\/wp-json\/wp\/v2\/media?parent=80967"}],"wp:term":[{"taxonomy":"category","embeddable":true,"href":"https:\/\/www.em.com.br\/emfoco\/wp-json\/wp\/v2\/categories?post=80967"},{"taxonomy":"post_tag","embeddable":true,"href":"https:\/\/www.em.com.br\/emfoco\/wp-json\/wp\/v2\/tags?post=80967"}],"curies":[{"name":"wp","href":"https:\/\/api.w.org\/{rel}","templated":true}]}}