{"id":80913,"date":"2025-07-26T07:28:00","date_gmt":"2025-07-26T10:28:00","guid":{"rendered":"https:\/\/www.em.com.br\/emfoco\/?p=80913"},"modified":"2025-07-24T15:32:24","modified_gmt":"2025-07-24T18:32:24","slug":"alimentos-que-limpam-o-figado-naturalmente-e-evitam-doencas-graves","status":"publish","type":"post","link":"https:\/\/www.em.com.br\/emfoco\/2025\/07\/26\/alimentos-que-limpam-o-figado-naturalmente-e-evitam-doencas-graves\/","title":{"rendered":"Alimentos que limpam o f\u00edgado naturalmente e evitam doen\u00e7as graves"},"content":{"rendered":"\n<p>O <a href=\"https:\/\/www.em.com.br\/emfoco\/2025\/07\/24\/5-sintomas-no-figado-que-aparecem-antes-de-doencas-mais-graves\/\" target=\"_blank\" rel=\"noreferrer noopener\">f\u00edgado <\/a>desempenha um papel crucial no bem-estar geral do corpo humano, sendo respons\u00e1vel por uma variedade de fun\u00e7\u00f5es essenciais. Entre suas principais tarefas est\u00e1 a elimina\u00e7\u00e3o de subst\u00e2ncias nocivas do organismo atrav\u00e9s da <a href=\"https:\/\/brasilescola.uol.com.br\/biologia\/bile.htm\" target=\"_blank\" rel=\"noreferrer noopener\">produ\u00e7\u00e3o de bile<\/a>. Manter o f\u00edgado saud\u00e1vel \u00e9 de extrema import\u00e2ncia, pois um f\u00edgado comprometido pode levar a uma s\u00e9rie de problemas de sa\u00fade no longo prazo.<\/p>\n\n\n\n<p>Uma das maneiras mais eficazes de cuidar do f\u00edgado \u00e9 adotar uma dieta balanceada. Isso inclui evitar o consumo excessivo de \u00e1lcool, alimentos ricos em gordura e a\u00e7\u00facares simples. Al\u00e9m disso, a pr\u00e1tica regular de exerc\u00edcios f\u00edsicos e a inclus\u00e3o de alimentos saud\u00e1veis na rotina alimentar s\u00e3o medidas recomendadas por especialistas para preservar a sa\u00fade hep\u00e1tica.<\/p>\n\n\n\n<h2 class=\"wp-block-heading\">Quais alimentos ajudam a limpar o f\u00edgado?<\/h2>\n\n\n\n<p>Muitos alimentos possuem propriedades que auxiliam na limpeza e no fortalecimento do f\u00edgado. Entre eles, destaque para os&nbsp;<strong>blueberries<\/strong>, que s\u00e3o ricos em antioxidantes e ajudam a proteger o f\u00edgado dos radicais livres. Al\u00e9m disso, esses frutos possuem propriedades anti-inflamat\u00f3rias e podem inibir o crescimento de c\u00e9lulas cancer\u00edgenas hep\u00e1ticas.<\/p>\n\n\n\n<p>Os vegetais de folhas verdes como a couve e a r\u00facula, tamb\u00e9m s\u00e3o recomendados. Eles cont\u00eam clorofila, um composto natural conhecido por suas propriedades desintoxicantes, que pode melhorar a fun\u00e7\u00e3o hep\u00e1tica. Vegetais cruc\u00edferos como br\u00f3colis e couve-flor s\u00e3o igualmente ben\u00e9ficos, protegendo as c\u00e9lulas do f\u00edgado e reduzindo o risco de doen\u00e7as hep\u00e1ticas gordurosas.<\/p>\n\n\n\n<p>Estudos realizados em&nbsp;<strong>Estados Unidos<\/strong>&nbsp;e&nbsp;<strong>Brasil<\/strong>&nbsp;demonstram que o consumo regular desses alimentos est\u00e1 associado a uma menor incid\u00eancia de doen\u00e7as hep\u00e1ticas em diversas popula\u00e7\u00f5es.<\/p>\n\n\n\n<h2 class=\"wp-block-heading\">Como a dieta pode impactar a sa\u00fade do f\u00edgado?<\/h2>\n\n\n\n<p>A alimenta\u00e7\u00e3o tem um impacto significativo na sa\u00fade do f\u00edgado. O consumo de&nbsp;<strong>tomates<\/strong>&nbsp;\u00e9 altamente aconselhado, j\u00e1 que eles cont\u00eam antioxidantes que ajudam a purificar o organismo. Estudos indicam que os tomates tamb\u00e9m podem diminuir o risco de doen\u00e7a hep\u00e1tica gordurosa, uma condi\u00e7\u00e3o que pode progredir para cirrose ou at\u00e9 mesmo c\u00e2ncer hep\u00e1tico.<\/p>\n\n\n\n<p>Outro alimento que deve ser incorporado \u00e0 dieta s\u00e3o as&nbsp;<strong>beterrabas<\/strong>. Rico em compostos antioxidantes, o suco de beterraba tem mostrado efic\u00e1cia em proteger o f\u00edgado contra danos causados por radicais livres e estresse oxidativo. Al\u00e9m disso, \u00e9 capaz de reduzir o ac\u00famulo de gordura em volta do \u00f3rg\u00e3o.<\/p>\n\n\n\n<figure class=\"wp-block-image\"><img decoding=\"async\" src=\"https:\/\/www.em.com.br\/emfoco\/wp-content\/uploads\/2025\/05\/figado_1748272542703-1024x576.jpg\" alt=\"\"\/><figcaption class=\"wp-element-caption\">F\u00edgado saud\u00e1vel X Gordura no f\u00edgado &#8211; Cr\u00e9ditos: depositphotos.com \/ eranicle<\/figcaption><\/figure>\n\n\n\n<p>Recomenda\u00e7\u00f5es de organiza\u00e7\u00f5es como a&nbsp;<strong>Organiza\u00e7\u00e3o Mundial da Sa\u00fade<\/strong>&nbsp;refor\u00e7am a import\u00e2ncia da dieta rica em vegetais, legumes e frutas para o funcionamento ideal do f\u00edgado.<\/p>\n\n\n\n<h2 class=\"wp-block-heading\">Quais outros alimentos s\u00e3o ben\u00e9ficos para o f\u00edgado?<\/h2>\n\n\n\n<p>Al\u00e9m dos mencionados, outros alimentos que podem ser inclu\u00eddos na dieta para promover a sa\u00fade do f\u00edgado s\u00e3o as&nbsp;<strong>sementes de linha\u00e7a<\/strong>&nbsp;e o&nbsp;<strong>peixe salm\u00e3o<\/strong>, ambos ricos em \u00e1cidos graxos \u00f4mega-3. Esses nutrientes s\u00e3o conhecidos por reduzir a inflama\u00e7\u00e3o e o ac\u00famulo de gordura ao redor do f\u00edgado.<\/p>\n\n\n\n<p>Ingerir&nbsp;<strong>caf\u00e9<\/strong>&nbsp;e&nbsp;<strong>azeite de oliva<\/strong>&nbsp;tamb\u00e9m pode ajudar na preven\u00e7\u00e3o de v\u00e1rias doen\u00e7as hep\u00e1ticas. O consumo moderado de caf\u00e9 tem sido associado \u00e0 redu\u00e7\u00e3o do risco de danos permanentes ao f\u00edgado, enquanto o azeite de oliva pode diminuir a inflama\u00e7\u00e3o e os n\u00edveis elevados de enzimas hep\u00e1ticas.<\/p>\n\n\n\n<p>Segundo estudos publicados na&nbsp;<strong>Revista Brasileira de Hepatologia<\/strong>, esses alimentos apresentam benef\u00edcios significativos quando inseridos em um plano alimentar equilibrado.<\/p>\n\n\n\n<h2 class=\"wp-block-heading\">Quais pr\u00e1ticas ajudam a manter um f\u00edgado saud\u00e1vel?<\/h2>\n\n\n\n<p>Al\u00e9m dos ajustes na dieta, \u00e9 importante adotar h\u00e1bitos de vida que promovam a sa\u00fade do f\u00edgado. O consumo de&nbsp;<strong>alho<\/strong>, por exemplo, \u00e9 ben\u00e9fico devido \u00e0 sua capacidade de reduzir a gordura ao redor dos \u00f3rg\u00e3os e diminuir o risco de doen\u00e7as hep\u00e1ticas.<\/p>\n\n\n\n<p>Frutas c\u00edtricas como laranjas e lim\u00f5es tamb\u00e9m s\u00e3o eficazes na limpeza do f\u00edgado, auxiliando na remo\u00e7\u00e3o de toxinas do organismo. Complementar a dieta com&nbsp;<strong>frutos secos<\/strong>&nbsp;como nozes e am\u00eandoas pode oferecer suporte adicional para a sa\u00fade hep\u00e1tica, ao fornecer antioxidantes e gorduras saud\u00e1veis.<\/p>\n\n\n\n<p>Iniciativas de conscientiza\u00e7\u00e3o da sa\u00fade em cidades como&nbsp;<strong>S\u00e3o Paulo<\/strong>&nbsp;e&nbsp;<strong>Rio de Janeiro<\/strong>&nbsp;t\u00eam destacado a necessidade de consultas m\u00e9dicas regulares e exames preventivos para avaliar e preservar a fun\u00e7\u00e3o hep\u00e1tica, especialmente em pessoas com fatores de risco como hist\u00f3rico familiar ou consumo frequente de \u00e1lcool.<\/p>\n","protected":false},"excerpt":{"rendered":"<p>O f\u00edgado desempenha um papel crucial no bem-estar geral do corpo humano, sendo respons\u00e1vel por uma variedade de fun\u00e7\u00f5es essenciais. Entre suas principais tarefas est\u00e1 a elimina\u00e7\u00e3o de subst\u00e2ncias nocivas do organismo atrav\u00e9s da produ\u00e7\u00e3o de bile. Manter o f\u00edgado saud\u00e1vel \u00e9 de extrema import\u00e2ncia, pois um f\u00edgado comprometido pode levar a uma s\u00e9rie de [&hellip;]<\/p>\n","protected":false},"author":11,"featured_media":51390,"comment_status":"open","ping_status":"open","sticky":false,"template":"","format":"standard","meta":{"jnews-multi-image_gallery":[],"jnews_single_post":{"format":"standard"},"jnews_primary_category":[],"jnews_social_meta":[],"jnews_override_counter":[],"footnotes":""},"categories":[8691,1],"tags":[12650,9257,415],"class_list":["post-80913","post","type-post","status-publish","format-standard","has-post-thumbnail","hentry","category-bem-estar","category-noticias","tag-detox","tag-figado","tag-saude"],"yoast_head":"<!-- This site is optimized with the Yoast SEO plugin v23.8 - https:\/\/yoast.com\/wordpress\/plugins\/seo\/ -->\n<title>Alimentos que limpam o f\u00edgado naturalmente e evitam doen\u00e7as graves - Estado de Minas - Em foco<\/title>\n<meta name=\"description\" content=\"Se voc\u00ea sente fadiga e incha\u00e7o, seu f\u00edgado pode precisar de ajuda. Estes alimentos podem fazer toda a diferen\u00e7a.\" \/>\n<meta name=\"robots\" content=\"index, follow, max-snippet:-1, max-image-preview:large, max-video-preview:-1\" \/>\n<link rel=\"canonical\" href=\"https:\/\/www.em.com.br\/emfoco\/2025\/07\/26\/alimentos-que-limpam-o-figado-naturalmente-e-evitam-doencas-graves\/\" \/>\n<meta property=\"og:locale\" content=\"pt_BR\" \/>\n<meta property=\"og:type\" content=\"article\" \/>\n<meta property=\"og:title\" content=\"Alimentos que limpam o f\u00edgado naturalmente e evitam doen\u00e7as graves - Estado de Minas - Em foco\" \/>\n<meta property=\"og:description\" content=\"Se voc\u00ea sente fadiga e incha\u00e7o, seu f\u00edgado pode precisar de ajuda. Estes alimentos podem fazer toda a diferen\u00e7a.\" \/>\n<meta property=\"og:url\" content=\"https:\/\/www.em.com.br\/emfoco\/2025\/07\/26\/alimentos-que-limpam-o-figado-naturalmente-e-evitam-doencas-graves\/\" \/>\n<meta property=\"og:site_name\" content=\"Estado de Minas - Em foco\" \/>\n<meta property=\"article:published_time\" content=\"2025-07-26T10:28:00+00:00\" \/>\n<meta property=\"article:modified_time\" content=\"2025-07-24T18:32:24+00:00\" \/>\n<meta property=\"og:image\" content=\"https:\/\/www.em.com.br\/emfoco\/wp-content\/uploads\/2025\/05\/figado_1748272064487.jpg\" \/>\n\t<meta property=\"og:image:width\" content=\"1280\" \/>\n\t<meta property=\"og:image:height\" content=\"720\" \/>\n\t<meta property=\"og:image:type\" content=\"image\/jpeg\" \/>\n<meta name=\"author\" content=\"Andre\u0301 Rangel\u00a0\" \/>\n<meta name=\"twitter:card\" content=\"summary_large_image\" \/>\n<meta name=\"twitter:label1\" content=\"Escrito por\" \/>\n\t<meta name=\"twitter:data1\" content=\"Andre\u0301 Rangel\u00a0\" \/>\n\t<meta name=\"twitter:label2\" content=\"Est. tempo de leitura\" \/>\n\t<meta name=\"twitter:data2\" content=\"5 minutos\" \/>\n<!-- \/ Yoast SEO plugin. -->","yoast_head_json":{"title":"Alimentos que limpam o f\u00edgado naturalmente e evitam doen\u00e7as graves - Estado de Minas - Em foco","description":"Se voc\u00ea sente fadiga e incha\u00e7o, seu f\u00edgado pode precisar de ajuda. Estes alimentos podem fazer toda a diferen\u00e7a.","robots":{"index":"index","follow":"follow","max-snippet":"max-snippet:-1","max-image-preview":"max-image-preview:large","max-video-preview":"max-video-preview:-1"},"canonical":"https:\/\/www.em.com.br\/emfoco\/2025\/07\/26\/alimentos-que-limpam-o-figado-naturalmente-e-evitam-doencas-graves\/","og_locale":"pt_BR","og_type":"article","og_title":"Alimentos que limpam o f\u00edgado naturalmente e evitam doen\u00e7as graves - Estado de Minas - Em foco","og_description":"Se voc\u00ea sente fadiga e incha\u00e7o, seu f\u00edgado pode precisar de ajuda. Estes alimentos podem fazer toda a diferen\u00e7a.","og_url":"https:\/\/www.em.com.br\/emfoco\/2025\/07\/26\/alimentos-que-limpam-o-figado-naturalmente-e-evitam-doencas-graves\/","og_site_name":"Estado de Minas - Em foco","article_published_time":"2025-07-26T10:28:00+00:00","article_modified_time":"2025-07-24T18:32:24+00:00","og_image":[{"width":1280,"height":720,"url":"https:\/\/www.em.com.br\/emfoco\/wp-content\/uploads\/2025\/05\/figado_1748272064487.jpg","type":"image\/jpeg"}],"author":"Andre\u0301 Rangel\u00a0","twitter_card":"summary_large_image","twitter_misc":{"Escrito por":"Andre\u0301 Rangel\u00a0","Est. tempo de leitura":"5 minutos"},"schema":{"@context":"https:\/\/schema.org","@graph":[{"@type":"WebPage","@id":"https:\/\/www.em.com.br\/emfoco\/2025\/07\/26\/alimentos-que-limpam-o-figado-naturalmente-e-evitam-doencas-graves\/","url":"https:\/\/www.em.com.br\/emfoco\/2025\/07\/26\/alimentos-que-limpam-o-figado-naturalmente-e-evitam-doencas-graves\/","name":"Alimentos que limpam o f\u00edgado naturalmente e evitam doen\u00e7as graves - Estado de Minas - Em foco","isPartOf":{"@id":"https:\/\/www.em.com.br\/emfoco\/#website"},"primaryImageOfPage":{"@id":"https:\/\/www.em.com.br\/emfoco\/2025\/07\/26\/alimentos-que-limpam-o-figado-naturalmente-e-evitam-doencas-graves\/#primaryimage"},"image":{"@id":"https:\/\/www.em.com.br\/emfoco\/2025\/07\/26\/alimentos-que-limpam-o-figado-naturalmente-e-evitam-doencas-graves\/#primaryimage"},"thumbnailUrl":"https:\/\/www.em.com.br\/emfoco\/wp-content\/uploads\/2025\/05\/figado_1748272064487.jpg","datePublished":"2025-07-26T10:28:00+00:00","dateModified":"2025-07-24T18:32:24+00:00","author":{"@id":"https:\/\/www.em.com.br\/emfoco\/#\/schema\/person\/60eda09c1fedf0d6891f4cef4b60b8b8"},"description":"Se voc\u00ea sente fadiga e incha\u00e7o, seu f\u00edgado pode precisar de ajuda. Estes alimentos podem fazer toda a diferen\u00e7a.","breadcrumb":{"@id":"https:\/\/www.em.com.br\/emfoco\/2025\/07\/26\/alimentos-que-limpam-o-figado-naturalmente-e-evitam-doencas-graves\/#breadcrumb"},"inLanguage":"pt-BR","potentialAction":[{"@type":"ReadAction","target":["https:\/\/www.em.com.br\/emfoco\/2025\/07\/26\/alimentos-que-limpam-o-figado-naturalmente-e-evitam-doencas-graves\/"]}]},{"@type":"ImageObject","inLanguage":"pt-BR","@id":"https:\/\/www.em.com.br\/emfoco\/2025\/07\/26\/alimentos-que-limpam-o-figado-naturalmente-e-evitam-doencas-graves\/#primaryimage","url":"https:\/\/www.em.com.br\/emfoco\/wp-content\/uploads\/2025\/05\/figado_1748272064487.jpg","contentUrl":"https:\/\/www.em.com.br\/emfoco\/wp-content\/uploads\/2025\/05\/figado_1748272064487.jpg","width":1280,"height":720,"caption":"Desconforto no F\u00edgado - Cr\u00e9ditos: depositphotos.com \/ KostyaKlimenko"},{"@type":"BreadcrumbList","@id":"https:\/\/www.em.com.br\/emfoco\/2025\/07\/26\/alimentos-que-limpam-o-figado-naturalmente-e-evitam-doencas-graves\/#breadcrumb","itemListElement":[{"@type":"ListItem","position":1,"name":"In\u00edcio","item":"https:\/\/www.em.com.br\/emfoco\/"},{"@type":"ListItem","position":2,"name":"Alimentos que limpam o f\u00edgado naturalmente e evitam doen\u00e7as graves"}]},{"@type":"WebSite","@id":"https:\/\/www.em.com.br\/emfoco\/#website","url":"https:\/\/www.em.com.br\/emfoco\/","name":"Estado de Minas - Em foco","description":"Acompanhe as \u00faltimas not\u00edcias e fique bem informado sobre tudo o que acontece em Minas Gerais, Brasil e no mundo.","potentialAction":[{"@type":"SearchAction","target":{"@type":"EntryPoint","urlTemplate":"https:\/\/www.em.com.br\/emfoco\/?s={search_term_string}"},"query-input":{"@type":"PropertyValueSpecification","valueRequired":true,"valueName":"search_term_string"}}],"inLanguage":"pt-BR"},{"@type":"Person","@id":"https:\/\/www.em.com.br\/emfoco\/#\/schema\/person\/60eda09c1fedf0d6891f4cef4b60b8b8","name":"Andre\u0301 Rangel\u00a0","image":{"@type":"ImageObject","inLanguage":"pt-BR","@id":"https:\/\/www.em.com.br\/emfoco\/#\/schema\/person\/image\/","url":"https:\/\/secure.gravatar.com\/avatar\/6234dc814c77c8ef6d8bba622c787efc?s=96&d=mm&r=g","contentUrl":"https:\/\/secure.gravatar.com\/avatar\/6234dc814c77c8ef6d8bba622c787efc?s=96&d=mm&r=g","caption":"Andre\u0301 Rangel\u00a0"},"url":"https:\/\/www.em.com.br\/emfoco\/author\/luizmyth\/"}]}},"_links":{"self":[{"href":"https:\/\/www.em.com.br\/emfoco\/wp-json\/wp\/v2\/posts\/80913","targetHints":{"allow":["GET"]}}],"collection":[{"href":"https:\/\/www.em.com.br\/emfoco\/wp-json\/wp\/v2\/posts"}],"about":[{"href":"https:\/\/www.em.com.br\/emfoco\/wp-json\/wp\/v2\/types\/post"}],"author":[{"embeddable":true,"href":"https:\/\/www.em.com.br\/emfoco\/wp-json\/wp\/v2\/users\/11"}],"replies":[{"embeddable":true,"href":"https:\/\/www.em.com.br\/emfoco\/wp-json\/wp\/v2\/comments?post=80913"}],"version-history":[{"count":4,"href":"https:\/\/www.em.com.br\/emfoco\/wp-json\/wp\/v2\/posts\/80913\/revisions"}],"predecessor-version":[{"id":81114,"href":"https:\/\/www.em.com.br\/emfoco\/wp-json\/wp\/v2\/posts\/80913\/revisions\/81114"}],"wp:featuredmedia":[{"embeddable":true,"href":"https:\/\/www.em.com.br\/emfoco\/wp-json\/wp\/v2\/media\/51390"}],"wp:attachment":[{"href":"https:\/\/www.em.com.br\/emfoco\/wp-json\/wp\/v2\/media?parent=80913"}],"wp:term":[{"taxonomy":"category","embeddable":true,"href":"https:\/\/www.em.com.br\/emfoco\/wp-json\/wp\/v2\/categories?post=80913"},{"taxonomy":"post_tag","embeddable":true,"href":"https:\/\/www.em.com.br\/emfoco\/wp-json\/wp\/v2\/tags?post=80913"}],"curies":[{"name":"wp","href":"https:\/\/api.w.org\/{rel}","templated":true}]}}