{"id":80905,"date":"2025-07-25T17:38:45","date_gmt":"2025-07-25T20:38:45","guid":{"rendered":"https:\/\/www.em.com.br\/emfoco\/?p=80905"},"modified":"2025-07-24T18:30:37","modified_gmt":"2025-07-24T21:30:37","slug":"voce-usaria-roupas-impressas-em-3d-a-moda-ja-comecou","status":"publish","type":"post","link":"https:\/\/www.em.com.br\/emfoco\/2025\/07\/25\/voce-usaria-roupas-impressas-em-3d-a-moda-ja-comecou\/","title":{"rendered":"Voc\u00ea usaria roupas impressas em 3D? A moda j\u00e1 come\u00e7ou"},"content":{"rendered":"\n<p><strong>3D\u2011printed fashion<\/strong>&nbsp;est\u00e1 revolucionando o cen\u00e1rio da moda ao oferecer&nbsp;<strong>roupa feita sob demanda<\/strong>&nbsp;e eliminar a necessidade de grandes estoques. Em 2025, esta tecnologia representa um novo ciclo produtivo, aproximando inova\u00e7\u00e3o e sustentabilidade. O modelo reduz desperd\u00edcio e permite cria\u00e7\u00f5es personalizadas em escala in\u00e9dita.<\/p>\n\n\n\n<ul class=\"wp-block-list\">\n<li>Produ\u00e7\u00e3o personalizada atende tend\u00eancias de consumo individualizado<\/li>\n\n\n\n<li>Redu\u00e7\u00e3o de desperd\u00edcio e impactos ambientais no setor t\u00eaxtil<\/li>\n\n\n\n<li>Novo modelo de neg\u00f3cio para estilistas e marcas emergentes<\/li>\n<\/ul>\n\n\n\n<h2 class=\"wp-block-heading\">Como a impress\u00e3o 3D est\u00e1 mudando a confec\u00e7\u00e3o de roupas?<\/h2>\n\n\n\n<p>A inser\u00e7\u00e3o da&nbsp;<strong>impress\u00e3o 3D<\/strong>&nbsp;no universo fashion reinventou processos industriais. Essa tecnologia facilita a fabrica\u00e7\u00e3o de pe\u00e7as complexas, com ajustes precisos e m\u00ednimo contato manual, utilizando materiais como termopl\u00e1sticos, pol\u00edmeros e fibras inovadoras. O tempo de produ\u00e7\u00e3o reduzido permite lan\u00e7amentos r\u00e1pidos, alinhados a demandas pontuais.<\/p>\n\n\n\n<p>O conceito de&nbsp;<strong>moda sob demanda<\/strong>&nbsp;ganha for\u00e7a, pois cada roupa pode ser modelada para um consumidor espec\u00edfico, alterando medidas, cores e detalhes do design sem custos adicionais para m\u00faltiplos moldes ou linhas de montagem.<\/p>\n\n\n<div class=\"wp-block-image\">\n<figure class=\"aligncenter size-large\"><img loading=\"lazy\" decoding=\"async\" width=\"1024\" height=\"576\" src=\"https:\/\/www.em.com.br\/emfoco\/wp-content\/uploads\/2025\/07\/Moda-sob-demanda-em-3D-1024x576.jpg\" alt=\"Moda sob demanda em 3D\" class=\"wp-image-80911\" srcset=\"https:\/\/www.em.com.br\/emfoco\/wp-content\/uploads\/2025\/07\/Moda-sob-demanda-em-3D-1024x576.jpg 1024w, https:\/\/www.em.com.br\/emfoco\/wp-content\/uploads\/2025\/07\/Moda-sob-demanda-em-3D-300x169.jpg 300w, https:\/\/www.em.com.br\/emfoco\/wp-content\/uploads\/2025\/07\/Moda-sob-demanda-em-3D-768x432.jpg 768w, https:\/\/www.em.com.br\/emfoco\/wp-content\/uploads\/2025\/07\/Moda-sob-demanda-em-3D-750x422.jpg 750w, https:\/\/www.em.com.br\/emfoco\/wp-content\/uploads\/2025\/07\/Moda-sob-demanda-em-3D-1140x641.jpg 1140w, https:\/\/www.em.com.br\/emfoco\/wp-content\/uploads\/2025\/07\/Moda-sob-demanda-em-3D.jpg 1280w\" sizes=\"auto, (max-width: 1024px) 100vw, 1024px\" \/><figcaption class=\"wp-element-caption\">Moda sob demanda em 3D &#8211; Cr\u00e9ditos: depositphotos.com \/ pressmaster &#8211; Cr\u00e9ditos: depositphotos.com \/ HayDmitriy<\/figcaption><\/figure><\/div>\n\n\n<p>Leia tamb\u00e9m: <a href=\"https:\/\/www.em.com.br\/emfoco\/2025\/07\/06\/o-modelo-de-maio-que-as-mulheres-estao-usando-para-parecer-mais-magras\/\" target=\"_blank\" rel=\"noreferrer noopener\">O modelo de mai\u00f4 que as mulheres est\u00e3o usando para parecer mais magras<\/a><\/p>\n\n\n\n<h2 class=\"wp-block-heading\">Roupas impressas sob encomenda: quais as vantagens para o consumidor?<\/h2>\n\n\n\n<p>O principal diferencial da&nbsp;<strong>roupa feita sob demanda<\/strong>&nbsp;est\u00e1 na possibilidade de personaliza\u00e7\u00e3o. O consumidor pode solicitar altera\u00e7\u00f5es espec\u00edficas, desde ajustes de caimento at\u00e9 estampas exclusivas. Isso reflete mudan\u00e7as no perfil de consumo, priorizando autenticidade e identifica\u00e7\u00e3o com a pe\u00e7a.<\/p>\n\n\n\n<p>Al\u00e9m disso, o modelo on demand reduz significativamente o fen\u00f4meno do excesso de estoque, um dos grandes desafios da ind\u00fastria da moda e respons\u00e1vel por volumes expressivos de descarte de res\u00edduos t\u00eaxteis. A entrega de cole\u00e7\u00f5es alinhadas a pedidos reais minimiza sobras e incentiva pr\u00e1ticas industriais mais circulares.<\/p>\n\n\n\n<ul class=\"wp-block-list\">\n<li>Personaliza\u00e7\u00e3o total de tamanho, cor e textura<\/li>\n\n\n\n<li>Menor tempo de espera para lan\u00e7amentos e entregas<\/li>\n\n\n\n<li>Redu\u00e7\u00e3o de sobras e desperd\u00edcios de mat\u00e9rias-primas<\/li>\n<\/ul>\n\n\n\n<p>Aten\u00e7\u00e3o: Marcas que aplicam este modelo conseguem adaptar suas cole\u00e7\u00f5es ao feedback imediato de clientes, tornando as tend\u00eancias de moda ainda mais din\u00e2micas e conectadas ao p\u00fablico real.<\/p>\n\n\n\n<h2 class=\"wp-block-heading\">O futuro da moda ser\u00e1 totalmente digital e sustent\u00e1vel?<\/h2>\n\n\n\n<p>Enquanto o&nbsp;<strong>3D\u2011printed fashion<\/strong>&nbsp;avan\u00e7a, cresce a expectativa de um ambiente industrial mais automatizado e ambientalmente respons\u00e1vel. H\u00e1 converg\u00eancia entre moda, tecnologia e sustentabilidade, com o desenvolvimento de novas mat\u00e9rias-primas biodegrad\u00e1veis e processos de impress\u00e3o otimizados para economizar recursos.<\/p>\n\n\n\n<p>Estilistas renomados e startups investem em softwares de modelagem e impressoras de \u00faltima gera\u00e7\u00e3o, ampliando as possibilidades criativas e reduzindo o impacto ecol\u00f3gico. O acesso \u00e0 produ\u00e7\u00e3o local e descentralizada fortalece pequenos ateli\u00eas e democratiza o acesso a pe\u00e7as exclusivas sem custos log\u00edsticos elevados.<\/p>\n\n\n\n<h2 class=\"wp-block-heading\">Transforma\u00e7\u00f5es essenciais na cadeia produtiva da moda<\/h2>\n\n\n\n<p>A cadeia fashion se reajusta diante da crescente demanda por&nbsp;<strong>moda sob demanda<\/strong>&nbsp;e pr\u00e1ticas mais transparentes. A elimina\u00e7\u00e3o do estoque impulsiona modelos de neg\u00f3cio mais flex\u00edveis, capazes de responder rapidamente \u00e0s mudan\u00e7as comportamentais.<\/p>\n\n\n\n<p>Desafios ainda existem, como padroniza\u00e7\u00e3o de <a href=\"https:\/\/www.nbcnews.com\/mach\/science\/soon-you-may-be-able-3d-print-clothing-your-own-ncna848646\" target=\"_blank\" rel=\"noreferrer noopener\">materiais<\/a>, pre\u00e7o inicial dos equipamentos e aceita\u00e7\u00e3o em larga escala. Entretanto, avan\u00e7os cont\u00ednuos sinalizam que a impress\u00e3o 3D se consolidar\u00e1 como parte central do setor fashion, promovendo cria\u00e7\u00f5es ousadas sem preju\u00edzo ambiental.<\/p>\n\n\n\n<h2 class=\"wp-block-heading\">Principais li\u00e7\u00f5es sobre 3D\u2011printed fashion e suas implica\u00e7\u00f5es<\/h2>\n\n\n\n<ul class=\"wp-block-list\">\n<li>Tecnologia de impress\u00e3o 3D faz da moda sob demanda uma solu\u00e7\u00e3o vi\u00e1vel e sustent\u00e1vel<\/li>\n\n\n\n<li>Consumidores se beneficiam com personaliza\u00e7\u00e3o, rapidez e menor impacto ambiental<\/li>\n\n\n\n<li>O setor inicia um novo ciclo produtivo, mais conectado \u00e0 tecnologia e \u00e0s necessidades reais do p\u00fablico<\/li>\n<\/ul>\n","protected":false},"excerpt":{"rendered":"<p>3D\u2011printed fashion&nbsp;est\u00e1 revolucionando o cen\u00e1rio da moda ao oferecer&nbsp;roupa feita sob demanda&nbsp;e eliminar a necessidade de grandes estoques. Em 2025, esta tecnologia representa um novo ciclo produtivo, aproximando inova\u00e7\u00e3o e sustentabilidade. O modelo reduz desperd\u00edcio e permite cria\u00e7\u00f5es personalizadas em escala in\u00e9dita. Como a impress\u00e3o 3D est\u00e1 mudando a confec\u00e7\u00e3o de roupas? A inser\u00e7\u00e3o da&nbsp;impress\u00e3o [&hellip;]<\/p>\n","protected":false},"author":15,"featured_media":80909,"comment_status":"open","ping_status":"open","sticky":false,"template":"","format":"standard","meta":{"jnews-multi-image_gallery":[],"jnews_single_post":{"format":"standard"},"jnews_primary_category":[],"jnews_social_meta":[],"jnews_override_counter":[],"footnotes":""},"categories":[8819,1],"tags":[10506,12809,12810],"class_list":["post-80905","post","type-post","status-publish","format-standard","has-post-thumbnail","hentry","category-curiosidades","category-noticias","tag-impressao-3d","tag-moda-sob-demanda","tag-sustentabilidade-na-moda"],"yoast_head":"<!-- This site is optimized with the Yoast SEO plugin v23.8 - https:\/\/yoast.com\/wordpress\/plugins\/seo\/ -->\n<title>Voc\u00ea usaria roupas impressas em 3D? A moda j\u00e1 come\u00e7ou - Estado de Minas - Em foco<\/title>\n<meta name=\"description\" content=\"A impress\u00e3o 3D chegou \u00e0 moda e est\u00e1 mudando tudo: roupas sob medida, sem estoque e com menos desperd\u00edcio. Conhe\u00e7a essa revolu\u00e7\u00e3o.\" \/>\n<meta name=\"robots\" content=\"index, follow, max-snippet:-1, max-image-preview:large, max-video-preview:-1\" \/>\n<link rel=\"canonical\" href=\"https:\/\/www.em.com.br\/emfoco\/2025\/07\/25\/voce-usaria-roupas-impressas-em-3d-a-moda-ja-comecou\/\" \/>\n<meta property=\"og:locale\" content=\"pt_BR\" \/>\n<meta property=\"og:type\" content=\"article\" \/>\n<meta property=\"og:title\" content=\"Voc\u00ea usaria roupas impressas em 3D? A moda j\u00e1 come\u00e7ou - Estado de Minas - Em foco\" \/>\n<meta property=\"og:description\" content=\"A impress\u00e3o 3D chegou \u00e0 moda e est\u00e1 mudando tudo: roupas sob medida, sem estoque e com menos desperd\u00edcio. Conhe\u00e7a essa revolu\u00e7\u00e3o.\" \/>\n<meta property=\"og:url\" content=\"https:\/\/www.em.com.br\/emfoco\/2025\/07\/25\/voce-usaria-roupas-impressas-em-3d-a-moda-ja-comecou\/\" \/>\n<meta property=\"og:site_name\" content=\"Estado de Minas - Em foco\" \/>\n<meta property=\"article:published_time\" content=\"2025-07-25T20:38:45+00:00\" \/>\n<meta property=\"article:modified_time\" content=\"2025-07-24T21:30:37+00:00\" \/>\n<meta property=\"og:image\" content=\"https:\/\/www.em.com.br\/emfoco\/wp-content\/uploads\/2025\/07\/moda_1753365714765.jpg\" \/>\n\t<meta property=\"og:image:width\" content=\"1280\" \/>\n\t<meta property=\"og:image:height\" content=\"720\" \/>\n\t<meta property=\"og:image:type\" content=\"image\/jpeg\" \/>\n<meta name=\"author\" content=\"Douglas Myth\" \/>\n<meta name=\"twitter:card\" content=\"summary_large_image\" \/>\n<meta name=\"twitter:label1\" content=\"Escrito por\" \/>\n\t<meta name=\"twitter:data1\" content=\"Douglas Myth\" \/>\n\t<meta name=\"twitter:label2\" content=\"Est. tempo de leitura\" \/>\n\t<meta name=\"twitter:data2\" content=\"4 minutos\" \/>\n<!-- \/ Yoast SEO plugin. -->","yoast_head_json":{"title":"Voc\u00ea usaria roupas impressas em 3D? A moda j\u00e1 come\u00e7ou - Estado de Minas - Em foco","description":"A impress\u00e3o 3D chegou \u00e0 moda e est\u00e1 mudando tudo: roupas sob medida, sem estoque e com menos desperd\u00edcio. Conhe\u00e7a essa revolu\u00e7\u00e3o.","robots":{"index":"index","follow":"follow","max-snippet":"max-snippet:-1","max-image-preview":"max-image-preview:large","max-video-preview":"max-video-preview:-1"},"canonical":"https:\/\/www.em.com.br\/emfoco\/2025\/07\/25\/voce-usaria-roupas-impressas-em-3d-a-moda-ja-comecou\/","og_locale":"pt_BR","og_type":"article","og_title":"Voc\u00ea usaria roupas impressas em 3D? A moda j\u00e1 come\u00e7ou - Estado de Minas - Em foco","og_description":"A impress\u00e3o 3D chegou \u00e0 moda e est\u00e1 mudando tudo: roupas sob medida, sem estoque e com menos desperd\u00edcio. Conhe\u00e7a essa revolu\u00e7\u00e3o.","og_url":"https:\/\/www.em.com.br\/emfoco\/2025\/07\/25\/voce-usaria-roupas-impressas-em-3d-a-moda-ja-comecou\/","og_site_name":"Estado de Minas - Em foco","article_published_time":"2025-07-25T20:38:45+00:00","article_modified_time":"2025-07-24T21:30:37+00:00","og_image":[{"width":1280,"height":720,"url":"https:\/\/www.em.com.br\/emfoco\/wp-content\/uploads\/2025\/07\/moda_1753365714765.jpg","type":"image\/jpeg"}],"author":"Douglas Myth","twitter_card":"summary_large_image","twitter_misc":{"Escrito por":"Douglas Myth","Est. tempo de leitura":"4 minutos"},"schema":{"@context":"https:\/\/schema.org","@graph":[{"@type":"WebPage","@id":"https:\/\/www.em.com.br\/emfoco\/2025\/07\/25\/voce-usaria-roupas-impressas-em-3d-a-moda-ja-comecou\/","url":"https:\/\/www.em.com.br\/emfoco\/2025\/07\/25\/voce-usaria-roupas-impressas-em-3d-a-moda-ja-comecou\/","name":"Voc\u00ea usaria roupas impressas em 3D? A moda j\u00e1 come\u00e7ou - Estado de Minas - Em foco","isPartOf":{"@id":"https:\/\/www.em.com.br\/emfoco\/#website"},"primaryImageOfPage":{"@id":"https:\/\/www.em.com.br\/emfoco\/2025\/07\/25\/voce-usaria-roupas-impressas-em-3d-a-moda-ja-comecou\/#primaryimage"},"image":{"@id":"https:\/\/www.em.com.br\/emfoco\/2025\/07\/25\/voce-usaria-roupas-impressas-em-3d-a-moda-ja-comecou\/#primaryimage"},"thumbnailUrl":"https:\/\/www.em.com.br\/emfoco\/wp-content\/uploads\/2025\/07\/moda_1753365714765.jpg","datePublished":"2025-07-25T20:38:45+00:00","dateModified":"2025-07-24T21:30:37+00:00","author":{"@id":"https:\/\/www.em.com.br\/emfoco\/#\/schema\/person\/bba594b7eebe9b9885fec3a5c7837089"},"description":"A impress\u00e3o 3D chegou \u00e0 moda e est\u00e1 mudando tudo: roupas sob medida, sem estoque e com menos desperd\u00edcio. Conhe\u00e7a essa revolu\u00e7\u00e3o.","breadcrumb":{"@id":"https:\/\/www.em.com.br\/emfoco\/2025\/07\/25\/voce-usaria-roupas-impressas-em-3d-a-moda-ja-comecou\/#breadcrumb"},"inLanguage":"pt-BR","potentialAction":[{"@type":"ReadAction","target":["https:\/\/www.em.com.br\/emfoco\/2025\/07\/25\/voce-usaria-roupas-impressas-em-3d-a-moda-ja-comecou\/"]}]},{"@type":"ImageObject","inLanguage":"pt-BR","@id":"https:\/\/www.em.com.br\/emfoco\/2025\/07\/25\/voce-usaria-roupas-impressas-em-3d-a-moda-ja-comecou\/#primaryimage","url":"https:\/\/www.em.com.br\/emfoco\/wp-content\/uploads\/2025\/07\/moda_1753365714765.jpg","contentUrl":"https:\/\/www.em.com.br\/emfoco\/wp-content\/uploads\/2025\/07\/moda_1753365714765.jpg","width":1280,"height":720,"caption":"Moda sob demanda em 3D - Cr\u00e9ditos: depositphotos.com \/ Ischukigor"},{"@type":"BreadcrumbList","@id":"https:\/\/www.em.com.br\/emfoco\/2025\/07\/25\/voce-usaria-roupas-impressas-em-3d-a-moda-ja-comecou\/#breadcrumb","itemListElement":[{"@type":"ListItem","position":1,"name":"In\u00edcio","item":"https:\/\/www.em.com.br\/emfoco\/"},{"@type":"ListItem","position":2,"name":"Voc\u00ea usaria roupas impressas em 3D? A moda j\u00e1 come\u00e7ou"}]},{"@type":"WebSite","@id":"https:\/\/www.em.com.br\/emfoco\/#website","url":"https:\/\/www.em.com.br\/emfoco\/","name":"Estado de Minas - Em foco","description":"Acompanhe as \u00faltimas not\u00edcias e fique bem informado sobre tudo o que acontece em Minas Gerais, Brasil e no mundo.","potentialAction":[{"@type":"SearchAction","target":{"@type":"EntryPoint","urlTemplate":"https:\/\/www.em.com.br\/emfoco\/?s={search_term_string}"},"query-input":{"@type":"PropertyValueSpecification","valueRequired":true,"valueName":"search_term_string"}}],"inLanguage":"pt-BR"},{"@type":"Person","@id":"https:\/\/www.em.com.br\/emfoco\/#\/schema\/person\/bba594b7eebe9b9885fec3a5c7837089","name":"Douglas Myth","image":{"@type":"ImageObject","inLanguage":"pt-BR","@id":"https:\/\/www.em.com.br\/emfoco\/#\/schema\/person\/image\/","url":"https:\/\/secure.gravatar.com\/avatar\/1ac3cf50d0e68642c697dc0c960c802f?s=96&d=mm&r=g","contentUrl":"https:\/\/secure.gravatar.com\/avatar\/1ac3cf50d0e68642c697dc0c960c802f?s=96&d=mm&r=g","caption":"Douglas Myth"},"url":"https:\/\/www.em.com.br\/emfoco\/author\/douglasmyth\/"}]}},"_links":{"self":[{"href":"https:\/\/www.em.com.br\/emfoco\/wp-json\/wp\/v2\/posts\/80905","targetHints":{"allow":["GET"]}}],"collection":[{"href":"https:\/\/www.em.com.br\/emfoco\/wp-json\/wp\/v2\/posts"}],"about":[{"href":"https:\/\/www.em.com.br\/emfoco\/wp-json\/wp\/v2\/types\/post"}],"author":[{"embeddable":true,"href":"https:\/\/www.em.com.br\/emfoco\/wp-json\/wp\/v2\/users\/15"}],"replies":[{"embeddable":true,"href":"https:\/\/www.em.com.br\/emfoco\/wp-json\/wp\/v2\/comments?post=80905"}],"version-history":[{"count":3,"href":"https:\/\/www.em.com.br\/emfoco\/wp-json\/wp\/v2\/posts\/80905\/revisions"}],"predecessor-version":[{"id":80918,"href":"https:\/\/www.em.com.br\/emfoco\/wp-json\/wp\/v2\/posts\/80905\/revisions\/80918"}],"wp:featuredmedia":[{"embeddable":true,"href":"https:\/\/www.em.com.br\/emfoco\/wp-json\/wp\/v2\/media\/80909"}],"wp:attachment":[{"href":"https:\/\/www.em.com.br\/emfoco\/wp-json\/wp\/v2\/media?parent=80905"}],"wp:term":[{"taxonomy":"category","embeddable":true,"href":"https:\/\/www.em.com.br\/emfoco\/wp-json\/wp\/v2\/categories?post=80905"},{"taxonomy":"post_tag","embeddable":true,"href":"https:\/\/www.em.com.br\/emfoco\/wp-json\/wp\/v2\/tags?post=80905"}],"curies":[{"name":"wp","href":"https:\/\/api.w.org\/{rel}","templated":true}]}}