{"id":80901,"date":"2025-07-26T07:08:00","date_gmt":"2025-07-26T10:08:00","guid":{"rendered":"https:\/\/www.em.com.br\/emfoco\/?p=80901"},"modified":"2025-07-24T15:32:37","modified_gmt":"2025-07-24T18:32:37","slug":"voce-nao-pode-tomar-cafe-junto-com-esses-medicamentos","status":"publish","type":"post","link":"https:\/\/www.em.com.br\/emfoco\/2025\/07\/26\/voce-nao-pode-tomar-cafe-junto-com-esses-medicamentos\/","title":{"rendered":"Voc\u00ea n\u00e3o pode tomar caf\u00e9 junto com esses medicamentos"},"content":{"rendered":"\n<p>Para muitos, um novo dia s\u00f3 come\u00e7a realmente ap\u00f3s aquele indispens\u00e1vel primeiro gole de\u00a0<strong><a href=\"https:\/\/www.em.com.br\/emfoco\/2025\/07\/23\/se-voce-tem-borra-de-cafe-usado-nunca-jogue-fora-pois-voce-possui-um-tesouro-em-casa\/\" target=\"_blank\" rel=\"noreferrer noopener\">caf\u00e9<\/a><\/strong>. Sua presen\u00e7a reconfortante e energizante faz dele uma das bebidas mais apreciadas no mundo todo. Entretanto, esse h\u00e1bito di\u00e1rio pode ter intera\u00e7\u00f5es significativas com certos medicamentos, impactando tanto sua efic\u00e1cia quanto potencializando efeitos colaterais.<\/p>\n\n\n\n<p>Embora tanto o ch\u00e1 quanto o caf\u00e9 contenham&nbsp;<strong>cafe\u00edna<\/strong>, o n\u00edvel de concentra\u00e7\u00e3o nesta \u00faltima bebida \u00e9 geralmente mais elevado, o que n\u00e3o s\u00f3 proporciona um aumento de energia mais \u00e1tico, como tamb\u00e9m pode influir na maneira com que o corpo lida com determinados f\u00e1rmacos. Vamos explorar essas intera\u00e7\u00f5es e entender como garantir uma utiliza\u00e7\u00e3o segura dos medicamentos sem abrir m\u00e3o do seu caf\u00e9 matinal. Vale lembrar que o consumo de produtos industrializados que contenham cafe\u00edna, como&nbsp;<strong>colas<\/strong>&nbsp;e energ\u00e9ticos, pode provocar efeitos semelhantes.<\/p>\n\n\n\n<h2 class=\"wp-block-heading\">Como o caf\u00e9 interfere com medicamentos de resfriado e gripe?<\/h2>\n\n\n\n<p>A cafe\u00edna, reconhecida por seu efeito estimulante, pode intensificar a a\u00e7\u00e3o de outros estimulantes presentes em medicamentos de resfriado, como a&nbsp;<strong>pseudoefedrina<\/strong>. Esta combina\u00e7\u00e3o tende a exacerbar sintomas como ins\u00f4nia, dores de cabe\u00e7a, taquicardia e inquieta\u00e7\u00e3o. Al\u00e9m disso, muitos desses medicamentos j\u00e1 incluem cafe\u00edna, o que pode aumentar ainda mais esses riscos.<\/p>\n\n\n\n<p>A intera\u00e7\u00e3o da cafe\u00edna n\u00e3o se limita aos descongestionantes. F\u00e1rmacos utilizados no tratamento de\u00a0<a href=\"https:\/\/www.msdmanuals.com\/pt\/casa\/problemas-de-sa%C3%BAde-infantil\/dist%C3%BArbios-de-aprendizagem-e-do-desenvolvimento\/transtorno-do-d%C3%A9ficit-de-aten%C3%A7%C3%A3o-com-hiperatividade-tdah\" target=\"_blank\" rel=\"noreferrer noopener\"><strong>TDAH<\/strong>\u00a0<\/a>e asma, que possuem propriedades estimulantes, tamb\u00e9m podem ter seus efeitos colaterais amplificados quando combinados com o caf\u00e9. Essa sobreposi\u00e7\u00e3o estimula excessivamente o sistema nervoso central, o que pode gerar uma gama de rea\u00e7\u00f5es indesejadas.<\/p>\n\n\n\n<figure class=\"wp-block-image size-large\"><img loading=\"lazy\" decoding=\"async\" width=\"1024\" height=\"576\" src=\"https:\/\/www.em.com.br\/emfoco\/wp-content\/uploads\/2025\/07\/cafe-e-remedio_1753383961935-1024x576.jpg\" alt=\"\" class=\"wp-image-81111\" srcset=\"https:\/\/www.em.com.br\/emfoco\/wp-content\/uploads\/2025\/07\/cafe-e-remedio_1753383961935-1024x576.jpg 1024w, https:\/\/www.em.com.br\/emfoco\/wp-content\/uploads\/2025\/07\/cafe-e-remedio_1753383961935-300x169.jpg 300w, https:\/\/www.em.com.br\/emfoco\/wp-content\/uploads\/2025\/07\/cafe-e-remedio_1753383961935-768x432.jpg 768w, https:\/\/www.em.com.br\/emfoco\/wp-content\/uploads\/2025\/07\/cafe-e-remedio_1753383961935-750x422.jpg 750w, https:\/\/www.em.com.br\/emfoco\/wp-content\/uploads\/2025\/07\/cafe-e-remedio_1753383961935-1140x641.jpg 1140w, https:\/\/www.em.com.br\/emfoco\/wp-content\/uploads\/2025\/07\/cafe-e-remedio_1753383961935.jpg 1280w\" sizes=\"auto, (max-width: 1024px) 100vw, 1024px\" \/><figcaption class=\"wp-element-caption\">Caf\u00e9 e press\u00e3o &#8211; bebendo caf\u00e9 &#8211; Cr\u00e9ditos: depositphotos.com \/ ArturVerkhovetskiy<\/figcaption><\/figure>\n\n\n\n<h2 class=\"wp-block-heading\">Que impacto a cafe\u00edna tem em medica\u00e7\u00f5es para a tireoide?<\/h2>\n\n\n\n<p>Para aqueles que dependem do&nbsp;<strong>levotiroxina<\/strong>, o tratamento convencional para o hipotireoidismo, o momento da ingest\u00e3o do caf\u00e9 \u00e9 crucial. Estudos indicam que uma x\u00edcara de caf\u00e9 ingerida muito cedo ap\u00f3s tomar esse medicamento pode reduzir sua absor\u00e7\u00e3o em at\u00e9 50%. Isso se deve ao aumento da motilidade intestinal provocado pela cafe\u00edna, que diminui o tempo de contato do medicamento com o trato digestivo.<\/p>\n\n\n\n<p>Para otimizar a efic\u00e1cia do tratamento, recomenda-se que a levotiroxina seja administrada com \u00e1gua e em jejum, aguardando pelo menos de 30 a 60 minutos antes do primeiro caf\u00e9 do dia. A mesma orienta\u00e7\u00e3o \u00e9 v\u00e1lida para os&nbsp;<strong>bisfosfonatos<\/strong>, medicamentos utilizados no tratamento da osteoporose, que tamb\u00e9m s\u00e3o afetados pela presen\u00e7a de alimentos ou bebidas no trato digestivo. Adicionalmente, pacientes que tomam suplementos de ferro ou c\u00e1lcio tamb\u00e9m devem considerar um intervalo antes do caf\u00e9, pois esses minerais podem interagir com a absor\u00e7\u00e3o da levotiroxina.<\/p>\n\n\n\n<p>Al\u00e9m das quest\u00f5es relacionadas \u00e0 levotiroxina, \u00e9 importante destacar que a cafe\u00edna pode interferir na absor\u00e7\u00e3o de medicamentos para osteoporose, como os bisfosfonatos. Recomenda-se aguardar pelo menos 30 minutos ap\u00f3s a ingest\u00e3o do medicamento antes de consumir caf\u00e9 para garantir sua efic\u00e1cia.<\/p>\n\n\n\n<h2 class=\"wp-block-heading\">Caf\u00e9 e seus efeitos em antidepressivos e antipsic\u00f3ticos: o que saber?<\/h2>\n\n\n\n<p>A intera\u00e7\u00e3o entre a cafe\u00edna e medicamentos psiqui\u00e1tricos, como antidepressivos e antipsic\u00f3ticos, pode ser bastante complexa. Inibidores seletivos de recapta\u00e7\u00e3o de serotonina (ISRS) como&nbsp;<strong>sertralina<\/strong>&nbsp;e&nbsp;<strong>citalopram<\/strong>&nbsp;podem ter a absor\u00e7\u00e3o comprometida pela cafe\u00edna, reduzindo sua efic\u00e1cia no tratamento de transtornos mentais.<\/p>\n\n\n\n<p>J\u00e1 antidepressivos tric\u00edclicos, como a&nbsp;<strong>amitriptilina<\/strong>, podem competir com a cafe\u00edna pelo metabolismo hep\u00e1tico, prolongando sua presen\u00e7a no organismo e aumentando o risco de efeitos colaterais. A competi\u00e7\u00e3o pelo metabolismo hep\u00e1tico pode retardar a degrada\u00e7\u00e3o do medicamento, aumentando os efeitos colaterais ou atrasar a elimina\u00e7\u00e3o da cafe\u00edna do corpo.<\/p>\n\n\n\n<p>Al\u00e9m disso, antipsic\u00f3ticos como a&nbsp;<strong>clozapina<\/strong>&nbsp;podem apresentar n\u00edveis plasm\u00e1ticos aumentados em at\u00e9 97% com o consumo de caf\u00e9, aumentando o risco de complica\u00e7\u00f5es s\u00e9rias. Por isso, o acompanhamento m\u00e9dico \u00e9 especialmente importante nesses casos, para ajustar doses ou recomendar limita\u00e7\u00f5es ao consumo de cafe\u00edna.<\/p>\n\n\n\n<figure class=\"wp-block-image\"><img decoding=\"async\" src=\"https:\/\/www.em.com.br\/emfoco\/wp-content\/uploads\/2025\/04\/bebendo-cafe_1744311246594-1024x576.jpg\" alt=\"\"\/><figcaption class=\"wp-element-caption\">bebendo caf\u00e9 &#8211; Cr\u00e9ditos: depositphotos.com \/ ArturVerkhovetskiy<\/figcaption><\/figure>\n\n\n\n<h2 class=\"wp-block-heading\">Qual a rela\u00e7\u00e3o entre analg\u00e9sicos e cafe\u00edna?<\/h2>\n\n\n\n<p>Em analg\u00e9sicos de venda livre, como aqueles que cont\u00eam&nbsp;<strong>aspirina<\/strong>&nbsp;ou&nbsp;<strong>paracetamol<\/strong>, a cafe\u00edna pode acelerar a absor\u00e7\u00e3o por aumentar a acidez do est\u00f4mago. Embora isso possa ajudar no al\u00edvio mais r\u00e1pido da dor, tamb\u00e9m eleva o risco de rea\u00e7\u00f5es adversas, especialmente em combina\u00e7\u00e3o com outras fontes de cafe\u00edna, como energ\u00e9ticos ou refrigerantes \u00e0 base de cola.<\/p>\n\n\n\n<h2 class=\"wp-block-heading\">Caf\u00e9 e medicamentos card\u00edacos: existe risco?<\/h2>\n\n\n\n<p>Para medicamentos que controlam a press\u00e3o arterial ou ritmos card\u00edacos irregulares, a cafe\u00edna pode representar um desafio. Capaz de elevar temporariamente a press\u00e3o sangu\u00ednea e o ritmo card\u00edaco, a cafe\u00edna pode neutralizar os efeitos desejados desses medicamentos. A cafe\u00edna tem efeitos estimulantes que podem elevar a press\u00e3o arterial e a frequ\u00eancia card\u00edaca, potencialmente reduzindo a efic\u00e1cia de medicamentos antihipertensivos.<\/p>\n\n\n\n<p>No entanto, isso n\u00e3o implica necessariamente que indiv\u00edduos com problemas card\u00edacos precisem eliminar o caf\u00e9 de sua rotina, mas sim monitorar seus efeitos e conversar com um profissional de sa\u00fade sobre poss\u00edveis ajustes. Por exemplo, pacientes usando&nbsp;<strong>betabloqueadores<\/strong>&nbsp;ou inibidores da&nbsp;<strong>ECA<\/strong>&nbsp;devem redobrar a aten\u00e7\u00e3o ao consumo de cafe\u00edna.<\/p>\n\n\n\n<p>Entender as intera\u00e7\u00f5es entre o caf\u00e9 e medicamentos \u00e9 crucial para manter-se seguro e garantir que tratamentos sejam eficazes. Consultar profissionais de sa\u00fade e ajustar h\u00e1bitos de acordo com as necessidades individuais \u00e9 sempre uma estrat\u00e9gia prudente.<\/p>\n\n\n\n<p>Al\u00e9m disso, em rela\u00e7\u00e3o \u00e0 levotiroxina, \u00e9 importante ressaltar que a cafe\u00edna pode reduzir sua absor\u00e7\u00e3o em at\u00e9 50%, portanto \u00e9 recomendado um intervalo de pelo menos 30 minutos entre a ingest\u00e3o da medica\u00e7\u00e3o e o consumo de caf\u00e9. Isso garante a efic\u00e1cia do tratamento do hipotireoidismo e minimiza poss\u00edveis complica\u00e7\u00f5es.<\/p>\n","protected":false},"excerpt":{"rendered":"<p>Para muitos, um novo dia s\u00f3 come\u00e7a realmente ap\u00f3s aquele indispens\u00e1vel primeiro gole de\u00a0caf\u00e9. Sua presen\u00e7a reconfortante e energizante faz dele uma das bebidas mais apreciadas no mundo todo. Entretanto, esse h\u00e1bito di\u00e1rio pode ter intera\u00e7\u00f5es significativas com certos medicamentos, impactando tanto sua efic\u00e1cia quanto potencializando efeitos colaterais. Embora tanto o ch\u00e1 quanto o caf\u00e9 [&hellip;]<\/p>\n","protected":false},"author":11,"featured_media":81112,"comment_status":"open","ping_status":"open","sticky":false,"template":"","format":"standard","meta":{"jnews-multi-image_gallery":[],"jnews_single_post":{"format":"standard"},"jnews_primary_category":[],"jnews_social_meta":[],"jnews_override_counter":[],"footnotes":""},"categories":[29,1],"tags":[1579,8606,415],"class_list":["post-80901","post","type-post","status-publish","format-standard","has-post-thumbnail","hentry","category-entretenimento","category-noticias","tag-cafe","tag-remedios","tag-saude"],"yoast_head":"<!-- This site is optimized with the Yoast SEO plugin v23.8 - https:\/\/yoast.com\/wordpress\/plugins\/seo\/ -->\n<title>Voc\u00ea n\u00e3o pode tomar caf\u00e9 junto com esses medicamentos - Estado de Minas - Em foco<\/title>\n<meta name=\"description\" content=\"Especialistas explicam por que misturar caf\u00e9 com certos medicamentos pode ser perigoso. Uma mudan\u00e7a simples pode fazer diferen\u00e7a.\" \/>\n<meta name=\"robots\" content=\"index, follow, max-snippet:-1, max-image-preview:large, max-video-preview:-1\" \/>\n<link rel=\"canonical\" href=\"https:\/\/www.em.com.br\/emfoco\/2025\/07\/26\/voce-nao-pode-tomar-cafe-junto-com-esses-medicamentos\/\" \/>\n<meta property=\"og:locale\" content=\"pt_BR\" \/>\n<meta property=\"og:type\" content=\"article\" \/>\n<meta property=\"og:title\" content=\"Voc\u00ea n\u00e3o pode tomar caf\u00e9 junto com esses medicamentos - Estado de Minas - Em foco\" \/>\n<meta property=\"og:description\" content=\"Especialistas explicam por que misturar caf\u00e9 com certos medicamentos pode ser perigoso. Uma mudan\u00e7a simples pode fazer diferen\u00e7a.\" \/>\n<meta property=\"og:url\" content=\"https:\/\/www.em.com.br\/emfoco\/2025\/07\/26\/voce-nao-pode-tomar-cafe-junto-com-esses-medicamentos\/\" \/>\n<meta property=\"og:site_name\" content=\"Estado de Minas - Em foco\" \/>\n<meta property=\"article:published_time\" content=\"2025-07-26T10:08:00+00:00\" \/>\n<meta property=\"article:modified_time\" content=\"2025-07-24T18:32:37+00:00\" \/>\n<meta property=\"og:image\" content=\"https:\/\/www.em.com.br\/emfoco\/wp-content\/uploads\/2025\/07\/cafe-e-remedio_1753384028849.jpg\" \/>\n\t<meta property=\"og:image:width\" content=\"1280\" \/>\n\t<meta property=\"og:image:height\" content=\"720\" \/>\n\t<meta property=\"og:image:type\" content=\"image\/jpeg\" \/>\n<meta name=\"author\" content=\"Andre\u0301 Rangel\u00a0\" \/>\n<meta name=\"twitter:card\" content=\"summary_large_image\" \/>\n<meta name=\"twitter:label1\" content=\"Escrito por\" \/>\n\t<meta name=\"twitter:data1\" content=\"Andre\u0301 Rangel\u00a0\" \/>\n\t<meta name=\"twitter:label2\" content=\"Est. tempo de leitura\" \/>\n\t<meta name=\"twitter:data2\" content=\"6 minutos\" \/>\n<!-- \/ Yoast SEO plugin. -->","yoast_head_json":{"title":"Voc\u00ea n\u00e3o pode tomar caf\u00e9 junto com esses medicamentos - Estado de Minas - Em foco","description":"Especialistas explicam por que misturar caf\u00e9 com certos medicamentos pode ser perigoso. Uma mudan\u00e7a simples pode fazer diferen\u00e7a.","robots":{"index":"index","follow":"follow","max-snippet":"max-snippet:-1","max-image-preview":"max-image-preview:large","max-video-preview":"max-video-preview:-1"},"canonical":"https:\/\/www.em.com.br\/emfoco\/2025\/07\/26\/voce-nao-pode-tomar-cafe-junto-com-esses-medicamentos\/","og_locale":"pt_BR","og_type":"article","og_title":"Voc\u00ea n\u00e3o pode tomar caf\u00e9 junto com esses medicamentos - Estado de Minas - Em foco","og_description":"Especialistas explicam por que misturar caf\u00e9 com certos medicamentos pode ser perigoso. Uma mudan\u00e7a simples pode fazer diferen\u00e7a.","og_url":"https:\/\/www.em.com.br\/emfoco\/2025\/07\/26\/voce-nao-pode-tomar-cafe-junto-com-esses-medicamentos\/","og_site_name":"Estado de Minas - Em foco","article_published_time":"2025-07-26T10:08:00+00:00","article_modified_time":"2025-07-24T18:32:37+00:00","og_image":[{"width":1280,"height":720,"url":"https:\/\/www.em.com.br\/emfoco\/wp-content\/uploads\/2025\/07\/cafe-e-remedio_1753384028849.jpg","type":"image\/jpeg"}],"author":"Andre\u0301 Rangel\u00a0","twitter_card":"summary_large_image","twitter_misc":{"Escrito por":"Andre\u0301 Rangel\u00a0","Est. tempo de leitura":"6 minutos"},"schema":{"@context":"https:\/\/schema.org","@graph":[{"@type":"WebPage","@id":"https:\/\/www.em.com.br\/emfoco\/2025\/07\/26\/voce-nao-pode-tomar-cafe-junto-com-esses-medicamentos\/","url":"https:\/\/www.em.com.br\/emfoco\/2025\/07\/26\/voce-nao-pode-tomar-cafe-junto-com-esses-medicamentos\/","name":"Voc\u00ea n\u00e3o pode tomar caf\u00e9 junto com esses medicamentos - Estado de Minas - Em foco","isPartOf":{"@id":"https:\/\/www.em.com.br\/emfoco\/#website"},"primaryImageOfPage":{"@id":"https:\/\/www.em.com.br\/emfoco\/2025\/07\/26\/voce-nao-pode-tomar-cafe-junto-com-esses-medicamentos\/#primaryimage"},"image":{"@id":"https:\/\/www.em.com.br\/emfoco\/2025\/07\/26\/voce-nao-pode-tomar-cafe-junto-com-esses-medicamentos\/#primaryimage"},"thumbnailUrl":"https:\/\/www.em.com.br\/emfoco\/wp-content\/uploads\/2025\/07\/cafe-e-remedio_1753384028849.jpg","datePublished":"2025-07-26T10:08:00+00:00","dateModified":"2025-07-24T18:32:37+00:00","author":{"@id":"https:\/\/www.em.com.br\/emfoco\/#\/schema\/person\/60eda09c1fedf0d6891f4cef4b60b8b8"},"description":"Especialistas explicam por que misturar caf\u00e9 com certos medicamentos pode ser perigoso. Uma mudan\u00e7a simples pode fazer diferen\u00e7a.","breadcrumb":{"@id":"https:\/\/www.em.com.br\/emfoco\/2025\/07\/26\/voce-nao-pode-tomar-cafe-junto-com-esses-medicamentos\/#breadcrumb"},"inLanguage":"pt-BR","potentialAction":[{"@type":"ReadAction","target":["https:\/\/www.em.com.br\/emfoco\/2025\/07\/26\/voce-nao-pode-tomar-cafe-junto-com-esses-medicamentos\/"]}]},{"@type":"ImageObject","inLanguage":"pt-BR","@id":"https:\/\/www.em.com.br\/emfoco\/2025\/07\/26\/voce-nao-pode-tomar-cafe-junto-com-esses-medicamentos\/#primaryimage","url":"https:\/\/www.em.com.br\/emfoco\/wp-content\/uploads\/2025\/07\/cafe-e-remedio_1753384028849.jpg","contentUrl":"https:\/\/www.em.com.br\/emfoco\/wp-content\/uploads\/2025\/07\/cafe-e-remedio_1753384028849.jpg","width":1280,"height":720,"caption":"Caf\u00e9 e rem\u00e9dio aliados ou problemas? - Cr\u00e9ditos: depositphotos.com \/ microgen"},{"@type":"BreadcrumbList","@id":"https:\/\/www.em.com.br\/emfoco\/2025\/07\/26\/voce-nao-pode-tomar-cafe-junto-com-esses-medicamentos\/#breadcrumb","itemListElement":[{"@type":"ListItem","position":1,"name":"In\u00edcio","item":"https:\/\/www.em.com.br\/emfoco\/"},{"@type":"ListItem","position":2,"name":"Voc\u00ea n\u00e3o pode tomar caf\u00e9 junto com esses medicamentos"}]},{"@type":"WebSite","@id":"https:\/\/www.em.com.br\/emfoco\/#website","url":"https:\/\/www.em.com.br\/emfoco\/","name":"Estado de Minas - Em foco","description":"Acompanhe as \u00faltimas not\u00edcias e fique bem informado sobre tudo o que acontece em Minas Gerais, Brasil e no mundo.","potentialAction":[{"@type":"SearchAction","target":{"@type":"EntryPoint","urlTemplate":"https:\/\/www.em.com.br\/emfoco\/?s={search_term_string}"},"query-input":{"@type":"PropertyValueSpecification","valueRequired":true,"valueName":"search_term_string"}}],"inLanguage":"pt-BR"},{"@type":"Person","@id":"https:\/\/www.em.com.br\/emfoco\/#\/schema\/person\/60eda09c1fedf0d6891f4cef4b60b8b8","name":"Andre\u0301 Rangel\u00a0","image":{"@type":"ImageObject","inLanguage":"pt-BR","@id":"https:\/\/www.em.com.br\/emfoco\/#\/schema\/person\/image\/","url":"https:\/\/secure.gravatar.com\/avatar\/6234dc814c77c8ef6d8bba622c787efc?s=96&d=mm&r=g","contentUrl":"https:\/\/secure.gravatar.com\/avatar\/6234dc814c77c8ef6d8bba622c787efc?s=96&d=mm&r=g","caption":"Andre\u0301 Rangel\u00a0"},"url":"https:\/\/www.em.com.br\/emfoco\/author\/luizmyth\/"}]}},"_links":{"self":[{"href":"https:\/\/www.em.com.br\/emfoco\/wp-json\/wp\/v2\/posts\/80901","targetHints":{"allow":["GET"]}}],"collection":[{"href":"https:\/\/www.em.com.br\/emfoco\/wp-json\/wp\/v2\/posts"}],"about":[{"href":"https:\/\/www.em.com.br\/emfoco\/wp-json\/wp\/v2\/types\/post"}],"author":[{"embeddable":true,"href":"https:\/\/www.em.com.br\/emfoco\/wp-json\/wp\/v2\/users\/11"}],"replies":[{"embeddable":true,"href":"https:\/\/www.em.com.br\/emfoco\/wp-json\/wp\/v2\/comments?post=80901"}],"version-history":[{"count":3,"href":"https:\/\/www.em.com.br\/emfoco\/wp-json\/wp\/v2\/posts\/80901\/revisions"}],"predecessor-version":[{"id":81113,"href":"https:\/\/www.em.com.br\/emfoco\/wp-json\/wp\/v2\/posts\/80901\/revisions\/81113"}],"wp:featuredmedia":[{"embeddable":true,"href":"https:\/\/www.em.com.br\/emfoco\/wp-json\/wp\/v2\/media\/81112"}],"wp:attachment":[{"href":"https:\/\/www.em.com.br\/emfoco\/wp-json\/wp\/v2\/media?parent=80901"}],"wp:term":[{"taxonomy":"category","embeddable":true,"href":"https:\/\/www.em.com.br\/emfoco\/wp-json\/wp\/v2\/categories?post=80901"},{"taxonomy":"post_tag","embeddable":true,"href":"https:\/\/www.em.com.br\/emfoco\/wp-json\/wp\/v2\/tags?post=80901"}],"curies":[{"name":"wp","href":"https:\/\/api.w.org\/{rel}","templated":true}]}}