{"id":80766,"date":"2025-07-24T10:39:00","date_gmt":"2025-07-24T13:39:00","guid":{"rendered":"https:\/\/www.em.com.br\/emfoco\/?p=80766"},"modified":"2025-07-24T10:42:24","modified_gmt":"2025-07-24T13:42:24","slug":"24-07-3o-lote-do-ir-2025-libera-r-10-bilhoes-e-pagamento-ja-tem-data","status":"publish","type":"post","link":"https:\/\/www.em.com.br\/emfoco\/2025\/07\/24\/24-07-3o-lote-do-ir-2025-libera-r-10-bilhoes-e-pagamento-ja-tem-data\/","title":{"rendered":"(24\/07) 3\u00ba lote do IR 2025 libera R$ 10 bilh\u00f5es e pagamento j\u00e1 tem data"},"content":{"rendered":"\n<h3 class=\"wp-block-heading\">A partir das 10h desta quinta-feira (24), a\u00a0<strong>Receita Federal<\/strong>\u00a0disponibiliza a consulta ao\u00a0<strong>3\u00ba lote de restitui\u00e7\u00e3o<\/strong>\u00a0do Imposto de Renda 2025. Mais de 7,2 milh\u00f5es de contribuintes ser\u00e3o contemplados, com pagamento previsto para o dia 31 de julho.<\/h3>\n\n\n\n<ul class=\"wp-block-list\">\n<li>Categorias priorit\u00e1rias incluem idosos, pessoas com defici\u00eancia e professores.<\/li>\n\n\n\n<li>Declara\u00e7\u00f5es pr\u00e9-preenchidas e utiliza\u00e7\u00e3o de chave PIX est\u00e3o favorecidas.<\/li>\n\n\n\n<li>O lote soma R$ 10 bilh\u00f5es, com R$ 557,7 milh\u00f5es destinados \u00e0 restitui\u00e7\u00e3o priorit\u00e1ria.<\/li>\n<\/ul>\n\n\n\n<h2 class=\"wp-block-heading\">Como Consultar sua Restitui\u00e7\u00e3o?<\/h2>\n\n\n\n<p>Para verificar se voc\u00ea est\u00e1 entre os beneficiados do 3\u00ba lote, acesse o<a href=\"https:\/\/www.restituicao.receita.fazenda.gov.br\/\" target=\"_blank\" rel=\"noreferrer noopener\">\u00a0<strong>site da Receita Federal<\/strong><\/a>, clique em &#8220;Meu Imposto de Renda&#8221; e depois em &#8220;Consultar a Restitui\u00e7\u00e3o&#8221;. Ser\u00e1 necess\u00e1rio informar o CPF e a data de nascimento para visualizar seu status.<\/p>\n\n\n\n<p><strong>Aten\u00e7\u00e3o:<\/strong>&nbsp;Caso haja pend\u00eancias ou erros na declara\u00e7\u00e3o, recomenda-se corrigir as informa\u00e7\u00f5es no sistema da Receita, dispon\u00edvel no site ou aplicativo oficial.<\/p>\n\n\n\n<figure class=\"wp-block-image size-large\"><img loading=\"lazy\" decoding=\"async\" width=\"1024\" height=\"576\" src=\"https:\/\/www.em.com.br\/emfoco\/wp-content\/uploads\/2025\/06\/imposto-de-renda-brasil_1750674288288-1024x576.jpg\" alt=\"Seu nome pode estar na lista da Receita Federal deste m\u00eas\" class=\"wp-image-65360\" srcset=\"https:\/\/www.em.com.br\/emfoco\/wp-content\/uploads\/2025\/06\/imposto-de-renda-brasil_1750674288288-1024x576.jpg 1024w, https:\/\/www.em.com.br\/emfoco\/wp-content\/uploads\/2025\/06\/imposto-de-renda-brasil_1750674288288-300x169.jpg 300w, https:\/\/www.em.com.br\/emfoco\/wp-content\/uploads\/2025\/06\/imposto-de-renda-brasil_1750674288288-768x432.jpg 768w, https:\/\/www.em.com.br\/emfoco\/wp-content\/uploads\/2025\/06\/imposto-de-renda-brasil_1750674288288-750x422.jpg 750w, https:\/\/www.em.com.br\/emfoco\/wp-content\/uploads\/2025\/06\/imposto-de-renda-brasil_1750674288288-1140x641.jpg 1140w, https:\/\/www.em.com.br\/emfoco\/wp-content\/uploads\/2025\/06\/imposto-de-renda-brasil_1750674288288.jpg 1280w\" sizes=\"auto, (max-width: 1024px) 100vw, 1024px\" \/><figcaption class=\"wp-element-caption\">Receita Federal Brasil (Cr\u00e9ditos: depositphotos.com \/ rmcarvalhobsb)<\/figcaption><\/figure>\n\n\n\n<h2 class=\"wp-block-heading\">Quem tem Direito \u00e0 Restitui\u00e7\u00e3o do IR?<\/h2>\n\n\n\n<p>Cada&nbsp;<strong>contribuinte<\/strong>&nbsp;que pagou mais imposto do que o devido ao longo do ano tem direito a receber a restitui\u00e7\u00e3o. O valor \u00e9 depositado na conta banc\u00e1ria indicada na declara\u00e7\u00e3o.<\/p>\n\n\n\n<h2 class=\"wp-block-heading\">Calend\u00e1rio Completo das Restitui\u00e7\u00f5es<\/h2>\n\n\n\n<ul class=\"wp-block-list\">\n<li>1\u00ba lote: 30 de maio<\/li>\n\n\n\n<li>2\u00ba lote: 30 de junho<\/li>\n\n\n\n<li>3\u00ba lote: 31 de julho<\/li>\n\n\n\n<li>4\u00ba lote: 29 de agosto<\/li>\n\n\n\n<li>5\u00ba e \u00faltimo lote: 30 de setembro<\/li>\n<\/ul>\n\n\n\n<h2 class=\"wp-block-heading\">Impacto Regional e Restitui\u00e7\u00f5es Locais<\/h2>\n\n\n\n<p>No \u00e2mbito da Delegacia da Receita Federal em Uberl\u00e2ndia, que abrange parte do Tri\u00e2ngulo Mineiro e Alto Parana\u00edba, 91.447 contribuintes foram inclu\u00eddos no primeiro lote e 99.025 no segundo. N\u00e3o h\u00e1 informa\u00e7\u00f5es sobre os demais lotes desta regi\u00e3o.<\/p>\n\n\n\n<h2 class=\"wp-block-heading\">Principais Pontos a Considerar sobre a Restitui\u00e7\u00e3o do IR 2025<\/h2>\n\n\n\n<ul class=\"wp-block-list\">\n<li>O\u00a0<strong>3\u00ba lote<\/strong>\u00a0prioriza categorias espec\u00edficas e optantes pelo PIX.<\/li>\n\n\n\n<li>A consulta deve ser feita pela internet, utilizando dados pessoais.<\/li>\n\n\n\n<li>Verifique poss\u00edveis pend\u00eancias e regularize pela plataforma da Receita.<\/li>\n<\/ul>\n","protected":false},"excerpt":{"rendered":"<p>A partir das 10h desta quinta-feira (24), a\u00a0Receita Federal\u00a0disponibiliza a consulta ao\u00a03\u00ba lote de restitui\u00e7\u00e3o\u00a0do Imposto de Renda 2025. Mais de 7,2 milh\u00f5es de contribuintes ser\u00e3o contemplados, com pagamento previsto para o dia 31 de julho. Como Consultar sua Restitui\u00e7\u00e3o? Para verificar se voc\u00ea est\u00e1 entre os beneficiados do 3\u00ba lote, acesse o\u00a0site da Receita [&hellip;]<\/p>\n","protected":false},"author":19,"featured_media":66036,"comment_status":"open","ping_status":"open","sticky":false,"template":"","format":"standard","meta":{"jnews-multi-image_gallery":[],"jnews_single_post":{"format":"standard"},"jnews_primary_category":[],"jnews_social_meta":[],"jnews_override_counter":[],"footnotes":""},"categories":[28],"tags":[296,713,2208,7241],"class_list":["post-80766","post","type-post","status-publish","format-standard","has-post-thumbnail","hentry","category-economia","tag-dinheiro","tag-imposto-de-renda","tag-receita-federal","tag-restituicao"],"yoast_head":"<!-- This site is optimized with the Yoast SEO plugin v23.8 - https:\/\/yoast.com\/wordpress\/plugins\/seo\/ -->\n<title>(24\/07) 3\u00ba lote do IR 2025 libera R$ 10 bilh\u00f5es e pagamento j\u00e1 tem data - Estado de Minas - Em foco<\/title>\n<meta name=\"description\" content=\"Consulta ao terceiro lote de restitui\u00e7\u00e3o do Imposto de Renda 2025. Veja como consultar online, datas dos pr\u00f3ximos lotes e valores.\" \/>\n<meta name=\"robots\" content=\"index, follow, max-snippet:-1, max-image-preview:large, max-video-preview:-1\" \/>\n<link rel=\"canonical\" href=\"https:\/\/www.em.com.br\/emfoco\/2025\/07\/24\/24-07-3o-lote-do-ir-2025-libera-r-10-bilhoes-e-pagamento-ja-tem-data\/\" \/>\n<meta property=\"og:locale\" content=\"pt_BR\" \/>\n<meta property=\"og:type\" content=\"article\" \/>\n<meta property=\"og:title\" content=\"(24\/07) 3\u00ba lote do IR 2025 libera R$ 10 bilh\u00f5es e pagamento j\u00e1 tem data - Estado de Minas - Em foco\" \/>\n<meta property=\"og:description\" content=\"Consulta ao terceiro lote de restitui\u00e7\u00e3o do Imposto de Renda 2025. Veja como consultar online, datas dos pr\u00f3ximos lotes e valores.\" \/>\n<meta property=\"og:url\" content=\"https:\/\/www.em.com.br\/emfoco\/2025\/07\/24\/24-07-3o-lote-do-ir-2025-libera-r-10-bilhoes-e-pagamento-ja-tem-data\/\" \/>\n<meta property=\"og:site_name\" content=\"Estado de Minas - Em foco\" \/>\n<meta property=\"article:published_time\" content=\"2025-07-24T13:39:00+00:00\" \/>\n<meta property=\"article:modified_time\" content=\"2025-07-24T13:42:24+00:00\" \/>\n<meta property=\"og:image\" content=\"https:\/\/www.em.com.br\/emfoco\/wp-content\/uploads\/2025\/06\/imposto-de-renda-brasil_1750754654950.jpg\" \/>\n\t<meta property=\"og:image:width\" content=\"1280\" \/>\n\t<meta property=\"og:image:height\" content=\"720\" \/>\n\t<meta property=\"og:image:type\" content=\"image\/jpeg\" \/>\n<meta name=\"author\" content=\"Vanessa Tavares\" \/>\n<meta name=\"twitter:card\" content=\"summary_large_image\" \/>\n<meta name=\"twitter:label1\" content=\"Escrito por\" \/>\n\t<meta name=\"twitter:data1\" content=\"Vanessa Tavares\" \/>\n\t<meta name=\"twitter:label2\" content=\"Est. tempo de leitura\" \/>\n\t<meta name=\"twitter:data2\" content=\"3 minutos\" \/>\n<!-- \/ Yoast SEO plugin. -->","yoast_head_json":{"title":"(24\/07) 3\u00ba lote do IR 2025 libera R$ 10 bilh\u00f5es e pagamento j\u00e1 tem data - Estado de Minas - Em foco","description":"Consulta ao terceiro lote de restitui\u00e7\u00e3o do Imposto de Renda 2025. Veja como consultar online, datas dos pr\u00f3ximos lotes e valores.","robots":{"index":"index","follow":"follow","max-snippet":"max-snippet:-1","max-image-preview":"max-image-preview:large","max-video-preview":"max-video-preview:-1"},"canonical":"https:\/\/www.em.com.br\/emfoco\/2025\/07\/24\/24-07-3o-lote-do-ir-2025-libera-r-10-bilhoes-e-pagamento-ja-tem-data\/","og_locale":"pt_BR","og_type":"article","og_title":"(24\/07) 3\u00ba lote do IR 2025 libera R$ 10 bilh\u00f5es e pagamento j\u00e1 tem data - Estado de Minas - Em foco","og_description":"Consulta ao terceiro lote de restitui\u00e7\u00e3o do Imposto de Renda 2025. Veja como consultar online, datas dos pr\u00f3ximos lotes e valores.","og_url":"https:\/\/www.em.com.br\/emfoco\/2025\/07\/24\/24-07-3o-lote-do-ir-2025-libera-r-10-bilhoes-e-pagamento-ja-tem-data\/","og_site_name":"Estado de Minas - Em foco","article_published_time":"2025-07-24T13:39:00+00:00","article_modified_time":"2025-07-24T13:42:24+00:00","og_image":[{"width":1280,"height":720,"url":"https:\/\/www.em.com.br\/emfoco\/wp-content\/uploads\/2025\/06\/imposto-de-renda-brasil_1750754654950.jpg","type":"image\/jpeg"}],"author":"Vanessa Tavares","twitter_card":"summary_large_image","twitter_misc":{"Escrito por":"Vanessa Tavares","Est. tempo de leitura":"3 minutos"},"schema":{"@context":"https:\/\/schema.org","@graph":[{"@type":"WebPage","@id":"https:\/\/www.em.com.br\/emfoco\/2025\/07\/24\/24-07-3o-lote-do-ir-2025-libera-r-10-bilhoes-e-pagamento-ja-tem-data\/","url":"https:\/\/www.em.com.br\/emfoco\/2025\/07\/24\/24-07-3o-lote-do-ir-2025-libera-r-10-bilhoes-e-pagamento-ja-tem-data\/","name":"(24\/07) 3\u00ba lote do IR 2025 libera R$ 10 bilh\u00f5es e pagamento j\u00e1 tem data - Estado de Minas - Em foco","isPartOf":{"@id":"https:\/\/www.em.com.br\/emfoco\/#website"},"primaryImageOfPage":{"@id":"https:\/\/www.em.com.br\/emfoco\/2025\/07\/24\/24-07-3o-lote-do-ir-2025-libera-r-10-bilhoes-e-pagamento-ja-tem-data\/#primaryimage"},"image":{"@id":"https:\/\/www.em.com.br\/emfoco\/2025\/07\/24\/24-07-3o-lote-do-ir-2025-libera-r-10-bilhoes-e-pagamento-ja-tem-data\/#primaryimage"},"thumbnailUrl":"https:\/\/www.em.com.br\/emfoco\/wp-content\/uploads\/2025\/06\/imposto-de-renda-brasil_1750754654950.jpg","datePublished":"2025-07-24T13:39:00+00:00","dateModified":"2025-07-24T13:42:24+00:00","author":{"@id":"https:\/\/www.em.com.br\/emfoco\/#\/schema\/person\/4a7a157aac450b98edc86f15a7434f0b"},"description":"Consulta ao terceiro lote de restitui\u00e7\u00e3o do Imposto de Renda 2025. Veja como consultar online, datas dos pr\u00f3ximos lotes e valores.","breadcrumb":{"@id":"https:\/\/www.em.com.br\/emfoco\/2025\/07\/24\/24-07-3o-lote-do-ir-2025-libera-r-10-bilhoes-e-pagamento-ja-tem-data\/#breadcrumb"},"inLanguage":"pt-BR","potentialAction":[{"@type":"ReadAction","target":["https:\/\/www.em.com.br\/emfoco\/2025\/07\/24\/24-07-3o-lote-do-ir-2025-libera-r-10-bilhoes-e-pagamento-ja-tem-data\/"]}]},{"@type":"ImageObject","inLanguage":"pt-BR","@id":"https:\/\/www.em.com.br\/emfoco\/2025\/07\/24\/24-07-3o-lote-do-ir-2025-libera-r-10-bilhoes-e-pagamento-ja-tem-data\/#primaryimage","url":"https:\/\/www.em.com.br\/emfoco\/wp-content\/uploads\/2025\/06\/imposto-de-renda-brasil_1750754654950.jpg","contentUrl":"https:\/\/www.em.com.br\/emfoco\/wp-content\/uploads\/2025\/06\/imposto-de-renda-brasil_1750754654950.jpg","width":1280,"height":720,"caption":"Receita Federal (Cr\u00e9ditos: depositphotos.com \/ rmcarvalhobsb)"},{"@type":"BreadcrumbList","@id":"https:\/\/www.em.com.br\/emfoco\/2025\/07\/24\/24-07-3o-lote-do-ir-2025-libera-r-10-bilhoes-e-pagamento-ja-tem-data\/#breadcrumb","itemListElement":[{"@type":"ListItem","position":1,"name":"In\u00edcio","item":"https:\/\/www.em.com.br\/emfoco\/"},{"@type":"ListItem","position":2,"name":"(24\/07) 3\u00ba lote do IR 2025 libera R$ 10 bilh\u00f5es e pagamento j\u00e1 tem data"}]},{"@type":"WebSite","@id":"https:\/\/www.em.com.br\/emfoco\/#website","url":"https:\/\/www.em.com.br\/emfoco\/","name":"Estado de Minas - Em foco","description":"Acompanhe as \u00faltimas not\u00edcias e fique bem informado sobre tudo o que acontece em Minas Gerais, Brasil e no mundo.","potentialAction":[{"@type":"SearchAction","target":{"@type":"EntryPoint","urlTemplate":"https:\/\/www.em.com.br\/emfoco\/?s={search_term_string}"},"query-input":{"@type":"PropertyValueSpecification","valueRequired":true,"valueName":"search_term_string"}}],"inLanguage":"pt-BR"},{"@type":"Person","@id":"https:\/\/www.em.com.br\/emfoco\/#\/schema\/person\/4a7a157aac450b98edc86f15a7434f0b","name":"Vanessa Tavares","image":{"@type":"ImageObject","inLanguage":"pt-BR","@id":"https:\/\/www.em.com.br\/emfoco\/#\/schema\/person\/image\/","url":"https:\/\/secure.gravatar.com\/avatar\/088c9372da58da00f00f8e508f13d635?s=96&d=mm&r=g","contentUrl":"https:\/\/secure.gravatar.com\/avatar\/088c9372da58da00f00f8e508f13d635?s=96&d=mm&r=g","caption":"Vanessa Tavares"},"sameAs":["https:\/\/www.em.com.br\/emfoco"],"url":"https:\/\/www.em.com.br\/emfoco\/author\/vanessamyth\/"}]}},"_links":{"self":[{"href":"https:\/\/www.em.com.br\/emfoco\/wp-json\/wp\/v2\/posts\/80766","targetHints":{"allow":["GET"]}}],"collection":[{"href":"https:\/\/www.em.com.br\/emfoco\/wp-json\/wp\/v2\/posts"}],"about":[{"href":"https:\/\/www.em.com.br\/emfoco\/wp-json\/wp\/v2\/types\/post"}],"author":[{"embeddable":true,"href":"https:\/\/www.em.com.br\/emfoco\/wp-json\/wp\/v2\/users\/19"}],"replies":[{"embeddable":true,"href":"https:\/\/www.em.com.br\/emfoco\/wp-json\/wp\/v2\/comments?post=80766"}],"version-history":[{"count":4,"href":"https:\/\/www.em.com.br\/emfoco\/wp-json\/wp\/v2\/posts\/80766\/revisions"}],"predecessor-version":[{"id":80878,"href":"https:\/\/www.em.com.br\/emfoco\/wp-json\/wp\/v2\/posts\/80766\/revisions\/80878"}],"wp:featuredmedia":[{"embeddable":true,"href":"https:\/\/www.em.com.br\/emfoco\/wp-json\/wp\/v2\/media\/66036"}],"wp:attachment":[{"href":"https:\/\/www.em.com.br\/emfoco\/wp-json\/wp\/v2\/media?parent=80766"}],"wp:term":[{"taxonomy":"category","embeddable":true,"href":"https:\/\/www.em.com.br\/emfoco\/wp-json\/wp\/v2\/categories?post=80766"},{"taxonomy":"post_tag","embeddable":true,"href":"https:\/\/www.em.com.br\/emfoco\/wp-json\/wp\/v2\/tags?post=80766"}],"curies":[{"name":"wp","href":"https:\/\/api.w.org\/{rel}","templated":true}]}}