{"id":80765,"date":"2025-07-24T10:56:00","date_gmt":"2025-07-24T13:56:00","guid":{"rendered":"https:\/\/www.em.com.br\/emfoco\/?p=80765"},"modified":"2025-07-24T10:56:59","modified_gmt":"2025-07-24T13:56:59","slug":"comunicado-24-07-trabalhadores-com-carteira-assinada-recebem-nova-liberacao","status":"publish","type":"post","link":"https:\/\/www.em.com.br\/emfoco\/2025\/07\/24\/comunicado-24-07-trabalhadores-com-carteira-assinada-recebem-nova-liberacao\/","title":{"rendered":"Comunicado 24\/07: Trabalhadores com carteira assinada recebem nova libera\u00e7\u00e3o"},"content":{"rendered":"\n<h3 class=\"wp-block-heading\">Nos \u00faltimos anos, o Fundo de Garantia por Tempo de Servi\u00e7o (FGTS) tem sido uma ferramenta importante para os trabalhadores brasileiros, oferecendo um mecanismo de seguran\u00e7a financeira atrav\u00e9s da distribui\u00e7\u00e3o de lucros. \u00c0 medida que o mercado evolui, o FGTS continua a desempenhar um papel vital na economia do Brasil, distribuindo uma por\u00e7\u00e3o significativa dos lucros obtidos para os trabalhadores que possuem contas vinculadas, seja elas ativas ou inativas.<\/h3>\n\n\n\n<p>A distribui\u00e7\u00e3o de lucros do FGTS \u00e9 um crucial para muitos trabalhadores. Baseando-se no saldo em cada conta, a reparti\u00e7\u00e3o ocorre de forma proporcional. Ou seja, quanto maior o saldo do trabalhador, maior ser\u00e1 a parcela do lucro que ele receber\u00e1. Essa medida n\u00e3o apenas proporciona um retorno extra sobre as economias dos trabalhadores, mas tamb\u00e9m incentiva uma gest\u00e3o respons\u00e1vel dos fundos de garantia.<\/p>\n\n\n\n<h2 class=\"wp-block-heading\">Como \u00e9 feita a distribui\u00e7\u00e3o de lucros do FGTS?<\/h2>\n\n\n\n<p>Em reuni\u00f5es dedicadas, como a que est\u00e1 prevista para o conselho nesta quinta-feira, as autoridades do FGTS determinam a porcentagem dos lucros anuais que ser\u00e1 repassada aos titulares de contas. Em 2024, por exemplo, espera-se que 95% do lucro de R$ 13,6 bilh\u00f5es obtido no ano anterior seja direcionado aos trabalhadores, totalizando um montante de R$ 12,9 bilh\u00f5es. Este processo demonstra o comprometimento das autoridades em maximizar o retorno sobre os investimentos do FGTS.<\/p>\n\n\n\n<figure class=\"wp-block-image size-large\"><img loading=\"lazy\" decoding=\"async\" width=\"1024\" height=\"576\" src=\"https:\/\/www.em.com.br\/emfoco\/wp-content\/uploads\/2025\/06\/salario-real_1749822719211-1-1024x576.jpg\" alt=\"\" class=\"wp-image-59953\" srcset=\"https:\/\/www.em.com.br\/emfoco\/wp-content\/uploads\/2025\/06\/salario-real_1749822719211-1-1024x576.jpg 1024w, https:\/\/www.em.com.br\/emfoco\/wp-content\/uploads\/2025\/06\/salario-real_1749822719211-1-300x169.jpg 300w, https:\/\/www.em.com.br\/emfoco\/wp-content\/uploads\/2025\/06\/salario-real_1749822719211-1-768x432.jpg 768w, https:\/\/www.em.com.br\/emfoco\/wp-content\/uploads\/2025\/06\/salario-real_1749822719211-1-750x422.jpg 750w, https:\/\/www.em.com.br\/emfoco\/wp-content\/uploads\/2025\/06\/salario-real_1749822719211-1-1140x641.jpg 1140w, https:\/\/www.em.com.br\/emfoco\/wp-content\/uploads\/2025\/06\/salario-real_1749822719211-1.jpg 1280w\" sizes=\"auto, (max-width: 1024px) 100vw, 1024px\" \/><figcaption class=\"wp-element-caption\">Lucro FGTS (Cr\u00e9ditos: depositphotos.com \/ joelfotos)<\/figcaption><\/figure>\n\n\n\n<h2 class=\"wp-block-heading\">Qual a import\u00e2ncia dessa distribui\u00e7\u00e3o?<\/h2>\n\n\n\n<p>A distribui\u00e7\u00e3o dos lucros do FGTS \u00e9 essencial, n\u00e3o apenas para incrementar os rendimentos dos trabalhadores, mas tamb\u00e9m para aumentar o poder aquisitivo da popula\u00e7\u00e3o. Esta inje\u00e7\u00e3o de capital auxilia na estabilidade financeira dos trabalhadores, especialmente em tempos de incertezas econ\u00f4micas. Em 2023, essa pr\u00e1tica se consolidou, com uma distribui\u00e7\u00e3o recorde de 99% do saldo positivo de 2022, o que resultou em R$ 12,7 bilh\u00f5es distribu\u00eddos.<\/p>\n\n\n\n<h2 class=\"wp-block-heading\">Como os trabalhadores podem consultar seus saldos?<\/h2>\n\n\n\n<p>A moderniza\u00e7\u00e3o dos sistemas permite que trabalhadores verifiquem seus saldos e partes dos lucros de modo simplificado. A consulta pode ser feita tanto no site da Caixa Econ\u00f4mica Federal quanto no aplicativo do FGTS. Este acesso simplificado visa garantir que os trabalhadores estejam sempre informados sobre seus direitos e rendimentos, promovendo transpar\u00eancia e confian\u00e7a no sistema.<\/p>\n\n\n\n<h2 class=\"wp-block-heading\">O que o futuro reserva para a distribui\u00e7\u00e3o de lucros do FGTS?<\/h2>\n\n\n\n<p>O hist\u00f3rico recente do FGTS mostra uma tend\u00eancia de aumento na distribui\u00e7\u00e3o de lucros, conforme o mercado financeiro evolui e se adapta. A expectativa \u00e9 de que essa pr\u00e1tica continue a se expandir, proporcionando aos trabalhadores uma fonte extra de renda e auxiliando no crescimento econ\u00f4mico do pa\u00eds. Com as reformas e ajustes futuros, o FGTS dever\u00e1 manter seu papel de destaque como uma importante ferramenta de confian\u00e7a e suporte financeiro para milh\u00f5es de brasileiros.<\/p>\n","protected":false},"excerpt":{"rendered":"<p>Nos \u00faltimos anos, o Fundo de Garantia por Tempo de Servi\u00e7o (FGTS) tem sido uma ferramenta importante para os trabalhadores brasileiros, oferecendo um mecanismo de seguran\u00e7a financeira atrav\u00e9s da distribui\u00e7\u00e3o de lucros. \u00c0 medida que o mercado evolui, o FGTS continua a desempenhar um papel vital na economia do Brasil, distribuindo uma por\u00e7\u00e3o significativa dos [&hellip;]<\/p>\n","protected":false},"author":19,"featured_media":54547,"comment_status":"open","ping_status":"open","sticky":false,"template":"","format":"standard","meta":{"jnews-multi-image_gallery":[],"jnews_single_post":{"format":"standard"},"jnews_primary_category":[],"jnews_social_meta":[],"jnews_override_counter":[],"footnotes":""},"categories":[28],"tags":[12797,1176,1036,264],"class_list":["post-80765","post","type-post","status-publish","format-standard","has-post-thumbnail","hentry","category-economia","tag-distribuicao-de-lucros","tag-economia-brasileira","tag-fgts","tag-trabalhadores"],"yoast_head":"<!-- This site is optimized with the Yoast SEO plugin v23.8 - https:\/\/yoast.com\/wordpress\/plugins\/seo\/ -->\n<title>Comunicado 24\/07: Trabalhadores com carteira assinada recebem nova libera\u00e7\u00e3o - Estado de Minas - Em foco<\/title>\n<meta name=\"description\" content=\"O Fundo de Garantia por Tempo de Servi\u00e7o (FGTS) e sua import\u00e2ncia para os trabalhadores brasileiros, com foco na distribui\u00e7\u00e3o de lucros e seu impacto na economia.\" \/>\n<meta name=\"robots\" content=\"index, follow, max-snippet:-1, max-image-preview:large, max-video-preview:-1\" \/>\n<link rel=\"canonical\" href=\"https:\/\/www.em.com.br\/emfoco\/2025\/07\/24\/comunicado-24-07-trabalhadores-com-carteira-assinada-recebem-nova-liberacao\/\" \/>\n<meta property=\"og:locale\" content=\"pt_BR\" \/>\n<meta property=\"og:type\" content=\"article\" \/>\n<meta property=\"og:title\" content=\"Comunicado 24\/07: Trabalhadores com carteira assinada recebem nova libera\u00e7\u00e3o - Estado de Minas - Em foco\" \/>\n<meta property=\"og:description\" content=\"O Fundo de Garantia por Tempo de Servi\u00e7o (FGTS) e sua import\u00e2ncia para os trabalhadores brasileiros, com foco na distribui\u00e7\u00e3o de lucros e seu impacto na economia.\" \/>\n<meta property=\"og:url\" content=\"https:\/\/www.em.com.br\/emfoco\/2025\/07\/24\/comunicado-24-07-trabalhadores-com-carteira-assinada-recebem-nova-liberacao\/\" \/>\n<meta property=\"og:site_name\" content=\"Estado de Minas - Em foco\" \/>\n<meta property=\"article:published_time\" content=\"2025-07-24T13:56:00+00:00\" \/>\n<meta property=\"article:modified_time\" content=\"2025-07-24T13:56:59+00:00\" \/>\n<meta property=\"og:image\" content=\"https:\/\/www.em.com.br\/emfoco\/wp-content\/uploads\/2025\/06\/seguro-desemprego_1748943068776.jpg\" \/>\n\t<meta property=\"og:image:width\" content=\"1280\" \/>\n\t<meta property=\"og:image:height\" content=\"720\" \/>\n\t<meta property=\"og:image:type\" content=\"image\/jpeg\" \/>\n<meta name=\"author\" content=\"Vanessa Tavares\" \/>\n<meta name=\"twitter:card\" content=\"summary_large_image\" \/>\n<meta name=\"twitter:label1\" content=\"Escrito por\" \/>\n\t<meta name=\"twitter:data1\" content=\"Vanessa Tavares\" \/>\n\t<meta name=\"twitter:label2\" content=\"Est. tempo de leitura\" \/>\n\t<meta name=\"twitter:data2\" content=\"3 minutos\" \/>\n<!-- \/ Yoast SEO plugin. -->","yoast_head_json":{"title":"Comunicado 24\/07: Trabalhadores com carteira assinada recebem nova libera\u00e7\u00e3o - Estado de Minas - Em foco","description":"O Fundo de Garantia por Tempo de Servi\u00e7o (FGTS) e sua import\u00e2ncia para os trabalhadores brasileiros, com foco na distribui\u00e7\u00e3o de lucros e seu impacto na economia.","robots":{"index":"index","follow":"follow","max-snippet":"max-snippet:-1","max-image-preview":"max-image-preview:large","max-video-preview":"max-video-preview:-1"},"canonical":"https:\/\/www.em.com.br\/emfoco\/2025\/07\/24\/comunicado-24-07-trabalhadores-com-carteira-assinada-recebem-nova-liberacao\/","og_locale":"pt_BR","og_type":"article","og_title":"Comunicado 24\/07: Trabalhadores com carteira assinada recebem nova libera\u00e7\u00e3o - Estado de Minas - Em foco","og_description":"O Fundo de Garantia por Tempo de Servi\u00e7o (FGTS) e sua import\u00e2ncia para os trabalhadores brasileiros, com foco na distribui\u00e7\u00e3o de lucros e seu impacto na economia.","og_url":"https:\/\/www.em.com.br\/emfoco\/2025\/07\/24\/comunicado-24-07-trabalhadores-com-carteira-assinada-recebem-nova-liberacao\/","og_site_name":"Estado de Minas - Em foco","article_published_time":"2025-07-24T13:56:00+00:00","article_modified_time":"2025-07-24T13:56:59+00:00","og_image":[{"width":1280,"height":720,"url":"https:\/\/www.em.com.br\/emfoco\/wp-content\/uploads\/2025\/06\/seguro-desemprego_1748943068776.jpg","type":"image\/jpeg"}],"author":"Vanessa Tavares","twitter_card":"summary_large_image","twitter_misc":{"Escrito por":"Vanessa Tavares","Est. tempo de leitura":"3 minutos"},"schema":{"@context":"https:\/\/schema.org","@graph":[{"@type":"WebPage","@id":"https:\/\/www.em.com.br\/emfoco\/2025\/07\/24\/comunicado-24-07-trabalhadores-com-carteira-assinada-recebem-nova-liberacao\/","url":"https:\/\/www.em.com.br\/emfoco\/2025\/07\/24\/comunicado-24-07-trabalhadores-com-carteira-assinada-recebem-nova-liberacao\/","name":"Comunicado 24\/07: Trabalhadores com carteira assinada recebem nova libera\u00e7\u00e3o - Estado de Minas - Em foco","isPartOf":{"@id":"https:\/\/www.em.com.br\/emfoco\/#website"},"primaryImageOfPage":{"@id":"https:\/\/www.em.com.br\/emfoco\/2025\/07\/24\/comunicado-24-07-trabalhadores-com-carteira-assinada-recebem-nova-liberacao\/#primaryimage"},"image":{"@id":"https:\/\/www.em.com.br\/emfoco\/2025\/07\/24\/comunicado-24-07-trabalhadores-com-carteira-assinada-recebem-nova-liberacao\/#primaryimage"},"thumbnailUrl":"https:\/\/www.em.com.br\/emfoco\/wp-content\/uploads\/2025\/06\/seguro-desemprego_1748943068776.jpg","datePublished":"2025-07-24T13:56:00+00:00","dateModified":"2025-07-24T13:56:59+00:00","author":{"@id":"https:\/\/www.em.com.br\/emfoco\/#\/schema\/person\/4a7a157aac450b98edc86f15a7434f0b"},"description":"O Fundo de Garantia por Tempo de Servi\u00e7o (FGTS) e sua import\u00e2ncia para os trabalhadores brasileiros, com foco na distribui\u00e7\u00e3o de lucros e seu impacto na economia.","breadcrumb":{"@id":"https:\/\/www.em.com.br\/emfoco\/2025\/07\/24\/comunicado-24-07-trabalhadores-com-carteira-assinada-recebem-nova-liberacao\/#breadcrumb"},"inLanguage":"pt-BR","potentialAction":[{"@type":"ReadAction","target":["https:\/\/www.em.com.br\/emfoco\/2025\/07\/24\/comunicado-24-07-trabalhadores-com-carteira-assinada-recebem-nova-liberacao\/"]}]},{"@type":"ImageObject","inLanguage":"pt-BR","@id":"https:\/\/www.em.com.br\/emfoco\/2025\/07\/24\/comunicado-24-07-trabalhadores-com-carteira-assinada-recebem-nova-liberacao\/#primaryimage","url":"https:\/\/www.em.com.br\/emfoco\/wp-content\/uploads\/2025\/06\/seguro-desemprego_1748943068776.jpg","contentUrl":"https:\/\/www.em.com.br\/emfoco\/wp-content\/uploads\/2025\/06\/seguro-desemprego_1748943068776.jpg","width":1280,"height":720,"caption":"FGTS (Cr\u00e9ditos: depositphotos.com \/ sidneydealmeida)"},{"@type":"BreadcrumbList","@id":"https:\/\/www.em.com.br\/emfoco\/2025\/07\/24\/comunicado-24-07-trabalhadores-com-carteira-assinada-recebem-nova-liberacao\/#breadcrumb","itemListElement":[{"@type":"ListItem","position":1,"name":"In\u00edcio","item":"https:\/\/www.em.com.br\/emfoco\/"},{"@type":"ListItem","position":2,"name":"Comunicado 24\/07: Trabalhadores com carteira assinada recebem nova libera\u00e7\u00e3o"}]},{"@type":"WebSite","@id":"https:\/\/www.em.com.br\/emfoco\/#website","url":"https:\/\/www.em.com.br\/emfoco\/","name":"Estado de Minas - Em foco","description":"Acompanhe as \u00faltimas not\u00edcias e fique bem informado sobre tudo o que acontece em Minas Gerais, Brasil e no mundo.","potentialAction":[{"@type":"SearchAction","target":{"@type":"EntryPoint","urlTemplate":"https:\/\/www.em.com.br\/emfoco\/?s={search_term_string}"},"query-input":{"@type":"PropertyValueSpecification","valueRequired":true,"valueName":"search_term_string"}}],"inLanguage":"pt-BR"},{"@type":"Person","@id":"https:\/\/www.em.com.br\/emfoco\/#\/schema\/person\/4a7a157aac450b98edc86f15a7434f0b","name":"Vanessa Tavares","image":{"@type":"ImageObject","inLanguage":"pt-BR","@id":"https:\/\/www.em.com.br\/emfoco\/#\/schema\/person\/image\/","url":"https:\/\/secure.gravatar.com\/avatar\/088c9372da58da00f00f8e508f13d635?s=96&d=mm&r=g","contentUrl":"https:\/\/secure.gravatar.com\/avatar\/088c9372da58da00f00f8e508f13d635?s=96&d=mm&r=g","caption":"Vanessa Tavares"},"sameAs":["https:\/\/www.em.com.br\/emfoco"],"url":"https:\/\/www.em.com.br\/emfoco\/author\/vanessamyth\/"}]}},"_links":{"self":[{"href":"https:\/\/www.em.com.br\/emfoco\/wp-json\/wp\/v2\/posts\/80765","targetHints":{"allow":["GET"]}}],"collection":[{"href":"https:\/\/www.em.com.br\/emfoco\/wp-json\/wp\/v2\/posts"}],"about":[{"href":"https:\/\/www.em.com.br\/emfoco\/wp-json\/wp\/v2\/types\/post"}],"author":[{"embeddable":true,"href":"https:\/\/www.em.com.br\/emfoco\/wp-json\/wp\/v2\/users\/19"}],"replies":[{"embeddable":true,"href":"https:\/\/www.em.com.br\/emfoco\/wp-json\/wp\/v2\/comments?post=80765"}],"version-history":[{"count":3,"href":"https:\/\/www.em.com.br\/emfoco\/wp-json\/wp\/v2\/posts\/80765\/revisions"}],"predecessor-version":[{"id":80902,"href":"https:\/\/www.em.com.br\/emfoco\/wp-json\/wp\/v2\/posts\/80765\/revisions\/80902"}],"wp:featuredmedia":[{"embeddable":true,"href":"https:\/\/www.em.com.br\/emfoco\/wp-json\/wp\/v2\/media\/54547"}],"wp:attachment":[{"href":"https:\/\/www.em.com.br\/emfoco\/wp-json\/wp\/v2\/media?parent=80765"}],"wp:term":[{"taxonomy":"category","embeddable":true,"href":"https:\/\/www.em.com.br\/emfoco\/wp-json\/wp\/v2\/categories?post=80765"},{"taxonomy":"post_tag","embeddable":true,"href":"https:\/\/www.em.com.br\/emfoco\/wp-json\/wp\/v2\/tags?post=80765"}],"curies":[{"name":"wp","href":"https:\/\/api.w.org\/{rel}","templated":true}]}}