{"id":80757,"date":"2025-07-25T18:18:00","date_gmt":"2025-07-25T21:18:00","guid":{"rendered":"https:\/\/www.em.com.br\/emfoco\/?p=80757"},"modified":"2025-07-24T18:20:25","modified_gmt":"2025-07-24T21:20:25","slug":"tecnologia-no-tratamento-de-doencas-cronicas-surpreende-especialistas","status":"publish","type":"post","link":"https:\/\/www.em.com.br\/emfoco\/2025\/07\/25\/tecnologia-no-tratamento-de-doencas-cronicas-surpreende-especialistas\/","title":{"rendered":"Tecnologia no tratamento de doen\u00e7as cr\u00f4nicas surpreende especialistas"},"content":{"rendered":"\n<p>Nos \u00faltimos anos, o avan\u00e7o <a href=\"https:\/\/saude.abril.com.br\/coluna\/com-a-palavra\/conheca-as-tecnologias-que-estao-mudando-o-tratamento-do-diabetes\/\" target=\"_blank\" rel=\"noreferrer noopener\">tecnol\u00f3gico <\/a>tem se mostrado uma poderosa ferramenta no gerenciamento de condi\u00e7\u00f5es cr\u00f4nicas de sa\u00fade, como a hipertens\u00e3o e o diabetes tipo 2. Diversos dispositivos e plataformas v\u00eam sendo desenvolvidos para auxiliar pacientes e profissionais de sa\u00fade no monitoramento e controle dessas condi\u00e7\u00f5es. O uso de <a href=\"https:\/\/www.em.com.br\/emfoco\/2025\/07\/08\/tecnologia-na-saude-transforma-cuidados-e-estilo-de-vida\/\" target=\"_blank\" rel=\"noreferrer noopener\">tecnologias <\/a>digitais permite uma abordagem integrada e personalizada, que se adapta \u00e0s necessidades individuais dos pacientes, promovendo uma gest\u00e3o mais eficaz e proativa.<\/p>\n\n\n\n<p>Entre as inova\u00e7\u00f5es mais not\u00e1veis, destacam-se os dispositivos vest\u00edveis, ou wearables, e as aplica\u00e7\u00f5es m\u00f3veis que se conectam a esses aparelhos. Esses dispositivos permitem o monitoramento constante dos sinais vitais dos pacientes, como os n\u00edveis de glicemia e a press\u00e3o sangu\u00ednea, oferecendo dados em tempo real tanto para o usu\u00e1rio quanto para seus m\u00e9dicos. Tal acesso a informa\u00e7\u00f5es precisas e atualizadas possibilita ajustes imediatos em tratamentos e melhora a detec\u00e7\u00e3o precoce de anomalias ou complica\u00e7\u00f5es.<\/p>\n\n\n\n<h2 class=\"wp-block-heading\">Como a tecnologia revoluciona o monitoramento da sa\u00fade?<\/h2>\n\n\n\n<p>A integra\u00e7\u00e3o de dispositivos m\u00f3veis e sensores vest\u00edveis no cotidiano dos pacientes transformou significativamente a forma como as condi\u00e7\u00f5es cr\u00f4nicas s\u00e3o monitoradas. Al\u00e9m de fornecer medi\u00e7\u00f5es precisas, esses dispositivos tamb\u00e9m promovem a autodisciplina entre os pacientes, que tendem a aderir melhor a h\u00e1bitos saud\u00e1veis quando conseguem visualizar seu progresso. Aplicativos associados a esses dispositivos costumam lan\u00e7ar lembretes e oferecer dicas personalizadas, contribuindo para um gerenciamento eficaz da hipertens\u00e3o e dos n\u00edveis glic\u00eamicos.<\/p>\n\n\n\n<p>Com o advento da Internet das Coisas (IoT), esses dispositivos se conectam a redes mais amplas, permitindo a comunica\u00e7\u00e3o entre diferentes plataformas. Hospitais e cl\u00ednicas utilizam esses dados para criar perfis detalhados de pacientes, possibilitando diagn\u00f3sticos e tratamentos mais precisos. Al\u00e9m disso, a telemedicina, potencializada por essas tecnologias, permite consultas online, reduzindo a necessidade de deslocamento e facilitando o acompanhamento cont\u00ednuo por m\u00e9dicos e enfermeiros.<\/p>\n\n\n\n<h2 class=\"wp-block-heading\">Qual \u00e9 o impacto da intelig\u00eancia artificial no tratamento de doen\u00e7as cr\u00f4nicas?<\/h2>\n\n\n\n<p>A aplica\u00e7\u00e3o de intelig\u00eancia artificial (IA) em sa\u00fade tem potencial para revolucionar a medicina preventiva e o tratamento de doen\u00e7as cr\u00f4nicas. Sistemas de IA s\u00e3o capazes de analisar grandes volumes de dados em um curto espa\u00e7o de tempo, identificando padr\u00f5es e prevendo poss\u00edveis complica\u00e7\u00f5es antes que ocorram. Essa capacidade preditiva permite interven\u00e7\u00f5es precoces, que podem prevenir a progress\u00e3o de condi\u00e7\u00f5es como hipertens\u00e3o e diabetes.<\/p>\n\n\n\n<p>Exemplos not\u00e1veis de IA incluem assistentes virtuais que interagem com pacientes, orientando-os sobre a melhor forma de gerenciar suas condi\u00e7\u00f5es em casa. Esses assistentes s\u00e3o programados para responder perguntas b\u00e1sicas, oferecer sugest\u00f5es de dieta e exerc\u00edcios, e alertar os pacientes sobre a necessidade de tomar medicamentos. A personaliza\u00e7\u00e3o dos cuidados proporcionada pela IA garante que cada paciente receba aten\u00e7\u00e3o adequada \u00e0s suas necessidades espec\u00edficas.<\/p>\n\n\n\n<figure class=\"wp-block-image size-large\"><img loading=\"lazy\" decoding=\"async\" width=\"1024\" height=\"576\" src=\"https:\/\/www.em.com.br\/emfoco\/wp-content\/uploads\/2025\/07\/echo_1753361634749-1024x576.jpg\" alt=\"Tecnologia no tratamento de doen\u00e7as cr\u00f4nicas surpreende especialistas\" class=\"wp-image-80760\" srcset=\"https:\/\/www.em.com.br\/emfoco\/wp-content\/uploads\/2025\/07\/echo_1753361634749-1024x576.jpg 1024w, https:\/\/www.em.com.br\/emfoco\/wp-content\/uploads\/2025\/07\/echo_1753361634749-300x169.jpg 300w, https:\/\/www.em.com.br\/emfoco\/wp-content\/uploads\/2025\/07\/echo_1753361634749-768x432.jpg 768w, https:\/\/www.em.com.br\/emfoco\/wp-content\/uploads\/2025\/07\/echo_1753361634749-750x422.jpg 750w, https:\/\/www.em.com.br\/emfoco\/wp-content\/uploads\/2025\/07\/echo_1753361634749-1140x641.jpg 1140w, https:\/\/www.em.com.br\/emfoco\/wp-content\/uploads\/2025\/07\/echo_1753361634749.jpg 1280w\" sizes=\"auto, (max-width: 1024px) 100vw, 1024px\" \/><figcaption class=\"wp-element-caption\">Duas assistentes virtuais &#8211; Cr\u00e9ditos: depositphotos.com \/ Karneg<\/figcaption><\/figure>\n\n\n\n<h2 class=\"wp-block-heading\">Desafios e considera\u00e7\u00f5es \u00e9ticas no uso de novas tecnologias<\/h2>\n\n\n\n<p>Apesar dos grandes avan\u00e7os na tecnologia de sa\u00fade, h\u00e1 desafios significativos que precisam ser abordados. Quest\u00f5es de privacidade e seguran\u00e7a dos dados s\u00e3o primordiais, j\u00e1 que as informa\u00e7\u00f5es m\u00e9dicas dos pacientes s\u00e3o altamente sens\u00edveis. \u00c9 crucial que desenvolvedores e profissionais de sa\u00fade trabalhem juntos para garantir que as informa\u00e7\u00f5es sejam protegidas contra acessos n\u00e3o autorizados.<\/p>\n\n\n\n<p>Al\u00e9m disso, \u00e9 essencial considerar as implica\u00e7\u00f5es \u00e9ticas do uso da IA e de outras tecnologias na sa\u00fade. As decis\u00f5es automatizadas nos cuidados de sa\u00fade devem ser supervisionadas por profissionais humanos para evitar erros e garantir que os pacientes sejam tratados de forma justa e equitativa. Os profissionais de sa\u00fade tamb\u00e9m devem ser treinados no uso dessas tecnologias, garantindo que estejam aptos a interpretar os dados gerados e aplicar as melhores pr\u00e1ticas de tratamento.<\/p>\n\n\n\n<h2 class=\"wp-block-heading\">Quais tend\u00eancias futuras podemos esperar?<\/h2>\n\n\n\n<p>O futuro da gest\u00e3o de sa\u00fade para hipertens\u00e3o e diabetes certamente incluir\u00e1 uma sofistica\u00e7\u00e3o ainda maior das tecnologias j\u00e1 existentes. Espera-se que novos sensores, ainda menores e mais precisos, sejam desenvolvidos para oferecer um monitoramento ainda mais eficaz. As interfaces de usu\u00e1rio tamb\u00e9m est\u00e3o sendo aprimoradas para serem mais intuitivas, assegurando que o uso de tecnologias n\u00e3o se torne um obst\u00e1culo para os pacientes mais idosos.<\/p>\n\n\n\n<p>Hoje, as parcerias entre empresas de tecnologia e institui\u00e7\u00f5es de sa\u00fade s\u00e3o imprescind\u00edveis para o sucesso da inova\u00e7\u00e3o na \u00e1rea m\u00e9dica. Tais colabora\u00e7\u00f5es potencializam a pesquisa e o desenvolvimento, possibilitando o lan\u00e7amento de solu\u00e7\u00f5es de sa\u00fade mais abrangentes e acess\u00edveis a um maior n\u00famero de pacientes. No futuro, espera-se que as barreiras de acesso \u00e0 tecnologia sejam reduzidas, permitindo que mais pessoas em diferentes partes do mundo beneficiem-se de avan\u00e7os importantes na sa\u00fade digital.<\/p>\n\n\n\n<h2 class=\"wp-block-heading\">Perguntas e Respostas<\/h2>\n\n\n\n<ol class=\"wp-block-list\">\n<li><strong>Como a tecnologia pode ajudar a detectar diabetes precocemente?<\/strong> <br>Atrav\u00e9s de dispositivos vest\u00edveis que monitoram continuamente os n\u00edveis de glicose, permitindo uma detec\u00e7\u00e3o r\u00e1pida de altera\u00e7\u00f5es.<\/li>\n\n\n\n<li><strong>Quais os desafios na implementa\u00e7\u00e3o de IA em cuidados de sa\u00fade?<\/strong> <br>Seguran\u00e7a de dados e supervis\u00e3o humana s\u00e3o desafios importantes para uma implementa\u00e7\u00e3o eficaz e \u00e9tica.<\/li>\n\n\n\n<li><strong>Quais s\u00e3o as tend\u00eancias emergentes em tecnologia de sa\u00fade?<\/strong> <br>Desenvolvimento de sensores mais precisos e interfaces de usu\u00e1rios mais intuitivas s\u00e3o algumas das tend\u00eancias futuras.<\/li>\n<\/ol>\n","protected":false},"excerpt":{"rendered":"<p>Nos \u00faltimos anos, o avan\u00e7o tecnol\u00f3gico tem se mostrado uma poderosa ferramenta no gerenciamento de condi\u00e7\u00f5es cr\u00f4nicas de sa\u00fade, como a hipertens\u00e3o e o diabetes tipo 2. Diversos dispositivos e plataformas v\u00eam sendo desenvolvidos para auxiliar pacientes e profissionais de sa\u00fade no monitoramento e controle dessas condi\u00e7\u00f5es. O uso de tecnologias digitais permite uma abordagem [&hellip;]<\/p>\n","protected":false},"author":18,"featured_media":80759,"comment_status":"open","ping_status":"open","sticky":false,"template":"","format":"standard","meta":{"jnews-multi-image_gallery":[],"jnews_single_post":{"format":"standard"},"jnews_primary_category":[],"jnews_social_meta":[],"jnews_override_counter":[],"footnotes":""},"categories":[4204],"tags":[3506,12781,415,161],"class_list":["post-80757","post","type-post","status-publish","format-standard","has-post-thumbnail","hentry","category-tecnologia","tag-diabetes","tag-doencas-cronicas","tag-saude","tag-tecnologia"],"yoast_head":"<!-- This site is optimized with the Yoast SEO plugin v23.8 - https:\/\/yoast.com\/wordpress\/plugins\/seo\/ -->\n<title>Tecnologia no tratamento de doen\u00e7as cr\u00f4nicas surpreende especialistas - Estado de Minas - Em foco<\/title>\n<meta name=\"description\" content=\"A tecnologia no tratamento de doen\u00e7as cr\u00f4nicas permite diagn\u00f3sticos mais r\u00e1pidos, preven\u00e7\u00e3o de riscos e maior qualidade de vida para os pacientes.\" \/>\n<meta name=\"robots\" content=\"index, follow, max-snippet:-1, max-image-preview:large, max-video-preview:-1\" \/>\n<link rel=\"canonical\" href=\"https:\/\/www.em.com.br\/emfoco\/2025\/07\/25\/tecnologia-no-tratamento-de-doencas-cronicas-surpreende-especialistas\/\" \/>\n<meta property=\"og:locale\" content=\"pt_BR\" \/>\n<meta property=\"og:type\" content=\"article\" \/>\n<meta property=\"og:title\" content=\"Tecnologia no tratamento de doen\u00e7as cr\u00f4nicas surpreende especialistas - Estado de Minas - Em foco\" \/>\n<meta property=\"og:description\" content=\"A tecnologia no tratamento de doen\u00e7as cr\u00f4nicas permite diagn\u00f3sticos mais r\u00e1pidos, preven\u00e7\u00e3o de riscos e maior qualidade de vida para os pacientes.\" \/>\n<meta property=\"og:url\" content=\"https:\/\/www.em.com.br\/emfoco\/2025\/07\/25\/tecnologia-no-tratamento-de-doencas-cronicas-surpreende-especialistas\/\" \/>\n<meta property=\"og:site_name\" content=\"Estado de Minas - Em foco\" \/>\n<meta property=\"article:published_time\" content=\"2025-07-25T21:18:00+00:00\" \/>\n<meta property=\"article:modified_time\" content=\"2025-07-24T21:20:25+00:00\" \/>\n<meta property=\"og:image\" content=\"https:\/\/www.em.com.br\/emfoco\/wp-content\/uploads\/2025\/07\/SENSOR-DIABETES_1753361428169.jpg\" \/>\n\t<meta property=\"og:image:width\" content=\"1280\" \/>\n\t<meta property=\"og:image:height\" content=\"720\" \/>\n\t<meta property=\"og:image:type\" content=\"image\/jpeg\" \/>\n<meta name=\"author\" content=\"Julio Cesar\" \/>\n<meta name=\"twitter:card\" content=\"summary_large_image\" \/>\n<meta name=\"twitter:label1\" content=\"Escrito por\" \/>\n\t<meta name=\"twitter:data1\" content=\"Julio Cesar\" \/>\n\t<meta name=\"twitter:label2\" content=\"Est. tempo de leitura\" \/>\n\t<meta name=\"twitter:data2\" content=\"5 minutos\" \/>\n<!-- \/ Yoast SEO plugin. -->","yoast_head_json":{"title":"Tecnologia no tratamento de doen\u00e7as cr\u00f4nicas surpreende especialistas - Estado de Minas - Em foco","description":"A tecnologia no tratamento de doen\u00e7as cr\u00f4nicas permite diagn\u00f3sticos mais r\u00e1pidos, preven\u00e7\u00e3o de riscos e maior qualidade de vida para os pacientes.","robots":{"index":"index","follow":"follow","max-snippet":"max-snippet:-1","max-image-preview":"max-image-preview:large","max-video-preview":"max-video-preview:-1"},"canonical":"https:\/\/www.em.com.br\/emfoco\/2025\/07\/25\/tecnologia-no-tratamento-de-doencas-cronicas-surpreende-especialistas\/","og_locale":"pt_BR","og_type":"article","og_title":"Tecnologia no tratamento de doen\u00e7as cr\u00f4nicas surpreende especialistas - Estado de Minas - Em foco","og_description":"A tecnologia no tratamento de doen\u00e7as cr\u00f4nicas permite diagn\u00f3sticos mais r\u00e1pidos, preven\u00e7\u00e3o de riscos e maior qualidade de vida para os pacientes.","og_url":"https:\/\/www.em.com.br\/emfoco\/2025\/07\/25\/tecnologia-no-tratamento-de-doencas-cronicas-surpreende-especialistas\/","og_site_name":"Estado de Minas - Em foco","article_published_time":"2025-07-25T21:18:00+00:00","article_modified_time":"2025-07-24T21:20:25+00:00","og_image":[{"width":1280,"height":720,"url":"https:\/\/www.em.com.br\/emfoco\/wp-content\/uploads\/2025\/07\/SENSOR-DIABETES_1753361428169.jpg","type":"image\/jpeg"}],"author":"Julio Cesar","twitter_card":"summary_large_image","twitter_misc":{"Escrito por":"Julio Cesar","Est. tempo de leitura":"5 minutos"},"schema":{"@context":"https:\/\/schema.org","@graph":[{"@type":"WebPage","@id":"https:\/\/www.em.com.br\/emfoco\/2025\/07\/25\/tecnologia-no-tratamento-de-doencas-cronicas-surpreende-especialistas\/","url":"https:\/\/www.em.com.br\/emfoco\/2025\/07\/25\/tecnologia-no-tratamento-de-doencas-cronicas-surpreende-especialistas\/","name":"Tecnologia no tratamento de doen\u00e7as cr\u00f4nicas surpreende especialistas - Estado de Minas - Em foco","isPartOf":{"@id":"https:\/\/www.em.com.br\/emfoco\/#website"},"primaryImageOfPage":{"@id":"https:\/\/www.em.com.br\/emfoco\/2025\/07\/25\/tecnologia-no-tratamento-de-doencas-cronicas-surpreende-especialistas\/#primaryimage"},"image":{"@id":"https:\/\/www.em.com.br\/emfoco\/2025\/07\/25\/tecnologia-no-tratamento-de-doencas-cronicas-surpreende-especialistas\/#primaryimage"},"thumbnailUrl":"https:\/\/www.em.com.br\/emfoco\/wp-content\/uploads\/2025\/07\/SENSOR-DIABETES_1753361428169.jpg","datePublished":"2025-07-25T21:18:00+00:00","dateModified":"2025-07-24T21:20:25+00:00","author":{"@id":"https:\/\/www.em.com.br\/emfoco\/#\/schema\/person\/08c4a03e38018bbab9038d5f788321fc"},"description":"A tecnologia no tratamento de doen\u00e7as cr\u00f4nicas permite diagn\u00f3sticos mais r\u00e1pidos, preven\u00e7\u00e3o de riscos e maior qualidade de vida para os pacientes.","breadcrumb":{"@id":"https:\/\/www.em.com.br\/emfoco\/2025\/07\/25\/tecnologia-no-tratamento-de-doencas-cronicas-surpreende-especialistas\/#breadcrumb"},"inLanguage":"pt-BR","potentialAction":[{"@type":"ReadAction","target":["https:\/\/www.em.com.br\/emfoco\/2025\/07\/25\/tecnologia-no-tratamento-de-doencas-cronicas-surpreende-especialistas\/"]}]},{"@type":"ImageObject","inLanguage":"pt-BR","@id":"https:\/\/www.em.com.br\/emfoco\/2025\/07\/25\/tecnologia-no-tratamento-de-doencas-cronicas-surpreende-especialistas\/#primaryimage","url":"https:\/\/www.em.com.br\/emfoco\/wp-content\/uploads\/2025\/07\/SENSOR-DIABETES_1753361428169.jpg","contentUrl":"https:\/\/www.em.com.br\/emfoco\/wp-content\/uploads\/2025\/07\/SENSOR-DIABETES_1753361428169.jpg","width":1280,"height":720,"caption":"Mostrando o \u00edndice glic\u00eamico coletado por sensor no bra\u00e7o - Cr\u00e9ditos: depositphotos.com \/ serezniy"},{"@type":"BreadcrumbList","@id":"https:\/\/www.em.com.br\/emfoco\/2025\/07\/25\/tecnologia-no-tratamento-de-doencas-cronicas-surpreende-especialistas\/#breadcrumb","itemListElement":[{"@type":"ListItem","position":1,"name":"In\u00edcio","item":"https:\/\/www.em.com.br\/emfoco\/"},{"@type":"ListItem","position":2,"name":"Tecnologia no tratamento de doen\u00e7as cr\u00f4nicas surpreende especialistas"}]},{"@type":"WebSite","@id":"https:\/\/www.em.com.br\/emfoco\/#website","url":"https:\/\/www.em.com.br\/emfoco\/","name":"Estado de Minas - Em foco","description":"Acompanhe as \u00faltimas not\u00edcias e fique bem informado sobre tudo o que acontece em Minas Gerais, Brasil e no mundo.","potentialAction":[{"@type":"SearchAction","target":{"@type":"EntryPoint","urlTemplate":"https:\/\/www.em.com.br\/emfoco\/?s={search_term_string}"},"query-input":{"@type":"PropertyValueSpecification","valueRequired":true,"valueName":"search_term_string"}}],"inLanguage":"pt-BR"},{"@type":"Person","@id":"https:\/\/www.em.com.br\/emfoco\/#\/schema\/person\/08c4a03e38018bbab9038d5f788321fc","name":"Julio Cesar","image":{"@type":"ImageObject","inLanguage":"pt-BR","@id":"https:\/\/www.em.com.br\/emfoco\/#\/schema\/person\/image\/","url":"https:\/\/secure.gravatar.com\/avatar\/ab1ea64f0d4f4c1385f8ef10d5a6e758?s=96&d=mm&r=g","contentUrl":"https:\/\/secure.gravatar.com\/avatar\/ab1ea64f0d4f4c1385f8ef10d5a6e758?s=96&d=mm&r=g","caption":"Julio Cesar"},"url":"https:\/\/www.em.com.br\/emfoco\/author\/juliomyth\/"}]}},"_links":{"self":[{"href":"https:\/\/www.em.com.br\/emfoco\/wp-json\/wp\/v2\/posts\/80757","targetHints":{"allow":["GET"]}}],"collection":[{"href":"https:\/\/www.em.com.br\/emfoco\/wp-json\/wp\/v2\/posts"}],"about":[{"href":"https:\/\/www.em.com.br\/emfoco\/wp-json\/wp\/v2\/types\/post"}],"author":[{"embeddable":true,"href":"https:\/\/www.em.com.br\/emfoco\/wp-json\/wp\/v2\/users\/18"}],"replies":[{"embeddable":true,"href":"https:\/\/www.em.com.br\/emfoco\/wp-json\/wp\/v2\/comments?post=80757"}],"version-history":[{"count":2,"href":"https:\/\/www.em.com.br\/emfoco\/wp-json\/wp\/v2\/posts\/80757\/revisions"}],"predecessor-version":[{"id":80764,"href":"https:\/\/www.em.com.br\/emfoco\/wp-json\/wp\/v2\/posts\/80757\/revisions\/80764"}],"wp:featuredmedia":[{"embeddable":true,"href":"https:\/\/www.em.com.br\/emfoco\/wp-json\/wp\/v2\/media\/80759"}],"wp:attachment":[{"href":"https:\/\/www.em.com.br\/emfoco\/wp-json\/wp\/v2\/media?parent=80757"}],"wp:term":[{"taxonomy":"category","embeddable":true,"href":"https:\/\/www.em.com.br\/emfoco\/wp-json\/wp\/v2\/categories?post=80757"},{"taxonomy":"post_tag","embeddable":true,"href":"https:\/\/www.em.com.br\/emfoco\/wp-json\/wp\/v2\/tags?post=80757"}],"curies":[{"name":"wp","href":"https:\/\/api.w.org\/{rel}","templated":true}]}}