{"id":80745,"date":"2025-07-28T20:51:50","date_gmt":"2025-07-28T23:51:50","guid":{"rendered":"https:\/\/www.em.com.br\/emfoco\/?p=80745"},"modified":"2025-07-28T20:51:52","modified_gmt":"2025-07-28T23:51:52","slug":"mudanca-para-quem-trabalha-de-carteira-assinada-comecou-a-valer-agora-em-julho-e-pode-gerar-multa","status":"publish","type":"post","link":"https:\/\/www.em.com.br\/emfoco\/2025\/07\/28\/mudanca-para-quem-trabalha-de-carteira-assinada-comecou-a-valer-agora-em-julho-e-pode-gerar-multa\/","title":{"rendered":"Mudan\u00e7a para quem trabalha de carteira assinada come\u00e7ou a valer agora em julho e pode gerar multa"},"content":{"rendered":"\n<p>A partir desse m\u00eas <strong>julho de 2025<\/strong>, entra em vigor uma nova exig\u00eancia da <strong><a href=\"https:\/\/www.em.com.br\/emfoco\/2025\/06\/20\/se-voce-tem-carteira-assinada-a-clt-te-garante-varios-direitos-que-nem-imagina\/\" target=\"_blank\" rel=\"noreferrer noopener\">CLT<\/a><\/strong>: o aviso pr\u00e9vio das f\u00e9rias deve ser feito <strong>por escrito com, no m\u00ednimo, 30 dias de anteced\u00eancia<\/strong>. A medida garante mais previsibilidade ao trabalhador e refor\u00e7a a prote\u00e7\u00e3o legal no planejamento do descanso anual.<\/p>\n\n\n\n<h2 class=\"wp-block-heading\">O que muda com a nova regra de aviso pr\u00e9vio das f\u00e9rias?<\/h2>\n\n\n\n<p>Com a mudan\u00e7a, <strong>fica obrigat\u00f3ria a comunica\u00e7\u00e3o formal<\/strong> do per\u00edodo de f\u00e9rias com anteced\u00eancia m\u00ednima de 30 dias. O empregador deve entregar um <strong>documento escrito ao colaborador<\/strong>, informando o in\u00edcio e o fim do descanso.<\/p>\n\n\n\n<p>Al\u00e9m disso, o trabalhador precisa <strong>assinar o comprovante<\/strong> de recebimento, servindo como registro oficial para ambas as partes.<\/p>\n\n\n\n<h2 class=\"wp-block-heading\">Por que essa mudan\u00e7a foi implementada em 2025?<\/h2>\n\n\n\n<p>A atualiza\u00e7\u00e3o tem como objetivo <strong>modernizar a legisla\u00e7\u00e3o trabalhista<\/strong> e corrigir lacunas que permitiam avisos verbais ou feitos em cima da hora. Com a populariza\u00e7\u00e3o do trabalho remoto e o aumento da rotatividade, a <strong>formaliza\u00e7\u00e3o pr\u00e9via evita conflitos e assegura direitos<\/strong> ao empregado.<\/p>\n\n\n\n<h2 class=\"wp-block-heading\">Quais s\u00e3o as novas regras para o fracionamento das f\u00e9rias?<\/h2>\n\n\n\n<p>O fracionamento das f\u00e9rias em at\u00e9 tr\u00eas per\u00edodos continua permitido, mas a nova norma exige que:<\/p>\n\n\n\n<ul class=\"wp-block-list\">\n<li><strong>Um dos per\u00edodos tenha no m\u00ednimo 14 dias corridos<\/strong><\/li>\n\n\n\n<li><strong>Os demais per\u00edodos n\u00e3o podem ter menos que 10 dias cada<\/strong><\/li>\n\n\n\n<li><strong>A empresa deve justificar por escrito<\/strong> o motivo do fracionamento<\/li>\n\n\n\n<li><strong>O empregado pode recusar<\/strong> a divis\u00e3o proposta<\/li>\n<\/ul>\n\n\n\n<figure class=\"wp-block-image\"><img decoding=\"async\" src=\"https:\/\/www.em.com.br\/emfoco\/wp-content\/uploads\/2025\/05\/CLT_1747247840129-1024x576.jpg\" alt=\"\"\/><figcaption class=\"wp-element-caption\">Carteira de trabalho &#8211; Cr\u00e9ditos: depositphotos.com \/ rafapress<\/figcaption><\/figure>\n\n\n\n<p>Essas medidas <strong>garantem um descanso efetivo<\/strong> e evitam o uso inadequado do parcelamento das f\u00e9rias.<\/p>\n\n\n\n<h2 class=\"wp-block-heading\">Quais os riscos para empresas que descumprirem a nova regra?<\/h2>\n\n\n\n<p>Empresas que n\u00e3o se adaptarem \u00e0s novas exig\u00eancias podem enfrentar:<\/p>\n\n\n\n<ul class=\"wp-block-list\">\n<li><strong>Multas administrativas<\/strong> por descumprimento da CLT<\/li>\n\n\n\n<li><strong>Questionamentos legais<\/strong> em processos trabalhistas<\/li>\n\n\n\n<li><strong>Danos \u00e0 reputa\u00e7\u00e3o<\/strong> e desgaste no relacionamento com os colaboradores<\/li>\n<\/ul>\n\n\n\n<p>Al\u00e9m disso, a aus\u00eancia de comunica\u00e7\u00e3o formal pode prejudicar a empresa em eventuais <strong>a\u00e7\u00f5es judiciais<\/strong>.<\/p>\n\n\n\n<h2 class=\"wp-block-heading\">Como as empresas devem se preparar?<\/h2>\n\n\n\n<ul class=\"wp-block-list\">\n<li><strong>Atualize os formul\u00e1rios<\/strong> internos com a exig\u00eancia do aviso escrito<\/li>\n\n\n\n<li><strong>Implemente controle digital<\/strong> para registrar prazos e confirma\u00e7\u00f5es<\/li>\n\n\n\n<li><strong>Treine o RH<\/strong> sobre as novas formalidades<\/li>\n\n\n\n<li><strong>Arquive os comprovantes<\/strong> f\u00edsicos ou digitais para futuras auditorias<\/li>\n<\/ul>\n\n\n\n<p>Adotar essas medidas garante conformidade com a legisla\u00e7\u00e3o e fortalece a gest\u00e3o de pessoas.<\/p>\n\n\n\n<p><em>Gostou deste conte\u00fado? Compartilhe com sua equipe no WhatsApp e mantenha sua empresa atualizada com as novas obriga\u00e7\u00f5es da CLT!<\/em><\/p>\n","protected":false},"excerpt":{"rendered":"<p>A partir desse m\u00eas julho de 2025, entra em vigor uma nova exig\u00eancia da CLT: o aviso pr\u00e9vio das f\u00e9rias deve ser feito por escrito com, no m\u00ednimo, 30 dias de anteced\u00eancia. A medida garante mais previsibilidade ao trabalhador e refor\u00e7a a prote\u00e7\u00e3o legal no planejamento do descanso anual. O que muda com a nova [&hellip;]<\/p>\n","protected":false},"author":11,"featured_media":80749,"comment_status":"open","ping_status":"open","sticky":false,"template":"","format":"standard","meta":{"jnews-multi-image_gallery":[],"jnews_single_post":{"format":"standard"},"jnews_primary_category":[],"jnews_social_meta":[],"jnews_override_counter":[],"footnotes":""},"categories":[1],"tags":[291,10742,4300,9442],"class_list":["post-80745","post","type-post","status-publish","format-standard","has-post-thumbnail","hentry","category-noticias","tag-carteira-assinada","tag-julho","tag-mudanca","tag-multa"],"yoast_head":"<!-- This site is optimized with the Yoast SEO plugin v23.8 - https:\/\/yoast.com\/wordpress\/plugins\/seo\/ -->\n<title>Mudan\u00e7a para quem trabalha de carteira assinada come\u00e7ou a valer agora em julho e pode gerar multa - Estado de Minas - Em foco<\/title>\n<meta name=\"description\" content=\"Mudan\u00e7a na CLT entra em vigor e imp\u00f5e novas regras para aviso de f\u00e9rias. Veja como ela impacta empresas e trabalhadores.\" \/>\n<meta name=\"robots\" content=\"index, follow, max-snippet:-1, max-image-preview:large, max-video-preview:-1\" \/>\n<link rel=\"canonical\" href=\"https:\/\/www.em.com.br\/emfoco\/2025\/07\/28\/mudanca-para-quem-trabalha-de-carteira-assinada-comecou-a-valer-agora-em-julho-e-pode-gerar-multa\/\" \/>\n<meta property=\"og:locale\" content=\"pt_BR\" \/>\n<meta property=\"og:type\" content=\"article\" \/>\n<meta property=\"og:title\" content=\"Mudan\u00e7a para quem trabalha de carteira assinada come\u00e7ou a valer agora em julho e pode gerar multa - Estado de Minas - Em foco\" \/>\n<meta property=\"og:description\" content=\"Mudan\u00e7a na CLT entra em vigor e imp\u00f5e novas regras para aviso de f\u00e9rias. Veja como ela impacta empresas e trabalhadores.\" \/>\n<meta property=\"og:url\" content=\"https:\/\/www.em.com.br\/emfoco\/2025\/07\/28\/mudanca-para-quem-trabalha-de-carteira-assinada-comecou-a-valer-agora-em-julho-e-pode-gerar-multa\/\" \/>\n<meta property=\"og:site_name\" content=\"Estado de Minas - Em foco\" \/>\n<meta property=\"article:published_time\" content=\"2025-07-28T23:51:50+00:00\" \/>\n<meta property=\"article:modified_time\" content=\"2025-07-28T23:51:52+00:00\" \/>\n<meta property=\"og:image\" content=\"https:\/\/www.em.com.br\/emfoco\/wp-content\/uploads\/2025\/07\/Carteira-de-trabalho_1753364291165.jpg\" \/>\n\t<meta property=\"og:image:width\" content=\"1280\" \/>\n\t<meta property=\"og:image:height\" content=\"720\" \/>\n\t<meta property=\"og:image:type\" content=\"image\/jpeg\" \/>\n<meta name=\"author\" content=\"Andre\u0301 Rangel\u00a0\" \/>\n<meta name=\"twitter:card\" content=\"summary_large_image\" \/>\n<meta name=\"twitter:label1\" content=\"Escrito por\" \/>\n\t<meta name=\"twitter:data1\" content=\"Andre\u0301 Rangel\u00a0\" \/>\n\t<meta name=\"twitter:label2\" content=\"Est. tempo de leitura\" \/>\n\t<meta name=\"twitter:data2\" content=\"3 minutos\" \/>\n<!-- \/ Yoast SEO plugin. -->","yoast_head_json":{"title":"Mudan\u00e7a para quem trabalha de carteira assinada come\u00e7ou a valer agora em julho e pode gerar multa - Estado de Minas - Em foco","description":"Mudan\u00e7a na CLT entra em vigor e imp\u00f5e novas regras para aviso de f\u00e9rias. Veja como ela impacta empresas e trabalhadores.","robots":{"index":"index","follow":"follow","max-snippet":"max-snippet:-1","max-image-preview":"max-image-preview:large","max-video-preview":"max-video-preview:-1"},"canonical":"https:\/\/www.em.com.br\/emfoco\/2025\/07\/28\/mudanca-para-quem-trabalha-de-carteira-assinada-comecou-a-valer-agora-em-julho-e-pode-gerar-multa\/","og_locale":"pt_BR","og_type":"article","og_title":"Mudan\u00e7a para quem trabalha de carteira assinada come\u00e7ou a valer agora em julho e pode gerar multa - Estado de Minas - Em foco","og_description":"Mudan\u00e7a na CLT entra em vigor e imp\u00f5e novas regras para aviso de f\u00e9rias. Veja como ela impacta empresas e trabalhadores.","og_url":"https:\/\/www.em.com.br\/emfoco\/2025\/07\/28\/mudanca-para-quem-trabalha-de-carteira-assinada-comecou-a-valer-agora-em-julho-e-pode-gerar-multa\/","og_site_name":"Estado de Minas - Em foco","article_published_time":"2025-07-28T23:51:50+00:00","article_modified_time":"2025-07-28T23:51:52+00:00","og_image":[{"width":1280,"height":720,"url":"https:\/\/www.em.com.br\/emfoco\/wp-content\/uploads\/2025\/07\/Carteira-de-trabalho_1753364291165.jpg","type":"image\/jpeg"}],"author":"Andre\u0301 Rangel\u00a0","twitter_card":"summary_large_image","twitter_misc":{"Escrito por":"Andre\u0301 Rangel\u00a0","Est. tempo de leitura":"3 minutos"},"schema":{"@context":"https:\/\/schema.org","@graph":[{"@type":"WebPage","@id":"https:\/\/www.em.com.br\/emfoco\/2025\/07\/28\/mudanca-para-quem-trabalha-de-carteira-assinada-comecou-a-valer-agora-em-julho-e-pode-gerar-multa\/","url":"https:\/\/www.em.com.br\/emfoco\/2025\/07\/28\/mudanca-para-quem-trabalha-de-carteira-assinada-comecou-a-valer-agora-em-julho-e-pode-gerar-multa\/","name":"Mudan\u00e7a para quem trabalha de carteira assinada come\u00e7ou a valer agora em julho e pode gerar multa - Estado de Minas - Em foco","isPartOf":{"@id":"https:\/\/www.em.com.br\/emfoco\/#website"},"primaryImageOfPage":{"@id":"https:\/\/www.em.com.br\/emfoco\/2025\/07\/28\/mudanca-para-quem-trabalha-de-carteira-assinada-comecou-a-valer-agora-em-julho-e-pode-gerar-multa\/#primaryimage"},"image":{"@id":"https:\/\/www.em.com.br\/emfoco\/2025\/07\/28\/mudanca-para-quem-trabalha-de-carteira-assinada-comecou-a-valer-agora-em-julho-e-pode-gerar-multa\/#primaryimage"},"thumbnailUrl":"https:\/\/www.em.com.br\/emfoco\/wp-content\/uploads\/2025\/07\/Carteira-de-trabalho_1753364291165.jpg","datePublished":"2025-07-28T23:51:50+00:00","dateModified":"2025-07-28T23:51:52+00:00","author":{"@id":"https:\/\/www.em.com.br\/emfoco\/#\/schema\/person\/60eda09c1fedf0d6891f4cef4b60b8b8"},"description":"Mudan\u00e7a na CLT entra em vigor e imp\u00f5e novas regras para aviso de f\u00e9rias. Veja como ela impacta empresas e trabalhadores.","breadcrumb":{"@id":"https:\/\/www.em.com.br\/emfoco\/2025\/07\/28\/mudanca-para-quem-trabalha-de-carteira-assinada-comecou-a-valer-agora-em-julho-e-pode-gerar-multa\/#breadcrumb"},"inLanguage":"pt-BR","potentialAction":[{"@type":"ReadAction","target":["https:\/\/www.em.com.br\/emfoco\/2025\/07\/28\/mudanca-para-quem-trabalha-de-carteira-assinada-comecou-a-valer-agora-em-julho-e-pode-gerar-multa\/"]}]},{"@type":"ImageObject","inLanguage":"pt-BR","@id":"https:\/\/www.em.com.br\/emfoco\/2025\/07\/28\/mudanca-para-quem-trabalha-de-carteira-assinada-comecou-a-valer-agora-em-julho-e-pode-gerar-multa\/#primaryimage","url":"https:\/\/www.em.com.br\/emfoco\/wp-content\/uploads\/2025\/07\/Carteira-de-trabalho_1753364291165.jpg","contentUrl":"https:\/\/www.em.com.br\/emfoco\/wp-content\/uploads\/2025\/07\/Carteira-de-trabalho_1753364291165.jpg","width":1280,"height":720,"caption":"Quem ignora esse detalhe pode perder benef\u00edcios agora"},{"@type":"BreadcrumbList","@id":"https:\/\/www.em.com.br\/emfoco\/2025\/07\/28\/mudanca-para-quem-trabalha-de-carteira-assinada-comecou-a-valer-agora-em-julho-e-pode-gerar-multa\/#breadcrumb","itemListElement":[{"@type":"ListItem","position":1,"name":"In\u00edcio","item":"https:\/\/www.em.com.br\/emfoco\/"},{"@type":"ListItem","position":2,"name":"Mudan\u00e7a para quem trabalha de carteira assinada come\u00e7ou a valer agora em julho e pode gerar multa"}]},{"@type":"WebSite","@id":"https:\/\/www.em.com.br\/emfoco\/#website","url":"https:\/\/www.em.com.br\/emfoco\/","name":"Estado de Minas - Em foco","description":"Acompanhe as \u00faltimas not\u00edcias e fique bem informado sobre tudo o que acontece em Minas Gerais, Brasil e no mundo.","potentialAction":[{"@type":"SearchAction","target":{"@type":"EntryPoint","urlTemplate":"https:\/\/www.em.com.br\/emfoco\/?s={search_term_string}"},"query-input":{"@type":"PropertyValueSpecification","valueRequired":true,"valueName":"search_term_string"}}],"inLanguage":"pt-BR"},{"@type":"Person","@id":"https:\/\/www.em.com.br\/emfoco\/#\/schema\/person\/60eda09c1fedf0d6891f4cef4b60b8b8","name":"Andre\u0301 Rangel\u00a0","image":{"@type":"ImageObject","inLanguage":"pt-BR","@id":"https:\/\/www.em.com.br\/emfoco\/#\/schema\/person\/image\/","url":"https:\/\/secure.gravatar.com\/avatar\/6234dc814c77c8ef6d8bba622c787efc?s=96&d=mm&r=g","contentUrl":"https:\/\/secure.gravatar.com\/avatar\/6234dc814c77c8ef6d8bba622c787efc?s=96&d=mm&r=g","caption":"Andre\u0301 Rangel\u00a0"},"url":"https:\/\/www.em.com.br\/emfoco\/author\/luizmyth\/"}]}},"_links":{"self":[{"href":"https:\/\/www.em.com.br\/emfoco\/wp-json\/wp\/v2\/posts\/80745","targetHints":{"allow":["GET"]}}],"collection":[{"href":"https:\/\/www.em.com.br\/emfoco\/wp-json\/wp\/v2\/posts"}],"about":[{"href":"https:\/\/www.em.com.br\/emfoco\/wp-json\/wp\/v2\/types\/post"}],"author":[{"embeddable":true,"href":"https:\/\/www.em.com.br\/emfoco\/wp-json\/wp\/v2\/users\/11"}],"replies":[{"embeddable":true,"href":"https:\/\/www.em.com.br\/emfoco\/wp-json\/wp\/v2\/comments?post=80745"}],"version-history":[{"count":3,"href":"https:\/\/www.em.com.br\/emfoco\/wp-json\/wp\/v2\/posts\/80745\/revisions"}],"predecessor-version":[{"id":82849,"href":"https:\/\/www.em.com.br\/emfoco\/wp-json\/wp\/v2\/posts\/80745\/revisions\/82849"}],"wp:featuredmedia":[{"embeddable":true,"href":"https:\/\/www.em.com.br\/emfoco\/wp-json\/wp\/v2\/media\/80749"}],"wp:attachment":[{"href":"https:\/\/www.em.com.br\/emfoco\/wp-json\/wp\/v2\/media?parent=80745"}],"wp:term":[{"taxonomy":"category","embeddable":true,"href":"https:\/\/www.em.com.br\/emfoco\/wp-json\/wp\/v2\/categories?post=80745"},{"taxonomy":"post_tag","embeddable":true,"href":"https:\/\/www.em.com.br\/emfoco\/wp-json\/wp\/v2\/tags?post=80745"}],"curies":[{"name":"wp","href":"https:\/\/api.w.org\/{rel}","templated":true}]}}