{"id":80716,"date":"2025-07-25T09:38:00","date_gmt":"2025-07-25T12:38:00","guid":{"rendered":"https:\/\/www.em.com.br\/emfoco\/?p=80716"},"modified":"2025-07-24T08:48:47","modified_gmt":"2025-07-24T11:48:47","slug":"autoboicote-apos-os-50-anos-pode-estar-sabotando-sua-felicidade","status":"publish","type":"post","link":"https:\/\/www.em.com.br\/emfoco\/2025\/07\/25\/autoboicote-apos-os-50-anos-pode-estar-sabotando-sua-felicidade\/","title":{"rendered":"Autoboicote ap\u00f3s os 50 anos pode estar sabotando sua felicidade"},"content":{"rendered":"\n<p>O <a href=\"https:\/\/www.em.com.br\/emfoco\/2025\/05\/31\/o-que-nos-leva-a-desenvolver-comportamentos-de-auto-sabotagem\/\" target=\"_blank\" rel=\"noreferrer noopener\">autoboicote <\/a>\u00e9 um comportamento comum que pode afetar a felicidade, especialmente ap\u00f3s os 50 anos. Nesta fase da vida, muitos indiv\u00edduos buscam renovar suas perspectivas e encontrar satisfa\u00e7\u00e3o. No entanto, h\u00e1bitos persistentes de <a href=\"https:\/\/www.uol.com.br\/vivabem\/noticias\/redacao\/2020\/10\/08\/autossabotagem-entenda-motivos-e-veja-como-parar-de-se-boicotar.htm\" target=\"_blank\" rel=\"noreferrer noopener\">autossabotagem <\/a>podem minar esses esfor\u00e7os, criando barreiras invis\u00edveis que impedem o bem-estar pessoal.<\/p>\n\n\n\n<p>Frequentemente, o autoboicote se manifesta atrav\u00e9s de pensamentos limitantes. Eles s\u00e3o como obst\u00e1culos autoimpostos que impedem o desenvolvimento pessoal e profissional. Ao permitir que essas cren\u00e7as negativas dominem suas a\u00e7\u00f5es e decis\u00f5es, a pessoa acaba por se privar de oportunidades e experi\u00eancias que poderiam contribuir para uma vida mais satisfat\u00f3ria e gratificante.<\/p>\n\n\n\n<h2 class=\"wp-block-heading\">Impactos do autoboicote na sa\u00fade emocional<\/h2>\n\n\n\n<p>Os efeitos do autoboicote s\u00e3o not\u00f3rios na sa\u00fade emocional. Sentimentos de medo e ansiedade podem intensificar-se \u00e0 medida que o indiv\u00edduo recusa-se a assumir desafios. Quando esses padr\u00f5es s\u00e3o mantidos, o resultado \u00e9 uma sensa\u00e7\u00e3o de estagna\u00e7\u00e3o e insatisfa\u00e7\u00e3o. Al\u00e9m de tudo isso, essa autossabotagem perpetua a cren\u00e7a de que n\u00e3o se \u00e9 merecedor de felicidade ou sucesso.<\/p>\n\n\n\n<p>Para superar essa tend\u00eancia, \u00e9 crucial um trabalho cont\u00ednuo de autoconhecimento que permita identificar e confrontar aquelas cren\u00e7as prejudiciais. Procurar ajuda profissional, como psic\u00f3logos registrados nos conselhos regionais ou especialistas em sa\u00fade mental, pode ser um passo significativo nesse processo, fornecendo ferramentas para reformular pensamentos e desenvolver uma autoestima mais positiva.<\/p>\n\n\n\n<h2 class=\"wp-block-heading\">Como redefinir padr\u00f5es de pensamento<\/h2>\n\n\n\n<p>Redefinir seus padr\u00f5es de pensamento ap\u00f3s os 50 anos pode parecer desafiador, mas \u00e9 um passo vital para derrotar o autoboicote. A reprograma\u00e7\u00e3o mental envolve substituir as cren\u00e7as limitantes por afirma\u00e7\u00f5es positivas e cren\u00e7as capacitadoras que motivem a\u00e7\u00f5es construtivas. A pr\u00e1tica regular de medita\u00e7\u00e3o e mindfulness tamb\u00e9m pode contribuir para aumentar a consci\u00eancia sobre os pr\u00f3prios pensamentos e comportamentos.<\/p>\n\n\n\n<p>Al\u00e9m disso, \u00e9 importante cercar-se de pessoas que apoiem o crescimento pessoal. O fortalecimento de uma rede de apoio positiva pode ajudar a manter a motiva\u00e7\u00e3o e proporcionar novas perspectivas sobre como abordar desafios. Por exemplo, participar de grupos locais de desenvolvimento pessoal ou de comunidades voltadas ao bem-estar, como encontros do <strong>Meetup<\/strong> ou eventos do <strong>Sesc<\/strong>, pode ampliar o c\u00edrculo social e oferecer est\u00edmulo adicional. Essa abordagem n\u00e3o apenas melhora a sa\u00fade mental, mas tamb\u00e9m rejuvenesce a sensa\u00e7\u00e3o de prop\u00f3sito e dire\u00e7\u00e3o de vida.<\/p>\n\n\n\n<figure class=\"wp-block-image size-large\"><img loading=\"lazy\" decoding=\"async\" width=\"1024\" height=\"576\" src=\"https:\/\/www.em.com.br\/emfoco\/wp-content\/uploads\/2025\/07\/rede-de-apoio_1753357248849-1024x576.jpg\" alt=\"Autoboicote ap\u00f3s os 50 anos pode estar sabotando sua felicidade\" class=\"wp-image-80720\" srcset=\"https:\/\/www.em.com.br\/emfoco\/wp-content\/uploads\/2025\/07\/rede-de-apoio_1753357248849-1024x576.jpg 1024w, https:\/\/www.em.com.br\/emfoco\/wp-content\/uploads\/2025\/07\/rede-de-apoio_1753357248849-300x169.jpg 300w, https:\/\/www.em.com.br\/emfoco\/wp-content\/uploads\/2025\/07\/rede-de-apoio_1753357248849-768x432.jpg 768w, https:\/\/www.em.com.br\/emfoco\/wp-content\/uploads\/2025\/07\/rede-de-apoio_1753357248849-750x422.jpg 750w, https:\/\/www.em.com.br\/emfoco\/wp-content\/uploads\/2025\/07\/rede-de-apoio_1753357248849-1140x641.jpg 1140w, https:\/\/www.em.com.br\/emfoco\/wp-content\/uploads\/2025\/07\/rede-de-apoio_1753357248849.jpg 1280w\" sizes=\"auto, (max-width: 1024px) 100vw, 1024px\" \/><figcaption class=\"wp-element-caption\">Grupo de apoio conversando &#8211; Cr\u00e9ditos: depositphotos.com \/ HayDmitriy<\/figcaption><\/figure>\n\n\n\n<h2 class=\"wp-block-heading\">Como o ambiente influencia a autossabotagem?<\/h2>\n\n\n\n<p>O ambiente em que se vive e trabalha pode ter grande influ\u00eancia sobre o autoboicote. Um ambiente carregado de negatividade ou desmotivador pode refor\u00e7ar cren\u00e7as autossabotadoras e diminuir a energia positiva necess\u00e1ria para mudan\u00e7as proativas. Por isso, ajustar o ambiente pode ter um impacto significativo.<\/p>\n\n\n\n<p>Transformar o espa\u00e7o em um local que inspire e motive pode ser um ponto de partida. Isso inclui organizar, decorar com objetos significativos ou incorporar elementos da natureza. Estudos desenvolvidos por universidades como a <strong>Universidade de S\u00e3o Paulo<\/strong> j\u00e1 comprovaram que ambientes bem iluminados e com presen\u00e7a de plantas contribuem para a redu\u00e7\u00e3o de estresse e aumento do bem-estar. Um ambiente positivo e estimulante pode catalisar mudan\u00e7as e ajudar na constru\u00e7\u00e3o de h\u00e1bitos que promovam o bem-estar e a felicidade.<\/p>\n\n\n\n<h2 class=\"wp-block-heading\">Evitando armadilhas de autossabotagem<\/h2>\n\n\n\n<p>Ao se aproximar ou ultrapassar os 50 anos, \u00e9 crucial estar atento para evitar armadilhas de autossabotagem. Uma dica pr\u00e1tica \u00e9 desenvolver a habilidade de auto-observa\u00e7\u00e3o e reflex\u00e3o cr\u00edtica. Manter um di\u00e1rio pode ser uma ferramenta poderosa para reconhecimento das pr\u00f3prias emo\u00e7\u00f5es, comportamentos e progressos.<\/p>\n\n\n\n<p>Al\u00e9m disso, aprender a definir objetivos claros e mensur\u00e1veis ajuda a manter o foco. Com metas bem delineadas, como as sugeridas por especialistas do <strong>Instituto de Psicologia Aplicada<\/strong>, torna-se mais f\u00e1cil identificar passos tang\u00edveis, evitando distra\u00e7\u00f5es e a procrastina\u00e7\u00e3o. Esse comprometimento traz um senso de realiza\u00e7\u00e3o e progresso cont\u00ednuo, essenciais para a constru\u00e7\u00e3o de uma vida mais feliz e satisfat\u00f3ria.<\/p>\n\n\n\n<h2 class=\"wp-block-heading\">Perguntas e respostas<\/h2>\n\n\n\n<ol class=\"wp-block-list\">\n<li><strong>Quais s\u00e3o os sinais de autossabotagem?<\/strong> <br>Os sinais incluem procrastina\u00e7\u00e3o, autocr\u00edtica excessiva e medo de mudan\u00e7a.<\/li>\n\n\n\n<li><strong>Como a terapia pode ajudar no combate ao autoboicote?<\/strong> <br>Ela oferece ferramentas para desafiar pensamentos limitantes e desenvolver uma mentalidade mais positiva. Recursos como a Terapia Cognitivo-Comportamental (TCC), amplamente recomendada por organiza\u00e7\u00f5es como a <strong>Organiza\u00e7\u00e3o Mundial da Sa\u00fade<\/strong>, podem ser especialmente eficazes.<\/li>\n\n\n\n<li><strong>Qual \u00e9 o papel da pr\u00e1tica de mindfulness no combate ao autoboicote?<\/strong> <br>O mindfulness aumenta a consci\u00eancia sobre pensamentos autom\u00e1ticos e ajuda a reduzir a influ\u00eancia de cren\u00e7as negativas. Utilizar aplicativos como o <strong>Headspace<\/strong> pode tornar essa pr\u00e1tica mais acess\u00edvel.<\/li>\n\n\n\n<li><strong>Por que o apoio social \u00e9 importante?<\/strong> <br>Ter uma rede de apoio promove encorajamento e proporciona novas perspectivas indispens\u00e1veis ao crescimento pessoal. Estudos sugerem que v\u00ednculos sociais fortes reduzem o risco de depress\u00e3o em adultos acima dos 50 anos, de acordo com a <strong>Harvard University<\/strong>.<\/li>\n\n\n\n<li><strong>Como pequenos objetivos podem combater o autoboicote?<\/strong> <br>Metas menores facilitam o monitoramento de progressos, aumentando a motiva\u00e7\u00e3o e o foco.<\/li>\n<\/ol>\n","protected":false},"excerpt":{"rendered":"<p>O autoboicote \u00e9 um comportamento comum que pode afetar a felicidade, especialmente ap\u00f3s os 50 anos. Nesta fase da vida, muitos indiv\u00edduos buscam renovar suas perspectivas e encontrar satisfa\u00e7\u00e3o. No entanto, h\u00e1bitos persistentes de autossabotagem podem minar esses esfor\u00e7os, criando barreiras invis\u00edveis que impedem o bem-estar pessoal. Frequentemente, o autoboicote se manifesta atrav\u00e9s de pensamentos [&hellip;]<\/p>\n","protected":false},"author":18,"featured_media":80719,"comment_status":"open","ping_status":"open","sticky":false,"template":"","format":"standard","meta":{"jnews-multi-image_gallery":[],"jnews_single_post":{"format":"standard"},"jnews_primary_category":[],"jnews_social_meta":[],"jnews_override_counter":[],"footnotes":""},"categories":[9053],"tags":[12775,9312,5155,11204],"class_list":["post-80716","post","type-post","status-publish","format-standard","has-post-thumbnail","hentry","category-saude","tag-autoboicote","tag-autossabotagem","tag-psicologia","tag-tristeza"],"yoast_head":"<!-- This site is optimized with the Yoast SEO plugin v23.8 - https:\/\/yoast.com\/wordpress\/plugins\/seo\/ -->\n<title>Autoboicote ap\u00f3s os 50 anos pode estar sabotando sua felicidade - Estado de Minas - Em foco<\/title>\n<meta name=\"description\" content=\"Est\u00e1 se sentindo estagnado depois dos 50? O motivo pode surpreender. Veja como h\u00e1bitos invis\u00edveis est\u00e3o sabotando seu bem-estar emocional.\" \/>\n<meta name=\"robots\" content=\"index, follow, max-snippet:-1, max-image-preview:large, max-video-preview:-1\" \/>\n<link rel=\"canonical\" href=\"https:\/\/www.em.com.br\/emfoco\/2025\/07\/25\/autoboicote-apos-os-50-anos-pode-estar-sabotando-sua-felicidade\/\" \/>\n<meta property=\"og:locale\" content=\"pt_BR\" \/>\n<meta property=\"og:type\" content=\"article\" \/>\n<meta property=\"og:title\" content=\"Autoboicote ap\u00f3s os 50 anos pode estar sabotando sua felicidade - Estado de Minas - Em foco\" \/>\n<meta property=\"og:description\" content=\"Est\u00e1 se sentindo estagnado depois dos 50? O motivo pode surpreender. Veja como h\u00e1bitos invis\u00edveis est\u00e3o sabotando seu bem-estar emocional.\" \/>\n<meta property=\"og:url\" content=\"https:\/\/www.em.com.br\/emfoco\/2025\/07\/25\/autoboicote-apos-os-50-anos-pode-estar-sabotando-sua-felicidade\/\" \/>\n<meta property=\"og:site_name\" content=\"Estado de Minas - Em foco\" \/>\n<meta property=\"article:published_time\" content=\"2025-07-25T12:38:00+00:00\" \/>\n<meta property=\"article:modified_time\" content=\"2025-07-24T11:48:47+00:00\" \/>\n<meta property=\"og:image\" content=\"https:\/\/www.em.com.br\/emfoco\/wp-content\/uploads\/2025\/07\/PESSOA-VELHA-TRISTE_1753357168417.jpg\" \/>\n\t<meta property=\"og:image:width\" content=\"1280\" \/>\n\t<meta property=\"og:image:height\" content=\"720\" \/>\n\t<meta property=\"og:image:type\" content=\"image\/jpeg\" \/>\n<meta name=\"author\" content=\"Julio Cesar\" \/>\n<meta name=\"twitter:card\" content=\"summary_large_image\" \/>\n<meta name=\"twitter:label1\" content=\"Escrito por\" \/>\n\t<meta name=\"twitter:data1\" content=\"Julio Cesar\" \/>\n\t<meta name=\"twitter:label2\" content=\"Est. tempo de leitura\" \/>\n\t<meta name=\"twitter:data2\" content=\"5 minutos\" \/>\n<!-- \/ Yoast SEO plugin. -->","yoast_head_json":{"title":"Autoboicote ap\u00f3s os 50 anos pode estar sabotando sua felicidade - Estado de Minas - Em foco","description":"Est\u00e1 se sentindo estagnado depois dos 50? O motivo pode surpreender. Veja como h\u00e1bitos invis\u00edveis est\u00e3o sabotando seu bem-estar emocional.","robots":{"index":"index","follow":"follow","max-snippet":"max-snippet:-1","max-image-preview":"max-image-preview:large","max-video-preview":"max-video-preview:-1"},"canonical":"https:\/\/www.em.com.br\/emfoco\/2025\/07\/25\/autoboicote-apos-os-50-anos-pode-estar-sabotando-sua-felicidade\/","og_locale":"pt_BR","og_type":"article","og_title":"Autoboicote ap\u00f3s os 50 anos pode estar sabotando sua felicidade - Estado de Minas - Em foco","og_description":"Est\u00e1 se sentindo estagnado depois dos 50? O motivo pode surpreender. Veja como h\u00e1bitos invis\u00edveis est\u00e3o sabotando seu bem-estar emocional.","og_url":"https:\/\/www.em.com.br\/emfoco\/2025\/07\/25\/autoboicote-apos-os-50-anos-pode-estar-sabotando-sua-felicidade\/","og_site_name":"Estado de Minas - Em foco","article_published_time":"2025-07-25T12:38:00+00:00","article_modified_time":"2025-07-24T11:48:47+00:00","og_image":[{"width":1280,"height":720,"url":"https:\/\/www.em.com.br\/emfoco\/wp-content\/uploads\/2025\/07\/PESSOA-VELHA-TRISTE_1753357168417.jpg","type":"image\/jpeg"}],"author":"Julio Cesar","twitter_card":"summary_large_image","twitter_misc":{"Escrito por":"Julio Cesar","Est. tempo de leitura":"5 minutos"},"schema":{"@context":"https:\/\/schema.org","@graph":[{"@type":"WebPage","@id":"https:\/\/www.em.com.br\/emfoco\/2025\/07\/25\/autoboicote-apos-os-50-anos-pode-estar-sabotando-sua-felicidade\/","url":"https:\/\/www.em.com.br\/emfoco\/2025\/07\/25\/autoboicote-apos-os-50-anos-pode-estar-sabotando-sua-felicidade\/","name":"Autoboicote ap\u00f3s os 50 anos pode estar sabotando sua felicidade - Estado de Minas - Em foco","isPartOf":{"@id":"https:\/\/www.em.com.br\/emfoco\/#website"},"primaryImageOfPage":{"@id":"https:\/\/www.em.com.br\/emfoco\/2025\/07\/25\/autoboicote-apos-os-50-anos-pode-estar-sabotando-sua-felicidade\/#primaryimage"},"image":{"@id":"https:\/\/www.em.com.br\/emfoco\/2025\/07\/25\/autoboicote-apos-os-50-anos-pode-estar-sabotando-sua-felicidade\/#primaryimage"},"thumbnailUrl":"https:\/\/www.em.com.br\/emfoco\/wp-content\/uploads\/2025\/07\/PESSOA-VELHA-TRISTE_1753357168417.jpg","datePublished":"2025-07-25T12:38:00+00:00","dateModified":"2025-07-24T11:48:47+00:00","author":{"@id":"https:\/\/www.em.com.br\/emfoco\/#\/schema\/person\/08c4a03e38018bbab9038d5f788321fc"},"description":"Est\u00e1 se sentindo estagnado depois dos 50? O motivo pode surpreender. Veja como h\u00e1bitos invis\u00edveis est\u00e3o sabotando seu bem-estar emocional.","breadcrumb":{"@id":"https:\/\/www.em.com.br\/emfoco\/2025\/07\/25\/autoboicote-apos-os-50-anos-pode-estar-sabotando-sua-felicidade\/#breadcrumb"},"inLanguage":"pt-BR","potentialAction":[{"@type":"ReadAction","target":["https:\/\/www.em.com.br\/emfoco\/2025\/07\/25\/autoboicote-apos-os-50-anos-pode-estar-sabotando-sua-felicidade\/"]}]},{"@type":"ImageObject","inLanguage":"pt-BR","@id":"https:\/\/www.em.com.br\/emfoco\/2025\/07\/25\/autoboicote-apos-os-50-anos-pode-estar-sabotando-sua-felicidade\/#primaryimage","url":"https:\/\/www.em.com.br\/emfoco\/wp-content\/uploads\/2025\/07\/PESSOA-VELHA-TRISTE_1753357168417.jpg","contentUrl":"https:\/\/www.em.com.br\/emfoco\/wp-content\/uploads\/2025\/07\/PESSOA-VELHA-TRISTE_1753357168417.jpg","width":1280,"height":720,"caption":"Homem mais velho triste - Cr\u00e9ditos: depositphotos.com \/ IgorVetushko"},{"@type":"BreadcrumbList","@id":"https:\/\/www.em.com.br\/emfoco\/2025\/07\/25\/autoboicote-apos-os-50-anos-pode-estar-sabotando-sua-felicidade\/#breadcrumb","itemListElement":[{"@type":"ListItem","position":1,"name":"In\u00edcio","item":"https:\/\/www.em.com.br\/emfoco\/"},{"@type":"ListItem","position":2,"name":"Autoboicote ap\u00f3s os 50 anos pode estar sabotando sua felicidade"}]},{"@type":"WebSite","@id":"https:\/\/www.em.com.br\/emfoco\/#website","url":"https:\/\/www.em.com.br\/emfoco\/","name":"Estado de Minas - Em foco","description":"Acompanhe as \u00faltimas not\u00edcias e fique bem informado sobre tudo o que acontece em Minas Gerais, Brasil e no mundo.","potentialAction":[{"@type":"SearchAction","target":{"@type":"EntryPoint","urlTemplate":"https:\/\/www.em.com.br\/emfoco\/?s={search_term_string}"},"query-input":{"@type":"PropertyValueSpecification","valueRequired":true,"valueName":"search_term_string"}}],"inLanguage":"pt-BR"},{"@type":"Person","@id":"https:\/\/www.em.com.br\/emfoco\/#\/schema\/person\/08c4a03e38018bbab9038d5f788321fc","name":"Julio Cesar","image":{"@type":"ImageObject","inLanguage":"pt-BR","@id":"https:\/\/www.em.com.br\/emfoco\/#\/schema\/person\/image\/","url":"https:\/\/secure.gravatar.com\/avatar\/ab1ea64f0d4f4c1385f8ef10d5a6e758?s=96&d=mm&r=g","contentUrl":"https:\/\/secure.gravatar.com\/avatar\/ab1ea64f0d4f4c1385f8ef10d5a6e758?s=96&d=mm&r=g","caption":"Julio Cesar"},"url":"https:\/\/www.em.com.br\/emfoco\/author\/juliomyth\/"}]}},"_links":{"self":[{"href":"https:\/\/www.em.com.br\/emfoco\/wp-json\/wp\/v2\/posts\/80716","targetHints":{"allow":["GET"]}}],"collection":[{"href":"https:\/\/www.em.com.br\/emfoco\/wp-json\/wp\/v2\/posts"}],"about":[{"href":"https:\/\/www.em.com.br\/emfoco\/wp-json\/wp\/v2\/types\/post"}],"author":[{"embeddable":true,"href":"https:\/\/www.em.com.br\/emfoco\/wp-json\/wp\/v2\/users\/18"}],"replies":[{"embeddable":true,"href":"https:\/\/www.em.com.br\/emfoco\/wp-json\/wp\/v2\/comments?post=80716"}],"version-history":[{"count":2,"href":"https:\/\/www.em.com.br\/emfoco\/wp-json\/wp\/v2\/posts\/80716\/revisions"}],"predecessor-version":[{"id":80722,"href":"https:\/\/www.em.com.br\/emfoco\/wp-json\/wp\/v2\/posts\/80716\/revisions\/80722"}],"wp:featuredmedia":[{"embeddable":true,"href":"https:\/\/www.em.com.br\/emfoco\/wp-json\/wp\/v2\/media\/80719"}],"wp:attachment":[{"href":"https:\/\/www.em.com.br\/emfoco\/wp-json\/wp\/v2\/media?parent=80716"}],"wp:term":[{"taxonomy":"category","embeddable":true,"href":"https:\/\/www.em.com.br\/emfoco\/wp-json\/wp\/v2\/categories?post=80716"},{"taxonomy":"post_tag","embeddable":true,"href":"https:\/\/www.em.com.br\/emfoco\/wp-json\/wp\/v2\/tags?post=80716"}],"curies":[{"name":"wp","href":"https:\/\/api.w.org\/{rel}","templated":true}]}}