{"id":80661,"date":"2025-07-25T07:38:00","date_gmt":"2025-07-25T10:38:00","guid":{"rendered":"https:\/\/www.em.com.br\/emfoco\/?p=80661"},"modified":"2025-07-23T22:08:59","modified_gmt":"2025-07-24T01:08:59","slug":"o-que-acontece-ao-trocar-acucar-por-frutas-por-7-dias-seguidos","status":"publish","type":"post","link":"https:\/\/www.em.com.br\/emfoco\/2025\/07\/25\/o-que-acontece-ao-trocar-acucar-por-frutas-por-7-dias-seguidos\/","title":{"rendered":"O que acontece ao trocar a\u00e7\u00facar por frutas por 7 dias seguidos"},"content":{"rendered":"\n<p>Trocar o <a href=\"https:\/\/www.em.com.br\/emfoco\/2025\/01\/15\/5-sobremesas-sem-acucar-para-quem-nao-pode-comer-doce\/\" target=\"_blank\" rel=\"noreferrer noopener\">a\u00e7\u00facar <\/a>por frutas por um per\u00edodo de sete dias pode trazer uma s\u00e9rie de benef\u00edcios significativos para o corpo humano. Essa mudan\u00e7a na dieta \u00e9 simples, mas impactante, oferecendo uma forma natural de consumir a\u00e7\u00facares juntamente com fibras, vitaminas e minerais importantes. O resultado dessa experi\u00eancia alimentar pode ser observado em v\u00e1rias \u00e1reas do bem-estar f\u00edsico e mental, promovendo sensa\u00e7\u00f5es de leveza e vitalidade. Esse tipo de desafio alimentar, bastante difundido em cidades como <strong>S\u00e3o Paulo<\/strong> e eventos de sa\u00fade ao redor do mundo, tem se tornado cada vez mais popular nos \u00faltimos anos.<\/p>\n\n\n\n<h2 class=\"wp-block-heading\">Como as frutas afetam o metabolismo?<\/h2>\n\n\n\n<p>Ao substituir o a\u00e7\u00facar refinado presente em doces e bebidas por <a href=\"https:\/\/www.uol.com.br\/vivabem\/noticias\/redacao\/2021\/02\/12\/frutas-e-legumes-podem-ser-usados-para-adocar-doces-e-sobremesas.htm\" target=\"_blank\" rel=\"noreferrer noopener\">frutas<\/a>, o metabolismo passa por um ajuste interessante. As frutas, al\u00e9m de doces, s\u00e3o ricas em nutrientes, o que ajuda a elevar o n\u00edvel de energia sem os picos e vales causados pelo a\u00e7\u00facar processado. Este equil\u00edbrio energ\u00e9tico contribui para uma sensa\u00e7\u00e3o de saciedade mais prolongada, reduzindo a compuls\u00e3o alimentar.<\/p>\n\n\n\n<p>Al\u00e9m disso, frutas como <strong>ma\u00e7\u00e3s<\/strong> e <strong>peras<\/strong> possuem fibras sol\u00faveis que retardam o esvaziamento g\u00e1strico, proporcionando uma digest\u00e3o mais lenta e controlada. Isso auxilia na manuten\u00e7\u00e3o de n\u00edveis est\u00e1veis de glicose no sangue, evitando os altos repentinos de glicose que podem ocorrer ap\u00f3s o consumo de a\u00e7\u00facares refinados.<\/p>\n\n\n\n<h2 class=\"wp-block-heading\">Impacto no sistema digestivo<\/h2>\n\n\n\n<p>O sistema digestivo se beneficia enormemente da inclus\u00e3o exclusiva de frutas na dieta di\u00e1ria por uma semana. As fibras presentes nas frutas promovem um tr\u00e2nsito intestinal mais eficiente, ajudando na preven\u00e7\u00e3o da constipa\u00e7\u00e3o e mantendo um bom n\u00edvel de hidrata\u00e7\u00e3o no intestino. Essa a\u00e7\u00e3o \u00e9 crucial para a sa\u00fade do microbioma, que desempenha um papel vital na digest\u00e3o e na absor\u00e7\u00e3o de nutrientes.<\/p>\n\n\n\n<p>Al\u00e9m das fibras, frutas cont\u00eam enzimas naturais que facilitam a quebra dos alimentos durante o processo digestivo, contribuindo para uma absor\u00e7\u00e3o mais eficaz dos nutrientes. Esse efeito pode ser percept\u00edvel em cidades de clima quente, como <strong>Rio de Janeiro<\/strong>, onde a hidrata\u00e7\u00e3o e o consumo de alimentos frescos s\u00e3o ainda mais valorizados. A resultante \u00e9 um sistema digestivo menos inflado e mais eficiente.<\/p>\n\n\n\n<figure class=\"wp-block-image size-large\"><img loading=\"lazy\" decoding=\"async\" width=\"1024\" height=\"576\" src=\"https:\/\/www.em.com.br\/emfoco\/wp-content\/uploads\/2025\/07\/FRUTAS_1753319177655-1024x576.jpg\" alt=\"O que acontece ao trocar a\u00e7\u00facar por frutas por 7 dias seguidos\" class=\"wp-image-80666\" srcset=\"https:\/\/www.em.com.br\/emfoco\/wp-content\/uploads\/2025\/07\/FRUTAS_1753319177655-1024x576.jpg 1024w, https:\/\/www.em.com.br\/emfoco\/wp-content\/uploads\/2025\/07\/FRUTAS_1753319177655-300x169.jpg 300w, https:\/\/www.em.com.br\/emfoco\/wp-content\/uploads\/2025\/07\/FRUTAS_1753319177655-768x432.jpg 768w, https:\/\/www.em.com.br\/emfoco\/wp-content\/uploads\/2025\/07\/FRUTAS_1753319177655-750x422.jpg 750w, https:\/\/www.em.com.br\/emfoco\/wp-content\/uploads\/2025\/07\/FRUTAS_1753319177655-1140x641.jpg 1140w, https:\/\/www.em.com.br\/emfoco\/wp-content\/uploads\/2025\/07\/FRUTAS_1753319177655.jpg 1280w\" sizes=\"auto, (max-width: 1024px) 100vw, 1024px\" \/><figcaption class=\"wp-element-caption\">Salada de frutas &#8211; Cr\u00e9ditos: depositphotos.com \/ samael334.gmail.com<\/figcaption><\/figure>\n\n\n\n<h2 class=\"wp-block-heading\">Altera\u00e7\u00f5es nos n\u00edveis de energia e disposi\u00e7\u00e3o<\/h2>\n\n\n\n<p>Uma das mudan\u00e7as mais not\u00e1veis ao substituir a\u00e7\u00facares refinados por frutas \u00e9 o aumento na energia e na disposi\u00e7\u00e3o geral. As frutas fornecem a\u00e7\u00facares naturais que s\u00e3o convertidos em energia de forma cont\u00ednua e controlada, ao contr\u00e1rio do a\u00e7\u00facar refinado, que pode levar \u00e0 fadiga ap\u00f3s um r\u00e1pido pico de energia. Isso se traduz em uma sensa\u00e7\u00e3o duradoura de vitalidade e melhor disposi\u00e7\u00e3o mental ao longo do dia.<\/p>\n\n\n\n<p>Al\u00e9m disso, algumas frutas s\u00e3o ricas em vitamina C, como a <strong>laranja<\/strong>, que auxilia na absor\u00e7\u00e3o de ferro, um nutriente essencial para o transporte eficaz de oxig\u00eanio pelo corpo, contribuindo para aumentar ainda mais os n\u00edveis de energia.<\/p>\n\n\n\n<h2 class=\"wp-block-heading\">Benef\u00edcios adicionais para a sa\u00fade mental<\/h2>\n\n\n\n<p>Trocar o a\u00e7\u00facar por frutas pode tamb\u00e9m ter efeitos positivos na sa\u00fade mental. Estudos indicam que dietas ricas em frutas est\u00e3o associadas a um menor risco de depress\u00e3o. A presen\u00e7a de antioxidantes, como flavonoides, em frutas como as frutas vermelhas, pode combater radical livre e reduzir a inflama\u00e7\u00e3o cerebral, fatores que podem desempenhar um papel em desordens mentais.<\/p>\n\n\n\n<p>Al\u00e9m disso, a ingest\u00e3o de frutas ajuda na regula\u00e7\u00e3o dos horm\u00f4nios do humor, incluindo a serotonina, que pode contribuir para uma sensa\u00e7\u00e3o de bem-estar e uma redu\u00e7\u00e3o nos n\u00edveis de estresse e ansiedade percebidos diariamente. Em <strong>2024<\/strong>, diversas pesquisas internacionais mencionaram o impacto positivo desse tipo de alimenta\u00e7\u00e3o na sa\u00fade cognitiva, ressaltando sua import\u00e2ncia em um estilo de vida moderno.<\/p>\n\n\n\n<h2 class=\"wp-block-heading\">Perguntas e respostas<\/h2>\n\n\n\n<ol class=\"wp-block-list\">\n<li><strong>Quais frutas t\u00eam mais fibra?<\/strong> <br>Frutas como ma\u00e7\u00e3s, peras e amoras s\u00e3o ricas em fibras.<\/li>\n\n\n\n<li><strong>Qual \u00e9 o impacto do consumo de frutas na pele?<\/strong> <br>O consumo regular de frutas pode melhorar a sa\u00fade da pele devido \u00e0 presen\u00e7a de vitaminas antioxidantes, como a vitamina C.<\/li>\n\n\n\n<li><strong>As frutas s\u00e3o adequadas para todas as dietas?<\/strong> <br>Sim, frutas s\u00e3o uma parte essencial de qualquer dieta equilibrada, mas \u00e9 importante escolher as frutas certas e considerar as necessidades nutricionais individuais.<\/li>\n\n\n\n<li><strong>Trocar a\u00e7\u00facar por frutas pode ajudar na perda de peso?<\/strong> <br>Sim, pois as frutas fornecem energia sustentada e cont\u00eam menos calorias que o a\u00e7\u00facar refinado, promovendo a perda de peso quando integrada com outras pr\u00e1ticas saud\u00e1veis.<\/li>\n<\/ol>\n","protected":false},"excerpt":{"rendered":"<p>Trocar o a\u00e7\u00facar por frutas por um per\u00edodo de sete dias pode trazer uma s\u00e9rie de benef\u00edcios significativos para o corpo humano. Essa mudan\u00e7a na dieta \u00e9 simples, mas impactante, oferecendo uma forma natural de consumir a\u00e7\u00facares juntamente com fibras, vitaminas e minerais importantes. O resultado dessa experi\u00eancia alimentar pode ser observado em v\u00e1rias \u00e1reas [&hellip;]<\/p>\n","protected":false},"author":18,"featured_media":80664,"comment_status":"open","ping_status":"open","sticky":false,"template":"","format":"standard","meta":{"jnews-multi-image_gallery":[],"jnews_single_post":{"format":"standard"},"jnews_primary_category":[],"jnews_social_meta":[],"jnews_override_counter":[],"footnotes":""},"categories":[9053],"tags":[3508,2555,415],"class_list":["post-80661","post","type-post","status-publish","format-standard","has-post-thumbnail","hentry","category-saude","tag-acucar","tag-frutas","tag-saude"],"yoast_head":"<!-- This site is optimized with the Yoast SEO plugin v23.8 - https:\/\/yoast.com\/wordpress\/plugins\/seo\/ -->\n<title>O que acontece ao trocar a\u00e7\u00facar por frutas por 7 dias seguidos - Estado de Minas - Em foco<\/title>\n<meta name=\"description\" content=\"Voc\u00ea sabe o que acontece com seu corpo em 7 dias sem a\u00e7\u00facar refinado? Os resultados dessa troca por frutas v\u00e3o te surpreender profundamente.\" \/>\n<meta name=\"robots\" content=\"index, follow, max-snippet:-1, max-image-preview:large, max-video-preview:-1\" \/>\n<link rel=\"canonical\" href=\"https:\/\/www.em.com.br\/emfoco\/2025\/07\/25\/o-que-acontece-ao-trocar-acucar-por-frutas-por-7-dias-seguidos\/\" \/>\n<meta property=\"og:locale\" content=\"pt_BR\" \/>\n<meta property=\"og:type\" content=\"article\" \/>\n<meta property=\"og:title\" content=\"O que acontece ao trocar a\u00e7\u00facar por frutas por 7 dias seguidos - Estado de Minas - Em foco\" \/>\n<meta property=\"og:description\" content=\"Voc\u00ea sabe o que acontece com seu corpo em 7 dias sem a\u00e7\u00facar refinado? Os resultados dessa troca por frutas v\u00e3o te surpreender profundamente.\" \/>\n<meta property=\"og:url\" content=\"https:\/\/www.em.com.br\/emfoco\/2025\/07\/25\/o-que-acontece-ao-trocar-acucar-por-frutas-por-7-dias-seguidos\/\" \/>\n<meta property=\"og:site_name\" content=\"Estado de Minas - Em foco\" \/>\n<meta property=\"article:published_time\" content=\"2025-07-25T10:38:00+00:00\" \/>\n<meta property=\"article:modified_time\" content=\"2025-07-24T01:08:59+00:00\" \/>\n<meta property=\"og:image\" content=\"https:\/\/www.em.com.br\/emfoco\/wp-content\/uploads\/2025\/07\/FRUTAS_1753319115674.jpg\" \/>\n\t<meta property=\"og:image:width\" content=\"1280\" \/>\n\t<meta property=\"og:image:height\" content=\"720\" \/>\n\t<meta property=\"og:image:type\" content=\"image\/jpeg\" \/>\n<meta name=\"author\" content=\"Julio Cesar\" \/>\n<meta name=\"twitter:card\" content=\"summary_large_image\" \/>\n<meta name=\"twitter:label1\" content=\"Escrito por\" \/>\n\t<meta name=\"twitter:data1\" content=\"Julio Cesar\" \/>\n\t<meta name=\"twitter:label2\" content=\"Est. tempo de leitura\" \/>\n\t<meta name=\"twitter:data2\" content=\"5 minutos\" \/>\n<!-- \/ Yoast SEO plugin. -->","yoast_head_json":{"title":"O que acontece ao trocar a\u00e7\u00facar por frutas por 7 dias seguidos - Estado de Minas - Em foco","description":"Voc\u00ea sabe o que acontece com seu corpo em 7 dias sem a\u00e7\u00facar refinado? Os resultados dessa troca por frutas v\u00e3o te surpreender profundamente.","robots":{"index":"index","follow":"follow","max-snippet":"max-snippet:-1","max-image-preview":"max-image-preview:large","max-video-preview":"max-video-preview:-1"},"canonical":"https:\/\/www.em.com.br\/emfoco\/2025\/07\/25\/o-que-acontece-ao-trocar-acucar-por-frutas-por-7-dias-seguidos\/","og_locale":"pt_BR","og_type":"article","og_title":"O que acontece ao trocar a\u00e7\u00facar por frutas por 7 dias seguidos - Estado de Minas - Em foco","og_description":"Voc\u00ea sabe o que acontece com seu corpo em 7 dias sem a\u00e7\u00facar refinado? Os resultados dessa troca por frutas v\u00e3o te surpreender profundamente.","og_url":"https:\/\/www.em.com.br\/emfoco\/2025\/07\/25\/o-que-acontece-ao-trocar-acucar-por-frutas-por-7-dias-seguidos\/","og_site_name":"Estado de Minas - Em foco","article_published_time":"2025-07-25T10:38:00+00:00","article_modified_time":"2025-07-24T01:08:59+00:00","og_image":[{"width":1280,"height":720,"url":"https:\/\/www.em.com.br\/emfoco\/wp-content\/uploads\/2025\/07\/FRUTAS_1753319115674.jpg","type":"image\/jpeg"}],"author":"Julio Cesar","twitter_card":"summary_large_image","twitter_misc":{"Escrito por":"Julio Cesar","Est. tempo de leitura":"5 minutos"},"schema":{"@context":"https:\/\/schema.org","@graph":[{"@type":"WebPage","@id":"https:\/\/www.em.com.br\/emfoco\/2025\/07\/25\/o-que-acontece-ao-trocar-acucar-por-frutas-por-7-dias-seguidos\/","url":"https:\/\/www.em.com.br\/emfoco\/2025\/07\/25\/o-que-acontece-ao-trocar-acucar-por-frutas-por-7-dias-seguidos\/","name":"O que acontece ao trocar a\u00e7\u00facar por frutas por 7 dias seguidos - Estado de Minas - Em foco","isPartOf":{"@id":"https:\/\/www.em.com.br\/emfoco\/#website"},"primaryImageOfPage":{"@id":"https:\/\/www.em.com.br\/emfoco\/2025\/07\/25\/o-que-acontece-ao-trocar-acucar-por-frutas-por-7-dias-seguidos\/#primaryimage"},"image":{"@id":"https:\/\/www.em.com.br\/emfoco\/2025\/07\/25\/o-que-acontece-ao-trocar-acucar-por-frutas-por-7-dias-seguidos\/#primaryimage"},"thumbnailUrl":"https:\/\/www.em.com.br\/emfoco\/wp-content\/uploads\/2025\/07\/FRUTAS_1753319115674.jpg","datePublished":"2025-07-25T10:38:00+00:00","dateModified":"2025-07-24T01:08:59+00:00","author":{"@id":"https:\/\/www.em.com.br\/emfoco\/#\/schema\/person\/08c4a03e38018bbab9038d5f788321fc"},"description":"Voc\u00ea sabe o que acontece com seu corpo em 7 dias sem a\u00e7\u00facar refinado? Os resultados dessa troca por frutas v\u00e3o te surpreender profundamente.","breadcrumb":{"@id":"https:\/\/www.em.com.br\/emfoco\/2025\/07\/25\/o-que-acontece-ao-trocar-acucar-por-frutas-por-7-dias-seguidos\/#breadcrumb"},"inLanguage":"pt-BR","potentialAction":[{"@type":"ReadAction","target":["https:\/\/www.em.com.br\/emfoco\/2025\/07\/25\/o-que-acontece-ao-trocar-acucar-por-frutas-por-7-dias-seguidos\/"]}]},{"@type":"ImageObject","inLanguage":"pt-BR","@id":"https:\/\/www.em.com.br\/emfoco\/2025\/07\/25\/o-que-acontece-ao-trocar-acucar-por-frutas-por-7-dias-seguidos\/#primaryimage","url":"https:\/\/www.em.com.br\/emfoco\/wp-content\/uploads\/2025\/07\/FRUTAS_1753319115674.jpg","contentUrl":"https:\/\/www.em.com.br\/emfoco\/wp-content\/uploads\/2025\/07\/FRUTAS_1753319115674.jpg","width":1280,"height":720,"caption":"V\u00e1rias frutas - Cr\u00e9ditos: depositphotos.com \/ Valentyn_Volkov"},{"@type":"BreadcrumbList","@id":"https:\/\/www.em.com.br\/emfoco\/2025\/07\/25\/o-que-acontece-ao-trocar-acucar-por-frutas-por-7-dias-seguidos\/#breadcrumb","itemListElement":[{"@type":"ListItem","position":1,"name":"In\u00edcio","item":"https:\/\/www.em.com.br\/emfoco\/"},{"@type":"ListItem","position":2,"name":"O que acontece ao trocar a\u00e7\u00facar por frutas por 7 dias seguidos"}]},{"@type":"WebSite","@id":"https:\/\/www.em.com.br\/emfoco\/#website","url":"https:\/\/www.em.com.br\/emfoco\/","name":"Estado de Minas - Em foco","description":"Acompanhe as \u00faltimas not\u00edcias e fique bem informado sobre tudo o que acontece em Minas Gerais, Brasil e no mundo.","potentialAction":[{"@type":"SearchAction","target":{"@type":"EntryPoint","urlTemplate":"https:\/\/www.em.com.br\/emfoco\/?s={search_term_string}"},"query-input":{"@type":"PropertyValueSpecification","valueRequired":true,"valueName":"search_term_string"}}],"inLanguage":"pt-BR"},{"@type":"Person","@id":"https:\/\/www.em.com.br\/emfoco\/#\/schema\/person\/08c4a03e38018bbab9038d5f788321fc","name":"Julio Cesar","image":{"@type":"ImageObject","inLanguage":"pt-BR","@id":"https:\/\/www.em.com.br\/emfoco\/#\/schema\/person\/image\/","url":"https:\/\/secure.gravatar.com\/avatar\/ab1ea64f0d4f4c1385f8ef10d5a6e758?s=96&d=mm&r=g","contentUrl":"https:\/\/secure.gravatar.com\/avatar\/ab1ea64f0d4f4c1385f8ef10d5a6e758?s=96&d=mm&r=g","caption":"Julio Cesar"},"url":"https:\/\/www.em.com.br\/emfoco\/author\/juliomyth\/"}]}},"_links":{"self":[{"href":"https:\/\/www.em.com.br\/emfoco\/wp-json\/wp\/v2\/posts\/80661","targetHints":{"allow":["GET"]}}],"collection":[{"href":"https:\/\/www.em.com.br\/emfoco\/wp-json\/wp\/v2\/posts"}],"about":[{"href":"https:\/\/www.em.com.br\/emfoco\/wp-json\/wp\/v2\/types\/post"}],"author":[{"embeddable":true,"href":"https:\/\/www.em.com.br\/emfoco\/wp-json\/wp\/v2\/users\/18"}],"replies":[{"embeddable":true,"href":"https:\/\/www.em.com.br\/emfoco\/wp-json\/wp\/v2\/comments?post=80661"}],"version-history":[{"count":2,"href":"https:\/\/www.em.com.br\/emfoco\/wp-json\/wp\/v2\/posts\/80661\/revisions"}],"predecessor-version":[{"id":80668,"href":"https:\/\/www.em.com.br\/emfoco\/wp-json\/wp\/v2\/posts\/80661\/revisions\/80668"}],"wp:featuredmedia":[{"embeddable":true,"href":"https:\/\/www.em.com.br\/emfoco\/wp-json\/wp\/v2\/media\/80664"}],"wp:attachment":[{"href":"https:\/\/www.em.com.br\/emfoco\/wp-json\/wp\/v2\/media?parent=80661"}],"wp:term":[{"taxonomy":"category","embeddable":true,"href":"https:\/\/www.em.com.br\/emfoco\/wp-json\/wp\/v2\/categories?post=80661"},{"taxonomy":"post_tag","embeddable":true,"href":"https:\/\/www.em.com.br\/emfoco\/wp-json\/wp\/v2\/tags?post=80661"}],"curies":[{"name":"wp","href":"https:\/\/api.w.org\/{rel}","templated":true}]}}