{"id":80590,"date":"2025-07-24T13:50:00","date_gmt":"2025-07-24T16:50:00","guid":{"rendered":"https:\/\/www.em.com.br\/emfoco\/?p=80590"},"modified":"2025-07-24T07:15:42","modified_gmt":"2025-07-24T10:15:42","slug":"o-que-acontece-quando-voce-toma-creatina-todos-os-dias-nutricionista-matheus-davila-explica","status":"publish","type":"post","link":"https:\/\/www.em.com.br\/emfoco\/2025\/07\/24\/o-que-acontece-quando-voce-toma-creatina-todos-os-dias-nutricionista-matheus-davila-explica\/","title":{"rendered":"O que acontece quando voc\u00ea toma creatina todos os dias? Nutricionista Matheus D\u2019Avila explica"},"content":{"rendered":"\n<p><strong>A creatina \u00e9 um dos suplementos mais estudados e utilizados no mundo da nutri\u00e7\u00e3o esportiva.<\/strong> De acordo com Matheus D\u2019Avila, nutricionista e especialista em emagrecimento, os efeitos do uso di\u00e1rio da creatina s\u00e3o percept\u00edveis j\u00e1 nos primeiros dias, variando de aumento de for\u00e7a e resist\u00eancia at\u00e9 benef\u00edcios para a sa\u00fade cerebral.<\/p>\n\n\n\n<p>Neste artigo, voc\u00ea vai entender o que a creatina faz no organismo, como ela influencia o desempenho f\u00edsico, se realmente causa incha\u00e7o ou queda de cabelo e quais resultados esperar ao us\u00e1-la de forma cont\u00ednua.<\/p>\n\n\n\n<h2 class=\"wp-block-heading\">O que muda no corpo nos primeiros dias de creatina?<\/h2>\n\n\n\n<p>Nos primeiros dias de uso, a creatina aumenta o armazenamento de \u00e1gua dentro das c\u00e9lulas musculares, o que deixa os m\u00fasculos com apar\u00eancia mais cheia e densa. Essa reten\u00e7\u00e3o h\u00eddrica intracelular tamb\u00e9m provoca um leve aumento de peso na balan\u00e7a, mas sem rela\u00e7\u00e3o com ganho de gordura.<\/p>\n\n\n\n<blockquote class=\"wp-block-quote is-layout-flow wp-block-quote-is-layout-flow\">\n<p>&#8220;a creatina armazena \u00e1gua dentro das suas c\u00e9lulas musculares deixando seus m\u00fasculos cheios e densos&#8221;<\/p>\n<\/blockquote>\n\n\n\n<p>Esse efeito inicial \u00e9 natural e indica que o suplemento est\u00e1 funcionando, ajudando a otimizar a hidrata\u00e7\u00e3o e a energia muscular.<\/p>\n\n\n\n<h2 class=\"wp-block-heading\">Creatina causa queda de cabelo?<\/h2>\n\n\n\n<p>Um dos mitos mais comuns sobre a creatina \u00e9 a suposta rela\u00e7\u00e3o com queda de cabelo. Matheus D\u2019Avila refor\u00e7a que n\u00e3o h\u00e1 evid\u00eancias de que o suplemento cause queda capilar nos primeiros dias de uso. A pesquisa cient\u00edfica dispon\u00edvel n\u00e3o comprova esse efeito, especialmente em pessoas saud\u00e1veis.<\/p>\n\n\n\n<blockquote class=\"wp-block-quote is-layout-flow wp-block-quote-is-layout-flow\">\n<p>&#8220;e n\u00e3o voc\u00ea n\u00e3o vai perder o cabelo nos primeiros dias&#8221;<\/p>\n\n\n<div class=\"wp-block-image\">\n<figure class=\"aligncenter size-large\"><img loading=\"lazy\" decoding=\"async\" width=\"1024\" height=\"576\" src=\"https:\/\/www.em.com.br\/emfoco\/wp-content\/uploads\/2025\/06\/creatina_1750310265145-1024x576.jpg\" alt=\"\" class=\"wp-image-63814\" srcset=\"https:\/\/www.em.com.br\/emfoco\/wp-content\/uploads\/2025\/06\/creatina_1750310265145-1024x576.jpg 1024w, https:\/\/www.em.com.br\/emfoco\/wp-content\/uploads\/2025\/06\/creatina_1750310265145-300x169.jpg 300w, https:\/\/www.em.com.br\/emfoco\/wp-content\/uploads\/2025\/06\/creatina_1750310265145-768x432.jpg 768w, https:\/\/www.em.com.br\/emfoco\/wp-content\/uploads\/2025\/06\/creatina_1750310265145-750x422.jpg 750w, https:\/\/www.em.com.br\/emfoco\/wp-content\/uploads\/2025\/06\/creatina_1750310265145-1140x641.jpg 1140w, https:\/\/www.em.com.br\/emfoco\/wp-content\/uploads\/2025\/06\/creatina_1750310265145.jpg 1280w\" sizes=\"auto, (max-width: 1024px) 100vw, 1024px\" \/><figcaption class=\"wp-element-caption\">Atleta servindo por\u00e7ao de cratina &#8211; Cr\u00e9ditos: depositphotos.com \/ EdgarBJ<\/figcaption><\/figure><\/div><\/blockquote>\n\n\n\n<p>O foco principal da creatina \u00e9 otimizar a produ\u00e7\u00e3o de energia nas c\u00e9lulas, especialmente durante exerc\u00edcios de alta intensidade, e n\u00e3o alterar diretamente horm\u00f4nios relacionados \u00e0 queda capilar.<\/p>\n\n\n\n<h2 class=\"wp-block-heading\">Quais benef\u00edcios aparecem ap\u00f3s algumas semanas?<\/h2>\n\n\n\n<p>Depois de uma semana de uso cont\u00ednuo, a produ\u00e7\u00e3o de ATP (a principal fonte de energia celular) aumenta, melhorando for\u00e7a, resist\u00eancia e a capacidade de recupera\u00e7\u00e3o entre os treinos. Isso favorece a queima de calorias e, como consequ\u00eancia, auxilia na perda de gordura.<\/p>\n\n\n\n<blockquote class=\"wp-block-quote is-layout-flow wp-block-quote-is-layout-flow\">\n<p>&#8220;depois de uma semana a produ\u00e7\u00e3o de ATP aumenta aumentando sua for\u00e7a e resist\u00eancia deixando a sua recupera\u00e7\u00e3o mais r\u00e1pida&#8221;<\/p>\n<\/blockquote>\n\n\n\n<p>Ap\u00f3s duas semanas, h\u00e1 est\u00edmulo para o crescimento muscular por meio do aumento da atividade das c\u00e9lulas sat\u00e9lites, que ajudam na repara\u00e7\u00e3o e no desenvolvimento das fibras musculares. Al\u00e9m disso, a creatina oferece um efeito protetor para os neur\u00f4nios e pode at\u00e9 reduzir riscos relacionados \u00e0 depress\u00e3o.<\/p>\n\n\n\n<h2 class=\"wp-block-heading\">O que esperar ap\u00f3s um m\u00eas de suplementa\u00e7\u00e3o?<\/h2>\n\n\n\n<p>Com cerca de um m\u00eas de uso cont\u00ednuo, a creatina potencializa a a\u00e7\u00e3o do horm\u00f4nio do crescimento e melhora o aproveitamento dos carboidratos, fazendo com que sejam usados como energia em vez de armazenados como gordura. Esse conjunto de efeitos contribui para o ganho de massa magra e redu\u00e7\u00e3o de gordura corporal.<\/p>\n\n\n\n<blockquote class=\"wp-block-quote is-layout-flow wp-block-quote-is-layout-flow\">\n<p>&#8220;depois de um m\u00eas seu horm\u00f4nio do crescimento sobe seus m\u00fasculos usam carboidratos pra obter energia ao inv\u00e9s de armazenar eles como gordura&#8221;<\/p>\n<\/blockquote>\n\n\n\n<p>Aliada a uma dieta equilibrada e treinos consistentes, a creatina \u00e9 considerada um dos suplementos mais eficazes para quem busca desempenho f\u00edsico e mudan\u00e7as na composi\u00e7\u00e3o corporal.<\/p>\n\n\n\n<h2 class=\"wp-block-heading\">Fontes Oficiais<\/h2>\n\n\n\n<ul class=\"wp-block-list\">\n<li>Minist\u00e9rio da Sa\u00fade \u2013 Vigil\u00e2ncia Sanit\u00e1ria: Suplementos Alimentares (site da Anvisa):<br><a href=\"https:\/\/www.gov.br\/anvisa\/pt-br\/assuntos\/alimentos\/suplementos-alimentares\" target=\"_blank\" rel=\"noreferrer noopener\">https:\/\/www.gov.br\/anvisa\/pt-br\/assuntos\/alimentos\/suplementos-alimentares<\/a><\/li>\n\n\n\n<li>Harvard Health Publishing \u2013 Creatine and Exercise Performance:<br><a href=\"https:\/\/www.health.harvard.edu\/staying-healthy\/creatine-and-exercise-performance\" target=\"_blank\" rel=\"noreferrer noopener\">https:\/\/www.health.harvard.edu\/staying-healthy\/creatine-and-exercise-performance<\/a><\/li>\n\n\n\n<li>International Society of Sports Nutrition \u2013 Creatine Position Stand:<br><a href=\"https:\/\/jissn.biomedcentral.com\/articles\/10.1186\/1550-2783-4-6\" target=\"_blank\" rel=\"noreferrer noopener\">https:\/\/jissn.biomedcentral.com\/articles\/10.1186\/1550-2783-4-6<\/a><\/li>\n\n\n\n<li>Organiza\u00e7\u00e3o Mundial da Sa\u00fade \u2013 Recomenda\u00e7\u00f5es de Atividade F\u00edsica:<br><a href=\"https:\/\/www.who.int\/news-room\/fact-sheets\/detail\/physical-activity\" target=\"_blank\" rel=\"noreferrer noopener\">https:\/\/www.who.int\/news-room\/fact-sheets\/detail\/physical-activity<\/a><\/li>\n<\/ul>\n","protected":false},"excerpt":{"rendered":"<p>A creatina \u00e9 um dos suplementos mais estudados e utilizados no mundo da nutri\u00e7\u00e3o esportiva. De acordo com Matheus D\u2019Avila, nutricionista e especialista em emagrecimento, os efeitos do uso di\u00e1rio da creatina s\u00e3o percept\u00edveis j\u00e1 nos primeiros dias, variando de aumento de for\u00e7a e resist\u00eancia at\u00e9 benef\u00edcios para a sa\u00fade cerebral. Neste artigo, voc\u00ea vai [&hellip;]<\/p>\n","protected":false},"author":17,"featured_media":80699,"comment_status":"open","ping_status":"open","sticky":false,"template":"","format":"standard","meta":{"jnews-multi-image_gallery":[],"jnews_single_post":{"format":"standard"},"jnews_primary_category":[],"jnews_social_meta":[],"jnews_override_counter":[],"footnotes":""},"categories":[9053],"tags":[4072,3509,327,415],"class_list":["post-80590","post","type-post","status-publish","format-standard","has-post-thumbnail","hentry","category-saude","tag-creatina","tag-nutricao","tag-qualidade-de-vida","tag-saude"],"yoast_head":"<!-- This site is optimized with the Yoast SEO plugin v23.8 - https:\/\/yoast.com\/wordpress\/plugins\/seo\/ -->\n<title>O que acontece quando voc\u00ea toma creatina todos os dias? Nutricionista Matheus D\u2019Avila explica - Estado de Minas - Em foco<\/title>\n<meta name=\"description\" content=\"Matheus D\u2019Avila explica o que acontece quando voc\u00ea toma creatina todos os dias, seus benef\u00edcios e mitos sobre o suplemento.\" \/>\n<meta name=\"robots\" content=\"index, follow, max-snippet:-1, max-image-preview:large, max-video-preview:-1\" \/>\n<link rel=\"canonical\" href=\"https:\/\/www.em.com.br\/emfoco\/2025\/07\/24\/o-que-acontece-quando-voce-toma-creatina-todos-os-dias-nutricionista-matheus-davila-explica\/\" \/>\n<meta property=\"og:locale\" content=\"pt_BR\" \/>\n<meta property=\"og:type\" content=\"article\" \/>\n<meta property=\"og:title\" content=\"O que acontece quando voc\u00ea toma creatina todos os dias? Nutricionista Matheus D\u2019Avila explica - Estado de Minas - Em foco\" \/>\n<meta property=\"og:description\" content=\"Matheus D\u2019Avila explica o que acontece quando voc\u00ea toma creatina todos os dias, seus benef\u00edcios e mitos sobre o suplemento.\" \/>\n<meta property=\"og:url\" content=\"https:\/\/www.em.com.br\/emfoco\/2025\/07\/24\/o-que-acontece-quando-voce-toma-creatina-todos-os-dias-nutricionista-matheus-davila-explica\/\" \/>\n<meta property=\"og:site_name\" content=\"Estado de Minas - Em foco\" \/>\n<meta property=\"article:published_time\" content=\"2025-07-24T16:50:00+00:00\" \/>\n<meta property=\"article:modified_time\" content=\"2025-07-24T10:15:42+00:00\" \/>\n<meta property=\"og:image\" content=\"https:\/\/www.em.com.br\/emfoco\/wp-content\/uploads\/2025\/07\/creatina_1753352087409.jpg\" \/>\n\t<meta property=\"og:image:width\" content=\"1280\" \/>\n\t<meta property=\"og:image:height\" content=\"720\" \/>\n\t<meta property=\"og:image:type\" content=\"image\/jpeg\" \/>\n<meta name=\"author\" content=\"Lucas Sampaio\" \/>\n<meta name=\"twitter:card\" content=\"summary_large_image\" \/>\n<meta name=\"twitter:label1\" content=\"Escrito por\" \/>\n\t<meta name=\"twitter:data1\" content=\"Lucas Sampaio\" \/>\n\t<meta name=\"twitter:label2\" content=\"Est. tempo de leitura\" \/>\n\t<meta name=\"twitter:data2\" content=\"3 minutos\" \/>\n<!-- \/ Yoast SEO plugin. -->","yoast_head_json":{"title":"O que acontece quando voc\u00ea toma creatina todos os dias? Nutricionista Matheus D\u2019Avila explica - Estado de Minas - Em foco","description":"Matheus D\u2019Avila explica o que acontece quando voc\u00ea toma creatina todos os dias, seus benef\u00edcios e mitos sobre o suplemento.","robots":{"index":"index","follow":"follow","max-snippet":"max-snippet:-1","max-image-preview":"max-image-preview:large","max-video-preview":"max-video-preview:-1"},"canonical":"https:\/\/www.em.com.br\/emfoco\/2025\/07\/24\/o-que-acontece-quando-voce-toma-creatina-todos-os-dias-nutricionista-matheus-davila-explica\/","og_locale":"pt_BR","og_type":"article","og_title":"O que acontece quando voc\u00ea toma creatina todos os dias? Nutricionista Matheus D\u2019Avila explica - Estado de Minas - Em foco","og_description":"Matheus D\u2019Avila explica o que acontece quando voc\u00ea toma creatina todos os dias, seus benef\u00edcios e mitos sobre o suplemento.","og_url":"https:\/\/www.em.com.br\/emfoco\/2025\/07\/24\/o-que-acontece-quando-voce-toma-creatina-todos-os-dias-nutricionista-matheus-davila-explica\/","og_site_name":"Estado de Minas - Em foco","article_published_time":"2025-07-24T16:50:00+00:00","article_modified_time":"2025-07-24T10:15:42+00:00","og_image":[{"width":1280,"height":720,"url":"https:\/\/www.em.com.br\/emfoco\/wp-content\/uploads\/2025\/07\/creatina_1753352087409.jpg","type":"image\/jpeg"}],"author":"Lucas Sampaio","twitter_card":"summary_large_image","twitter_misc":{"Escrito por":"Lucas Sampaio","Est. tempo de leitura":"3 minutos"},"schema":{"@context":"https:\/\/schema.org","@graph":[{"@type":"WebPage","@id":"https:\/\/www.em.com.br\/emfoco\/2025\/07\/24\/o-que-acontece-quando-voce-toma-creatina-todos-os-dias-nutricionista-matheus-davila-explica\/","url":"https:\/\/www.em.com.br\/emfoco\/2025\/07\/24\/o-que-acontece-quando-voce-toma-creatina-todos-os-dias-nutricionista-matheus-davila-explica\/","name":"O que acontece quando voc\u00ea toma creatina todos os dias? Nutricionista Matheus D\u2019Avila explica - Estado de Minas - Em foco","isPartOf":{"@id":"https:\/\/www.em.com.br\/emfoco\/#website"},"primaryImageOfPage":{"@id":"https:\/\/www.em.com.br\/emfoco\/2025\/07\/24\/o-que-acontece-quando-voce-toma-creatina-todos-os-dias-nutricionista-matheus-davila-explica\/#primaryimage"},"image":{"@id":"https:\/\/www.em.com.br\/emfoco\/2025\/07\/24\/o-que-acontece-quando-voce-toma-creatina-todos-os-dias-nutricionista-matheus-davila-explica\/#primaryimage"},"thumbnailUrl":"https:\/\/www.em.com.br\/emfoco\/wp-content\/uploads\/2025\/07\/creatina_1753352087409.jpg","datePublished":"2025-07-24T16:50:00+00:00","dateModified":"2025-07-24T10:15:42+00:00","author":{"@id":"https:\/\/www.em.com.br\/emfoco\/#\/schema\/person\/9ad4c536bd87f5bb8006420332b99aef"},"description":"Matheus D\u2019Avila explica o que acontece quando voc\u00ea toma creatina todos os dias, seus benef\u00edcios e mitos sobre o suplemento.","breadcrumb":{"@id":"https:\/\/www.em.com.br\/emfoco\/2025\/07\/24\/o-que-acontece-quando-voce-toma-creatina-todos-os-dias-nutricionista-matheus-davila-explica\/#breadcrumb"},"inLanguage":"pt-BR","potentialAction":[{"@type":"ReadAction","target":["https:\/\/www.em.com.br\/emfoco\/2025\/07\/24\/o-que-acontece-quando-voce-toma-creatina-todos-os-dias-nutricionista-matheus-davila-explica\/"]}]},{"@type":"ImageObject","inLanguage":"pt-BR","@id":"https:\/\/www.em.com.br\/emfoco\/2025\/07\/24\/o-que-acontece-quando-voce-toma-creatina-todos-os-dias-nutricionista-matheus-davila-explica\/#primaryimage","url":"https:\/\/www.em.com.br\/emfoco\/wp-content\/uploads\/2025\/07\/creatina_1753352087409.jpg","contentUrl":"https:\/\/www.em.com.br\/emfoco\/wp-content\/uploads\/2025\/07\/creatina_1753352087409.jpg","width":1280,"height":720,"caption":"Pote de creatina - Cr\u00e9ditos: depositphotos.com \/ rmcarvalhobsb"},{"@type":"BreadcrumbList","@id":"https:\/\/www.em.com.br\/emfoco\/2025\/07\/24\/o-que-acontece-quando-voce-toma-creatina-todos-os-dias-nutricionista-matheus-davila-explica\/#breadcrumb","itemListElement":[{"@type":"ListItem","position":1,"name":"In\u00edcio","item":"https:\/\/www.em.com.br\/emfoco\/"},{"@type":"ListItem","position":2,"name":"O que acontece quando voc\u00ea toma creatina todos os dias? Nutricionista Matheus D\u2019Avila explica"}]},{"@type":"WebSite","@id":"https:\/\/www.em.com.br\/emfoco\/#website","url":"https:\/\/www.em.com.br\/emfoco\/","name":"Estado de Minas - Em foco","description":"Acompanhe as \u00faltimas not\u00edcias e fique bem informado sobre tudo o que acontece em Minas Gerais, Brasil e no mundo.","potentialAction":[{"@type":"SearchAction","target":{"@type":"EntryPoint","urlTemplate":"https:\/\/www.em.com.br\/emfoco\/?s={search_term_string}"},"query-input":{"@type":"PropertyValueSpecification","valueRequired":true,"valueName":"search_term_string"}}],"inLanguage":"pt-BR"},{"@type":"Person","@id":"https:\/\/www.em.com.br\/emfoco\/#\/schema\/person\/9ad4c536bd87f5bb8006420332b99aef","name":"Lucas Sampaio","image":{"@type":"ImageObject","inLanguage":"pt-BR","@id":"https:\/\/www.em.com.br\/emfoco\/#\/schema\/person\/image\/","url":"https:\/\/secure.gravatar.com\/avatar\/2696b9676ad143cd7135b717faf6f79f?s=96&d=mm&r=g","contentUrl":"https:\/\/secure.gravatar.com\/avatar\/2696b9676ad143cd7135b717faf6f79f?s=96&d=mm&r=g","caption":"Lucas Sampaio"},"sameAs":["https:\/\/www.em.com.br\/emfoco\/"],"url":"https:\/\/www.em.com.br\/emfoco\/author\/lucasmyth\/"}]}},"_links":{"self":[{"href":"https:\/\/www.em.com.br\/emfoco\/wp-json\/wp\/v2\/posts\/80590","targetHints":{"allow":["GET"]}}],"collection":[{"href":"https:\/\/www.em.com.br\/emfoco\/wp-json\/wp\/v2\/posts"}],"about":[{"href":"https:\/\/www.em.com.br\/emfoco\/wp-json\/wp\/v2\/types\/post"}],"author":[{"embeddable":true,"href":"https:\/\/www.em.com.br\/emfoco\/wp-json\/wp\/v2\/users\/17"}],"replies":[{"embeddable":true,"href":"https:\/\/www.em.com.br\/emfoco\/wp-json\/wp\/v2\/comments?post=80590"}],"version-history":[{"count":3,"href":"https:\/\/www.em.com.br\/emfoco\/wp-json\/wp\/v2\/posts\/80590\/revisions"}],"predecessor-version":[{"id":80700,"href":"https:\/\/www.em.com.br\/emfoco\/wp-json\/wp\/v2\/posts\/80590\/revisions\/80700"}],"wp:featuredmedia":[{"embeddable":true,"href":"https:\/\/www.em.com.br\/emfoco\/wp-json\/wp\/v2\/media\/80699"}],"wp:attachment":[{"href":"https:\/\/www.em.com.br\/emfoco\/wp-json\/wp\/v2\/media?parent=80590"}],"wp:term":[{"taxonomy":"category","embeddable":true,"href":"https:\/\/www.em.com.br\/emfoco\/wp-json\/wp\/v2\/categories?post=80590"},{"taxonomy":"post_tag","embeddable":true,"href":"https:\/\/www.em.com.br\/emfoco\/wp-json\/wp\/v2\/tags?post=80590"}],"curies":[{"name":"wp","href":"https:\/\/api.w.org\/{rel}","templated":true}]}}