{"id":80588,"date":"2025-07-24T22:50:00","date_gmt":"2025-07-25T01:50:00","guid":{"rendered":"https:\/\/www.em.com.br\/emfoco\/?p=80588"},"modified":"2025-07-24T07:34:51","modified_gmt":"2025-07-24T10:34:51","slug":"dra-marianna-magri-medica-fazer-academia-com-o-namorado-pode-mudar-sua-vida","status":"publish","type":"post","link":"https:\/\/www.em.com.br\/emfoco\/2025\/07\/24\/dra-marianna-magri-medica-fazer-academia-com-o-namorado-pode-mudar-sua-vida\/","title":{"rendered":"Dra. Marianna Magri, m\u00e9dica, \u201cfazer academia com o namorado pode mudar sua vida\u201d"},"content":{"rendered":"\n<p><strong>A pr\u00e1tica de exerc\u00edcios f\u00edsicos em casal pode transformar a rela\u00e7\u00e3o, fortalecendo o v\u00ednculo e a motiva\u00e7\u00e3o de ambos.<\/strong> Marianna Magri, criadora de conte\u00fado sobre sa\u00fade e lifestyle, destaca que dividir momentos na academia n\u00e3o \u00e9 apenas bom para o corpo, mas tamb\u00e9m para o relacionamento.<\/p>\n\n\n\n<p>Neste artigo, voc\u00ea vai descobrir como treinar ao lado do parceiro pode melhorar a conex\u00e3o emocional, aumentar a disposi\u00e7\u00e3o e at\u00e9 favorecer a libera\u00e7\u00e3o de horm\u00f4nios ligados ao bem-estar.<\/p>\n\n\n\n<h2 class=\"wp-block-heading\">Por que treinar em casal pode fazer diferen\u00e7a?<\/h2>\n\n\n\n<p>Quando duas pessoas treinam juntas, h\u00e1 um aumento natural na libera\u00e7\u00e3o de endorfina, o horm\u00f4nio conhecido por gerar sensa\u00e7\u00e3o de prazer e bem-estar. Compartilhar esse momento pode criar uma conex\u00e3o \u00fanica, tornando o treino quase uma experi\u00eancia afrodis\u00edaca.<\/p>\n\n\n\n<blockquote class=\"wp-block-quote is-layout-flow wp-block-quote-is-layout-flow\">\n<p>&#8220;fazer academia com seu namorado pode mudar sua vida, voc\u00ea dividir endorfinas \u00e9 quase afrodis\u00edaco&#8221;<\/p>\n<\/blockquote>\n\n\n\n<p>Al\u00e9m de potencializar os efeitos f\u00edsicos, o exerc\u00edcio em dupla tamb\u00e9m ajuda a manter a motiva\u00e7\u00e3o, j\u00e1 que ambos incentivam um ao outro a seguir firme na rotina.<\/p>\n\n\n\n<h2 class=\"wp-block-heading\">Exerc\u00edcio fortalece os la\u00e7os do casal?<\/h2>\n\n\n\n<p>Marianna Magri acredita que sim. Treinar com o parceiro cria momentos de parceria, colabora\u00e7\u00e3o e divers\u00e3o, que v\u00e3o al\u00e9m da academia. Isso faz com que o casal se torne mais unido e comprometido, tanto com os objetivos de sa\u00fade quanto com a rela\u00e7\u00e3o.<\/p>\n\n\n\n<blockquote class=\"wp-block-quote is-layout-flow wp-block-quote-is-layout-flow\">\n<p>&#8220;um casal que treina junto com certeza tem mais chances de permanecer juntos&#8221;<\/p>\n<\/blockquote>\n\n\n\n<p>Al\u00e9m disso, o treino em casal pode reduzir o estresse di\u00e1rio, melhorar o humor e criar uma sensa\u00e7\u00e3o de conquista compartilhada.<\/p>\n\n\n\n<h2 class=\"wp-block-heading\">Como come\u00e7ar a treinar em casal?<\/h2>\n\n\n\n<p>O ideal \u00e9 escolher atividades que ambos gostem, sejam elas muscula\u00e7\u00e3o, treinos funcionais ou esportes ao ar livre. Respeitar o ritmo de cada um e criar metas conjuntas ajuda a transformar a pr\u00e1tica em um momento prazeroso. Outra dica \u00e9 combinar hor\u00e1rios fixos, criando uma rotina que valorize esse tempo a dois.<\/p>\n\n\n<div class=\"wp-block-image\">\n<figure class=\"aligncenter size-large\"><img loading=\"lazy\" decoding=\"async\" width=\"1024\" height=\"576\" src=\"https:\/\/www.em.com.br\/emfoco\/wp-content\/uploads\/2025\/07\/Exercicios-fisicos_1753353143598-1024x576.jpg\" alt=\"\" class=\"wp-image-80713\" srcset=\"https:\/\/www.em.com.br\/emfoco\/wp-content\/uploads\/2025\/07\/Exercicios-fisicos_1753353143598-1024x576.jpg 1024w, https:\/\/www.em.com.br\/emfoco\/wp-content\/uploads\/2025\/07\/Exercicios-fisicos_1753353143598-300x169.jpg 300w, https:\/\/www.em.com.br\/emfoco\/wp-content\/uploads\/2025\/07\/Exercicios-fisicos_1753353143598-768x432.jpg 768w, https:\/\/www.em.com.br\/emfoco\/wp-content\/uploads\/2025\/07\/Exercicios-fisicos_1753353143598-750x422.jpg 750w, https:\/\/www.em.com.br\/emfoco\/wp-content\/uploads\/2025\/07\/Exercicios-fisicos_1753353143598-1140x641.jpg 1140w, https:\/\/www.em.com.br\/emfoco\/wp-content\/uploads\/2025\/07\/Exercicios-fisicos_1753353143598.jpg 1280w\" sizes=\"auto, (max-width: 1024px) 100vw, 1024px\" \/><figcaption class=\"wp-element-caption\">Casal treinando na academia &#8211; Cr\u00e9ditos: depositphotos.com \/ VitalikRadko<\/figcaption><\/figure><\/div>\n\n\n<p>Treinar juntos n\u00e3o significa competir, mas sim apoiar e incentivar o crescimento individual e coletivo.<\/p>\n\n\n\n<h2 class=\"wp-block-heading\">Quem \u00e9 Marianna Magri?<\/h2>\n\n\n\n<p>Marianna Magri \u00e9 conhecida por compartilhar dicas de rotina saud\u00e1vel, beleza, sa\u00fade e exerc\u00edcios. Com um olhar voltado para o bem-estar e lifestyle, ela busca inspirar pessoas a cuidar n\u00e3o apenas do corpo, mas tamb\u00e9m das rela\u00e7\u00f5es que influenciam diretamente na qualidade de vida.<\/p>\n\n\n\n<h2 class=\"wp-block-heading\">Fontes oficiais<\/h2>\n\n\n\n<ul class=\"wp-block-list\">\n<li>American Psychological Association \u2013 Exercise and Mental Health: <a>ht<\/a><a href=\"https:\/\/www.apa.org\/topics\/exercise-fitness\" target=\"_blank\" rel=\"noreferrer noopener\">tps:\/\/www.apa.org\/topics\/exercise-fitness<\/a><\/li>\n\n\n\n<li>Organiza\u00e7\u00e3o Mundial da Sa\u00fade \u2013 Sa\u00fade Mental e Bem-estar: <a href=\"https:\/\/www.who.int\/health-topics\/mental-health\" target=\"_blank\" rel=\"noreferrer noopener\">h<\/a><a>ttps:\/\/www.who.int\/health-topics\/mental-health<\/a><\/li>\n<\/ul>\n","protected":false},"excerpt":{"rendered":"<p>A pr\u00e1tica de exerc\u00edcios f\u00edsicos em casal pode transformar a rela\u00e7\u00e3o, fortalecendo o v\u00ednculo e a motiva\u00e7\u00e3o de ambos. Marianna Magri, criadora de conte\u00fado sobre sa\u00fade e lifestyle, destaca que dividir momentos na academia n\u00e3o \u00e9 apenas bom para o corpo, mas tamb\u00e9m para o relacionamento. Neste artigo, voc\u00ea vai descobrir como treinar ao lado [&hellip;]<\/p>\n","protected":false},"author":17,"featured_media":80715,"comment_status":"open","ping_status":"open","sticky":false,"template":"","format":"standard","meta":{"jnews-multi-image_gallery":[],"jnews_single_post":{"format":"standard"},"jnews_primary_category":[],"jnews_social_meta":[],"jnews_override_counter":[],"footnotes":""},"categories":[9053],"tags":[4955,327,905,415],"class_list":["post-80588","post","type-post","status-publish","format-standard","has-post-thumbnail","hentry","category-saude","tag-exercicio-fisico","tag-qualidade-de-vida","tag-relacionamento","tag-saude"],"yoast_head":"<!-- This site is optimized with the Yoast SEO plugin v23.8 - https:\/\/yoast.com\/wordpress\/plugins\/seo\/ -->\n<title>Dra. Marianna Magri, m\u00e9dica, \u201cfazer academia com o namorado pode mudar sua vida\u201d - Estado de Minas - Em foco<\/title>\n<meta name=\"description\" content=\"Marianna Magri explica como treinar com o parceiro fortalece o relacionamento e melhora a sa\u00fade f\u00edsica e emocional.\" \/>\n<meta name=\"robots\" content=\"index, follow, max-snippet:-1, max-image-preview:large, max-video-preview:-1\" \/>\n<link rel=\"canonical\" href=\"https:\/\/www.em.com.br\/emfoco\/2025\/07\/24\/dra-marianna-magri-medica-fazer-academia-com-o-namorado-pode-mudar-sua-vida\/\" \/>\n<meta property=\"og:locale\" content=\"pt_BR\" \/>\n<meta property=\"og:type\" content=\"article\" \/>\n<meta property=\"og:title\" content=\"Dra. Marianna Magri, m\u00e9dica, \u201cfazer academia com o namorado pode mudar sua vida\u201d - Estado de Minas - Em foco\" \/>\n<meta property=\"og:description\" content=\"Marianna Magri explica como treinar com o parceiro fortalece o relacionamento e melhora a sa\u00fade f\u00edsica e emocional.\" \/>\n<meta property=\"og:url\" content=\"https:\/\/www.em.com.br\/emfoco\/2025\/07\/24\/dra-marianna-magri-medica-fazer-academia-com-o-namorado-pode-mudar-sua-vida\/\" \/>\n<meta property=\"og:site_name\" content=\"Estado de Minas - Em foco\" \/>\n<meta property=\"article:published_time\" content=\"2025-07-25T01:50:00+00:00\" \/>\n<meta property=\"article:modified_time\" content=\"2025-07-24T10:34:51+00:00\" \/>\n<meta property=\"og:image\" content=\"https:\/\/www.em.com.br\/emfoco\/wp-content\/uploads\/2025\/07\/mosaico_1753353262993.jpg\" \/>\n\t<meta property=\"og:image:width\" content=\"1280\" \/>\n\t<meta property=\"og:image:height\" content=\"720\" \/>\n\t<meta property=\"og:image:type\" content=\"image\/jpeg\" \/>\n<meta name=\"author\" content=\"Lucas Sampaio\" \/>\n<meta name=\"twitter:card\" content=\"summary_large_image\" \/>\n<meta name=\"twitter:label1\" content=\"Escrito por\" \/>\n\t<meta name=\"twitter:data1\" content=\"Lucas Sampaio\" \/>\n\t<meta name=\"twitter:label2\" content=\"Est. tempo de leitura\" \/>\n\t<meta name=\"twitter:data2\" content=\"3 minutos\" \/>\n<!-- \/ Yoast SEO plugin. -->","yoast_head_json":{"title":"Dra. Marianna Magri, m\u00e9dica, \u201cfazer academia com o namorado pode mudar sua vida\u201d - Estado de Minas - Em foco","description":"Marianna Magri explica como treinar com o parceiro fortalece o relacionamento e melhora a sa\u00fade f\u00edsica e emocional.","robots":{"index":"index","follow":"follow","max-snippet":"max-snippet:-1","max-image-preview":"max-image-preview:large","max-video-preview":"max-video-preview:-1"},"canonical":"https:\/\/www.em.com.br\/emfoco\/2025\/07\/24\/dra-marianna-magri-medica-fazer-academia-com-o-namorado-pode-mudar-sua-vida\/","og_locale":"pt_BR","og_type":"article","og_title":"Dra. Marianna Magri, m\u00e9dica, \u201cfazer academia com o namorado pode mudar sua vida\u201d - Estado de Minas - Em foco","og_description":"Marianna Magri explica como treinar com o parceiro fortalece o relacionamento e melhora a sa\u00fade f\u00edsica e emocional.","og_url":"https:\/\/www.em.com.br\/emfoco\/2025\/07\/24\/dra-marianna-magri-medica-fazer-academia-com-o-namorado-pode-mudar-sua-vida\/","og_site_name":"Estado de Minas - Em foco","article_published_time":"2025-07-25T01:50:00+00:00","article_modified_time":"2025-07-24T10:34:51+00:00","og_image":[{"width":1280,"height":720,"url":"https:\/\/www.em.com.br\/emfoco\/wp-content\/uploads\/2025\/07\/mosaico_1753353262993.jpg","type":"image\/jpeg"}],"author":"Lucas Sampaio","twitter_card":"summary_large_image","twitter_misc":{"Escrito por":"Lucas Sampaio","Est. tempo de leitura":"3 minutos"},"schema":{"@context":"https:\/\/schema.org","@graph":[{"@type":"WebPage","@id":"https:\/\/www.em.com.br\/emfoco\/2025\/07\/24\/dra-marianna-magri-medica-fazer-academia-com-o-namorado-pode-mudar-sua-vida\/","url":"https:\/\/www.em.com.br\/emfoco\/2025\/07\/24\/dra-marianna-magri-medica-fazer-academia-com-o-namorado-pode-mudar-sua-vida\/","name":"Dra. Marianna Magri, m\u00e9dica, \u201cfazer academia com o namorado pode mudar sua vida\u201d - Estado de Minas - Em foco","isPartOf":{"@id":"https:\/\/www.em.com.br\/emfoco\/#website"},"primaryImageOfPage":{"@id":"https:\/\/www.em.com.br\/emfoco\/2025\/07\/24\/dra-marianna-magri-medica-fazer-academia-com-o-namorado-pode-mudar-sua-vida\/#primaryimage"},"image":{"@id":"https:\/\/www.em.com.br\/emfoco\/2025\/07\/24\/dra-marianna-magri-medica-fazer-academia-com-o-namorado-pode-mudar-sua-vida\/#primaryimage"},"thumbnailUrl":"https:\/\/www.em.com.br\/emfoco\/wp-content\/uploads\/2025\/07\/mosaico_1753353262993.jpg","datePublished":"2025-07-25T01:50:00+00:00","dateModified":"2025-07-24T10:34:51+00:00","author":{"@id":"https:\/\/www.em.com.br\/emfoco\/#\/schema\/person\/9ad4c536bd87f5bb8006420332b99aef"},"description":"Marianna Magri explica como treinar com o parceiro fortalece o relacionamento e melhora a sa\u00fade f\u00edsica e emocional.","breadcrumb":{"@id":"https:\/\/www.em.com.br\/emfoco\/2025\/07\/24\/dra-marianna-magri-medica-fazer-academia-com-o-namorado-pode-mudar-sua-vida\/#breadcrumb"},"inLanguage":"pt-BR","potentialAction":[{"@type":"ReadAction","target":["https:\/\/www.em.com.br\/emfoco\/2025\/07\/24\/dra-marianna-magri-medica-fazer-academia-com-o-namorado-pode-mudar-sua-vida\/"]}]},{"@type":"ImageObject","inLanguage":"pt-BR","@id":"https:\/\/www.em.com.br\/emfoco\/2025\/07\/24\/dra-marianna-magri-medica-fazer-academia-com-o-namorado-pode-mudar-sua-vida\/#primaryimage","url":"https:\/\/www.em.com.br\/emfoco\/wp-content\/uploads\/2025\/07\/mosaico_1753353262993.jpg","contentUrl":"https:\/\/www.em.com.br\/emfoco\/wp-content\/uploads\/2025\/07\/mosaico_1753353262993.jpg","width":1280,"height":720,"caption":"Reprodu\u00e7\u00e3o (TikTok: @imariannamagri)"},{"@type":"BreadcrumbList","@id":"https:\/\/www.em.com.br\/emfoco\/2025\/07\/24\/dra-marianna-magri-medica-fazer-academia-com-o-namorado-pode-mudar-sua-vida\/#breadcrumb","itemListElement":[{"@type":"ListItem","position":1,"name":"In\u00edcio","item":"https:\/\/www.em.com.br\/emfoco\/"},{"@type":"ListItem","position":2,"name":"Dra. Marianna Magri, m\u00e9dica, \u201cfazer academia com o namorado pode mudar sua vida\u201d"}]},{"@type":"WebSite","@id":"https:\/\/www.em.com.br\/emfoco\/#website","url":"https:\/\/www.em.com.br\/emfoco\/","name":"Estado de Minas - Em foco","description":"Acompanhe as \u00faltimas not\u00edcias e fique bem informado sobre tudo o que acontece em Minas Gerais, Brasil e no mundo.","potentialAction":[{"@type":"SearchAction","target":{"@type":"EntryPoint","urlTemplate":"https:\/\/www.em.com.br\/emfoco\/?s={search_term_string}"},"query-input":{"@type":"PropertyValueSpecification","valueRequired":true,"valueName":"search_term_string"}}],"inLanguage":"pt-BR"},{"@type":"Person","@id":"https:\/\/www.em.com.br\/emfoco\/#\/schema\/person\/9ad4c536bd87f5bb8006420332b99aef","name":"Lucas Sampaio","image":{"@type":"ImageObject","inLanguage":"pt-BR","@id":"https:\/\/www.em.com.br\/emfoco\/#\/schema\/person\/image\/","url":"https:\/\/secure.gravatar.com\/avatar\/2696b9676ad143cd7135b717faf6f79f?s=96&d=mm&r=g","contentUrl":"https:\/\/secure.gravatar.com\/avatar\/2696b9676ad143cd7135b717faf6f79f?s=96&d=mm&r=g","caption":"Lucas Sampaio"},"sameAs":["https:\/\/www.em.com.br\/emfoco\/"],"url":"https:\/\/www.em.com.br\/emfoco\/author\/lucasmyth\/"}]}},"_links":{"self":[{"href":"https:\/\/www.em.com.br\/emfoco\/wp-json\/wp\/v2\/posts\/80588","targetHints":{"allow":["GET"]}}],"collection":[{"href":"https:\/\/www.em.com.br\/emfoco\/wp-json\/wp\/v2\/posts"}],"about":[{"href":"https:\/\/www.em.com.br\/emfoco\/wp-json\/wp\/v2\/types\/post"}],"author":[{"embeddable":true,"href":"https:\/\/www.em.com.br\/emfoco\/wp-json\/wp\/v2\/users\/17"}],"replies":[{"embeddable":true,"href":"https:\/\/www.em.com.br\/emfoco\/wp-json\/wp\/v2\/comments?post=80588"}],"version-history":[{"count":3,"href":"https:\/\/www.em.com.br\/emfoco\/wp-json\/wp\/v2\/posts\/80588\/revisions"}],"predecessor-version":[{"id":80714,"href":"https:\/\/www.em.com.br\/emfoco\/wp-json\/wp\/v2\/posts\/80588\/revisions\/80714"}],"wp:featuredmedia":[{"embeddable":true,"href":"https:\/\/www.em.com.br\/emfoco\/wp-json\/wp\/v2\/media\/80715"}],"wp:attachment":[{"href":"https:\/\/www.em.com.br\/emfoco\/wp-json\/wp\/v2\/media?parent=80588"}],"wp:term":[{"taxonomy":"category","embeddable":true,"href":"https:\/\/www.em.com.br\/emfoco\/wp-json\/wp\/v2\/categories?post=80588"},{"taxonomy":"post_tag","embeddable":true,"href":"https:\/\/www.em.com.br\/emfoco\/wp-json\/wp\/v2\/tags?post=80588"}],"curies":[{"name":"wp","href":"https:\/\/api.w.org\/{rel}","templated":true}]}}