{"id":80584,"date":"2025-07-24T07:50:00","date_gmt":"2025-07-24T10:50:00","guid":{"rendered":"https:\/\/www.em.com.br\/emfoco\/?p=80584"},"modified":"2025-07-24T07:04:44","modified_gmt":"2025-07-24T10:04:44","slug":"dieta-para-hipertrofia-leandro-twin-revela-o-modelo-hiperproteico-e-hipercalorico","status":"publish","type":"post","link":"https:\/\/www.em.com.br\/emfoco\/2025\/07\/24\/dieta-para-hipertrofia-leandro-twin-revela-o-modelo-hiperproteico-e-hipercalorico\/","title":{"rendered":"Dieta para hipertrofia: Leandro Twin revela o modelo hiperproteico e hipercal\u00f3rico"},"content":{"rendered":"\n<p><strong>Quem busca ganhar massa muscular precisa entender que treino sem dieta adequada tem resultados limitados.<\/strong> Leandro Twin, treinador e professor, explica que para evoluir do n\u00edvel iniciante para o intermedi\u00e1rio ou avan\u00e7ado, \u00e9 fundamental adotar um modelo de dieta hiperproteica e hipercal\u00f3rica, ajustando os macronutrientes com precis\u00e3o.<\/p>\n\n\n\n<p>Neste artigo, voc\u00ea vai aprender como estruturar uma dieta para hipertrofia, qual a quantidade ideal de prote\u00ednas, gorduras e carboidratos e como ajustar o consumo de acordo com o seu metabolismo.<\/p>\n\n\n\n<h2 class=\"wp-block-heading\">Por que a dieta faz tanta diferen\u00e7a na hipertrofia?<\/h2>\n\n\n\n<p>Enquanto iniciantes conseguem ganhar massa mesmo com uma alimenta\u00e7\u00e3o desorganizada, atletas intermedi\u00e1rios ou avan\u00e7ados precisam de planejamento nutricional para continuar progredindo. Segundo Leandro Twin, sem um modelo adequado de dieta, dificilmente h\u00e1 ganho de massa muscular de qualidade.<\/p>\n\n\n\n<blockquote class=\"wp-block-quote is-layout-flow wp-block-quote-is-layout-flow\">\n<p>&#8220;quando voc\u00ea t\u00e1 intermedi\u00e1rio pra frente, se voc\u00ea n\u00e3o fizer isso, dificilmente voc\u00ea vai ganhar qualquer grama de massa muscular que seja decente&#8221;<\/p>\n<\/blockquote>\n\n\n\n<p>O corpo precisa de energia e nutrientes na medida certa para reparar e construir fibras musculares ap\u00f3s os treinos, e isso s\u00f3 acontece com um balan\u00e7o positivo de calorias.<\/p>\n\n\n\n<h2 class=\"wp-block-heading\">Qual \u00e9 o modelo de dieta usado para hipertrofia?<\/h2>\n\n\n\n<p>O modelo mais utilizado e recomendado para quem quer hipertrofia \u00e9 a dieta hiperproteica e hipercal\u00f3rica. Isso significa consumir prote\u00ednas suficientes para regenerar os m\u00fasculos, gorduras em n\u00edveis adequados para manter fun\u00e7\u00f5es hormonais e carboidratos para garantir energia.<\/p>\n\n\n\n<blockquote class=\"wp-block-quote is-layout-flow wp-block-quote-is-layout-flow\">\n<p>&#8220;o principal modelo de dieta usado pra hipertrofia \u00e9 a dieta hiperproteica e a hiper cal\u00f3rica&#8221;<\/p>\n\n\n<div class=\"wp-block-image\">\n<figure class=\"aligncenter size-large\"><img loading=\"lazy\" decoding=\"async\" width=\"1024\" height=\"576\" src=\"https:\/\/www.em.com.br\/emfoco\/wp-content\/uploads\/2025\/07\/hipertrofia_1753351323267-1024x576.jpg\" alt=\"\" class=\"wp-image-80689\" srcset=\"https:\/\/www.em.com.br\/emfoco\/wp-content\/uploads\/2025\/07\/hipertrofia_1753351323267-1024x576.jpg 1024w, https:\/\/www.em.com.br\/emfoco\/wp-content\/uploads\/2025\/07\/hipertrofia_1753351323267-300x169.jpg 300w, https:\/\/www.em.com.br\/emfoco\/wp-content\/uploads\/2025\/07\/hipertrofia_1753351323267-768x432.jpg 768w, https:\/\/www.em.com.br\/emfoco\/wp-content\/uploads\/2025\/07\/hipertrofia_1753351323267-750x422.jpg 750w, https:\/\/www.em.com.br\/emfoco\/wp-content\/uploads\/2025\/07\/hipertrofia_1753351323267-1140x641.jpg 1140w, https:\/\/www.em.com.br\/emfoco\/wp-content\/uploads\/2025\/07\/hipertrofia_1753351323267.jpg 1280w\" sizes=\"auto, (max-width: 1024px) 100vw, 1024px\" \/><figcaption class=\"wp-element-caption\">Mulher realizando treino de costas em aparelho na academia &#8211; Cr\u00e9ditos: depositphotos.com \/ mapo_japan<\/figcaption><\/figure><\/div><\/blockquote>\n\n\n\n<p>Esse tipo de estrat\u00e9gia visa manter o corpo em super\u00e1vit cal\u00f3rico, ou seja, ingerindo mais calorias do que gasta, o que cria o ambiente ideal para o crescimento muscular.<\/p>\n\n\n\n<h2 class=\"wp-block-heading\">Quais s\u00e3o as quantidades ideais de macronutrientes?<\/h2>\n\n\n\n<p>Leandro Twin recomenda usar como refer\u00eancia cerca de 2 gramas de prote\u00edna por quilo de peso corporal. Para as gorduras, 1 grama por quilo j\u00e1 \u00e9 suficiente. O restante das calorias di\u00e1rias vem dos carboidratos, que variam conforme o metabolismo de cada pessoa, geralmente partindo de 4 gramas por quilo.<\/p>\n\n\n\n<blockquote class=\"wp-block-quote is-layout-flow wp-block-quote-is-layout-flow\">\n<p>&#8220;com mais ou menos t\u00e1 dois gramas de prote\u00edna pra cada aquilo do que voc\u00ea pesa, n\u00e3o precisa mais do que isso. Gordura, um grama aquilo t\u00e1 \u00f3timo. E a\u00ed o restante de carboidratos, que normalmente parte de quatro grama aquilo pra frente&#8221;<\/p>\n<\/blockquote>\n\n\n\n<p>Pessoas com metabolismo acelerado podem precisar de at\u00e9 6 ou 7 gramas de carboidratos por quilo para atingir bons resultados.<\/p>\n\n\n\n<h2 class=\"wp-block-heading\">Como ajustar os carboidratos para evoluir?<\/h2>\n\n\n\n<p>O ajuste dos carboidratos deve ser feito de forma gradual e com acompanhamento da evolu\u00e7\u00e3o f\u00edsica. Se ap\u00f3s duas semanas n\u00e3o houver resultados, \u00e9 recomendado aumentar a quantidade de carboidratos mantendo as prote\u00ednas e gorduras est\u00e1veis.<\/p>\n\n\n\n<p>Essa abordagem garante que o corpo receba a energia necess\u00e1ria para treinos intensos, sem ac\u00famulo excessivo de gordura.<\/p>\n\n\n\n<h2 class=\"wp-block-heading\">Leandro Twin e sua abordagem sobre treinos e dieta<\/h2>\n\n\n\n<p>Leandro Twin \u00e9 conhecido por suas explica\u00e7\u00f5es detalhadas sobre muscula\u00e7\u00e3o e nutri\u00e7\u00e3o, sempre apresentando estrat\u00e9gias pr\u00e1ticas para otimizar os resultados. Como treinador e professor, ele enfatiza a import\u00e2ncia do equil\u00edbrio entre treino bem estruturado e dieta adequada, focando em m\u00e9todos que podem ser aplicados por qualquer pessoa que busca evoluir fisicamente.<\/p>\n\n\n\n<h2 class=\"wp-block-heading\">Fontes Oficiais<\/h2>\n\n\n\n<ul class=\"wp-block-list\">\n<li>Minist\u00e9rio da Sa\u00fade \u2013 Guia Alimentar para a Popula\u00e7\u00e3o Brasileira (PDF):<br><a href=\"https:\/\/bvsms.saude.gov.br\/bvs\/publicacoes\/guia_alimentar_populacao_brasileira_2ed.pdf\" target=\"_blank\" rel=\"noreferrer noopener\">https:\/\/bvsms.saude.gov.br\/bvs\/publicacoes\/guia_alimentar_populacao_brasileira_2ed.pdf<\/a><\/li>\n\n\n\n<li>Harvard T.H. Chan School of Public Health \u2013 Prote\u00ednas na Dieta:<br><a href=\"https:\/\/nutritionsource.hsph.harvard.edu\/protein\/\" target=\"_blank\" rel=\"noreferrer noopener\">https:\/\/nutritionsource.hsph.harvard.edu\/protein\/<\/a><\/li>\n\n\n\n<li>Organiza\u00e7\u00e3o Mundial da Sa\u00fade \u2013 Healthy Diet (Fatos e Recomenda\u00e7\u00f5es):<br><a href=\"https:\/\/www.who.int\/news-room\/fact-sheets\/detail\/healthy-diet\" target=\"_blank\" rel=\"noreferrer noopener\">https:\/\/www.who.int\/news-room\/fact-sheets\/detail\/healthy-diet<\/a><\/li>\n<\/ul>\n","protected":false},"excerpt":{"rendered":"<p>Quem busca ganhar massa muscular precisa entender que treino sem dieta adequada tem resultados limitados. Leandro Twin, treinador e professor, explica que para evoluir do n\u00edvel iniciante para o intermedi\u00e1rio ou avan\u00e7ado, \u00e9 fundamental adotar um modelo de dieta hiperproteica e hipercal\u00f3rica, ajustando os macronutrientes com precis\u00e3o. Neste artigo, voc\u00ea vai aprender como estruturar uma [&hellip;]<\/p>\n","protected":false},"author":17,"featured_media":80690,"comment_status":"open","ping_status":"open","sticky":false,"template":"","format":"standard","meta":{"jnews-multi-image_gallery":[],"jnews_single_post":{"format":"standard"},"jnews_primary_category":[],"jnews_social_meta":[],"jnews_override_counter":[],"footnotes":""},"categories":[9053],"tags":[4956,327,415,7542],"class_list":["post-80584","post","type-post","status-publish","format-standard","has-post-thumbnail","hentry","category-saude","tag-academia","tag-qualidade-de-vida","tag-saude","tag-treino"],"yoast_head":"<!-- This site is optimized with the Yoast SEO plugin v23.8 - https:\/\/yoast.com\/wordpress\/plugins\/seo\/ -->\n<title>Dieta para hipertrofia: Leandro Twin revela o modelo hiperproteico e hipercal\u00f3rico - Estado de Minas - Em foco<\/title>\n<meta name=\"description\" content=\"Leandro Twin explica como montar uma dieta hiperproteica e hipercal\u00f3rica para ganhar massa muscular com qualidade.\" \/>\n<meta name=\"robots\" content=\"index, follow, max-snippet:-1, max-image-preview:large, max-video-preview:-1\" \/>\n<link rel=\"canonical\" href=\"https:\/\/www.em.com.br\/emfoco\/2025\/07\/24\/dieta-para-hipertrofia-leandro-twin-revela-o-modelo-hiperproteico-e-hipercalorico\/\" \/>\n<meta property=\"og:locale\" content=\"pt_BR\" \/>\n<meta property=\"og:type\" content=\"article\" \/>\n<meta property=\"og:title\" content=\"Dieta para hipertrofia: Leandro Twin revela o modelo hiperproteico e hipercal\u00f3rico - Estado de Minas - Em foco\" \/>\n<meta property=\"og:description\" content=\"Leandro Twin explica como montar uma dieta hiperproteica e hipercal\u00f3rica para ganhar massa muscular com qualidade.\" \/>\n<meta property=\"og:url\" content=\"https:\/\/www.em.com.br\/emfoco\/2025\/07\/24\/dieta-para-hipertrofia-leandro-twin-revela-o-modelo-hiperproteico-e-hipercalorico\/\" \/>\n<meta property=\"og:site_name\" content=\"Estado de Minas - Em foco\" \/>\n<meta property=\"article:published_time\" content=\"2025-07-24T10:50:00+00:00\" \/>\n<meta property=\"article:modified_time\" content=\"2025-07-24T10:04:44+00:00\" \/>\n<meta property=\"og:image\" content=\"https:\/\/www.em.com.br\/emfoco\/wp-content\/uploads\/2025\/07\/mosaico_1753351414566.jpg\" \/>\n\t<meta property=\"og:image:width\" content=\"1280\" \/>\n\t<meta property=\"og:image:height\" content=\"720\" \/>\n\t<meta property=\"og:image:type\" content=\"image\/jpeg\" \/>\n<meta name=\"author\" content=\"Lucas Sampaio\" \/>\n<meta name=\"twitter:card\" content=\"summary_large_image\" \/>\n<meta name=\"twitter:label1\" content=\"Escrito por\" \/>\n\t<meta name=\"twitter:data1\" content=\"Lucas Sampaio\" \/>\n\t<meta name=\"twitter:label2\" content=\"Est. tempo de leitura\" \/>\n\t<meta name=\"twitter:data2\" content=\"3 minutos\" \/>\n<!-- \/ Yoast SEO plugin. -->","yoast_head_json":{"title":"Dieta para hipertrofia: Leandro Twin revela o modelo hiperproteico e hipercal\u00f3rico - Estado de Minas - Em foco","description":"Leandro Twin explica como montar uma dieta hiperproteica e hipercal\u00f3rica para ganhar massa muscular com qualidade.","robots":{"index":"index","follow":"follow","max-snippet":"max-snippet:-1","max-image-preview":"max-image-preview:large","max-video-preview":"max-video-preview:-1"},"canonical":"https:\/\/www.em.com.br\/emfoco\/2025\/07\/24\/dieta-para-hipertrofia-leandro-twin-revela-o-modelo-hiperproteico-e-hipercalorico\/","og_locale":"pt_BR","og_type":"article","og_title":"Dieta para hipertrofia: Leandro Twin revela o modelo hiperproteico e hipercal\u00f3rico - Estado de Minas - Em foco","og_description":"Leandro Twin explica como montar uma dieta hiperproteica e hipercal\u00f3rica para ganhar massa muscular com qualidade.","og_url":"https:\/\/www.em.com.br\/emfoco\/2025\/07\/24\/dieta-para-hipertrofia-leandro-twin-revela-o-modelo-hiperproteico-e-hipercalorico\/","og_site_name":"Estado de Minas - Em foco","article_published_time":"2025-07-24T10:50:00+00:00","article_modified_time":"2025-07-24T10:04:44+00:00","og_image":[{"width":1280,"height":720,"url":"https:\/\/www.em.com.br\/emfoco\/wp-content\/uploads\/2025\/07\/mosaico_1753351414566.jpg","type":"image\/jpeg"}],"author":"Lucas Sampaio","twitter_card":"summary_large_image","twitter_misc":{"Escrito por":"Lucas Sampaio","Est. tempo de leitura":"3 minutos"},"schema":{"@context":"https:\/\/schema.org","@graph":[{"@type":"WebPage","@id":"https:\/\/www.em.com.br\/emfoco\/2025\/07\/24\/dieta-para-hipertrofia-leandro-twin-revela-o-modelo-hiperproteico-e-hipercalorico\/","url":"https:\/\/www.em.com.br\/emfoco\/2025\/07\/24\/dieta-para-hipertrofia-leandro-twin-revela-o-modelo-hiperproteico-e-hipercalorico\/","name":"Dieta para hipertrofia: Leandro Twin revela o modelo hiperproteico e hipercal\u00f3rico - Estado de Minas - Em foco","isPartOf":{"@id":"https:\/\/www.em.com.br\/emfoco\/#website"},"primaryImageOfPage":{"@id":"https:\/\/www.em.com.br\/emfoco\/2025\/07\/24\/dieta-para-hipertrofia-leandro-twin-revela-o-modelo-hiperproteico-e-hipercalorico\/#primaryimage"},"image":{"@id":"https:\/\/www.em.com.br\/emfoco\/2025\/07\/24\/dieta-para-hipertrofia-leandro-twin-revela-o-modelo-hiperproteico-e-hipercalorico\/#primaryimage"},"thumbnailUrl":"https:\/\/www.em.com.br\/emfoco\/wp-content\/uploads\/2025\/07\/mosaico_1753351414566.jpg","datePublished":"2025-07-24T10:50:00+00:00","dateModified":"2025-07-24T10:04:44+00:00","author":{"@id":"https:\/\/www.em.com.br\/emfoco\/#\/schema\/person\/9ad4c536bd87f5bb8006420332b99aef"},"description":"Leandro Twin explica como montar uma dieta hiperproteica e hipercal\u00f3rica para ganhar massa muscular com qualidade.","breadcrumb":{"@id":"https:\/\/www.em.com.br\/emfoco\/2025\/07\/24\/dieta-para-hipertrofia-leandro-twin-revela-o-modelo-hiperproteico-e-hipercalorico\/#breadcrumb"},"inLanguage":"pt-BR","potentialAction":[{"@type":"ReadAction","target":["https:\/\/www.em.com.br\/emfoco\/2025\/07\/24\/dieta-para-hipertrofia-leandro-twin-revela-o-modelo-hiperproteico-e-hipercalorico\/"]}]},{"@type":"ImageObject","inLanguage":"pt-BR","@id":"https:\/\/www.em.com.br\/emfoco\/2025\/07\/24\/dieta-para-hipertrofia-leandro-twin-revela-o-modelo-hiperproteico-e-hipercalorico\/#primaryimage","url":"https:\/\/www.em.com.br\/emfoco\/wp-content\/uploads\/2025\/07\/mosaico_1753351414566.jpg","contentUrl":"https:\/\/www.em.com.br\/emfoco\/wp-content\/uploads\/2025\/07\/mosaico_1753351414566.jpg","width":1280,"height":720,"caption":"Reprodu\u00e7\u00e3o (TikTok: @leandrotwinoficial)"},{"@type":"BreadcrumbList","@id":"https:\/\/www.em.com.br\/emfoco\/2025\/07\/24\/dieta-para-hipertrofia-leandro-twin-revela-o-modelo-hiperproteico-e-hipercalorico\/#breadcrumb","itemListElement":[{"@type":"ListItem","position":1,"name":"In\u00edcio","item":"https:\/\/www.em.com.br\/emfoco\/"},{"@type":"ListItem","position":2,"name":"Dieta para hipertrofia: Leandro Twin revela o modelo hiperproteico e hipercal\u00f3rico"}]},{"@type":"WebSite","@id":"https:\/\/www.em.com.br\/emfoco\/#website","url":"https:\/\/www.em.com.br\/emfoco\/","name":"Estado de Minas - Em foco","description":"Acompanhe as \u00faltimas not\u00edcias e fique bem informado sobre tudo o que acontece em Minas Gerais, Brasil e no mundo.","potentialAction":[{"@type":"SearchAction","target":{"@type":"EntryPoint","urlTemplate":"https:\/\/www.em.com.br\/emfoco\/?s={search_term_string}"},"query-input":{"@type":"PropertyValueSpecification","valueRequired":true,"valueName":"search_term_string"}}],"inLanguage":"pt-BR"},{"@type":"Person","@id":"https:\/\/www.em.com.br\/emfoco\/#\/schema\/person\/9ad4c536bd87f5bb8006420332b99aef","name":"Lucas Sampaio","image":{"@type":"ImageObject","inLanguage":"pt-BR","@id":"https:\/\/www.em.com.br\/emfoco\/#\/schema\/person\/image\/","url":"https:\/\/secure.gravatar.com\/avatar\/2696b9676ad143cd7135b717faf6f79f?s=96&d=mm&r=g","contentUrl":"https:\/\/secure.gravatar.com\/avatar\/2696b9676ad143cd7135b717faf6f79f?s=96&d=mm&r=g","caption":"Lucas Sampaio"},"sameAs":["https:\/\/www.em.com.br\/emfoco\/"],"url":"https:\/\/www.em.com.br\/emfoco\/author\/lucasmyth\/"}]}},"_links":{"self":[{"href":"https:\/\/www.em.com.br\/emfoco\/wp-json\/wp\/v2\/posts\/80584","targetHints":{"allow":["GET"]}}],"collection":[{"href":"https:\/\/www.em.com.br\/emfoco\/wp-json\/wp\/v2\/posts"}],"about":[{"href":"https:\/\/www.em.com.br\/emfoco\/wp-json\/wp\/v2\/types\/post"}],"author":[{"embeddable":true,"href":"https:\/\/www.em.com.br\/emfoco\/wp-json\/wp\/v2\/users\/17"}],"replies":[{"embeddable":true,"href":"https:\/\/www.em.com.br\/emfoco\/wp-json\/wp\/v2\/comments?post=80584"}],"version-history":[{"count":3,"href":"https:\/\/www.em.com.br\/emfoco\/wp-json\/wp\/v2\/posts\/80584\/revisions"}],"predecessor-version":[{"id":80691,"href":"https:\/\/www.em.com.br\/emfoco\/wp-json\/wp\/v2\/posts\/80584\/revisions\/80691"}],"wp:featuredmedia":[{"embeddable":true,"href":"https:\/\/www.em.com.br\/emfoco\/wp-json\/wp\/v2\/media\/80690"}],"wp:attachment":[{"href":"https:\/\/www.em.com.br\/emfoco\/wp-json\/wp\/v2\/media?parent=80584"}],"wp:term":[{"taxonomy":"category","embeddable":true,"href":"https:\/\/www.em.com.br\/emfoco\/wp-json\/wp\/v2\/categories?post=80584"},{"taxonomy":"post_tag","embeddable":true,"href":"https:\/\/www.em.com.br\/emfoco\/wp-json\/wp\/v2\/tags?post=80584"}],"curies":[{"name":"wp","href":"https:\/\/api.w.org\/{rel}","templated":true}]}}