{"id":80535,"date":"2025-07-24T14:38:00","date_gmt":"2025-07-24T17:38:00","guid":{"rendered":"https:\/\/www.em.com.br\/emfoco\/?p=80535"},"modified":"2025-07-23T19:30:53","modified_gmt":"2025-07-23T22:30:53","slug":"bolsa-familia-libera-novo-pagamento-para-nis-final-4","status":"publish","type":"post","link":"https:\/\/www.em.com.br\/emfoco\/2025\/07\/24\/bolsa-familia-libera-novo-pagamento-para-nis-final-4\/","title":{"rendered":"Bolsa Fam\u00edlia libera novo pagamento para NIS final 4!"},"content":{"rendered":"\n<p>O <strong><a href=\"https:\/\/www.em.com.br\/emfoco\/2025\/07\/23\/comunicado-geral-para-beneficiarios-do-bolsa-familia-com-nis-de-final-5\/\" target=\"_blank\" rel=\"noreferrer noopener\">Bolsa Fam\u00edlia<\/a><\/strong>, programa de transfer\u00eancia de renda do governo brasileiro, continua a desempenhar um papel significativo no apoio \u00e0s fam\u00edlias em situa\u00e7\u00e3o de vulnerabilidade socioecon\u00f4mica. O programa prev\u00ea repasses mensais aos benefici\u00e1rios, cujo cronograma \u00e9 determinado pelo \u00faltimo n\u00famero do <strong>NIS <\/strong>(N\u00famero de Identifica\u00e7\u00e3o Social) dos cart\u00f5es. Para o m\u00eas de agosto, o <strong>Minist\u00e9rio do Desenvolvimento e Assist\u00eancia Social, Fam\u00edlia e Combate \u00e0 Fome<\/strong> (<a href=\"https:\/\/www.gov.br\/mds\/pt-br\" target=\"_blank\" rel=\"noreferrer noopener\">MDS<\/a>) j\u00e1 anunciou as datas de pagamento.<\/p>\n\n\n\n<p>Os repasses do programa s\u00e3o realizados nos \u00faltimos dez dias \u00fateis de cada m\u00eas, obedecendo a um calend\u00e1rio bem definido. Essa organiza\u00e7\u00e3o garante a estrutura do processo, permitindo que milh\u00f5es de benefici\u00e1rios planejem suas finan\u00e7as mensais de acordo com as datas espec\u00edficas de pagamento. Em dezembro, contudo, h\u00e1 uma exce\u00e7\u00e3o, em que os pagamentos s\u00e3o antecipados para antes do <strong>Natal<\/strong>, encerrando no dia 10 do m\u00eas.<\/p>\n\n\n\n<h2 class=\"wp-block-heading\">Como funciona o calend\u00e1rio de pagamentos?<\/h2>\n\n\n<div class=\"wp-block-image\">\n<figure class=\"aligncenter size-large\"><img loading=\"lazy\" decoding=\"async\" width=\"1024\" height=\"576\" src=\"https:\/\/www.em.com.br\/emfoco\/wp-content\/uploads\/2025\/06\/8570314b-6e14-424b-9ff7-dba10bb136fb-1-1024x576.jpeg\" alt=\"Pagamentos do Bolsa Fam\u00edlia em julho come\u00e7am dia 18 com novo cronograma\" class=\"wp-image-55085\" srcset=\"https:\/\/www.em.com.br\/emfoco\/wp-content\/uploads\/2025\/06\/8570314b-6e14-424b-9ff7-dba10bb136fb-1-1024x576.jpeg 1024w, https:\/\/www.em.com.br\/emfoco\/wp-content\/uploads\/2025\/06\/8570314b-6e14-424b-9ff7-dba10bb136fb-1-300x169.jpeg 300w, https:\/\/www.em.com.br\/emfoco\/wp-content\/uploads\/2025\/06\/8570314b-6e14-424b-9ff7-dba10bb136fb-1-768x432.jpeg 768w, https:\/\/www.em.com.br\/emfoco\/wp-content\/uploads\/2025\/06\/8570314b-6e14-424b-9ff7-dba10bb136fb-1-750x422.jpeg 750w, https:\/\/www.em.com.br\/emfoco\/wp-content\/uploads\/2025\/06\/8570314b-6e14-424b-9ff7-dba10bb136fb-1-1140x641.jpeg 1140w, https:\/\/www.em.com.br\/emfoco\/wp-content\/uploads\/2025\/06\/8570314b-6e14-424b-9ff7-dba10bb136fb-1.jpeg 1280w\" sizes=\"auto, (max-width: 1024px) 100vw, 1024px\" \/><figcaption class=\"wp-element-caption\">Calend\u00e1rio Bolsa fam\u00edlia &#8211; Divulga\u00e7\u00e3o: GOV.BR<\/figcaption><\/figure><\/div>\n\n\n<p>O calend\u00e1rio de pagamentos do <strong>Bolsa Fam\u00edlia<\/strong> \u00e9 estruturado com base no d\u00edgito final do <strong>NIS<\/strong>, que permite a distribui\u00e7\u00e3o ordenada dos valores. O objetivo \u00e9 evitar sobrecarga nas ag\u00eancias banc\u00e1rias e garantir que o atendimento seja feito de forma \u00e1gil aos benefici\u00e1rios. Os repasses est\u00e3o dispon\u00edveis em diversos canais, como aplicativos de bancos, terminais de autoatendimento, lot\u00e9ricas e ag\u00eancias da <strong>Caixa Econ\u00f4mica Federal<\/strong>.<\/p>\n\n\n\n<p>Al\u00e9m disso, os benefici\u00e1rios podem consultar o calend\u00e1rio oficial pelo site do governo e aplicativos espec\u00edficos, garantindo assim o acompanhamento e transpar\u00eancia no processo. Essa tecnologia facilita o acesso \u00e0 informa\u00e7\u00e3o em tempo real, prevenindo atrasos e promovendo maior organiza\u00e7\u00e3o financeira entre as fam\u00edlias atendidas.<\/p>\n\n\n\n<h2 class=\"wp-block-heading\">Quais s\u00e3o os crit\u00e9rios para ser benefici\u00e1rio do Bolsa Fam\u00edlia?<\/h2>\n\n\n\n<p>Para obter o benef\u00edcio, \u00e9 necess\u00e1rio que a fam\u00edlia esteja inscrita no <strong>Cadastro \u00danico para Programas Sociais do Governo Federal<\/strong>, que identifica o perfil socioecon\u00f4mico dos participantes. Os crit\u00e9rios de inclus\u00e3o avaliam a renda mensal per capita, que deve se enquadrar na linha da pobreza estabelecida, al\u00e9m de outros aspectos como a composi\u00e7\u00e3o familiar.<\/p>\n\n\n\n<p>Tamb\u00e9m \u00e9 obrigat\u00f3rio o cumprimento de condicionalidades, como a matr\u00edcula e a frequ\u00eancia escolar das crian\u00e7as e adolescentes, al\u00e9m da atualiza\u00e7\u00e3o da carteira de vacina\u00e7\u00e3o. A comprova\u00e7\u00e3o regular desses aspectos visa garantir que o aux\u00edlio contribua para desenvolvimento humano, sa\u00fade e garantia de direitos para a popula\u00e7\u00e3o mais vulner\u00e1vel.<\/p>\n\n\n\n<h2 class=\"wp-block-heading\">Qual o impacto do Bolsa Fam\u00edlia nas fam\u00edlias brasileiras?<\/h2>\n\n\n\n<p>O <strong>Bolsa Fam\u00edlia<\/strong> tem impacto not\u00e1vel na redu\u00e7\u00e3o da pobreza e promo\u00e7\u00e3o da inclus\u00e3o social, sendo respons\u00e1vel por beneficiar milh\u00f5es de pessoas em todo o <strong>Brasil<\/strong>. O apoio financeiro recebido mensalmente permite que as fam\u00edlias tenham acesso a educa\u00e7\u00e3o, alimenta\u00e7\u00e3o, sa\u00fade e outros servi\u00e7os essenciais.<\/p>\n\n\n\n<p>Al\u00e9m do benef\u00edcio imediato, o programa tamb\u00e9m gera efeitos positivos de longo prazo, como a melhoria no desempenho escolar das crian\u00e7as, maior estabilidade econ\u00f4mica e est\u00edmulo ao com\u00e9rcio em regi\u00f5es de menor desenvolvimento. A iniciativa \u00e9 reconhecida internacionalmente como um exemplo de pol\u00edtica p\u00fablica eficiente no combate \u00e0 desigualdade social.<\/p>\n\n\n\n<h2 class=\"wp-block-heading\">Desafios enfrentados pelo programa<\/h2>\n\n\n\n<p>Apesar do sucesso e do alcance social, o <strong>Bolsa Fam\u00edlia<\/strong> enfrenta desafios permanentes, como a necessidade de atualiza\u00e7\u00e3o constante do cadastro dos benefici\u00e1rios. Esse processo garante que o benef\u00edcio seja direcionado apenas para quem realmente atende aos crit\u00e9rios estabelecidos pela legisla\u00e7\u00e3o.<\/p>\n\n\n\n<p>Outro desafio \u00e9 a amplia\u00e7\u00e3o de cobertura em territ\u00f3rios remotos e de dif\u00edcil acesso, onde a vulnerabilidade social \u00e9 ainda mais acentuada. A expans\u00e3o exige investimentos em infraestrutura, log\u00edstica e tecnologia, al\u00e9m de parcerias locais para fortalecer o alcance do programa.<\/p>\n\n\n\n<h2 class=\"wp-block-heading\">Tecnologia e inova\u00e7\u00f5es no programa<\/h2>\n\n\n\n<p>A digitaliza\u00e7\u00e3o de processos trouxe avan\u00e7os importantes para o <strong>Bolsa Fam\u00edlia<\/strong>, como o monitoramento online das fam\u00edlias, o pagamento via aplicativos e a automatiza\u00e7\u00e3o de an\u00e1lises cadastrais. Tais inova\u00e7\u00f5es simplificam o acesso ao benef\u00edcio, reduzem fraudes e otimizam o fluxo de informa\u00e7\u00f5es.<\/p>\n\n\n\n<p>Outro avan\u00e7o \u00e9 a integra\u00e7\u00e3o com outros programas sociais, que permite identificar necessidades espec\u00edficas das fam\u00edlias, ampliando a rede de apoio e possibilitando a constru\u00e7\u00e3o de pol\u00edticas p\u00fablicas mais eficientes. O uso de tecnologia fortalece a gest\u00e3o do programa e amplia seus impactos positivos.<\/p>\n\n\n\n<h2 class=\"wp-block-heading\">Perspectivas e futuro do Bolsa Fam\u00edlia<\/h2>\n\n\n\n<p>No cen\u00e1rio atual, o <strong>Bolsa Fam\u00edlia<\/strong> permanece como principal refer\u00eancia em programas de transfer\u00eancia de renda no Brasil, sendo constantemente aprimorado para responder aos desafios sociais emergentes. Investimentos em qualifica\u00e7\u00e3o profissional, acompanhamento familiar e fortalecimento de parcerias institucionais est\u00e3o entre as propostas de evolu\u00e7\u00e3o para o futuro.<\/p>\n\n\n\n<p>A sustentabilidade financeira do programa passa por constante avalia\u00e7\u00e3o, j\u00e1 que depende de recursos or\u00e7ament\u00e1rios e decis\u00f5es pol\u00edticas. O compromisso do governo em manter e ampliar o <strong>Bolsa Fam\u00edlia<\/strong> reflete a import\u00e2ncia desse instrumento na promo\u00e7\u00e3o da justi\u00e7a social e na constru\u00e7\u00e3o de uma sociedade mais igualit\u00e1ria.<\/p>\n","protected":false},"excerpt":{"rendered":"<p>O Bolsa Fam\u00edlia, programa de transfer\u00eancia de renda do governo brasileiro, continua a desempenhar um papel significativo no apoio \u00e0s fam\u00edlias em situa\u00e7\u00e3o de vulnerabilidade socioecon\u00f4mica. O programa prev\u00ea repasses mensais aos benefici\u00e1rios, cujo cronograma \u00e9 determinado pelo \u00faltimo n\u00famero do NIS (N\u00famero de Identifica\u00e7\u00e3o Social) dos cart\u00f5es. Para o m\u00eas de agosto, o Minist\u00e9rio [&hellip;]<\/p>\n","protected":false},"author":20,"featured_media":67039,"comment_status":"open","ping_status":"open","sticky":false,"template":"","format":"standard","meta":{"jnews-multi-image_gallery":[],"jnews_single_post":{"format":"standard"},"jnews_primary_category":[],"jnews_social_meta":[],"jnews_override_counter":[],"footnotes":""},"categories":[28,1],"tags":[1114,345,1496],"class_list":["post-80535","post","type-post","status-publish","format-standard","has-post-thumbnail","hentry","category-economia","category-noticias","tag-mds","tag-nis","tag-programa-bolsa-familia"],"yoast_head":"<!-- This site is optimized with the Yoast SEO plugin v23.8 - https:\/\/yoast.com\/wordpress\/plugins\/seo\/ -->\n<title>Bolsa Fam\u00edlia libera novo pagamento para NIS final 4! - Estado de Minas - Em foco<\/title>\n<meta name=\"description\" content=\"Benefici\u00e1rios do Bolsa Fam\u00edlia j\u00e1 podem se organizar para o pagamento de agosto. Confira o calend\u00e1rio, os crit\u00e9rios e os canais de recebimento.\" \/>\n<meta name=\"robots\" content=\"index, follow, max-snippet:-1, max-image-preview:large, max-video-preview:-1\" \/>\n<link rel=\"canonical\" href=\"https:\/\/www.em.com.br\/emfoco\/2025\/07\/24\/bolsa-familia-libera-novo-pagamento-para-nis-final-4\/\" \/>\n<meta property=\"og:locale\" content=\"pt_BR\" \/>\n<meta property=\"og:type\" content=\"article\" \/>\n<meta property=\"og:title\" content=\"Bolsa Fam\u00edlia libera novo pagamento para NIS final 4! - Estado de Minas - Em foco\" \/>\n<meta property=\"og:description\" content=\"Benefici\u00e1rios do Bolsa Fam\u00edlia j\u00e1 podem se organizar para o pagamento de agosto. Confira o calend\u00e1rio, os crit\u00e9rios e os canais de recebimento.\" \/>\n<meta property=\"og:url\" content=\"https:\/\/www.em.com.br\/emfoco\/2025\/07\/24\/bolsa-familia-libera-novo-pagamento-para-nis-final-4\/\" \/>\n<meta property=\"og:site_name\" content=\"Estado de Minas - Em foco\" \/>\n<meta property=\"article:published_time\" content=\"2025-07-24T17:38:00+00:00\" \/>\n<meta property=\"article:modified_time\" content=\"2025-07-23T22:30:53+00:00\" \/>\n<meta property=\"og:image\" content=\"https:\/\/www.em.com.br\/emfoco\/wp-content\/uploads\/2025\/06\/beneficio-brasil_1750889236618.jpg\" \/>\n\t<meta property=\"og:image:width\" content=\"1280\" \/>\n\t<meta property=\"og:image:height\" content=\"720\" \/>\n\t<meta property=\"og:image:type\" content=\"image\/jpeg\" \/>\n<meta name=\"author\" content=\"Ingrid Diniz\" \/>\n<meta name=\"twitter:card\" content=\"summary_large_image\" \/>\n<meta name=\"twitter:label1\" content=\"Escrito por\" \/>\n\t<meta name=\"twitter:data1\" content=\"Ingrid Diniz\" \/>\n\t<meta name=\"twitter:label2\" content=\"Est. tempo de leitura\" \/>\n\t<meta name=\"twitter:data2\" content=\"5 minutos\" \/>\n<!-- \/ Yoast SEO plugin. -->","yoast_head_json":{"title":"Bolsa Fam\u00edlia libera novo pagamento para NIS final 4! - Estado de Minas - Em foco","description":"Benefici\u00e1rios do Bolsa Fam\u00edlia j\u00e1 podem se organizar para o pagamento de agosto. Confira o calend\u00e1rio, os crit\u00e9rios e os canais de recebimento.","robots":{"index":"index","follow":"follow","max-snippet":"max-snippet:-1","max-image-preview":"max-image-preview:large","max-video-preview":"max-video-preview:-1"},"canonical":"https:\/\/www.em.com.br\/emfoco\/2025\/07\/24\/bolsa-familia-libera-novo-pagamento-para-nis-final-4\/","og_locale":"pt_BR","og_type":"article","og_title":"Bolsa Fam\u00edlia libera novo pagamento para NIS final 4! - Estado de Minas - Em foco","og_description":"Benefici\u00e1rios do Bolsa Fam\u00edlia j\u00e1 podem se organizar para o pagamento de agosto. Confira o calend\u00e1rio, os crit\u00e9rios e os canais de recebimento.","og_url":"https:\/\/www.em.com.br\/emfoco\/2025\/07\/24\/bolsa-familia-libera-novo-pagamento-para-nis-final-4\/","og_site_name":"Estado de Minas - Em foco","article_published_time":"2025-07-24T17:38:00+00:00","article_modified_time":"2025-07-23T22:30:53+00:00","og_image":[{"width":1280,"height":720,"url":"https:\/\/www.em.com.br\/emfoco\/wp-content\/uploads\/2025\/06\/beneficio-brasil_1750889236618.jpg","type":"image\/jpeg"}],"author":"Ingrid Diniz","twitter_card":"summary_large_image","twitter_misc":{"Escrito por":"Ingrid Diniz","Est. tempo de leitura":"5 minutos"},"schema":{"@context":"https:\/\/schema.org","@graph":[{"@type":"WebPage","@id":"https:\/\/www.em.com.br\/emfoco\/2025\/07\/24\/bolsa-familia-libera-novo-pagamento-para-nis-final-4\/","url":"https:\/\/www.em.com.br\/emfoco\/2025\/07\/24\/bolsa-familia-libera-novo-pagamento-para-nis-final-4\/","name":"Bolsa Fam\u00edlia libera novo pagamento para NIS final 4! - Estado de Minas - Em foco","isPartOf":{"@id":"https:\/\/www.em.com.br\/emfoco\/#website"},"primaryImageOfPage":{"@id":"https:\/\/www.em.com.br\/emfoco\/2025\/07\/24\/bolsa-familia-libera-novo-pagamento-para-nis-final-4\/#primaryimage"},"image":{"@id":"https:\/\/www.em.com.br\/emfoco\/2025\/07\/24\/bolsa-familia-libera-novo-pagamento-para-nis-final-4\/#primaryimage"},"thumbnailUrl":"https:\/\/www.em.com.br\/emfoco\/wp-content\/uploads\/2025\/06\/beneficio-brasil_1750889236618.jpg","datePublished":"2025-07-24T17:38:00+00:00","dateModified":"2025-07-23T22:30:53+00:00","author":{"@id":"https:\/\/www.em.com.br\/emfoco\/#\/schema\/person\/649e610b4eb8fff87ff394e54fe17b2b"},"description":"Benefici\u00e1rios do Bolsa Fam\u00edlia j\u00e1 podem se organizar para o pagamento de agosto. Confira o calend\u00e1rio, os crit\u00e9rios e os canais de recebimento.","breadcrumb":{"@id":"https:\/\/www.em.com.br\/emfoco\/2025\/07\/24\/bolsa-familia-libera-novo-pagamento-para-nis-final-4\/#breadcrumb"},"inLanguage":"pt-BR","potentialAction":[{"@type":"ReadAction","target":["https:\/\/www.em.com.br\/emfoco\/2025\/07\/24\/bolsa-familia-libera-novo-pagamento-para-nis-final-4\/"]}]},{"@type":"ImageObject","inLanguage":"pt-BR","@id":"https:\/\/www.em.com.br\/emfoco\/2025\/07\/24\/bolsa-familia-libera-novo-pagamento-para-nis-final-4\/#primaryimage","url":"https:\/\/www.em.com.br\/emfoco\/wp-content\/uploads\/2025\/06\/beneficio-brasil_1750889236618.jpg","contentUrl":"https:\/\/www.em.com.br\/emfoco\/wp-content\/uploads\/2025\/06\/beneficio-brasil_1750889236618.jpg","width":1280,"height":720,"caption":"Bolsa Fam\u00edlia de dezembro pode passar de R$ 900 - Cr\u00e9ditos: depositphotos.com \/ rafapress"},{"@type":"BreadcrumbList","@id":"https:\/\/www.em.com.br\/emfoco\/2025\/07\/24\/bolsa-familia-libera-novo-pagamento-para-nis-final-4\/#breadcrumb","itemListElement":[{"@type":"ListItem","position":1,"name":"In\u00edcio","item":"https:\/\/www.em.com.br\/emfoco\/"},{"@type":"ListItem","position":2,"name":"Bolsa Fam\u00edlia libera novo pagamento para NIS final 4!"}]},{"@type":"WebSite","@id":"https:\/\/www.em.com.br\/emfoco\/#website","url":"https:\/\/www.em.com.br\/emfoco\/","name":"Estado de Minas - Em foco","description":"Acompanhe as \u00faltimas not\u00edcias e fique bem informado sobre tudo o que acontece em Minas Gerais, Brasil e no mundo.","potentialAction":[{"@type":"SearchAction","target":{"@type":"EntryPoint","urlTemplate":"https:\/\/www.em.com.br\/emfoco\/?s={search_term_string}"},"query-input":{"@type":"PropertyValueSpecification","valueRequired":true,"valueName":"search_term_string"}}],"inLanguage":"pt-BR"},{"@type":"Person","@id":"https:\/\/www.em.com.br\/emfoco\/#\/schema\/person\/649e610b4eb8fff87ff394e54fe17b2b","name":"Ingrid Diniz","image":{"@type":"ImageObject","inLanguage":"pt-BR","@id":"https:\/\/www.em.com.br\/emfoco\/#\/schema\/person\/image\/","url":"https:\/\/secure.gravatar.com\/avatar\/a3baa1449ec5c39b4c42babc9d4f3951?s=96&d=mm&r=g","contentUrl":"https:\/\/secure.gravatar.com\/avatar\/a3baa1449ec5c39b4c42babc9d4f3951?s=96&d=mm&r=g","caption":"Ingrid Diniz"},"sameAs":["https:\/\/www.em.com.br\/"],"url":"https:\/\/www.em.com.br\/emfoco\/author\/ingridmyth\/"}]}},"_links":{"self":[{"href":"https:\/\/www.em.com.br\/emfoco\/wp-json\/wp\/v2\/posts\/80535","targetHints":{"allow":["GET"]}}],"collection":[{"href":"https:\/\/www.em.com.br\/emfoco\/wp-json\/wp\/v2\/posts"}],"about":[{"href":"https:\/\/www.em.com.br\/emfoco\/wp-json\/wp\/v2\/types\/post"}],"author":[{"embeddable":true,"href":"https:\/\/www.em.com.br\/emfoco\/wp-json\/wp\/v2\/users\/20"}],"replies":[{"embeddable":true,"href":"https:\/\/www.em.com.br\/emfoco\/wp-json\/wp\/v2\/comments?post=80535"}],"version-history":[{"count":1,"href":"https:\/\/www.em.com.br\/emfoco\/wp-json\/wp\/v2\/posts\/80535\/revisions"}],"predecessor-version":[{"id":80548,"href":"https:\/\/www.em.com.br\/emfoco\/wp-json\/wp\/v2\/posts\/80535\/revisions\/80548"}],"wp:featuredmedia":[{"embeddable":true,"href":"https:\/\/www.em.com.br\/emfoco\/wp-json\/wp\/v2\/media\/67039"}],"wp:attachment":[{"href":"https:\/\/www.em.com.br\/emfoco\/wp-json\/wp\/v2\/media?parent=80535"}],"wp:term":[{"taxonomy":"category","embeddable":true,"href":"https:\/\/www.em.com.br\/emfoco\/wp-json\/wp\/v2\/categories?post=80535"},{"taxonomy":"post_tag","embeddable":true,"href":"https:\/\/www.em.com.br\/emfoco\/wp-json\/wp\/v2\/tags?post=80535"}],"curies":[{"name":"wp","href":"https:\/\/api.w.org\/{rel}","templated":true}]}}