{"id":80531,"date":"2025-07-24T06:18:00","date_gmt":"2025-07-24T09:18:00","guid":{"rendered":"https:\/\/www.em.com.br\/emfoco\/?p=80531"},"modified":"2025-07-23T19:04:05","modified_gmt":"2025-07-23T22:04:05","slug":"descontos-indevidos-no-inss-agora-tem-reembolso-garantido-direto-na-conta","status":"publish","type":"post","link":"https:\/\/www.em.com.br\/emfoco\/2025\/07\/24\/descontos-indevidos-no-inss-agora-tem-reembolso-garantido-direto-na-conta\/","title":{"rendered":"Descontos indevidos no INSS agora t\u00eam reembolso garantido direto na conta"},"content":{"rendered":"\n<p>Recentemente, o <strong>Governo Federal<\/strong> lan\u00e7ou uma iniciativa inovadora para reparar aposentados e pensionistas que sofreram descontos indevidos em benef\u00edcios do <strong>Instituto Nacional do Seguro Social<\/strong> (<a href=\"https:\/\/www.em.com.br\/emfoco\/2025\/07\/23\/aposentados-ja-podem-comemorar-datas-de-pagamento-confirmadas-pelo-inss\/\" target=\"_blank\" rel=\"noreferrer noopener\">INSS<\/a>). O objetivo \u00e9 restaurar a confian\u00e7a dos benefici\u00e1rios e garantir que valores descontados de forma inadequada sejam devolvidos, com corre\u00e7\u00e3o monet\u00e1ria, diretamente aos afetados. A participa\u00e7\u00e3o neste processo \u00e9 facilitada pelo aplicativo <strong>Meu INSS<\/strong> e nas ag\u00eancias dos Correios em todo o <strong>Brasil<\/strong>, proporcionando comodidade e praticidade para todos.<\/p>\n\n\n\n<p>O programa representa um esfor\u00e7o conjunto para corrigir pend\u00eancias financeiras sem judicializa\u00e7\u00e3o, demonstrando o compromisso do governo com a justi\u00e7a social. Pagamentos para alguns grupos j\u00e1 foram anunciados, por\u00e9m o prazo para ades\u00e3o segue aberto, permitindo que mais benefici\u00e1rios possam se inscrever e receber o ressarcimento de maneira c\u00e9lere e transparente.<\/p>\n\n\n\n<h2 class=\"wp-block-heading\">Quem pode participar do programa de ressarcimento?<\/h2>\n\n\n<div class=\"wp-block-image\">\n<figure class=\"aligncenter size-large\"><img loading=\"lazy\" decoding=\"async\" width=\"1024\" height=\"576\" src=\"https:\/\/www.em.com.br\/emfoco\/wp-content\/uploads\/2025\/06\/inss_1748997203588-1024x576.jpg\" alt=\"INSS surpreende com benef\u00edcios que v\u00e3o al\u00e9m da aposentadoria\" class=\"wp-image-55205\" srcset=\"https:\/\/www.em.com.br\/emfoco\/wp-content\/uploads\/2025\/06\/inss_1748997203588-1024x576.jpg 1024w, https:\/\/www.em.com.br\/emfoco\/wp-content\/uploads\/2025\/06\/inss_1748997203588-300x169.jpg 300w, https:\/\/www.em.com.br\/emfoco\/wp-content\/uploads\/2025\/06\/inss_1748997203588-768x432.jpg 768w, https:\/\/www.em.com.br\/emfoco\/wp-content\/uploads\/2025\/06\/inss_1748997203588-750x422.jpg 750w, https:\/\/www.em.com.br\/emfoco\/wp-content\/uploads\/2025\/06\/inss_1748997203588-1140x641.jpg 1140w, https:\/\/www.em.com.br\/emfoco\/wp-content\/uploads\/2025\/06\/inss_1748997203588.jpg 1280w\" sizes=\"auto, (max-width: 1024px) 100vw, 1024px\" \/><figcaption class=\"wp-element-caption\">Pr\u00e9dio da Previd\u00eancia Social &#8211; Cr\u00e9ditos: depositphotos.com \/ AngelaMacario<\/figcaption><\/figure><\/div>\n\n\n<p>O programa est\u00e1 dispon\u00edvel para todos os benefici\u00e1rios do <strong>INSS <\/strong>que formalizaram contesta\u00e7\u00e3o dos descontos irregulares em seus benef\u00edcios e n\u00e3o obtiveram resposta dentro do per\u00edodo de 15 dias \u00fateis. \u00c9 uma medida inclusiva que visa atingir tanto aposentados quanto pensionistas em todo o territ\u00f3rio nacional.<\/p>\n\n\n\n<p>A ades\u00e3o n\u00e3o envolve qualquer cobran\u00e7a, sendo feita de maneira gratuita por canais oficiais. Os interessados podem optar pela inscri\u00e7\u00e3o digital, via <strong>Meu INSS<\/strong> (web ou aplicativo), ou presencialmente nas ag\u00eancias dos <strong>Correios<\/strong>, ampliando o acesso inclusive para aqueles com maior dificuldade em utilizar tecnologia.<\/p>\n\n\n\n<h2 class=\"wp-block-heading\">Como funciona o processo de ressarcimento?<\/h2>\n\n\n\n<p>Ap\u00f3s registrar a contesta\u00e7\u00e3o dos descontos, o benefici\u00e1rio deve aguardar a an\u00e1lise e resposta por parte do <strong>INSS<\/strong>. Caso n\u00e3o haja resposta dentro do prazo determinado, a ades\u00e3o ao acordo de ressarcimento \u00e9 liberada, e o processo pode ser conclu\u00eddo pelo pr\u00f3prio segurado sem a necessidade de intermedi\u00e1rios.<\/p>\n\n\n\n<p>No caso de resposta oficial do <strong>INSS<\/strong>, o benefici\u00e1rio ter\u00e1 a op\u00e7\u00e3o de aceitar a justificativa apresentada, contestar novamente ou apontar ind\u00edcios de fraude. O processo \u00e9 acompanhado por prazos bem definidos, promovendo maior seguran\u00e7a jur\u00eddica para os envolvidos.<\/p>\n\n\n\n<h2 class=\"wp-block-heading\">Passo a passo para ades\u00e3o pelo Meu INSS<\/h2>\n\n\n\n<p>Para se inscrever pelo <strong><a href=\"https:\/\/meu.inss.gov.br\/\" target=\"_blank\" rel=\"noreferrer noopener\">Meu INSS<\/a><\/strong>, basta acessar o aplicativo com <strong>CPF <\/strong>e senha, ir at\u00e9 a se\u00e7\u00e3o de \u201c<strong>Consulta de Pedidos<\/strong>\u201d e seguir as orienta\u00e7\u00f5es para formalizar a aceita\u00e7\u00e3o do acordo. Todo o processo \u00e9 guiado pelo sistema, tornando a ades\u00e3o simples at\u00e9 mesmo para quem possui pouca familiaridade com tecnologia.<\/p>\n\n\n\n<p>\u00c9 importante manter as informa\u00e7\u00f5es cadastrais atualizadas e acompanhar o andamento do processo periodicamente pelo aplicativo ou website. Assim, o benefici\u00e1rio garante que receber\u00e1 todas as notifica\u00e7\u00f5es oficiais e futuras orienta\u00e7\u00f5es relacionadas ao ressarcimento.<\/p>\n\n\n\n<h2 class=\"wp-block-heading\">Alternativas presenciais e orienta\u00e7\u00f5es adicionais<\/h2>\n\n\n\n<p>Aqueles que preferirem podem comparecer a uma das ag\u00eancias dos <strong>Correios<\/strong>, portando documento de identidade e o n\u00famero do benef\u00edcio do <strong>INSS<\/strong>, para realizar a inscri\u00e7\u00e3o presencialmente. Os atendentes est\u00e3o preparados para orientar sobre cada etapa, garantindo apoio em todo o processo.<\/p>\n\n\n\n<p>Al\u00e9m disso, a <strong>Central de Atendimento 135<\/strong> permanece dispon\u00edvel para esclarecimentos e d\u00favidas. O site oficial do <strong>INSS<\/strong> tamb\u00e9m oferece detalhamento sobre cada etapa e lista de documentos necess\u00e1rios.<\/p>\n\n\n\n<h2 class=\"wp-block-heading\">Seguran\u00e7a, combate a fraudes e canais oficiais<\/h2>\n\n\n\n<p>O <strong>INSS <\/strong>refor\u00e7a que nenhuma comunica\u00e7\u00e3o oficial ser\u00e1 feita via <strong>WhatsApp<\/strong>, <strong>SMS <\/strong>ou e-mails n\u00e3o institucionais. O uso exclusivo de canais oficiais como <strong>Meu INSS, ag\u00eancias dos Correios, Central 135<\/strong> ou site oficial, que tem o intuito de proteger os benefici\u00e1rios de golpes e fraudes.<\/p>\n\n\n\n<p>Todo o processo foi desenhado para ser seguro e transparente, permitindo o rastreio completo da solicita\u00e7\u00e3o de ressarcimento. Fique atento: ofertas externas e contatos por redes sociais desconhecidas devem ser ignorados.<\/p>\n\n\n\n<h2 class=\"wp-block-heading\">Impactos sociais e financeiros da iniciativa<\/h2>\n\n\n\n<p>Esta a\u00e7\u00e3o do <strong>Governo Federal<\/strong> busca n\u00e3o apenas ressarcir financeiramente os aposentados e pensionistas, mas tamb\u00e9m fortalecer a confian\u00e7a no sistema previdenci\u00e1rio. Ao reconhecer e corrigir os erros de descontos indevidos, o programa auxilia na dignidade e qualidade de vida dos benefici\u00e1rios.<\/p>\n\n\n\n<p>Do ponto de vista econ\u00f4mico, a iniciativa movimenta recursos para milh\u00f5es de fam\u00edlias brasileiras, permitindo que muitos reorganizem suas finan\u00e7as pessoais. Isso refor\u00e7a o papel social do <strong>INSS <\/strong>e do governo na promo\u00e7\u00e3o da justi\u00e7a e do bem-estar coletivo.<\/p>\n\n\n\n<h2 class=\"wp-block-heading\">Como acompanhar o ressarcimento e manter-se informado<\/h2>\n\n\n\n<p>Para acompanhar o andamento do processo de ressarcimento, os benefici\u00e1rios devem acessar periodicamente o aplicativo <strong>Meu INSS<\/strong> ou o portal oficial. Al\u00e9m disso, o <strong>INSS <\/strong>divulga atualiza\u00e7\u00f5es regulares em suas redes sociais e canais oficiais, garantindo que todos os passos sejam conhecidos e transparentes.<\/p>\n\n\n\n<p>Em caso de d\u00favidas, lembre-se de buscar informa\u00e7\u00f5es somente nos canais oficiais. O governo refor\u00e7a seu compromisso em manter todo o processo \u00e9tico, r\u00e1pido e acess\u00edvel, priorizando sempre o respeito e o cuidado com seus segurados.<\/p>\n","protected":false},"excerpt":{"rendered":"<p>Recentemente, o Governo Federal lan\u00e7ou uma iniciativa inovadora para reparar aposentados e pensionistas que sofreram descontos indevidos em benef\u00edcios do Instituto Nacional do Seguro Social (INSS). O objetivo \u00e9 restaurar a confian\u00e7a dos benefici\u00e1rios e garantir que valores descontados de forma inadequada sejam devolvidos, com corre\u00e7\u00e3o monet\u00e1ria, diretamente aos afetados. A participa\u00e7\u00e3o neste processo \u00e9 [&hellip;]<\/p>\n","protected":false},"author":20,"featured_media":67048,"comment_status":"open","ping_status":"open","sticky":false,"template":"","format":"standard","meta":{"jnews-multi-image_gallery":[],"jnews_single_post":{"format":"standard"},"jnews_primary_category":[],"jnews_social_meta":[],"jnews_override_counter":[],"footnotes":""},"categories":[28,1],"tags":[2050,174,6592],"class_list":["post-80531","post","type-post","status-publish","format-standard","has-post-thumbnail","hentry","category-economia","category-noticias","tag-correios","tag-inss","tag-ressarcimento"],"yoast_head":"<!-- This site is optimized with the Yoast SEO plugin v23.8 - https:\/\/yoast.com\/wordpress\/plugins\/seo\/ -->\n<title>Descontos indevidos no INSS agora t\u00eam reembolso garantido direto na conta - Estado de Minas - Em foco<\/title>\n<meta name=\"description\" content=\"Novo programa do INSS promete ressarcimento r\u00e1pido e seguro para quem contestou descontos n\u00e3o autorizados. Participe sem burocracia!\" \/>\n<meta name=\"robots\" content=\"index, follow, max-snippet:-1, max-image-preview:large, max-video-preview:-1\" \/>\n<link rel=\"canonical\" href=\"https:\/\/www.em.com.br\/emfoco\/2025\/07\/24\/descontos-indevidos-no-inss-agora-tem-reembolso-garantido-direto-na-conta\/\" \/>\n<meta property=\"og:locale\" content=\"pt_BR\" \/>\n<meta property=\"og:type\" content=\"article\" \/>\n<meta property=\"og:title\" content=\"Descontos indevidos no INSS agora t\u00eam reembolso garantido direto na conta - Estado de Minas - Em foco\" \/>\n<meta property=\"og:description\" content=\"Novo programa do INSS promete ressarcimento r\u00e1pido e seguro para quem contestou descontos n\u00e3o autorizados. Participe sem burocracia!\" \/>\n<meta property=\"og:url\" content=\"https:\/\/www.em.com.br\/emfoco\/2025\/07\/24\/descontos-indevidos-no-inss-agora-tem-reembolso-garantido-direto-na-conta\/\" \/>\n<meta property=\"og:site_name\" content=\"Estado de Minas - Em foco\" \/>\n<meta property=\"article:published_time\" content=\"2025-07-24T09:18:00+00:00\" \/>\n<meta property=\"article:modified_time\" content=\"2025-07-23T22:04:05+00:00\" \/>\n<meta property=\"og:image\" content=\"https:\/\/www.em.com.br\/emfoco\/wp-content\/uploads\/2025\/06\/pe-de-meia-dinheiro.png\" \/>\n\t<meta property=\"og:image:width\" content=\"1280\" \/>\n\t<meta property=\"og:image:height\" content=\"720\" \/>\n\t<meta property=\"og:image:type\" content=\"image\/png\" \/>\n<meta name=\"author\" content=\"Ingrid Diniz\" \/>\n<meta name=\"twitter:card\" content=\"summary_large_image\" \/>\n<meta name=\"twitter:label1\" content=\"Escrito por\" \/>\n\t<meta name=\"twitter:data1\" content=\"Ingrid Diniz\" \/>\n\t<meta name=\"twitter:label2\" content=\"Est. tempo de leitura\" \/>\n\t<meta name=\"twitter:data2\" content=\"5 minutos\" \/>\n<!-- \/ Yoast SEO plugin. -->","yoast_head_json":{"title":"Descontos indevidos no INSS agora t\u00eam reembolso garantido direto na conta - Estado de Minas - Em foco","description":"Novo programa do INSS promete ressarcimento r\u00e1pido e seguro para quem contestou descontos n\u00e3o autorizados. Participe sem burocracia!","robots":{"index":"index","follow":"follow","max-snippet":"max-snippet:-1","max-image-preview":"max-image-preview:large","max-video-preview":"max-video-preview:-1"},"canonical":"https:\/\/www.em.com.br\/emfoco\/2025\/07\/24\/descontos-indevidos-no-inss-agora-tem-reembolso-garantido-direto-na-conta\/","og_locale":"pt_BR","og_type":"article","og_title":"Descontos indevidos no INSS agora t\u00eam reembolso garantido direto na conta - Estado de Minas - Em foco","og_description":"Novo programa do INSS promete ressarcimento r\u00e1pido e seguro para quem contestou descontos n\u00e3o autorizados. Participe sem burocracia!","og_url":"https:\/\/www.em.com.br\/emfoco\/2025\/07\/24\/descontos-indevidos-no-inss-agora-tem-reembolso-garantido-direto-na-conta\/","og_site_name":"Estado de Minas - Em foco","article_published_time":"2025-07-24T09:18:00+00:00","article_modified_time":"2025-07-23T22:04:05+00:00","og_image":[{"width":1280,"height":720,"url":"https:\/\/www.em.com.br\/emfoco\/wp-content\/uploads\/2025\/06\/pe-de-meia-dinheiro.png","type":"image\/png"}],"author":"Ingrid Diniz","twitter_card":"summary_large_image","twitter_misc":{"Escrito por":"Ingrid Diniz","Est. tempo de leitura":"5 minutos"},"schema":{"@context":"https:\/\/schema.org","@graph":[{"@type":"WebPage","@id":"https:\/\/www.em.com.br\/emfoco\/2025\/07\/24\/descontos-indevidos-no-inss-agora-tem-reembolso-garantido-direto-na-conta\/","url":"https:\/\/www.em.com.br\/emfoco\/2025\/07\/24\/descontos-indevidos-no-inss-agora-tem-reembolso-garantido-direto-na-conta\/","name":"Descontos indevidos no INSS agora t\u00eam reembolso garantido direto na conta - Estado de Minas - Em foco","isPartOf":{"@id":"https:\/\/www.em.com.br\/emfoco\/#website"},"primaryImageOfPage":{"@id":"https:\/\/www.em.com.br\/emfoco\/2025\/07\/24\/descontos-indevidos-no-inss-agora-tem-reembolso-garantido-direto-na-conta\/#primaryimage"},"image":{"@id":"https:\/\/www.em.com.br\/emfoco\/2025\/07\/24\/descontos-indevidos-no-inss-agora-tem-reembolso-garantido-direto-na-conta\/#primaryimage"},"thumbnailUrl":"https:\/\/www.em.com.br\/emfoco\/wp-content\/uploads\/2025\/06\/pe-de-meia-dinheiro.png","datePublished":"2025-07-24T09:18:00+00:00","dateModified":"2025-07-23T22:04:05+00:00","author":{"@id":"https:\/\/www.em.com.br\/emfoco\/#\/schema\/person\/649e610b4eb8fff87ff394e54fe17b2b"},"description":"Novo programa do INSS promete ressarcimento r\u00e1pido e seguro para quem contestou descontos n\u00e3o autorizados. Participe sem burocracia!","breadcrumb":{"@id":"https:\/\/www.em.com.br\/emfoco\/2025\/07\/24\/descontos-indevidos-no-inss-agora-tem-reembolso-garantido-direto-na-conta\/#breadcrumb"},"inLanguage":"pt-BR","potentialAction":[{"@type":"ReadAction","target":["https:\/\/www.em.com.br\/emfoco\/2025\/07\/24\/descontos-indevidos-no-inss-agora-tem-reembolso-garantido-direto-na-conta\/"]}]},{"@type":"ImageObject","inLanguage":"pt-BR","@id":"https:\/\/www.em.com.br\/emfoco\/2025\/07\/24\/descontos-indevidos-no-inss-agora-tem-reembolso-garantido-direto-na-conta\/#primaryimage","url":"https:\/\/www.em.com.br\/emfoco\/wp-content\/uploads\/2025\/06\/pe-de-meia-dinheiro.png","contentUrl":"https:\/\/www.em.com.br\/emfoco\/wp-content\/uploads\/2025\/06\/pe-de-meia-dinheiro.png","width":1280,"height":720,"caption":"Quem ganha e quem perde com o novo sal\u00e1rio m\u00ednimo de 2026 - Cr\u00e9ditos: depositphotos.com \/ IgorVetushko e depositphotos.com \/ brenosaturnino"},{"@type":"BreadcrumbList","@id":"https:\/\/www.em.com.br\/emfoco\/2025\/07\/24\/descontos-indevidos-no-inss-agora-tem-reembolso-garantido-direto-na-conta\/#breadcrumb","itemListElement":[{"@type":"ListItem","position":1,"name":"In\u00edcio","item":"https:\/\/www.em.com.br\/emfoco\/"},{"@type":"ListItem","position":2,"name":"Descontos indevidos no INSS agora t\u00eam reembolso garantido direto na conta"}]},{"@type":"WebSite","@id":"https:\/\/www.em.com.br\/emfoco\/#website","url":"https:\/\/www.em.com.br\/emfoco\/","name":"Estado de Minas - Em foco","description":"Acompanhe as \u00faltimas not\u00edcias e fique bem informado sobre tudo o que acontece em Minas Gerais, Brasil e no mundo.","potentialAction":[{"@type":"SearchAction","target":{"@type":"EntryPoint","urlTemplate":"https:\/\/www.em.com.br\/emfoco\/?s={search_term_string}"},"query-input":{"@type":"PropertyValueSpecification","valueRequired":true,"valueName":"search_term_string"}}],"inLanguage":"pt-BR"},{"@type":"Person","@id":"https:\/\/www.em.com.br\/emfoco\/#\/schema\/person\/649e610b4eb8fff87ff394e54fe17b2b","name":"Ingrid Diniz","image":{"@type":"ImageObject","inLanguage":"pt-BR","@id":"https:\/\/www.em.com.br\/emfoco\/#\/schema\/person\/image\/","url":"https:\/\/secure.gravatar.com\/avatar\/a3baa1449ec5c39b4c42babc9d4f3951?s=96&d=mm&r=g","contentUrl":"https:\/\/secure.gravatar.com\/avatar\/a3baa1449ec5c39b4c42babc9d4f3951?s=96&d=mm&r=g","caption":"Ingrid Diniz"},"sameAs":["https:\/\/www.em.com.br\/"],"url":"https:\/\/www.em.com.br\/emfoco\/author\/ingridmyth\/"}]}},"_links":{"self":[{"href":"https:\/\/www.em.com.br\/emfoco\/wp-json\/wp\/v2\/posts\/80531","targetHints":{"allow":["GET"]}}],"collection":[{"href":"https:\/\/www.em.com.br\/emfoco\/wp-json\/wp\/v2\/posts"}],"about":[{"href":"https:\/\/www.em.com.br\/emfoco\/wp-json\/wp\/v2\/types\/post"}],"author":[{"embeddable":true,"href":"https:\/\/www.em.com.br\/emfoco\/wp-json\/wp\/v2\/users\/20"}],"replies":[{"embeddable":true,"href":"https:\/\/www.em.com.br\/emfoco\/wp-json\/wp\/v2\/comments?post=80531"}],"version-history":[{"count":1,"href":"https:\/\/www.em.com.br\/emfoco\/wp-json\/wp\/v2\/posts\/80531\/revisions"}],"predecessor-version":[{"id":80541,"href":"https:\/\/www.em.com.br\/emfoco\/wp-json\/wp\/v2\/posts\/80531\/revisions\/80541"}],"wp:featuredmedia":[{"embeddable":true,"href":"https:\/\/www.em.com.br\/emfoco\/wp-json\/wp\/v2\/media\/67048"}],"wp:attachment":[{"href":"https:\/\/www.em.com.br\/emfoco\/wp-json\/wp\/v2\/media?parent=80531"}],"wp:term":[{"taxonomy":"category","embeddable":true,"href":"https:\/\/www.em.com.br\/emfoco\/wp-json\/wp\/v2\/categories?post=80531"},{"taxonomy":"post_tag","embeddable":true,"href":"https:\/\/www.em.com.br\/emfoco\/wp-json\/wp\/v2\/tags?post=80531"}],"curies":[{"name":"wp","href":"https:\/\/api.w.org\/{rel}","templated":true}]}}