{"id":80436,"date":"2025-07-26T16:48:00","date_gmt":"2025-07-26T19:48:00","guid":{"rendered":"https:\/\/www.em.com.br\/emfoco\/?p=80436"},"modified":"2025-07-23T11:57:44","modified_gmt":"2025-07-23T14:57:44","slug":"essas-pesquisas-revelam-novo-uso-do-omega-3-e-os-resultados-sao-surpreendentes","status":"publish","type":"post","link":"https:\/\/www.em.com.br\/emfoco\/2025\/07\/26\/essas-pesquisas-revelam-novo-uso-do-omega-3-e-os-resultados-sao-surpreendentes\/","title":{"rendered":"Essas pesquisas revelam novo uso do \u00f4mega-3 e os resultados s\u00e3o surpreendentes"},"content":{"rendered":"\n<p>No mundo contempor\u00e2neo, a conex\u00e3o entre dieta e comportamento tem chamado a aten\u00e7\u00e3o de pesquisadores que buscam compreender melhor como o que comemos pode afetar nosso<strong><a href=\"https:\/\/www.em.com.br\/emfoco\/2025\/02\/14\/o-impacto-dos-exercicios-no-bem-estar-fisico-e-mental\/\" target=\"_blank\" rel=\"noreferrer noopener\"> bem-estar mental e f\u00edsico<\/a><\/strong>. Uma \u00e1rea de interesse crescente \u00e9 o papel dos \u00e1cidos graxos \u00f4mega-3, frequentemente encontrados em c\u00e1psulas de \u00f3leo de peixe, na redu\u00e7\u00e3o da agressividade. Um estudo de 2024 destacado na revista <strong>Aggression and Violent Behavior<\/strong> identificou essa conex\u00e3o, revelando que a suplementa\u00e7\u00e3o com \u00f4mega-3 pode contribuir para a diminui\u00e7\u00e3o da agress\u00e3o em diversos contextos.<\/p>\n\n\n\n<p>Estudos pr\u00e9vios j\u00e1 sugeriam a efic\u00e1cia do <strong>\u00f4mega-3<\/strong> na preven\u00e7\u00e3o de condi\u00e7\u00f5es como a esquizofrenia, e cren\u00e7as anteriores sugeriam que comportamentos agressivos poderiam ser parcialmente relacionados \u00e0 car\u00eancia nutricional. Os pesquisadores da <strong><a href=\"https:\/\/www.estudarfora.org.br\/university-of-pennsylvania-upenn-universidade-da-pensilvania\/\" target=\"_blank\" rel=\"noreferrer noopener\">Universidade da Pensilv\u00e2nia<\/a><\/strong> ampliaram essas investiga\u00e7\u00f5es iniciais por meio de uma meta-an\u00e1lise que incluiu 29 ensaios controlados aleat\u00f3rios, totalizando 3.918 participantes. Os resultados indicaram um efeito, ainda que modesto, mas not\u00e1vel no curto prazo, podendo chegar a uma redu\u00e7\u00e3o de at\u00e9 28% na agressividade de acordo com v\u00e1rias vari\u00e1veis, como idade, g\u00eanero, diagn\u00f3stico m\u00e9dico, dura\u00e7\u00e3o e dosagem do tratamento.<\/p>\n\n\n\n<h2 class=\"wp-block-heading\">Como o \u00f4mega-3 afeta a agress\u00e3o?<\/h2>\n\n\n\n<p><strong>A redu\u00e7\u00e3o da agressividade foi observada em diferentes formas de agress\u00e3o, tanto reativa quanto proativa.<\/strong> A agress\u00e3o reativa ocorre em resposta a uma provoca\u00e7\u00e3o, enquanto a proativa \u00e9 um comportamento planejado com anteced\u00eancia. Antes desse estudo, ainda havia incertezas sobre a capacidade do \u00f4mega-3 de ajudar nesses diferentes tipos. O estudo refor\u00e7a a hip\u00f3tese de que a dieta pode influenciar a qu\u00edmica cerebral, possivelmente regulando a agress\u00e3o.<\/p>\n\n\n\n<figure class=\"wp-block-image size-large\"><img loading=\"lazy\" decoding=\"async\" width=\"1024\" height=\"576\" src=\"https:\/\/www.em.com.br\/emfoco\/wp-content\/uploads\/2025\/07\/omega-3_1751892996546-1024x576.jpg\" alt=\"Entenda como o \u00f4mega-3 pode ser um dos maiores aliados naturais contra a depress\u00e3o\" class=\"wp-image-72226\" srcset=\"https:\/\/www.em.com.br\/emfoco\/wp-content\/uploads\/2025\/07\/omega-3_1751892996546-1024x576.jpg 1024w, https:\/\/www.em.com.br\/emfoco\/wp-content\/uploads\/2025\/07\/omega-3_1751892996546-300x169.jpg 300w, https:\/\/www.em.com.br\/emfoco\/wp-content\/uploads\/2025\/07\/omega-3_1751892996546-768x432.jpg 768w, https:\/\/www.em.com.br\/emfoco\/wp-content\/uploads\/2025\/07\/omega-3_1751892996546-750x422.jpg 750w, https:\/\/www.em.com.br\/emfoco\/wp-content\/uploads\/2025\/07\/omega-3_1751892996546-1140x641.jpg 1140w, https:\/\/www.em.com.br\/emfoco\/wp-content\/uploads\/2025\/07\/omega-3_1751892996546.jpg 1280w\" sizes=\"auto, (max-width: 1024px) 100vw, 1024px\" \/><figcaption class=\"wp-element-caption\">Alimentos ricos em \u00f4mega-3 &#8211; Cr\u00e9ditos: depositphotos.com \/ alex9500<\/figcaption><\/figure>\n\n\n\n<h2 class=\"wp-block-heading\">Quem pode se beneficiar da suplementa\u00e7\u00e3o com \u00f4mega-3?<\/h2>\n\n\n\n<p><strong>Os ensaios inclu\u00eddos na pesquisa, realizados entre 1996 e 2024, abrangeram uma variedade de perfis demogr\u00e1ficos, abrangendo desde crian\u00e7as at\u00e9 pessoas mais velhas, de 50 a 60 anos.<\/strong> Segundo <strong>Adrian Raine<\/strong>, neuro criminologista envolvido na pesquisa, a suplementa\u00e7\u00e3o com \u00f4mega-3 \u00e9 ben\u00e9fica em diferentes contextos, seja na comunidade, na cl\u00ednica ou no sistema judici\u00e1rio. Para os pais que buscam tratamento para comportamentos agressivos em crian\u00e7as, Raine sugere que \u00e9 v\u00e1lido considerar a inclus\u00e3o de peixes ricos em \u00f4mega-3 na dieta como uma abordagem complementar ao tratamento tradicional. Al\u00e9m disso, pessoas com dist\u00farbios de conduta, <strong>transtorno do d\u00e9ficit de aten\u00e7\u00e3o e hiperatividade (TDAH)<\/strong> e adultos com sintomas de irritabilidade tamb\u00e9m podem se beneficiar da inclus\u00e3o do nutriente, segundo estudos recentes.<\/p>\n\n\n\n<h2 class=\"wp-block-heading\">Quais s\u00e3o as fun\u00e7\u00f5es do \u00f4mega-3 no c\u00e9rebro?<\/h2>\n\n\n\n<p><strong>Os pesquisadores acreditam que o \u00f4mega-3 atua na redu\u00e7\u00e3o da inflama\u00e7\u00e3o e na manuten\u00e7\u00e3o dos processos cerebrais vitais, auxiliando na regula\u00e7\u00e3o da agress\u00e3o.<\/strong> Apesar de ainda existirem muitas quest\u00f5es a serem esclarecidas, os estudos indicam que h\u00e1 evid\u00eancias suficientes para continuar investigando essa rela\u00e7\u00e3o. Al\u00e9m disso, a literatura cient\u00edfica destaca outros benef\u00edcios do consumo de \u00f4mega-3, como a diminui\u00e7\u00e3o do risco de ataques card\u00edacos fatais, derrames e outros problemas de sa\u00fade card\u00edaca. Recentemente, tamb\u00e9m foram observadas associa\u00e7\u00f5es positivas entre o consumo de \u00f4mega-3 e melhor desempenho cognitivo em idosos, sugerindo efeitos neuroprotetores do nutriente.<\/p>\n\n\n\n<h2 class=\"wp-block-heading\">Adotar \u00f4mega-3 em uma dieta di\u00e1ria \u00e9 eficaz?<\/h2>\n\n\n\n<p><strong>Adrian Raine ressalta que, embora o \u00f4mega-3 n\u00e3o seja uma solu\u00e7\u00e3o m\u00e1gica para erradicar completamente a viol\u00eancia na sociedade, ele pode, sim, desempenhar um papel significativo.<\/strong> Essa descoberta abre portas para novas estrat\u00e9gias que utilizem o \u00f4mega-3 como parte de abordagens mais amplas na gest\u00e3o da agressividade e melhora do bem-estar mental. Assim, incorporar o \u00f4mega-3 na dieta pode ser n\u00e3o apenas ben\u00e9fico para a sa\u00fade cerebral, mas tamb\u00e9m para o bem-estar geral.<\/p>\n\n\n\n<p>Com base nas evid\u00eancias atuais, parece claro que o \u00f4mega-3 possui diversos benef\u00edcios potenciais que v\u00e3o al\u00e9m da sa\u00fade f\u00edsica. Embora mais pesquisas sejam necess\u00e1rias para entender melhor o impacto em longo prazo, as descobertas at\u00e9 o momento sugerem que coletivamente, pequenos ajustes em nossa dieta podem ter efeitos significativos em nosso comportamento e sa\u00fade mental.<\/p>\n","protected":false},"excerpt":{"rendered":"<p>No mundo contempor\u00e2neo, a conex\u00e3o entre dieta e comportamento tem chamado a aten\u00e7\u00e3o de pesquisadores que buscam compreender melhor como o que comemos pode afetar nosso bem-estar mental e f\u00edsico. Uma \u00e1rea de interesse crescente \u00e9 o papel dos \u00e1cidos graxos \u00f4mega-3, frequentemente encontrados em c\u00e1psulas de \u00f3leo de peixe, na redu\u00e7\u00e3o da agressividade. Um [&hellip;]<\/p>\n","protected":false},"author":13,"featured_media":72223,"comment_status":"open","ping_status":"open","sticky":false,"template":"","format":"standard","meta":{"jnews-multi-image_gallery":[],"jnews_single_post":{"format":"standard"},"jnews_primary_category":[],"jnews_social_meta":[],"jnews_override_counter":[],"footnotes":""},"categories":[1,9053],"tags":[8541,12642,7722,410],"class_list":["post-80436","post","type-post","status-publish","format-standard","has-post-thumbnail","hentry","category-noticias","category-saude","tag-acidos-graxos","tag-agressividade","tag-omega-3","tag-saude-mental"],"yoast_head":"<!-- This site is optimized with the Yoast SEO plugin v23.8 - https:\/\/yoast.com\/wordpress\/plugins\/seo\/ -->\n<title>Essas pesquisas revelam novo uso do \u00f4mega-3 e os resultados s\u00e3o surpreendentes - Estado de Minas - Em foco<\/title>\n<meta name=\"description\" content=\"\u00d4mega-3 pode reduzir at\u00e9 28% da agressividade em diferentes faixas et\u00e1rias. Veja o que a ci\u00eancia descobriu sobre esse nutriente.\" \/>\n<meta name=\"robots\" content=\"index, follow, max-snippet:-1, max-image-preview:large, max-video-preview:-1\" \/>\n<link rel=\"canonical\" href=\"https:\/\/www.em.com.br\/emfoco\/2025\/07\/26\/essas-pesquisas-revelam-novo-uso-do-omega-3-e-os-resultados-sao-surpreendentes\/\" \/>\n<meta property=\"og:locale\" content=\"pt_BR\" \/>\n<meta property=\"og:type\" content=\"article\" \/>\n<meta property=\"og:title\" content=\"Essas pesquisas revelam novo uso do \u00f4mega-3 e os resultados s\u00e3o surpreendentes - Estado de Minas - Em foco\" \/>\n<meta property=\"og:description\" content=\"\u00d4mega-3 pode reduzir at\u00e9 28% da agressividade em diferentes faixas et\u00e1rias. Veja o que a ci\u00eancia descobriu sobre esse nutriente.\" \/>\n<meta property=\"og:url\" content=\"https:\/\/www.em.com.br\/emfoco\/2025\/07\/26\/essas-pesquisas-revelam-novo-uso-do-omega-3-e-os-resultados-sao-surpreendentes\/\" \/>\n<meta property=\"og:site_name\" content=\"Estado de Minas - Em foco\" \/>\n<meta property=\"article:published_time\" content=\"2025-07-26T19:48:00+00:00\" \/>\n<meta property=\"article:modified_time\" content=\"2025-07-23T14:57:44+00:00\" \/>\n<meta property=\"og:image\" content=\"https:\/\/www.em.com.br\/emfoco\/wp-content\/uploads\/2025\/07\/omega-3_1751892963494.jpg\" \/>\n\t<meta property=\"og:image:width\" content=\"1280\" \/>\n\t<meta property=\"og:image:height\" content=\"720\" \/>\n\t<meta property=\"og:image:type\" content=\"image\/jpeg\" \/>\n<meta name=\"author\" content=\"Gabriel Martins\" \/>\n<meta name=\"twitter:card\" content=\"summary_large_image\" \/>\n<meta name=\"twitter:label1\" content=\"Escrito por\" \/>\n\t<meta name=\"twitter:data1\" content=\"Gabriel Martins\" \/>\n\t<meta name=\"twitter:label2\" content=\"Est. tempo de leitura\" \/>\n\t<meta name=\"twitter:data2\" content=\"4 minutos\" \/>\n<!-- \/ Yoast SEO plugin. -->","yoast_head_json":{"title":"Essas pesquisas revelam novo uso do \u00f4mega-3 e os resultados s\u00e3o surpreendentes - Estado de Minas - Em foco","description":"\u00d4mega-3 pode reduzir at\u00e9 28% da agressividade em diferentes faixas et\u00e1rias. Veja o que a ci\u00eancia descobriu sobre esse nutriente.","robots":{"index":"index","follow":"follow","max-snippet":"max-snippet:-1","max-image-preview":"max-image-preview:large","max-video-preview":"max-video-preview:-1"},"canonical":"https:\/\/www.em.com.br\/emfoco\/2025\/07\/26\/essas-pesquisas-revelam-novo-uso-do-omega-3-e-os-resultados-sao-surpreendentes\/","og_locale":"pt_BR","og_type":"article","og_title":"Essas pesquisas revelam novo uso do \u00f4mega-3 e os resultados s\u00e3o surpreendentes - Estado de Minas - Em foco","og_description":"\u00d4mega-3 pode reduzir at\u00e9 28% da agressividade em diferentes faixas et\u00e1rias. Veja o que a ci\u00eancia descobriu sobre esse nutriente.","og_url":"https:\/\/www.em.com.br\/emfoco\/2025\/07\/26\/essas-pesquisas-revelam-novo-uso-do-omega-3-e-os-resultados-sao-surpreendentes\/","og_site_name":"Estado de Minas - Em foco","article_published_time":"2025-07-26T19:48:00+00:00","article_modified_time":"2025-07-23T14:57:44+00:00","og_image":[{"width":1280,"height":720,"url":"https:\/\/www.em.com.br\/emfoco\/wp-content\/uploads\/2025\/07\/omega-3_1751892963494.jpg","type":"image\/jpeg"}],"author":"Gabriel Martins","twitter_card":"summary_large_image","twitter_misc":{"Escrito por":"Gabriel Martins","Est. tempo de leitura":"4 minutos"},"schema":{"@context":"https:\/\/schema.org","@graph":[{"@type":"WebPage","@id":"https:\/\/www.em.com.br\/emfoco\/2025\/07\/26\/essas-pesquisas-revelam-novo-uso-do-omega-3-e-os-resultados-sao-surpreendentes\/","url":"https:\/\/www.em.com.br\/emfoco\/2025\/07\/26\/essas-pesquisas-revelam-novo-uso-do-omega-3-e-os-resultados-sao-surpreendentes\/","name":"Essas pesquisas revelam novo uso do \u00f4mega-3 e os resultados s\u00e3o surpreendentes - Estado de Minas - Em foco","isPartOf":{"@id":"https:\/\/www.em.com.br\/emfoco\/#website"},"primaryImageOfPage":{"@id":"https:\/\/www.em.com.br\/emfoco\/2025\/07\/26\/essas-pesquisas-revelam-novo-uso-do-omega-3-e-os-resultados-sao-surpreendentes\/#primaryimage"},"image":{"@id":"https:\/\/www.em.com.br\/emfoco\/2025\/07\/26\/essas-pesquisas-revelam-novo-uso-do-omega-3-e-os-resultados-sao-surpreendentes\/#primaryimage"},"thumbnailUrl":"https:\/\/www.em.com.br\/emfoco\/wp-content\/uploads\/2025\/07\/omega-3_1751892963494.jpg","datePublished":"2025-07-26T19:48:00+00:00","dateModified":"2025-07-23T14:57:44+00:00","author":{"@id":"https:\/\/www.em.com.br\/emfoco\/#\/schema\/person\/1c9ddeab18b98abeffef834667bcf08a"},"description":"\u00d4mega-3 pode reduzir at\u00e9 28% da agressividade em diferentes faixas et\u00e1rias. Veja o que a ci\u00eancia descobriu sobre esse nutriente.","breadcrumb":{"@id":"https:\/\/www.em.com.br\/emfoco\/2025\/07\/26\/essas-pesquisas-revelam-novo-uso-do-omega-3-e-os-resultados-sao-surpreendentes\/#breadcrumb"},"inLanguage":"pt-BR","potentialAction":[{"@type":"ReadAction","target":["https:\/\/www.em.com.br\/emfoco\/2025\/07\/26\/essas-pesquisas-revelam-novo-uso-do-omega-3-e-os-resultados-sao-surpreendentes\/"]}]},{"@type":"ImageObject","inLanguage":"pt-BR","@id":"https:\/\/www.em.com.br\/emfoco\/2025\/07\/26\/essas-pesquisas-revelam-novo-uso-do-omega-3-e-os-resultados-sao-surpreendentes\/#primaryimage","url":"https:\/\/www.em.com.br\/emfoco\/wp-content\/uploads\/2025\/07\/omega-3_1751892963494.jpg","contentUrl":"https:\/\/www.em.com.br\/emfoco\/wp-content\/uploads\/2025\/07\/omega-3_1751892963494.jpg","width":1280,"height":720,"caption":"P\u00edlulas de \u00f4mega-3 - Cr\u00e9ditos: depositphotos.com \/ VadimVasenin"},{"@type":"BreadcrumbList","@id":"https:\/\/www.em.com.br\/emfoco\/2025\/07\/26\/essas-pesquisas-revelam-novo-uso-do-omega-3-e-os-resultados-sao-surpreendentes\/#breadcrumb","itemListElement":[{"@type":"ListItem","position":1,"name":"In\u00edcio","item":"https:\/\/www.em.com.br\/emfoco\/"},{"@type":"ListItem","position":2,"name":"Essas pesquisas revelam novo uso do \u00f4mega-3 e os resultados s\u00e3o surpreendentes"}]},{"@type":"WebSite","@id":"https:\/\/www.em.com.br\/emfoco\/#website","url":"https:\/\/www.em.com.br\/emfoco\/","name":"Estado de Minas - Em foco","description":"Acompanhe as \u00faltimas not\u00edcias e fique bem informado sobre tudo o que acontece em Minas Gerais, Brasil e no mundo.","potentialAction":[{"@type":"SearchAction","target":{"@type":"EntryPoint","urlTemplate":"https:\/\/www.em.com.br\/emfoco\/?s={search_term_string}"},"query-input":{"@type":"PropertyValueSpecification","valueRequired":true,"valueName":"search_term_string"}}],"inLanguage":"pt-BR"},{"@type":"Person","@id":"https:\/\/www.em.com.br\/emfoco\/#\/schema\/person\/1c9ddeab18b98abeffef834667bcf08a","name":"Gabriel Martins","image":{"@type":"ImageObject","inLanguage":"pt-BR","@id":"https:\/\/www.em.com.br\/emfoco\/#\/schema\/person\/image\/","url":"https:\/\/secure.gravatar.com\/avatar\/f0f1e2efdfd88f1ad2cb08c5c2731e50?s=96&d=mm&r=g","contentUrl":"https:\/\/secure.gravatar.com\/avatar\/f0f1e2efdfd88f1ad2cb08c5c2731e50?s=96&d=mm&r=g","caption":"Gabriel Martins"},"sameAs":["https:\/\/www.em.com.br\/emfoco\/"],"url":"https:\/\/www.em.com.br\/emfoco\/author\/gabrielmartinsmyth\/"}]}},"_links":{"self":[{"href":"https:\/\/www.em.com.br\/emfoco\/wp-json\/wp\/v2\/posts\/80436","targetHints":{"allow":["GET"]}}],"collection":[{"href":"https:\/\/www.em.com.br\/emfoco\/wp-json\/wp\/v2\/posts"}],"about":[{"href":"https:\/\/www.em.com.br\/emfoco\/wp-json\/wp\/v2\/types\/post"}],"author":[{"embeddable":true,"href":"https:\/\/www.em.com.br\/emfoco\/wp-json\/wp\/v2\/users\/13"}],"replies":[{"embeddable":true,"href":"https:\/\/www.em.com.br\/emfoco\/wp-json\/wp\/v2\/comments?post=80436"}],"version-history":[{"count":2,"href":"https:\/\/www.em.com.br\/emfoco\/wp-json\/wp\/v2\/posts\/80436\/revisions"}],"predecessor-version":[{"id":80448,"href":"https:\/\/www.em.com.br\/emfoco\/wp-json\/wp\/v2\/posts\/80436\/revisions\/80448"}],"wp:featuredmedia":[{"embeddable":true,"href":"https:\/\/www.em.com.br\/emfoco\/wp-json\/wp\/v2\/media\/72223"}],"wp:attachment":[{"href":"https:\/\/www.em.com.br\/emfoco\/wp-json\/wp\/v2\/media?parent=80436"}],"wp:term":[{"taxonomy":"category","embeddable":true,"href":"https:\/\/www.em.com.br\/emfoco\/wp-json\/wp\/v2\/categories?post=80436"},{"taxonomy":"post_tag","embeddable":true,"href":"https:\/\/www.em.com.br\/emfoco\/wp-json\/wp\/v2\/tags?post=80436"}],"curies":[{"name":"wp","href":"https:\/\/api.w.org\/{rel}","templated":true}]}}