{"id":8041,"date":"2025-01-07T11:40:00","date_gmt":"2025-01-07T14:40:00","guid":{"rendered":"https:\/\/www.em.com.br\/emfoco\/?p=8041"},"modified":"2025-01-07T07:31:43","modified_gmt":"2025-01-07T10:31:43","slug":"conheca-o-segredo-por-tras-da-nacao-mais-feliz-do-mundo","status":"publish","type":"post","link":"https:\/\/www.em.com.br\/emfoco\/2025\/01\/07\/conheca-o-segredo-por-tras-da-nacao-mais-feliz-do-mundo\/","title":{"rendered":"Conhe\u00e7a o Segredo Por Tr\u00e1s da Na\u00e7\u00e3o Mais Feliz do Mundo"},"content":{"rendered":"\n<p>A Dinamarca \u00e9 frequentemente apontada como uma na\u00e7\u00e3o onde os n\u00edveis de felicidade da popula\u00e7\u00e3o s\u00e3o excepcionalmente altos. Isso \u00e9 o resultado de diversos fatores que juntos criam uma sociedade onde o bem-estar \u00e9 prioridade. A combina\u00e7\u00e3o de uma rede de seguran\u00e7a social eficiente e um modelo de vida equilibrado \u00e9 essencial.<\/p>\n\n\n\n<p>Cidade bem estruturadas, aliadas a sistemas de sa\u00fade e educa\u00e7\u00e3o de qualidade, s\u00e3o pilares que sustentam essa percep\u00e7\u00e3o positiva. Por\u00e9m, a filosofia \u00fanica de <strong><a href=\"https:\/\/glamour.globo.com\/lifestyle\/noticia\/2017\/08\/entenda-o-que-e-hygge-o-segredo-dinamarques-para-felicidade.ghtml\" target=\"_blank\" rel=\"noreferrer noopener\">hygge<\/a><\/strong> tamb\u00e9m desempenha um papel crucial, trazendo uma abordagem cultural \u00fanica ao bem-estar di\u00e1rio.<\/p>\n\n\n\n<h2 class=\"wp-block-heading\">O Que \u00e9 Hygge e Como Ele Influencia a Vida Dinamarquesa?<\/h2>\n\n\n\n<p>Hygge n\u00e3o possui uma tradu\u00e7\u00e3o direta, mas refere-se a um estilo de vida que enfatiza a cria\u00e7\u00e3o de um ambiente aconchegante e desfrutar de momentos tranquilos e satisfat\u00f3rios. Isso inclui desde desfrutar de uma x\u00edcara de ch\u00e1 cercado por amigos at\u00e9 apreciar um momento de leitura em um canto acolhedor.<\/p>\n\n\n\n<p>Durante o inverno, o conceito ganha mais significado, ajudando os dinamarqueses a encontrar calor emocional e manter uma conex\u00e3o social vibrante, embora o clima seja frequentemente sombrio e frio.<\/p>\n\n\n\n<figure class=\"wp-block-image size-large\"><img loading=\"lazy\" decoding=\"async\" width=\"1024\" height=\"576\" src=\"https:\/\/www.em.com.br\/emfoco\/wp-content\/uploads\/2024\/12\/Dinamarca_1734705676609-1024x576.jpg\" alt=\"Conhe\u00e7a Um Pa\u00eds que Prioriza a Felicidade e o Equil\u00edbrio!\" class=\"wp-image-5941\" srcset=\"https:\/\/www.em.com.br\/emfoco\/wp-content\/uploads\/2024\/12\/Dinamarca_1734705676609-1024x576.jpg 1024w, https:\/\/www.em.com.br\/emfoco\/wp-content\/uploads\/2024\/12\/Dinamarca_1734705676609-300x169.jpg 300w, https:\/\/www.em.com.br\/emfoco\/wp-content\/uploads\/2024\/12\/Dinamarca_1734705676609-768x432.jpg 768w, https:\/\/www.em.com.br\/emfoco\/wp-content\/uploads\/2024\/12\/Dinamarca_1734705676609-750x422.jpg 750w, https:\/\/www.em.com.br\/emfoco\/wp-content\/uploads\/2024\/12\/Dinamarca_1734705676609-1140x641.jpg 1140w, https:\/\/www.em.com.br\/emfoco\/wp-content\/uploads\/2024\/12\/Dinamarca_1734705676609.jpg 1280w\" sizes=\"auto, (max-width: 1024px) 100vw, 1024px\" \/><figcaption class=\"wp-element-caption\">Dinamarca &#8211; Cr\u00e9ditos: depositphotos.com \/ MarusiaBO<\/figcaption><\/figure>\n\n\n\n<h2 class=\"wp-block-heading\">Como a Economia Dinamarquesa Sustenta a Felicidade?<\/h2>\n\n\n\n<p>A for\u00e7a econ\u00f4mica da Dinamarca est\u00e1 intimamente ligada a pol\u00edticas que buscam igualdade social e acessibilidade. O acesso gratuito a servi\u00e7os de sa\u00fade e uma educa\u00e7\u00e3o de ponta garantem que todos tenham oportunidades iguais, o que \u00e9 fundamental para o contentamento geral da popula\u00e7\u00e3o.<\/p>\n\n\n\n<ul class=\"wp-block-list\">\n<li>Acesso universal a cuidados de sa\u00fade de qualidade.<\/li>\n\n\n\n<li>Educa\u00e7\u00e3o dispon\u00edvel gratuitamente para todos os n\u00edveis.<\/li>\n\n\n\n<li>Pol\u00edticas que promovem igualdade e fechamento de lacunas econ\u00f4micas.<\/li>\n<\/ul>\n\n\n\n<h2 class=\"wp-block-heading\">Qual \u00e9 a Import\u00e2ncia da Mobilidade Sustent\u00e1vel na Dinamarca?<\/h2>\n\n\n\n<p>A capital dinamarquesa, Copenhague, exemplifica o compromisso do pa\u00eds com mobilidade sustent\u00e1vel. O uso de bicicletas como um meio de transporte principal n\u00e3o apenas reduz a pegada de carbono, mas tamb\u00e9m reflete um estilo de vida saud\u00e1vel e pragm\u00e1tico adotado pela comunidade.<\/p>\n\n\n\n<p>Os esfor\u00e7os para criar uma cidade amiga dos ciclistas e pedestres s\u00e3o parte de uma estrat\u00e9gia mais ampla que inclui transporte p\u00fablico eficaz e um investimento consistente em fontes de energia renov\u00e1vel, resultado em um ambiente urbano mais limpo e habit\u00e1vel.<\/p>\n\n\n\n<h2 class=\"wp-block-heading\">Como a Dinamarca se Destaca na Gastronomia e no Design?<\/h2>\n\n\n\n<p>Al\u00e9m do bem-estar social, a Dinamarca ganha aten\u00e7\u00e3o global por suas contribui\u00e7\u00f5es em gastronomia e design. A <strong><a href=\"https:\/\/www.em.com.br\/emfoco\/2024\/11\/29\/tiradentes-uma-viagem-no-tempo-pela-historia-e-gastronomia-de-mg\/\" target=\"_blank\" rel=\"noreferrer noopener\">gastronomia<\/a><\/strong> \u00e9 marcada pelo uso de ingredientes locais em pratos inovadores, enquanto o design dinamarqu\u00eas \u00e9 conhecido pelo minimalismo pr\u00e1tico e est\u00e9tica sofisticada.<\/p>\n\n\n\n<ul class=\"wp-block-list\">\n<li>Culin\u00e1ria que valoriza a sazonalidade e ingredientes regionais.<\/li>\n\n\n\n<li>Design focado na simplicidade e funcionalidade.<\/li>\n\n\n\n<li>Inova\u00e7\u00e3o reconhecida em design e gastronomia no cen\u00e1rio internacional.<\/li>\n<\/ul>\n\n\n\n<p>Combinando os princ\u00edpios de igualdade social, mobilidade sustent\u00e1vel e uma rica cultura de inova\u00e7\u00e3o e design, a Dinamarca oferece um modelo impressionante de como uma sociedade pode prosperar em v\u00e1rios aspectos do bem-estar humano e ambiental.<\/p>\n","protected":false},"excerpt":{"rendered":"<p>A Dinamarca \u00e9 frequentemente apontada como uma na\u00e7\u00e3o onde os n\u00edveis de felicidade da popula\u00e7\u00e3o s\u00e3o excepcionalmente altos. Isso \u00e9 o resultado de diversos fatores que juntos criam uma sociedade onde o bem-estar \u00e9 prioridade. A combina\u00e7\u00e3o de uma rede de seguran\u00e7a social eficiente e um modelo de vida equilibrado \u00e9 essencial. Cidade bem estruturadas, [&hellip;]<\/p>\n","protected":false},"author":5,"featured_media":5911,"comment_status":"open","ping_status":"open","sticky":false,"template":"","format":"standard","meta":{"jnews-multi-image_gallery":[],"jnews_single_post":{"format":"standard"},"jnews_primary_category":[],"jnews_social_meta":[],"jnews_override_counter":[],"footnotes":""},"categories":[26,1],"tags":[2244,327,157],"class_list":["post-8041","post","type-post","status-publish","format-standard","has-post-thumbnail","hentry","category-cidades","category-noticias","tag-dinamarca","tag-qualidade-de-vida","tag-turismo"],"yoast_head":"<!-- This site is optimized with the Yoast SEO plugin v23.8 - https:\/\/yoast.com\/wordpress\/plugins\/seo\/ -->\n<title>Conhe\u00e7a o Segredo Por Tr\u00e1s da Na\u00e7\u00e3o Mais Feliz do Mundo - Estado de Minas - Em foco<\/title>\n<meta name=\"description\" content=\"Um pa\u00eds onde sa\u00fade e educa\u00e7\u00e3o gratuitas, bicicletas e design minimalista se unem para criar a receita da felicidade.\" \/>\n<meta name=\"robots\" content=\"index, follow, max-snippet:-1, max-image-preview:large, max-video-preview:-1\" \/>\n<link rel=\"canonical\" href=\"https:\/\/www.em.com.br\/emfoco\/2025\/01\/07\/conheca-o-segredo-por-tras-da-nacao-mais-feliz-do-mundo\/\" \/>\n<meta property=\"og:locale\" content=\"pt_BR\" \/>\n<meta property=\"og:type\" content=\"article\" \/>\n<meta property=\"og:title\" content=\"Conhe\u00e7a o Segredo Por Tr\u00e1s da Na\u00e7\u00e3o Mais Feliz do Mundo - Estado de Minas - Em foco\" \/>\n<meta property=\"og:description\" content=\"Um pa\u00eds onde sa\u00fade e educa\u00e7\u00e3o gratuitas, bicicletas e design minimalista se unem para criar a receita da felicidade.\" \/>\n<meta property=\"og:url\" content=\"https:\/\/www.em.com.br\/emfoco\/2025\/01\/07\/conheca-o-segredo-por-tras-da-nacao-mais-feliz-do-mundo\/\" \/>\n<meta property=\"og:site_name\" content=\"Estado de Minas - Em foco\" \/>\n<meta property=\"article:published_time\" content=\"2025-01-07T14:40:00+00:00\" \/>\n<meta property=\"article:modified_time\" content=\"2025-01-07T10:31:43+00:00\" \/>\n<meta property=\"og:image\" content=\"https:\/\/www.em.com.br\/emfoco\/wp-content\/uploads\/2024\/12\/dinamarca_1734697446027.jpg\" \/>\n\t<meta property=\"og:image:width\" content=\"1280\" \/>\n\t<meta property=\"og:image:height\" content=\"720\" \/>\n\t<meta property=\"og:image:type\" content=\"image\/jpeg\" \/>\n<meta name=\"author\" content=\"N\u00fabia Rangel\" \/>\n<meta name=\"twitter:card\" content=\"summary_large_image\" \/>\n<meta name=\"twitter:label1\" content=\"Escrito por\" \/>\n\t<meta name=\"twitter:data1\" content=\"N\u00fabia Rangel\" \/>\n\t<meta name=\"twitter:label2\" content=\"Est. tempo de leitura\" \/>\n\t<meta name=\"twitter:data2\" content=\"3 minutos\" \/>\n<!-- \/ Yoast SEO plugin. -->","yoast_head_json":{"title":"Conhe\u00e7a o Segredo Por Tr\u00e1s da Na\u00e7\u00e3o Mais Feliz do Mundo - Estado de Minas - Em foco","description":"Um pa\u00eds onde sa\u00fade e educa\u00e7\u00e3o gratuitas, bicicletas e design minimalista se unem para criar a receita da felicidade.","robots":{"index":"index","follow":"follow","max-snippet":"max-snippet:-1","max-image-preview":"max-image-preview:large","max-video-preview":"max-video-preview:-1"},"canonical":"https:\/\/www.em.com.br\/emfoco\/2025\/01\/07\/conheca-o-segredo-por-tras-da-nacao-mais-feliz-do-mundo\/","og_locale":"pt_BR","og_type":"article","og_title":"Conhe\u00e7a o Segredo Por Tr\u00e1s da Na\u00e7\u00e3o Mais Feliz do Mundo - Estado de Minas - Em foco","og_description":"Um pa\u00eds onde sa\u00fade e educa\u00e7\u00e3o gratuitas, bicicletas e design minimalista se unem para criar a receita da felicidade.","og_url":"https:\/\/www.em.com.br\/emfoco\/2025\/01\/07\/conheca-o-segredo-por-tras-da-nacao-mais-feliz-do-mundo\/","og_site_name":"Estado de Minas - Em foco","article_published_time":"2025-01-07T14:40:00+00:00","article_modified_time":"2025-01-07T10:31:43+00:00","og_image":[{"width":1280,"height":720,"url":"https:\/\/www.em.com.br\/emfoco\/wp-content\/uploads\/2024\/12\/dinamarca_1734697446027.jpg","type":"image\/jpeg"}],"author":"N\u00fabia Rangel","twitter_card":"summary_large_image","twitter_misc":{"Escrito por":"N\u00fabia Rangel","Est. tempo de leitura":"3 minutos"},"schema":{"@context":"https:\/\/schema.org","@graph":[{"@type":"WebPage","@id":"https:\/\/www.em.com.br\/emfoco\/2025\/01\/07\/conheca-o-segredo-por-tras-da-nacao-mais-feliz-do-mundo\/","url":"https:\/\/www.em.com.br\/emfoco\/2025\/01\/07\/conheca-o-segredo-por-tras-da-nacao-mais-feliz-do-mundo\/","name":"Conhe\u00e7a o Segredo Por Tr\u00e1s da Na\u00e7\u00e3o Mais Feliz do Mundo - Estado de Minas - Em foco","isPartOf":{"@id":"https:\/\/www.em.com.br\/emfoco\/#website"},"primaryImageOfPage":{"@id":"https:\/\/www.em.com.br\/emfoco\/2025\/01\/07\/conheca-o-segredo-por-tras-da-nacao-mais-feliz-do-mundo\/#primaryimage"},"image":{"@id":"https:\/\/www.em.com.br\/emfoco\/2025\/01\/07\/conheca-o-segredo-por-tras-da-nacao-mais-feliz-do-mundo\/#primaryimage"},"thumbnailUrl":"https:\/\/www.em.com.br\/emfoco\/wp-content\/uploads\/2024\/12\/dinamarca_1734697446027.jpg","datePublished":"2025-01-07T14:40:00+00:00","dateModified":"2025-01-07T10:31:43+00:00","author":{"@id":"https:\/\/www.em.com.br\/emfoco\/#\/schema\/person\/524437ef54f8a5d32591b143307f2e20"},"description":"Um pa\u00eds onde sa\u00fade e educa\u00e7\u00e3o gratuitas, bicicletas e design minimalista se unem para criar a receita da felicidade.","breadcrumb":{"@id":"https:\/\/www.em.com.br\/emfoco\/2025\/01\/07\/conheca-o-segredo-por-tras-da-nacao-mais-feliz-do-mundo\/#breadcrumb"},"inLanguage":"pt-BR","potentialAction":[{"@type":"ReadAction","target":["https:\/\/www.em.com.br\/emfoco\/2025\/01\/07\/conheca-o-segredo-por-tras-da-nacao-mais-feliz-do-mundo\/"]}]},{"@type":"ImageObject","inLanguage":"pt-BR","@id":"https:\/\/www.em.com.br\/emfoco\/2025\/01\/07\/conheca-o-segredo-por-tras-da-nacao-mais-feliz-do-mundo\/#primaryimage","url":"https:\/\/www.em.com.br\/emfoco\/wp-content\/uploads\/2024\/12\/dinamarca_1734697446027.jpg","contentUrl":"https:\/\/www.em.com.br\/emfoco\/wp-content\/uploads\/2024\/12\/dinamarca_1734697446027.jpg","width":1280,"height":720,"caption":"Dinamarca - Cr\u00e9ditos: depositphotos.com \/ MarusiaBO"},{"@type":"BreadcrumbList","@id":"https:\/\/www.em.com.br\/emfoco\/2025\/01\/07\/conheca-o-segredo-por-tras-da-nacao-mais-feliz-do-mundo\/#breadcrumb","itemListElement":[{"@type":"ListItem","position":1,"name":"In\u00edcio","item":"https:\/\/www.em.com.br\/emfoco\/"},{"@type":"ListItem","position":2,"name":"Conhe\u00e7a o Segredo Por Tr\u00e1s da Na\u00e7\u00e3o Mais Feliz do Mundo"}]},{"@type":"WebSite","@id":"https:\/\/www.em.com.br\/emfoco\/#website","url":"https:\/\/www.em.com.br\/emfoco\/","name":"Estado de Minas - Em foco","description":"Acompanhe as \u00faltimas not\u00edcias e fique bem informado sobre tudo o que acontece em Minas Gerais, Brasil e no mundo.","potentialAction":[{"@type":"SearchAction","target":{"@type":"EntryPoint","urlTemplate":"https:\/\/www.em.com.br\/emfoco\/?s={search_term_string}"},"query-input":{"@type":"PropertyValueSpecification","valueRequired":true,"valueName":"search_term_string"}}],"inLanguage":"pt-BR"},{"@type":"Person","@id":"https:\/\/www.em.com.br\/emfoco\/#\/schema\/person\/524437ef54f8a5d32591b143307f2e20","name":"N\u00fabia Rangel","image":{"@type":"ImageObject","inLanguage":"pt-BR","@id":"https:\/\/www.em.com.br\/emfoco\/#\/schema\/person\/image\/","url":"https:\/\/secure.gravatar.com\/avatar\/47cff2827a5ba23c37e8068c86817ea4?s=96&d=mm&r=g","contentUrl":"https:\/\/secure.gravatar.com\/avatar\/47cff2827a5ba23c37e8068c86817ea4?s=96&d=mm&r=g","caption":"N\u00fabia Rangel"},"sameAs":["https:\/\/www.em.com.br\/emfoco\/"],"url":"https:\/\/www.em.com.br\/emfoco\/author\/nubiamyth\/"}]}},"_links":{"self":[{"href":"https:\/\/www.em.com.br\/emfoco\/wp-json\/wp\/v2\/posts\/8041","targetHints":{"allow":["GET"]}}],"collection":[{"href":"https:\/\/www.em.com.br\/emfoco\/wp-json\/wp\/v2\/posts"}],"about":[{"href":"https:\/\/www.em.com.br\/emfoco\/wp-json\/wp\/v2\/types\/post"}],"author":[{"embeddable":true,"href":"https:\/\/www.em.com.br\/emfoco\/wp-json\/wp\/v2\/users\/5"}],"replies":[{"embeddable":true,"href":"https:\/\/www.em.com.br\/emfoco\/wp-json\/wp\/v2\/comments?post=8041"}],"version-history":[{"count":2,"href":"https:\/\/www.em.com.br\/emfoco\/wp-json\/wp\/v2\/posts\/8041\/revisions"}],"predecessor-version":[{"id":8043,"href":"https:\/\/www.em.com.br\/emfoco\/wp-json\/wp\/v2\/posts\/8041\/revisions\/8043"}],"wp:featuredmedia":[{"embeddable":true,"href":"https:\/\/www.em.com.br\/emfoco\/wp-json\/wp\/v2\/media\/5911"}],"wp:attachment":[{"href":"https:\/\/www.em.com.br\/emfoco\/wp-json\/wp\/v2\/media?parent=8041"}],"wp:term":[{"taxonomy":"category","embeddable":true,"href":"https:\/\/www.em.com.br\/emfoco\/wp-json\/wp\/v2\/categories?post=8041"},{"taxonomy":"post_tag","embeddable":true,"href":"https:\/\/www.em.com.br\/emfoco\/wp-json\/wp\/v2\/tags?post=8041"}],"curies":[{"name":"wp","href":"https:\/\/api.w.org\/{rel}","templated":true}]}}