{"id":8038,"date":"2025-01-07T10:20:00","date_gmt":"2025-01-07T13:20:00","guid":{"rendered":"https:\/\/www.em.com.br\/emfoco\/?p=8038"},"modified":"2025-01-07T07:31:39","modified_gmt":"2025-01-07T10:31:39","slug":"conheca-a-cidade-com-a-maior-qualidade-de-vida-do-brasil","status":"publish","type":"post","link":"https:\/\/www.em.com.br\/emfoco\/2025\/01\/07\/conheca-a-cidade-com-a-maior-qualidade-de-vida-do-brasil\/","title":{"rendered":"Conhe\u00e7a a Cidade Com a Maior Qualidade de Vida do Brasil"},"content":{"rendered":"\n<p>Gavi\u00e3o Peixoto, pequena cidade no interior de <strong><a href=\"https:\/\/www.em.com.br\/emfoco\/2025\/01\/02\/a-ilha-proibida-localizada-no-literal-paulista\/\" target=\"_blank\" rel=\"noreferrer noopener\">S\u00e3o Paulo<\/a><\/strong>, vem chamando aten\u00e7\u00e3o em n\u00edvel nacional por sua not\u00e1vel evolu\u00e7\u00e3o em indicadores de qualidade de vida. Desde sua emancipa\u00e7\u00e3o em 1995, a cidade vem promovendo um desenvolvimento urbano exemplar, conquistando o primeiro lugar no \u00cdndice de Progresso Social do Brasil em 2023.<\/p>\n\n\n\n<p>A cidade deve grande parte desse sucesso a um planejamento urbano criterioso e investimentos em programas sociais que priorizam a melhoria cont\u00ednua da infraestrutura e dos servi\u00e7os comunit\u00e1rios, impulsionando a cultura e atraindo o interesse de visitantes.<\/p>\n\n\n\n<h2 class=\"wp-block-heading\">Quais S\u00e3o os Crit\u00e9rios do \u00cdndice de Progresso Social?<\/h2>\n\n\n\n<p>O <strong><a href=\"https:\/\/ipsbrasil.org.br\/\" target=\"_blank\" rel=\"noreferrer noopener\">\u00cdndice de Progresso Social<\/a><\/strong> (IPS) \u00e9 uma m\u00e9trica que busca avaliar o bem-estar populacional atrav\u00e9s de tr\u00eas componentes principais: <strong>necessidades b\u00e1sicas<\/strong>, <strong>fatores de bem-estar<\/strong> e <strong>oportunidades<\/strong>. Esta ferramenta n\u00e3o apenas considera aspectos de sa\u00fade e seguran\u00e7a, mas tamb\u00e9m o direito ao acesso igualit\u00e1rio a recursos fundamentais.<\/p>\n\n\n\n<p>Gavi\u00e3o Peixoto se destacou por proporcionar um saneamento b\u00e1sico eficiente e um robusto sistema de sa\u00fade p\u00fablica, fatores que contribuem diretamente para o aumento da qualidade de vida de seus habitantes.<\/p>\n\n\n\n<figure class=\"wp-block-image size-full\"><img loading=\"lazy\" decoding=\"async\" width=\"959\" height=\"540\" src=\"https:\/\/www.em.com.br\/emfoco\/wp-content\/uploads\/2024\/12\/image-71-e1734461525309.png\" alt=\"Conhe\u00e7a a Cidade Paulista Que Se Tornou Refer\u00eancia Nacional em Qualidade de Vida\" class=\"wp-image-5457\" srcset=\"https:\/\/www.em.com.br\/emfoco\/wp-content\/uploads\/2024\/12\/image-71-e1734461525309.png 959w, https:\/\/www.em.com.br\/emfoco\/wp-content\/uploads\/2024\/12\/image-71-e1734461525309-300x169.png 300w, https:\/\/www.em.com.br\/emfoco\/wp-content\/uploads\/2024\/12\/image-71-e1734461525309-768x432.png 768w, https:\/\/www.em.com.br\/emfoco\/wp-content\/uploads\/2024\/12\/image-71-e1734461525309-750x422.png 750w\" sizes=\"auto, (max-width: 959px) 100vw, 959px\" \/><figcaption class=\"wp-element-caption\">Gavi\u00e3o Peixoto &#8211; Cr\u00e9ditos: YT: Jr Longo<\/figcaption><\/figure>\n\n\n\n<h2 class=\"wp-block-heading\">Como a Embraer Influencia a Economia Local?<\/h2>\n\n\n\n<p>A chegada da Embraer em 2001 representou um divisor de \u00e1guas para a economia de Gavi\u00e3o Peixoto. A presen\u00e7a da gigante da avia\u00e7\u00e3o trouxe n\u00e3o apenas empregos, mas tamb\u00e9m atraiu trabalhadores qualificados, promovendo o crescimento econ\u00f4mico e a diversifica\u00e7\u00e3o das atividades econ\u00f4micas na regi\u00e3o.<\/p>\n\n\n\n<p>Esse impacto se reflete em uma for\u00e7a de trabalho est\u00e1vel e melhor remunerada, aspectos que configuram o munic\u00edpio como um polo emergente para profissionais que almejam crescimento em um ambiente mais calmo e acolhedor.<\/p>\n\n\n\n<h2 class=\"wp-block-heading\">Por Que Gavi\u00e3o Peixoto \u00e9 uma Boa Op\u00e7\u00e3o para Residir?<\/h2>\n\n\n\n<p>Gavi\u00e3o Peixoto oferece um ambiente prop\u00edcio para morar, com destaque para a educa\u00e7\u00e3o de qualidade e uma estrutura residencial bem planejada. Essas caracter\u00edsticas tornam a cidade ideal para fam\u00edlias e profissionais em busca de um equil\u00edbrio entre tranquilidade e desenvolvimento econ\u00f4mico.<\/p>\n\n\n\n<p>O sistema educacional local \u00e9 um de seus atrativos, proporcionando acesso a uma educa\u00e7\u00e3o p\u00fablica eficaz, apoiada por pol\u00edticas que incentivam o desenvolvimento integral dos estudantes.<\/p>\n\n\n\n<h2 class=\"wp-block-heading\">Como Gavi\u00e3o Peixoto se Compara a Outras Cidades?<\/h2>\n\n\n\n<p>Diferente das grandes metr\u00f3poles, Gavi\u00e3o Peixoto revela que \u00e9 poss\u00edvel alcan\u00e7ar n\u00edveis satisfat\u00f3rios de desenvolvimento humano com menos recursos financeiros, utilizando planejamento estrat\u00e9gico em pol\u00edticas sociais. Isso faz da cidade um exemplo sobre como implementar transforma\u00e7\u00f5es positivas com efici\u00eancia e compromisso.<\/p>\n\n\n\n<p>As conquistas de Gavi\u00e3o Peixoto refor\u00e7am a ideia de que qualquer munic\u00edpio pode se tornar um local desej\u00e1vel para viver e trabalhar, desde que haja foco cont\u00ednuo na melhoria do bem-estar da popula\u00e7\u00e3o.<\/p>\n\n\n\n<h2 class=\"wp-block-heading\">Patrim\u00f4nio Hist\u00f3rico e Turismo em Potencial<\/h2>\n\n\n\n<p>Al\u00e9m de seu progresso social e econ\u00f4mico, Gavi\u00e3o Peixoto possui um potencial tur\u00edstico a ser explorado, com um rico patrim\u00f4nio cultural que inclui marcos ferrovi\u00e1rios e edifica\u00e7\u00f5es hist\u00f3ricas. Essas heran\u00e7as oferecem um cen\u00e1rio rico para o desenvolvimento de atividades tur\u00edsticas.<\/p>\n\n\n\n<p>Iniciativas para a cria\u00e7\u00e3o de parques e espa\u00e7os p\u00fablicos n\u00e3o somente aumentam o valor de viv\u00eancia dos moradores, mas tamb\u00e9m ampliam o apelo da cidade para novos visitantes, promovendo o orgulho e a preserva\u00e7\u00e3o cultural local.<\/p>\n","protected":false},"excerpt":{"rendered":"<p>Gavi\u00e3o Peixoto, pequena cidade no interior de S\u00e3o Paulo, vem chamando aten\u00e7\u00e3o em n\u00edvel nacional por sua not\u00e1vel evolu\u00e7\u00e3o em indicadores de qualidade de vida. Desde sua emancipa\u00e7\u00e3o em 1995, a cidade vem promovendo um desenvolvimento urbano exemplar, conquistando o primeiro lugar no \u00cdndice de Progresso Social do Brasil em 2023. A cidade deve grande [&hellip;]<\/p>\n","protected":false},"author":5,"featured_media":3436,"comment_status":"open","ping_status":"open","sticky":false,"template":"","format":"standard","meta":{"jnews-multi-image_gallery":[],"jnews_single_post":{"format":"standard"},"jnews_primary_category":[],"jnews_social_meta":[],"jnews_override_counter":[],"footnotes":""},"categories":[26,1],"tags":[552,327,553],"class_list":["post-8038","post","type-post","status-publish","format-standard","has-post-thumbnail","hentry","category-cidades","category-noticias","tag-gaviao-peixoto","tag-qualidade-de-vida","tag-sao-paulo"],"yoast_head":"<!-- This site is optimized with the Yoast SEO plugin v23.8 - https:\/\/yoast.com\/wordpress\/plugins\/seo\/ -->\n<title>Conhe\u00e7a a Cidade Com a Maior Qualidade de Vida do Brasil - Estado de Minas - Em foco<\/title>\n<meta name=\"description\" content=\"Uma pequena cidade do interior se transforma em refer\u00eancia de qualidade de vida com educa\u00e7\u00e3o de excel\u00eancia e infraestrutura.\" \/>\n<meta name=\"robots\" content=\"index, follow, max-snippet:-1, max-image-preview:large, max-video-preview:-1\" \/>\n<link rel=\"canonical\" href=\"https:\/\/www.em.com.br\/emfoco\/2025\/01\/07\/conheca-a-cidade-com-a-maior-qualidade-de-vida-do-brasil\/\" \/>\n<meta property=\"og:locale\" content=\"pt_BR\" \/>\n<meta property=\"og:type\" content=\"article\" \/>\n<meta property=\"og:title\" content=\"Conhe\u00e7a a Cidade Com a Maior Qualidade de Vida do Brasil - Estado de Minas - Em foco\" \/>\n<meta property=\"og:description\" content=\"Uma pequena cidade do interior se transforma em refer\u00eancia de qualidade de vida com educa\u00e7\u00e3o de excel\u00eancia e infraestrutura.\" \/>\n<meta property=\"og:url\" content=\"https:\/\/www.em.com.br\/emfoco\/2025\/01\/07\/conheca-a-cidade-com-a-maior-qualidade-de-vida-do-brasil\/\" \/>\n<meta property=\"og:site_name\" content=\"Estado de Minas - Em foco\" \/>\n<meta property=\"article:published_time\" content=\"2025-01-07T13:20:00+00:00\" \/>\n<meta property=\"article:modified_time\" content=\"2025-01-07T10:31:39+00:00\" \/>\n<meta property=\"og:image\" content=\"https:\/\/www.em.com.br\/emfoco\/wp-content\/uploads\/2024\/12\/familia_1733399588596.jpg\" \/>\n\t<meta property=\"og:image:width\" content=\"1280\" \/>\n\t<meta property=\"og:image:height\" content=\"720\" \/>\n\t<meta property=\"og:image:type\" content=\"image\/jpeg\" \/>\n<meta name=\"author\" content=\"N\u00fabia Rangel\" \/>\n<meta name=\"twitter:card\" content=\"summary_large_image\" \/>\n<meta name=\"twitter:label1\" content=\"Escrito por\" \/>\n\t<meta name=\"twitter:data1\" content=\"N\u00fabia Rangel\" \/>\n\t<meta name=\"twitter:label2\" content=\"Est. tempo de leitura\" \/>\n\t<meta name=\"twitter:data2\" content=\"4 minutos\" \/>\n<!-- \/ Yoast SEO plugin. -->","yoast_head_json":{"title":"Conhe\u00e7a a Cidade Com a Maior Qualidade de Vida do Brasil - Estado de Minas - Em foco","description":"Uma pequena cidade do interior se transforma em refer\u00eancia de qualidade de vida com educa\u00e7\u00e3o de excel\u00eancia e infraestrutura.","robots":{"index":"index","follow":"follow","max-snippet":"max-snippet:-1","max-image-preview":"max-image-preview:large","max-video-preview":"max-video-preview:-1"},"canonical":"https:\/\/www.em.com.br\/emfoco\/2025\/01\/07\/conheca-a-cidade-com-a-maior-qualidade-de-vida-do-brasil\/","og_locale":"pt_BR","og_type":"article","og_title":"Conhe\u00e7a a Cidade Com a Maior Qualidade de Vida do Brasil - Estado de Minas - Em foco","og_description":"Uma pequena cidade do interior se transforma em refer\u00eancia de qualidade de vida com educa\u00e7\u00e3o de excel\u00eancia e infraestrutura.","og_url":"https:\/\/www.em.com.br\/emfoco\/2025\/01\/07\/conheca-a-cidade-com-a-maior-qualidade-de-vida-do-brasil\/","og_site_name":"Estado de Minas - Em foco","article_published_time":"2025-01-07T13:20:00+00:00","article_modified_time":"2025-01-07T10:31:39+00:00","og_image":[{"width":1280,"height":720,"url":"https:\/\/www.em.com.br\/emfoco\/wp-content\/uploads\/2024\/12\/familia_1733399588596.jpg","type":"image\/jpeg"}],"author":"N\u00fabia Rangel","twitter_card":"summary_large_image","twitter_misc":{"Escrito por":"N\u00fabia Rangel","Est. tempo de leitura":"4 minutos"},"schema":{"@context":"https:\/\/schema.org","@graph":[{"@type":"WebPage","@id":"https:\/\/www.em.com.br\/emfoco\/2025\/01\/07\/conheca-a-cidade-com-a-maior-qualidade-de-vida-do-brasil\/","url":"https:\/\/www.em.com.br\/emfoco\/2025\/01\/07\/conheca-a-cidade-com-a-maior-qualidade-de-vida-do-brasil\/","name":"Conhe\u00e7a a Cidade Com a Maior Qualidade de Vida do Brasil - Estado de Minas - Em foco","isPartOf":{"@id":"https:\/\/www.em.com.br\/emfoco\/#website"},"primaryImageOfPage":{"@id":"https:\/\/www.em.com.br\/emfoco\/2025\/01\/07\/conheca-a-cidade-com-a-maior-qualidade-de-vida-do-brasil\/#primaryimage"},"image":{"@id":"https:\/\/www.em.com.br\/emfoco\/2025\/01\/07\/conheca-a-cidade-com-a-maior-qualidade-de-vida-do-brasil\/#primaryimage"},"thumbnailUrl":"https:\/\/www.em.com.br\/emfoco\/wp-content\/uploads\/2024\/12\/familia_1733399588596.jpg","datePublished":"2025-01-07T13:20:00+00:00","dateModified":"2025-01-07T10:31:39+00:00","author":{"@id":"https:\/\/www.em.com.br\/emfoco\/#\/schema\/person\/524437ef54f8a5d32591b143307f2e20"},"description":"Uma pequena cidade do interior se transforma em refer\u00eancia de qualidade de vida com educa\u00e7\u00e3o de excel\u00eancia e infraestrutura.","breadcrumb":{"@id":"https:\/\/www.em.com.br\/emfoco\/2025\/01\/07\/conheca-a-cidade-com-a-maior-qualidade-de-vida-do-brasil\/#breadcrumb"},"inLanguage":"pt-BR","potentialAction":[{"@type":"ReadAction","target":["https:\/\/www.em.com.br\/emfoco\/2025\/01\/07\/conheca-a-cidade-com-a-maior-qualidade-de-vida-do-brasil\/"]}]},{"@type":"ImageObject","inLanguage":"pt-BR","@id":"https:\/\/www.em.com.br\/emfoco\/2025\/01\/07\/conheca-a-cidade-com-a-maior-qualidade-de-vida-do-brasil\/#primaryimage","url":"https:\/\/www.em.com.br\/emfoco\/wp-content\/uploads\/2024\/12\/familia_1733399588596.jpg","contentUrl":"https:\/\/www.em.com.br\/emfoco\/wp-content\/uploads\/2024\/12\/familia_1733399588596.jpg","width":1280,"height":720,"caption":"Imagem Ilustrativa de Fam\u00edlia - Cr\u00e9ditos: depositphotos.com \/ alebloshka"},{"@type":"BreadcrumbList","@id":"https:\/\/www.em.com.br\/emfoco\/2025\/01\/07\/conheca-a-cidade-com-a-maior-qualidade-de-vida-do-brasil\/#breadcrumb","itemListElement":[{"@type":"ListItem","position":1,"name":"In\u00edcio","item":"https:\/\/www.em.com.br\/emfoco\/"},{"@type":"ListItem","position":2,"name":"Conhe\u00e7a a Cidade Com a Maior Qualidade de Vida do Brasil"}]},{"@type":"WebSite","@id":"https:\/\/www.em.com.br\/emfoco\/#website","url":"https:\/\/www.em.com.br\/emfoco\/","name":"Estado de Minas - Em foco","description":"Acompanhe as \u00faltimas not\u00edcias e fique bem informado sobre tudo o que acontece em Minas Gerais, Brasil e no mundo.","potentialAction":[{"@type":"SearchAction","target":{"@type":"EntryPoint","urlTemplate":"https:\/\/www.em.com.br\/emfoco\/?s={search_term_string}"},"query-input":{"@type":"PropertyValueSpecification","valueRequired":true,"valueName":"search_term_string"}}],"inLanguage":"pt-BR"},{"@type":"Person","@id":"https:\/\/www.em.com.br\/emfoco\/#\/schema\/person\/524437ef54f8a5d32591b143307f2e20","name":"N\u00fabia Rangel","image":{"@type":"ImageObject","inLanguage":"pt-BR","@id":"https:\/\/www.em.com.br\/emfoco\/#\/schema\/person\/image\/","url":"https:\/\/secure.gravatar.com\/avatar\/47cff2827a5ba23c37e8068c86817ea4?s=96&d=mm&r=g","contentUrl":"https:\/\/secure.gravatar.com\/avatar\/47cff2827a5ba23c37e8068c86817ea4?s=96&d=mm&r=g","caption":"N\u00fabia Rangel"},"sameAs":["https:\/\/www.em.com.br\/emfoco\/"],"url":"https:\/\/www.em.com.br\/emfoco\/author\/nubiamyth\/"}]}},"_links":{"self":[{"href":"https:\/\/www.em.com.br\/emfoco\/wp-json\/wp\/v2\/posts\/8038","targetHints":{"allow":["GET"]}}],"collection":[{"href":"https:\/\/www.em.com.br\/emfoco\/wp-json\/wp\/v2\/posts"}],"about":[{"href":"https:\/\/www.em.com.br\/emfoco\/wp-json\/wp\/v2\/types\/post"}],"author":[{"embeddable":true,"href":"https:\/\/www.em.com.br\/emfoco\/wp-json\/wp\/v2\/users\/5"}],"replies":[{"embeddable":true,"href":"https:\/\/www.em.com.br\/emfoco\/wp-json\/wp\/v2\/comments?post=8038"}],"version-history":[{"count":2,"href":"https:\/\/www.em.com.br\/emfoco\/wp-json\/wp\/v2\/posts\/8038\/revisions"}],"predecessor-version":[{"id":8040,"href":"https:\/\/www.em.com.br\/emfoco\/wp-json\/wp\/v2\/posts\/8038\/revisions\/8040"}],"wp:featuredmedia":[{"embeddable":true,"href":"https:\/\/www.em.com.br\/emfoco\/wp-json\/wp\/v2\/media\/3436"}],"wp:attachment":[{"href":"https:\/\/www.em.com.br\/emfoco\/wp-json\/wp\/v2\/media?parent=8038"}],"wp:term":[{"taxonomy":"category","embeddable":true,"href":"https:\/\/www.em.com.br\/emfoco\/wp-json\/wp\/v2\/categories?post=8038"},{"taxonomy":"post_tag","embeddable":true,"href":"https:\/\/www.em.com.br\/emfoco\/wp-json\/wp\/v2\/tags?post=8038"}],"curies":[{"name":"wp","href":"https:\/\/api.w.org\/{rel}","templated":true}]}}