{"id":80299,"date":"2025-07-24T21:48:00","date_gmt":"2025-07-25T00:48:00","guid":{"rendered":"https:\/\/www.em.com.br\/emfoco\/?p=80299"},"modified":"2025-07-23T11:19:56","modified_gmt":"2025-07-23T14:19:56","slug":"esse-roteiro-historico-por-mg-esta-se-tornando-tendencia-no-turismo","status":"publish","type":"post","link":"https:\/\/www.em.com.br\/emfoco\/2025\/07\/24\/esse-roteiro-historico-por-mg-esta-se-tornando-tendencia-no-turismo\/","title":{"rendered":"Esse roteiro hist\u00f3rico por MG est\u00e1 se tornando tend\u00eancia no turismo"},"content":{"rendered":"\n<p><strong><a href=\"https:\/\/www.minasgerais.com.br\/pt\" target=\"_blank\" rel=\"noreferrer noopener\">Minas Gerais<\/a><\/strong>, al\u00e9m de sua rica hist\u00f3ria e cultura, oferece um vasto leque de destinos tur\u00edsticos, muitos deles associados \u00e0 famosa\u00a0<strong>Estrada Real<\/strong>. Esta rota, essencial durante o per\u00edodo colonial, servia como um importante corredor para o transporte de ouro e diamantes das minas do interior do estado at\u00e9 o litoral, em\u00a0<strong>Paraty<\/strong>. Um tour por essas cidades hist\u00f3ricas \u00e9 uma imers\u00e3o no passado colonial do\u00a0<strong>Brasil<\/strong>\u00a0e uma chance de explorar as belezas naturais e culturais que o estado oferece.<\/p>\n\n\n\n<h2 class=\"wp-block-heading\">Por que explorar Ouro Preto e Mariana?<\/h2>\n\n\n\n<p><strong><a href=\"https:\/\/www.em.com.br\/emfoco\/2025\/06\/27\/5-atracoes-imperdiveis-para-curtir-em-ouro-preto-ainda-neste-ano\/\" target=\"_blank\" rel=\"noreferrer noopener\">Ouro Preto<\/a><\/strong>, um dos destinos tur\u00edsticos mais populares de Minas Gerais, destaca-se por seu papel crucial no ciclo do ouro durante o s\u00e9culo xviii. A cidade, com suas ladeiras \u00edngremes e arquitetura barroca, \u00e9 Patrim\u00f4nio Mundial da\u00a0<strong>UNESCO<\/strong>\u00a0e encanta visitantes com igrejas majestosas e a presen\u00e7a marcante de\u00a0<strong>Aleijadinho<\/strong>, renomado escultor e arquiteto da \u00e9poca.\u00a0<strong>Mariana<\/strong>, a cidade vizinha, complementa essa experi\u00eancia com sua pr\u00f3pria cole\u00e7\u00e3o de obras hist\u00f3ricas e um charme peculiar. Ambas oferecem visitas guiadas, museus interativos e festividades locais tradicionais que refor\u00e7am a atmosfera hist\u00f3rica das cidades.<\/p>\n\n\n\n<h2 class=\"wp-block-heading\">O que faz Congonhas, Tiradentes e S\u00e3o Jo\u00e3o del-Rei serem imperd\u00edveis?<\/h2>\n\n\n\n<p><strong>Congonhas<\/strong>, localizada a cerca de 60 km de Ouro Preto, \u00e9 famosa pelo&nbsp;<strong>Santu\u00e1rio do Bom Jesus de Matosinhos<\/strong>, onde se encontram os profetas esculpidos por Aleijadinho, uma das obras mais emblem\u00e1ticas do Brasil colonial. Seguindo o roteiro,&nbsp;<strong>Tiradentes<\/strong>&nbsp;se apresenta como uma cidade pitoresca, rica em gastronomia de alta qualidade. J\u00e1 em&nbsp;<strong>S\u00e3o Jo\u00e3o del-Rei<\/strong>, o visitante encontra um centro hist\u00f3rico vibrante, onde as tradi\u00e7\u00f5es mineiras s\u00e3o vivenciadas em cada esquina. Os trens tur\u00edsticos entre essas cidades tamb\u00e9m s\u00e3o uma atra\u00e7\u00e3o \u00e0 parte, proporcionando vistas deslumbrantes da serra.<\/p>\n\n\n\n<figure class=\"wp-block-image\"><img decoding=\"async\" src=\"https:\/\/www.em.com.br\/emfoco\/wp-content\/uploads\/2025\/05\/Diamantina_1748452446112-1024x576.jpg\" alt=\"\"\/><figcaption class=\"wp-element-caption\">Casarao do Forum Diamantina MG &#8211; Cr\u00e9ditos: depositphotos.com \/ edmond77<\/figcaption><\/figure>\n\n\n\n<h2 class=\"wp-block-heading\">Quais s\u00e3o as joias menos conhecidas: Sabar\u00e1 e Santu\u00e1rio do Cara\u00e7a?<\/h2>\n\n\n\n<p>Embora&nbsp;<strong>Sabar\u00e1<\/strong>&nbsp;esteja a poucos quil\u00f4metros de&nbsp;<strong>Belo Horizonte<\/strong>, sua rica heran\u00e7a cultural muitas vezes \u00e9 ofuscada pelas cidades mais conhecidas da Estrada Real. Com igrejas de estilo barroco e o famoso prato t\u00edpico de frango com ora-pro-nobis, a cidade oferece um passeio agrad\u00e1vel e cheio de hist\u00f3ria. Por outro lado, o&nbsp;<strong>Santu\u00e1rio do Cara\u00e7a<\/strong>, com suas trilhas e cachoeiras, proporciona uma experi\u00eancia de contato \u00edntimo com a natureza, al\u00e9m de sua arquitetura religiosa impressionante. Visitar o santu\u00e1rio \u00e0 noite pode oferecer aos mais atentos a chance rara de observar o lobo-guar\u00e1, animal s\u00edmbolo da regi\u00e3o.<\/p>\n\n\n\n<h2 class=\"wp-block-heading\">Como \u00e9 visitar Diamantina e o Caminho dos Diamantes?<\/h2>\n\n\n\n<p>Mais afastada,&nbsp;<strong>Diamantina<\/strong>&nbsp;recompensa seus visitantes com um mergulho na hist\u00f3ria do ciclo dos diamantes. A cidade natal de&nbsp;<strong>Juscelino Kubitschek<\/strong>&nbsp;\u00e9 repleta de charme e vida cultural, com suas famosas&nbsp;<strong>Vesperatas<\/strong>, concertos musicais realizados nas sacadas dos casar\u00f5es coloniais.&nbsp;<strong>Serro<\/strong>, nos arredores, \u00e9 conhecida por sua produ\u00e7\u00e3o de queijo e pela preserva\u00e7\u00e3o de seu patrim\u00f4nio hist\u00f3rico, sendo uma parada excelente para os viajantes que exploram o caminho dos diamantes. A rota \u00e9 ideal para quem busca n\u00e3o apenas hist\u00f3ria, mas tamb\u00e9m belas paisagens e o contato com produtores locais de artesanato e gastronomia.<\/p>\n\n\n\n<h2 class=\"wp-block-heading\">Quando \u00e9 o melhor momento para viajar pelas cidades hist\u00f3ricas de Minas Gerais?<\/h2>\n\n\n\n<p>Minas Gerais oferece atra\u00e7\u00f5es durante todo o ano, mas o outono, entre&nbsp;<strong>mar\u00e7o<\/strong>&nbsp;e&nbsp;<strong>junho<\/strong>, \u00e9 particularmente agrad\u00e1vel devido \u00e0s temperaturas amenas e \u00e0 aus\u00eancia de chuvas torrenciais. Durante essa esta\u00e7\u00e3o, eventos culturais florescem, como o tradicional&nbsp;<strong>Festival de Cinema em Tiradentes<\/strong>&nbsp;e o&nbsp;<strong>Festival de Inverno em Ouro Preto<\/strong>, proporcionando uma atmosfera \u00fanica e culturalmente rica para os turistas que visitam a regi\u00e3o. Al\u00e9m disso, diversas festas religiosas, prociss\u00f5es e feiras de artesanato costumam movimentar as cidades hist\u00f3ricas nesse per\u00edodo.<\/p>\n\n\n\n<p>Em resumo, as cidades hist\u00f3ricas de Minas Gerais oferecem uma viagem no tempo, combinando as influ\u00eancias coloniais com a beleza natural exuberante. Seja explorando igrejas barrocas, caminhando por ruas hist\u00f3ricas ou desfrutando da culin\u00e1ria tradicional, cada cidade ao longo da Estrada Real proporciona uma experi\u00eancia \u00fanica e inesquec\u00edvel para seus visitantes.<\/p>\n","protected":false},"excerpt":{"rendered":"<p>Minas Gerais, al\u00e9m de sua rica hist\u00f3ria e cultura, oferece um vasto leque de destinos tur\u00edsticos, muitos deles associados \u00e0 famosa\u00a0Estrada Real. Esta rota, essencial durante o per\u00edodo colonial, servia como um importante corredor para o transporte de ouro e diamantes das minas do interior do estado at\u00e9 o litoral, em\u00a0Paraty. Um tour por essas [&hellip;]<\/p>\n","protected":false},"author":11,"featured_media":63509,"comment_status":"open","ping_status":"open","sticky":false,"template":"","format":"standard","meta":{"jnews-multi-image_gallery":[],"jnews_single_post":{"format":"standard"},"jnews_primary_category":[],"jnews_social_meta":[],"jnews_override_counter":[],"footnotes":""},"categories":[26,1],"tags":[237,9344,207,1128],"class_list":["post-80299","post","type-post","status-publish","format-standard","has-post-thumbnail","hentry","category-cidades","category-noticias","tag-historia","tag-minas","tag-minas-gerais","tag-viagem"],"yoast_head":"<!-- This site is optimized with the Yoast SEO plugin v23.8 - https:\/\/yoast.com\/wordpress\/plugins\/seo\/ -->\n<title>Esse roteiro hist\u00f3rico por MG est\u00e1 se tornando tend\u00eancia no turismo - Estado de Minas - Em foco<\/title>\n<meta name=\"description\" content=\"Uma viagem pela Estrada Real \u00e9 um mergulho na heran\u00e7a do Brasil e nas paisagens mais charmosas de Minas Gerais.\" \/>\n<meta name=\"robots\" content=\"index, follow, max-snippet:-1, max-image-preview:large, max-video-preview:-1\" \/>\n<link rel=\"canonical\" href=\"https:\/\/www.em.com.br\/emfoco\/2025\/07\/24\/esse-roteiro-historico-por-mg-esta-se-tornando-tendencia-no-turismo\/\" \/>\n<meta property=\"og:locale\" content=\"pt_BR\" \/>\n<meta property=\"og:type\" content=\"article\" \/>\n<meta property=\"og:title\" content=\"Esse roteiro hist\u00f3rico por MG est\u00e1 se tornando tend\u00eancia no turismo - Estado de Minas - Em foco\" \/>\n<meta property=\"og:description\" content=\"Uma viagem pela Estrada Real \u00e9 um mergulho na heran\u00e7a do Brasil e nas paisagens mais charmosas de Minas Gerais.\" \/>\n<meta property=\"og:url\" content=\"https:\/\/www.em.com.br\/emfoco\/2025\/07\/24\/esse-roteiro-historico-por-mg-esta-se-tornando-tendencia-no-turismo\/\" \/>\n<meta property=\"og:site_name\" content=\"Estado de Minas - Em foco\" \/>\n<meta property=\"article:published_time\" content=\"2025-07-25T00:48:00+00:00\" \/>\n<meta property=\"article:modified_time\" content=\"2025-07-23T14:19:56+00:00\" \/>\n<meta property=\"og:image\" content=\"https:\/\/www.em.com.br\/emfoco\/wp-content\/uploads\/2025\/06\/Estacion_Ferroviaria_-_Maria_da_Fe_-_Minas_Gerais_-_panoramio-1.jpg\" \/>\n\t<meta property=\"og:image:width\" content=\"1280\" \/>\n\t<meta property=\"og:image:height\" content=\"720\" \/>\n\t<meta property=\"og:image:type\" content=\"image\/jpeg\" \/>\n<meta name=\"author\" content=\"Andre\u0301 Rangel\u00a0\" \/>\n<meta name=\"twitter:card\" content=\"summary_large_image\" \/>\n<meta name=\"twitter:label1\" content=\"Escrito por\" \/>\n\t<meta name=\"twitter:data1\" content=\"Andre\u0301 Rangel\u00a0\" \/>\n\t<meta name=\"twitter:label2\" content=\"Est. tempo de leitura\" \/>\n\t<meta name=\"twitter:data2\" content=\"4 minutos\" \/>\n<!-- \/ Yoast SEO plugin. -->","yoast_head_json":{"title":"Esse roteiro hist\u00f3rico por MG est\u00e1 se tornando tend\u00eancia no turismo - Estado de Minas - Em foco","description":"Uma viagem pela Estrada Real \u00e9 um mergulho na heran\u00e7a do Brasil e nas paisagens mais charmosas de Minas Gerais.","robots":{"index":"index","follow":"follow","max-snippet":"max-snippet:-1","max-image-preview":"max-image-preview:large","max-video-preview":"max-video-preview:-1"},"canonical":"https:\/\/www.em.com.br\/emfoco\/2025\/07\/24\/esse-roteiro-historico-por-mg-esta-se-tornando-tendencia-no-turismo\/","og_locale":"pt_BR","og_type":"article","og_title":"Esse roteiro hist\u00f3rico por MG est\u00e1 se tornando tend\u00eancia no turismo - Estado de Minas - Em foco","og_description":"Uma viagem pela Estrada Real \u00e9 um mergulho na heran\u00e7a do Brasil e nas paisagens mais charmosas de Minas Gerais.","og_url":"https:\/\/www.em.com.br\/emfoco\/2025\/07\/24\/esse-roteiro-historico-por-mg-esta-se-tornando-tendencia-no-turismo\/","og_site_name":"Estado de Minas - Em foco","article_published_time":"2025-07-25T00:48:00+00:00","article_modified_time":"2025-07-23T14:19:56+00:00","og_image":[{"width":1280,"height":720,"url":"https:\/\/www.em.com.br\/emfoco\/wp-content\/uploads\/2025\/06\/Estacion_Ferroviaria_-_Maria_da_Fe_-_Minas_Gerais_-_panoramio-1.jpg","type":"image\/jpeg"}],"author":"Andre\u0301 Rangel\u00a0","twitter_card":"summary_large_image","twitter_misc":{"Escrito por":"Andre\u0301 Rangel\u00a0","Est. tempo de leitura":"4 minutos"},"schema":{"@context":"https:\/\/schema.org","@graph":[{"@type":"WebPage","@id":"https:\/\/www.em.com.br\/emfoco\/2025\/07\/24\/esse-roteiro-historico-por-mg-esta-se-tornando-tendencia-no-turismo\/","url":"https:\/\/www.em.com.br\/emfoco\/2025\/07\/24\/esse-roteiro-historico-por-mg-esta-se-tornando-tendencia-no-turismo\/","name":"Esse roteiro hist\u00f3rico por MG est\u00e1 se tornando tend\u00eancia no turismo - Estado de Minas - Em foco","isPartOf":{"@id":"https:\/\/www.em.com.br\/emfoco\/#website"},"primaryImageOfPage":{"@id":"https:\/\/www.em.com.br\/emfoco\/2025\/07\/24\/esse-roteiro-historico-por-mg-esta-se-tornando-tendencia-no-turismo\/#primaryimage"},"image":{"@id":"https:\/\/www.em.com.br\/emfoco\/2025\/07\/24\/esse-roteiro-historico-por-mg-esta-se-tornando-tendencia-no-turismo\/#primaryimage"},"thumbnailUrl":"https:\/\/www.em.com.br\/emfoco\/wp-content\/uploads\/2025\/06\/Estacion_Ferroviaria_-_Maria_da_Fe_-_Minas_Gerais_-_panoramio-1.jpg","datePublished":"2025-07-25T00:48:00+00:00","dateModified":"2025-07-23T14:19:56+00:00","author":{"@id":"https:\/\/www.em.com.br\/emfoco\/#\/schema\/person\/60eda09c1fedf0d6891f4cef4b60b8b8"},"description":"Uma viagem pela Estrada Real \u00e9 um mergulho na heran\u00e7a do Brasil e nas paisagens mais charmosas de Minas Gerais.","breadcrumb":{"@id":"https:\/\/www.em.com.br\/emfoco\/2025\/07\/24\/esse-roteiro-historico-por-mg-esta-se-tornando-tendencia-no-turismo\/#breadcrumb"},"inLanguage":"pt-BR","potentialAction":[{"@type":"ReadAction","target":["https:\/\/www.em.com.br\/emfoco\/2025\/07\/24\/esse-roteiro-historico-por-mg-esta-se-tornando-tendencia-no-turismo\/"]}]},{"@type":"ImageObject","inLanguage":"pt-BR","@id":"https:\/\/www.em.com.br\/emfoco\/2025\/07\/24\/esse-roteiro-historico-por-mg-esta-se-tornando-tendencia-no-turismo\/#primaryimage","url":"https:\/\/www.em.com.br\/emfoco\/wp-content\/uploads\/2025\/06\/Estacion_Ferroviaria_-_Maria_da_Fe_-_Minas_Gerais_-_panoramio-1.jpg","contentUrl":"https:\/\/www.em.com.br\/emfoco\/wp-content\/uploads\/2025\/06\/Estacion_Ferroviaria_-_Maria_da_Fe_-_Minas_Gerais_-_panoramio-1.jpg","width":1280,"height":720,"caption":"Esta\u00e7\u00e3o ferrovi\u00e1ria de Maria da F\u00e9 - Cr\u00e9ditos: Divulga\u00e7\u00e3o\/Wikimedia Commons"},{"@type":"BreadcrumbList","@id":"https:\/\/www.em.com.br\/emfoco\/2025\/07\/24\/esse-roteiro-historico-por-mg-esta-se-tornando-tendencia-no-turismo\/#breadcrumb","itemListElement":[{"@type":"ListItem","position":1,"name":"In\u00edcio","item":"https:\/\/www.em.com.br\/emfoco\/"},{"@type":"ListItem","position":2,"name":"Esse roteiro hist\u00f3rico por MG est\u00e1 se tornando tend\u00eancia no turismo"}]},{"@type":"WebSite","@id":"https:\/\/www.em.com.br\/emfoco\/#website","url":"https:\/\/www.em.com.br\/emfoco\/","name":"Estado de Minas - Em foco","description":"Acompanhe as \u00faltimas not\u00edcias e fique bem informado sobre tudo o que acontece em Minas Gerais, Brasil e no mundo.","potentialAction":[{"@type":"SearchAction","target":{"@type":"EntryPoint","urlTemplate":"https:\/\/www.em.com.br\/emfoco\/?s={search_term_string}"},"query-input":{"@type":"PropertyValueSpecification","valueRequired":true,"valueName":"search_term_string"}}],"inLanguage":"pt-BR"},{"@type":"Person","@id":"https:\/\/www.em.com.br\/emfoco\/#\/schema\/person\/60eda09c1fedf0d6891f4cef4b60b8b8","name":"Andre\u0301 Rangel\u00a0","image":{"@type":"ImageObject","inLanguage":"pt-BR","@id":"https:\/\/www.em.com.br\/emfoco\/#\/schema\/person\/image\/","url":"https:\/\/secure.gravatar.com\/avatar\/6234dc814c77c8ef6d8bba622c787efc?s=96&d=mm&r=g","contentUrl":"https:\/\/secure.gravatar.com\/avatar\/6234dc814c77c8ef6d8bba622c787efc?s=96&d=mm&r=g","caption":"Andre\u0301 Rangel\u00a0"},"url":"https:\/\/www.em.com.br\/emfoco\/author\/luizmyth\/"}]}},"_links":{"self":[{"href":"https:\/\/www.em.com.br\/emfoco\/wp-json\/wp\/v2\/posts\/80299","targetHints":{"allow":["GET"]}}],"collection":[{"href":"https:\/\/www.em.com.br\/emfoco\/wp-json\/wp\/v2\/posts"}],"about":[{"href":"https:\/\/www.em.com.br\/emfoco\/wp-json\/wp\/v2\/types\/post"}],"author":[{"embeddable":true,"href":"https:\/\/www.em.com.br\/emfoco\/wp-json\/wp\/v2\/users\/11"}],"replies":[{"embeddable":true,"href":"https:\/\/www.em.com.br\/emfoco\/wp-json\/wp\/v2\/comments?post=80299"}],"version-history":[{"count":5,"href":"https:\/\/www.em.com.br\/emfoco\/wp-json\/wp\/v2\/posts\/80299\/revisions"}],"predecessor-version":[{"id":80407,"href":"https:\/\/www.em.com.br\/emfoco\/wp-json\/wp\/v2\/posts\/80299\/revisions\/80407"}],"wp:featuredmedia":[{"embeddable":true,"href":"https:\/\/www.em.com.br\/emfoco\/wp-json\/wp\/v2\/media\/63509"}],"wp:attachment":[{"href":"https:\/\/www.em.com.br\/emfoco\/wp-json\/wp\/v2\/media?parent=80299"}],"wp:term":[{"taxonomy":"category","embeddable":true,"href":"https:\/\/www.em.com.br\/emfoco\/wp-json\/wp\/v2\/categories?post=80299"},{"taxonomy":"post_tag","embeddable":true,"href":"https:\/\/www.em.com.br\/emfoco\/wp-json\/wp\/v2\/tags?post=80299"}],"curies":[{"name":"wp","href":"https:\/\/api.w.org\/{rel}","templated":true}]}}