{"id":80275,"date":"2025-07-24T21:08:08","date_gmt":"2025-07-25T00:08:08","guid":{"rendered":"https:\/\/www.em.com.br\/emfoco\/?p=80275"},"modified":"2025-07-23T11:02:18","modified_gmt":"2025-07-23T14:02:18","slug":"o-serum-anti-frizz-que-simula-o-efeito-liso-da-queratina-sem-quimica-pesada","status":"publish","type":"post","link":"https:\/\/www.em.com.br\/emfoco\/2025\/07\/24\/o-serum-anti-frizz-que-simula-o-efeito-liso-da-queratina-sem-quimica-pesada\/","title":{"rendered":"O s\u00e9rum anti-frizz que simula o efeito liso da queratina sem qu\u00edmica pesada"},"content":{"rendered":"\n<p>Umidade \u00e9 uma palavra temida no mundo da beleza <a href=\"https:\/\/www.em.com.br\/emfoco\/2025\/07\/13\/as-manteigas-capilares-que-estao-conquistando-as-cacheadas-em-2025\/\" target=\"_blank\" rel=\"noopener\">capilar,<\/a> respons\u00e1vel por problemas como fios indom\u00e1veis, opacos e crespos. Essa quest\u00e3o afeta todos os tipos de cabelo, desde os cacheados at\u00e9 os lisos. Diante dessa situa\u00e7\u00e3o, produtos como o <strong>Siero Lisci Impeccabili da Garnier<\/strong> oferecem solu\u00e7\u00f5es inovadoras. Este soro atua como termoprotetor e <a href=\"https:\/\/www.tuasaude.com\/antissepticos\/\" target=\"_blank\" rel=\"noopener\">antiss\u00e9ptico<\/a>, proporcionando um efeito liso e brilhante aos cabelos, semelhante ao tratamento de queratina, sem a necessidade de procedimentos complexos de sal\u00e3o. Al\u00e9m disso, a <strong>Garnier<\/strong> \u00e9 reconhecida internacionalmente pelo avan\u00e7o tecnol\u00f3gico em cuidados capilares, o que refor\u00e7a a confian\u00e7a no produto.<\/p>\n\n\n\n<p>O segredo do <strong>Siero Lisci Impeccabili<\/strong> est\u00e1 na tecnologia <strong>Alpha-Silane<\/strong>, que \u00e9 ativada pelo calor. Esse soro termoativo forma uma pel\u00edcula protetora ao redor das fibras capilares, que n\u00e3o apenas protege os cabelos do calor da chapinha, mas tamb\u00e9m mant\u00e9m sua apar\u00eancia lisa e luminosa, reduzindo significativamente o frizz. Al\u00e9m disso, o produto \u00e9 resistente \u00e0 umidade, suportando n\u00edveis de at\u00e9 80%, o que \u00e9 essencial para preservar a beleza da cabeleira em climas mais \u00famidos, inclusive em cidades como <strong>Rio de Janeiro<\/strong>, conhecidas pela alta umidade do ar.<\/p>\n\n\n\n<h2 class=\"wp-block-heading\">Como o Siero Lisci Impeccabili da Garnier age?<\/h2>\n\n\n\n<p>O Siero Lisci Impeccabili da Garnier funciona como uma solu\u00e7\u00e3o multifuncional para quem busca cabelos lisos e sedosos. Sua f\u00f3rmula termoprotetora, enriquecida com Alpha-Silane, \u00e9 concebida para ser ativada com o uso do calor, promovendo um alisamento mais eficaz e duradouro at\u00e9 o pr\u00f3ximo ciclo de lavagens. Al\u00e9m de garantir prote\u00e7\u00e3o t\u00e9rmica de at\u00e9 230 graus, o soro atua como um escudo contra a umidade, mantendo a integridade e a flexibilidade das mechas.<\/p>\n\n\n<div class=\"wp-block-image\">\n<figure class=\"aligncenter size-large\"><img loading=\"lazy\" decoding=\"async\" width=\"1024\" height=\"576\" src=\"https:\/\/www.em.com.br\/emfoco\/wp-content\/uploads\/2025\/07\/cabelo-liso_1753279235097-1024x576.jpg\" alt=\"\" class=\"wp-image-80360\" srcset=\"https:\/\/www.em.com.br\/emfoco\/wp-content\/uploads\/2025\/07\/cabelo-liso_1753279235097-1024x576.jpg 1024w, https:\/\/www.em.com.br\/emfoco\/wp-content\/uploads\/2025\/07\/cabelo-liso_1753279235097-300x169.jpg 300w, https:\/\/www.em.com.br\/emfoco\/wp-content\/uploads\/2025\/07\/cabelo-liso_1753279235097-768x432.jpg 768w, https:\/\/www.em.com.br\/emfoco\/wp-content\/uploads\/2025\/07\/cabelo-liso_1753279235097-750x422.jpg 750w, https:\/\/www.em.com.br\/emfoco\/wp-content\/uploads\/2025\/07\/cabelo-liso_1753279235097-1140x641.jpg 1140w, https:\/\/www.em.com.br\/emfoco\/wp-content\/uploads\/2025\/07\/cabelo-liso_1753279235097.jpg 1280w\" sizes=\"auto, (max-width: 1024px) 100vw, 1024px\" \/><figcaption class=\"wp-element-caption\">Cabelo liso &#8211; Cr\u00e9ditos: depositphotos.com \/ AndrewLozovyi<\/figcaption><\/figure><\/div>\n\n\n<h2 class=\"wp-block-heading\">Quais s\u00e3o os benef\u00edcios do uso cont\u00ednuo do soro da Garnier?<\/h2>\n\n\n\n<p>O uso regular do soro liso da Garnier proporciona in\u00fameros benef\u00edcios, dentre os quais se destaca a durabilidade do efeito liso, que pode persistir por at\u00e9 cinco lavagens. Esse produto \u00e9 especialmente eficaz na hidrata\u00e7\u00e3o dos cabelos secos e opacos, oferecendo maleabilidade e brilho instant\u00e2neos. Longe de ser apenas um recurso est\u00e9tico, o Siero Lisci Impeccabili tamb\u00e9m facilita o desembara\u00e7o, tornando-se um aliado chave na rotina de cuidados capilares di\u00e1rios.&nbsp;<\/p>\n\n\n\n<h2 class=\"wp-block-heading\">Como fazer a aplica\u00e7\u00e3o do Siero Lisci Impeccabili para obter melhor resultado?<\/h2>\n\n\n\n<p>Para atingir o m\u00e1ximo desempenho do Siero Lisci Impeccabili, recomenda-se seguir um processo de aplica\u00e7\u00e3o em tr\u00eas etapas. Inicia-se aquecendo uma quantidade moderada do produto entre as m\u00e3os, aplicando-o uniformemente sobre os fios \u00famidos. Em seguida, procede-se \u00e0 secagem com o secador, finalizando com a passagem da chapinha para selar o produto e conservar a umidade. Essa aplica\u00e7\u00e3o garante que os cabelos recebam o tratamento completo, maximizando seu potencial de alisamento e prote\u00e7\u00e3o.<\/p>\n\n\n\n<p>A vis\u00e3o de muitos que experimentaram o produto confirma sua efic\u00e1cia. Descreveram cabelos mais macios e manej\u00e1veis, mesmo em ambientes com alta umidade. A resili\u00eancia dos fios e a melhoria na textura geral s\u00e3o frequentemente citadas, refor\u00e7ando a posi\u00e7\u00e3o do soro como uma inova\u00e7\u00e3o pr\u00e1tica e acess\u00edvel no cuidado dos cabelos, especialmente para aqueles que enfrentam desafios di\u00e1rios com frizz e rebeldia dos cabelos.&nbsp;<\/p>\n","protected":false},"excerpt":{"rendered":"<p>Umidade \u00e9 uma palavra temida no mundo da beleza capilar, respons\u00e1vel por problemas como fios indom\u00e1veis, opacos e crespos. Essa quest\u00e3o afeta todos os tipos de cabelo, desde os cacheados at\u00e9 os lisos. Diante dessa situa\u00e7\u00e3o, produtos como o Siero Lisci Impeccabili da Garnier oferecem solu\u00e7\u00f5es inovadoras. Este soro atua como termoprotetor e antiss\u00e9ptico, proporcionando [&hellip;]<\/p>\n","protected":false},"author":9,"featured_media":36831,"comment_status":"open","ping_status":"open","sticky":false,"template":"","format":"standard","meta":{"jnews-multi-image_gallery":[],"jnews_single_post":{"format":"standard"},"jnews_primary_category":[],"jnews_social_meta":[],"jnews_override_counter":[],"footnotes":""},"categories":[29,1],"tags":[5143,12682,12683,12684],"class_list":["post-80275","post","type-post","status-publish","format-standard","has-post-thumbnail","hentry","category-entretenimento","category-noticias","tag-cabelos","tag-lisos","tag-soro","tag-termoprotetor"],"yoast_head":"<!-- This site is optimized with the Yoast SEO plugin v23.8 - https:\/\/yoast.com\/wordpress\/plugins\/seo\/ -->\n<title>O s\u00e9rum anti-frizz que simula o efeito liso da queratina sem qu\u00edmica pesada<\/title>\n<meta name=\"description\" content=\"S\u00e9rum anti-frizz da Garnier com efeito liso tipo queratina, prote\u00e7\u00e3o t\u00e9rmica e resist\u00eancia \u00e0 umidade por at\u00e9 5 lavagens.\" \/>\n<meta name=\"robots\" content=\"index, follow, max-snippet:-1, max-image-preview:large, max-video-preview:-1\" \/>\n<link rel=\"canonical\" href=\"https:\/\/www.em.com.br\/emfoco\/2025\/07\/24\/o-serum-anti-frizz-que-simula-o-efeito-liso-da-queratina-sem-quimica-pesada\/\" \/>\n<meta property=\"og:locale\" content=\"pt_BR\" \/>\n<meta property=\"og:type\" content=\"article\" \/>\n<meta property=\"og:title\" content=\"O s\u00e9rum anti-frizz que simula o efeito liso da queratina sem qu\u00edmica pesada\" \/>\n<meta property=\"og:description\" content=\"S\u00e9rum anti-frizz da Garnier com efeito liso tipo queratina, prote\u00e7\u00e3o t\u00e9rmica e resist\u00eancia \u00e0 umidade por at\u00e9 5 lavagens.\" \/>\n<meta property=\"og:url\" content=\"https:\/\/www.em.com.br\/emfoco\/2025\/07\/24\/o-serum-anti-frizz-que-simula-o-efeito-liso-da-queratina-sem-quimica-pesada\/\" \/>\n<meta property=\"og:site_name\" content=\"Estado de Minas - Em foco\" \/>\n<meta property=\"article:published_time\" content=\"2025-07-25T00:08:08+00:00\" \/>\n<meta property=\"article:modified_time\" content=\"2025-07-23T14:02:18+00:00\" \/>\n<meta property=\"og:image\" content=\"https:\/\/www.em.com.br\/emfoco\/wp-content\/uploads\/2025\/04\/cachos_1744218583233.jpg\" \/>\n\t<meta property=\"og:image:width\" content=\"1280\" \/>\n\t<meta property=\"og:image:height\" content=\"720\" \/>\n\t<meta property=\"og:image:type\" content=\"image\/jpeg\" \/>\n<meta name=\"author\" content=\"Daniely Cardoso\" \/>\n<meta name=\"twitter:card\" content=\"summary_large_image\" \/>\n<meta name=\"twitter:label1\" content=\"Escrito por\" \/>\n\t<meta name=\"twitter:data1\" content=\"Daniely Cardoso\" \/>\n\t<meta name=\"twitter:label2\" content=\"Est. tempo de leitura\" \/>\n\t<meta name=\"twitter:data2\" content=\"4 minutos\" \/>\n<!-- \/ Yoast SEO plugin. -->","yoast_head_json":{"title":"O s\u00e9rum anti-frizz que simula o efeito liso da queratina sem qu\u00edmica pesada","description":"S\u00e9rum anti-frizz da Garnier com efeito liso tipo queratina, prote\u00e7\u00e3o t\u00e9rmica e resist\u00eancia \u00e0 umidade por at\u00e9 5 lavagens.","robots":{"index":"index","follow":"follow","max-snippet":"max-snippet:-1","max-image-preview":"max-image-preview:large","max-video-preview":"max-video-preview:-1"},"canonical":"https:\/\/www.em.com.br\/emfoco\/2025\/07\/24\/o-serum-anti-frizz-que-simula-o-efeito-liso-da-queratina-sem-quimica-pesada\/","og_locale":"pt_BR","og_type":"article","og_title":"O s\u00e9rum anti-frizz que simula o efeito liso da queratina sem qu\u00edmica pesada","og_description":"S\u00e9rum anti-frizz da Garnier com efeito liso tipo queratina, prote\u00e7\u00e3o t\u00e9rmica e resist\u00eancia \u00e0 umidade por at\u00e9 5 lavagens.","og_url":"https:\/\/www.em.com.br\/emfoco\/2025\/07\/24\/o-serum-anti-frizz-que-simula-o-efeito-liso-da-queratina-sem-quimica-pesada\/","og_site_name":"Estado de Minas - Em foco","article_published_time":"2025-07-25T00:08:08+00:00","article_modified_time":"2025-07-23T14:02:18+00:00","og_image":[{"width":1280,"height":720,"url":"https:\/\/www.em.com.br\/emfoco\/wp-content\/uploads\/2025\/04\/cachos_1744218583233.jpg","type":"image\/jpeg"}],"author":"Daniely Cardoso","twitter_card":"summary_large_image","twitter_misc":{"Escrito por":"Daniely Cardoso","Est. tempo de leitura":"4 minutos"},"schema":{"@context":"https:\/\/schema.org","@graph":[{"@type":"WebPage","@id":"https:\/\/www.em.com.br\/emfoco\/2025\/07\/24\/o-serum-anti-frizz-que-simula-o-efeito-liso-da-queratina-sem-quimica-pesada\/","url":"https:\/\/www.em.com.br\/emfoco\/2025\/07\/24\/o-serum-anti-frizz-que-simula-o-efeito-liso-da-queratina-sem-quimica-pesada\/","name":"O s\u00e9rum anti-frizz que simula o efeito liso da queratina sem qu\u00edmica pesada","isPartOf":{"@id":"https:\/\/www.em.com.br\/emfoco\/#website"},"primaryImageOfPage":{"@id":"https:\/\/www.em.com.br\/emfoco\/2025\/07\/24\/o-serum-anti-frizz-que-simula-o-efeito-liso-da-queratina-sem-quimica-pesada\/#primaryimage"},"image":{"@id":"https:\/\/www.em.com.br\/emfoco\/2025\/07\/24\/o-serum-anti-frizz-que-simula-o-efeito-liso-da-queratina-sem-quimica-pesada\/#primaryimage"},"thumbnailUrl":"https:\/\/www.em.com.br\/emfoco\/wp-content\/uploads\/2025\/04\/cachos_1744218583233.jpg","datePublished":"2025-07-25T00:08:08+00:00","dateModified":"2025-07-23T14:02:18+00:00","author":{"@id":"https:\/\/www.em.com.br\/emfoco\/#\/schema\/person\/0a8186d72f2c3a5c6276d90b41f271a0"},"description":"S\u00e9rum anti-frizz da Garnier com efeito liso tipo queratina, prote\u00e7\u00e3o t\u00e9rmica e resist\u00eancia \u00e0 umidade por at\u00e9 5 lavagens.","breadcrumb":{"@id":"https:\/\/www.em.com.br\/emfoco\/2025\/07\/24\/o-serum-anti-frizz-que-simula-o-efeito-liso-da-queratina-sem-quimica-pesada\/#breadcrumb"},"inLanguage":"pt-BR","potentialAction":[{"@type":"ReadAction","target":["https:\/\/www.em.com.br\/emfoco\/2025\/07\/24\/o-serum-anti-frizz-que-simula-o-efeito-liso-da-queratina-sem-quimica-pesada\/"]}]},{"@type":"ImageObject","inLanguage":"pt-BR","@id":"https:\/\/www.em.com.br\/emfoco\/2025\/07\/24\/o-serum-anti-frizz-que-simula-o-efeito-liso-da-queratina-sem-quimica-pesada\/#primaryimage","url":"https:\/\/www.em.com.br\/emfoco\/wp-content\/uploads\/2025\/04\/cachos_1744218583233.jpg","contentUrl":"https:\/\/www.em.com.br\/emfoco\/wp-content\/uploads\/2025\/04\/cachos_1744218583233.jpg","width":1280,"height":720,"caption":"Cabelo cacheado - Cr\u00e9ditos: depositphotos.com \/ IgorVetushko"},{"@type":"BreadcrumbList","@id":"https:\/\/www.em.com.br\/emfoco\/2025\/07\/24\/o-serum-anti-frizz-que-simula-o-efeito-liso-da-queratina-sem-quimica-pesada\/#breadcrumb","itemListElement":[{"@type":"ListItem","position":1,"name":"In\u00edcio","item":"https:\/\/www.em.com.br\/emfoco\/"},{"@type":"ListItem","position":2,"name":"O s\u00e9rum anti-frizz que simula o efeito liso da queratina sem qu\u00edmica pesada"}]},{"@type":"WebSite","@id":"https:\/\/www.em.com.br\/emfoco\/#website","url":"https:\/\/www.em.com.br\/emfoco\/","name":"Estado de Minas - Em foco","description":"Acompanhe as \u00faltimas not\u00edcias e fique bem informado sobre tudo o que acontece em Minas Gerais, Brasil e no mundo.","potentialAction":[{"@type":"SearchAction","target":{"@type":"EntryPoint","urlTemplate":"https:\/\/www.em.com.br\/emfoco\/?s={search_term_string}"},"query-input":{"@type":"PropertyValueSpecification","valueRequired":true,"valueName":"search_term_string"}}],"inLanguage":"pt-BR"},{"@type":"Person","@id":"https:\/\/www.em.com.br\/emfoco\/#\/schema\/person\/0a8186d72f2c3a5c6276d90b41f271a0","name":"Daniely Cardoso","image":{"@type":"ImageObject","inLanguage":"pt-BR","@id":"https:\/\/www.em.com.br\/emfoco\/#\/schema\/person\/image\/","url":"https:\/\/secure.gravatar.com\/avatar\/4b80ddbd124d1f071b626d52d62e5dff?s=96&d=mm&r=g","contentUrl":"https:\/\/secure.gravatar.com\/avatar\/4b80ddbd124d1f071b626d52d62e5dff?s=96&d=mm&r=g","caption":"Daniely Cardoso"},"url":"https:\/\/www.em.com.br\/emfoco\/author\/danielymyth\/"}]}},"_links":{"self":[{"href":"https:\/\/www.em.com.br\/emfoco\/wp-json\/wp\/v2\/posts\/80275","targetHints":{"allow":["GET"]}}],"collection":[{"href":"https:\/\/www.em.com.br\/emfoco\/wp-json\/wp\/v2\/posts"}],"about":[{"href":"https:\/\/www.em.com.br\/emfoco\/wp-json\/wp\/v2\/types\/post"}],"author":[{"embeddable":true,"href":"https:\/\/www.em.com.br\/emfoco\/wp-json\/wp\/v2\/users\/9"}],"replies":[{"embeddable":true,"href":"https:\/\/www.em.com.br\/emfoco\/wp-json\/wp\/v2\/comments?post=80275"}],"version-history":[{"count":2,"href":"https:\/\/www.em.com.br\/emfoco\/wp-json\/wp\/v2\/posts\/80275\/revisions"}],"predecessor-version":[{"id":80363,"href":"https:\/\/www.em.com.br\/emfoco\/wp-json\/wp\/v2\/posts\/80275\/revisions\/80363"}],"wp:featuredmedia":[{"embeddable":true,"href":"https:\/\/www.em.com.br\/emfoco\/wp-json\/wp\/v2\/media\/36831"}],"wp:attachment":[{"href":"https:\/\/www.em.com.br\/emfoco\/wp-json\/wp\/v2\/media?parent=80275"}],"wp:term":[{"taxonomy":"category","embeddable":true,"href":"https:\/\/www.em.com.br\/emfoco\/wp-json\/wp\/v2\/categories?post=80275"},{"taxonomy":"post_tag","embeddable":true,"href":"https:\/\/www.em.com.br\/emfoco\/wp-json\/wp\/v2\/tags?post=80275"}],"curies":[{"name":"wp","href":"https:\/\/api.w.org\/{rel}","templated":true}]}}