{"id":80214,"date":"2025-07-25T12:28:00","date_gmt":"2025-07-25T15:28:00","guid":{"rendered":"https:\/\/www.em.com.br\/emfoco\/?p=80214"},"modified":"2025-07-23T10:09:59","modified_gmt":"2025-07-23T13:09:59","slug":"voce-ja-sentiu-seu-corpo-tremer-ao-dormir-a-explicacao-vai-te-surpreender","status":"publish","type":"post","link":"https:\/\/www.em.com.br\/emfoco\/2025\/07\/25\/voce-ja-sentiu-seu-corpo-tremer-ao-dormir-a-explicacao-vai-te-surpreender\/","title":{"rendered":"Voc\u00ea j\u00e1 sentiu seu corpo tremer ao dormir? A explica\u00e7\u00e3o vai te surpreender"},"content":{"rendered":"\n<p>O corpo humano \u00e9 uma m\u00e1quina incr\u00edvel e complexa, e muitas vezes nos surpreende com comportamentos inesperados. Um desses fen\u00f4menos \u00e9 o tremor involunt\u00e1rio que algumas pessoas experimentam ao adormecer. Esse espasmo, embora inofensivo, pode gerar curiosidade e at\u00e9 preocupa\u00e7\u00e3o.<\/p>\n\n\n\n<p>Esses movimentos repentinos geralmente ocorrem quando estamos prestes a entrar no sono profundo. Mas, o que exatamente os causa? E h\u00e1 algo a ser feito para evit\u00e1-los? Vamos nos aprofundar neste peculiar aspecto do sono humano.<\/p>\n\n\n\n<h2 class=\"wp-block-heading\">Por que o corpo treme ao adormecer?<\/h2>\n\n\n\n<p><strong>Os tremores que ocorrem logo antes do sono s\u00e3o, na maioria das vezes, referidos como espasmos miocl\u00f4nicos ou solavancos hipnag\u00f3gicos.<\/strong> Esses movimentos bruscos s\u00e3o considerados fen\u00f4menos normais, experimentados pela maioria das pessoas. Eles podem ser descritos como uma sacudida ou um chacoalh\u00e3o de um membro, ou de todo o corpo.<\/p>\n\n\n\n<p><strong>A causa exata desses espasmos n\u00e3o \u00e9 completamente entendida.<\/strong> Acredita-se que eles possam ser resultado do relaxamento dos m\u00fasculos \u00e0 medida que uma pessoa entra no sono. Durante essa transi\u00e7\u00e3o, pode haver um leve estado de confus\u00e3o no c\u00e9rebro, levando-o a mandar sinais err\u00f4neos para o corpo, resultando nos espasmos. Alguns pesquisadores tamb\u00e9m levantam a hip\u00f3tese de que o fen\u00f4meno pode ter uma explica\u00e7\u00e3o evolutiva, como um reflexo ancestral para evitar quedas enquanto nossos antepassados dormiam em ambientes elevados ou inseguros.<\/p>\n\n\n\n<figure class=\"wp-block-image size-large\"><img loading=\"lazy\" decoding=\"async\" width=\"1024\" height=\"576\" src=\"https:\/\/www.em.com.br\/emfoco\/wp-content\/uploads\/2025\/06\/dormir_1750346203040-1024x576.jpg\" alt=\"Voc\u00ea sabia que dormir do lado certo pode melhorar sua digest\u00e3o?\" class=\"wp-image-63916\" srcset=\"https:\/\/www.em.com.br\/emfoco\/wp-content\/uploads\/2025\/06\/dormir_1750346203040-1024x576.jpg 1024w, https:\/\/www.em.com.br\/emfoco\/wp-content\/uploads\/2025\/06\/dormir_1750346203040-300x169.jpg 300w, https:\/\/www.em.com.br\/emfoco\/wp-content\/uploads\/2025\/06\/dormir_1750346203040-768x432.jpg 768w, https:\/\/www.em.com.br\/emfoco\/wp-content\/uploads\/2025\/06\/dormir_1750346203040-750x422.jpg 750w, https:\/\/www.em.com.br\/emfoco\/wp-content\/uploads\/2025\/06\/dormir_1750346203040-1140x641.jpg 1140w, https:\/\/www.em.com.br\/emfoco\/wp-content\/uploads\/2025\/06\/dormir_1750346203040.jpg 1280w\" sizes=\"auto, (max-width: 1024px) 100vw, 1024px\" \/><figcaption class=\"wp-element-caption\">Mulher dormindo &#8211; Cr\u00e9ditos: depositphotos.com \/ AllaSerebrina<\/figcaption><\/figure>\n\n\n\n<h2 class=\"wp-block-heading\">Esses espasmos s\u00e3o comuns?<\/h2>\n\n\n\n<p><strong>Sim, os <a href=\"https:\/\/www.msdmanuals.com\/pt\/casa\/dist%C3%BArbios-cerebrais-da-medula-espinal-e-dos-nervos\/doen%C3%A7as-do-movimento\/mioclonias\" target=\"_blank\" rel=\"noreferrer noopener\">espasmos miocl\u00f4nicos<\/a> s\u00e3o extremamente comuns.<\/strong> Estudos indicam que cerca de 70% da popula\u00e7\u00e3o experimenta esses tremores em algum momento de sua vida. Eles s\u00e3o mais frequentes em pessoas que est\u00e3o muito cansadas ou estressadas, e tendem a aumentar em frequ\u00eancia e intensidade nessas condi\u00e7\u00f5es.<\/p>\n\n\n\n<p>Estresse, cafe\u00edna, exerc\u00edcios intensos e tens\u00e3o podem amplificar a ocorr\u00eancia desses espasmos. Apesar de inofensivos, podem ser perturbadores, especialmente se ocorrem repetidamente em uma \u00fanica noite, interrompendo o sono. Algumas pesquisas apontam que a pr\u00e1tica regular de exerc\u00edcios f\u00edsicos leves, realizada durante o dia, pode ajudar a diminuir a frequ\u00eancia desses epis\u00f3dios, tornando o sono mais tranquilo.<\/p>\n\n\n\n<h2 class=\"wp-block-heading\">\u00c9 poss\u00edvel prevenir os tremores antes de dormir?<\/h2>\n\n\n\n<p><strong>Enquanto n\u00e3o h\u00e1 uma solu\u00e7\u00e3o \u00fanica para eliminar completamente os espasmos hipnag\u00f3gicos, algumas pr\u00e1ticas podem ajudar a reduzir sua ocorr\u00eancia.<\/strong> Manter uma rotina regular de sono, evitando <strong><a href=\"https:\/\/www.em.com.br\/emfoco\/2025\/06\/10\/o-que-acontece-com-seu-corpo-quando-voce-consome-cafeina-e-quando-isso-pode-se-tornar-um-problema\/\" target=\"_blank\" rel=\"noreferrer noopener\">cafe\u00edna <\/a><\/strong>e alimentos pesados antes de dormir, pode ser ben\u00e9fico. Al\u00e9m disso, t\u00e9cnicas de relaxamento, como a medita\u00e7\u00e3o, ajudam a acalmar a mente e o corpo.<\/p>\n\n\n\n<p>Criar um ambiente de sono tranquilo e confort\u00e1vel, e assegurar que o lugar para dormir seja usado apenas para descansar, tamb\u00e9m pode melhorar a qualidade do sono e, potencialmente, diminuir a frequ\u00eancia dos espasmos. Especialistas tamb\u00e9m recomendam evitar o uso de eletr\u00f4nicos pr\u00f3ximo ao hor\u00e1rio de dormir, pois a luz azul pode contribuir para a diminui\u00e7\u00e3o da qualidade do sono e, indiretamente, aumentar a incid\u00eancia de espasmos.<\/p>\n\n\n\n<h2 class=\"wp-block-heading\">Quando os tremores podem ser um sinal de algo mais s\u00e9rio?<\/h2>\n\n\n\n<p><strong>Embora os espasmos hipnag\u00f3gicos sejam geralmente benignos, \u00e9 importante prestar aten\u00e7\u00e3o se eles s\u00e3o acompanhados de outros sintomas.<\/strong> Se os tremores ocorrem frequentemente e de forma severa, ou est\u00e3o associados a outros dist\u00farbios do sono como apneia, \u00e9 recomendado consultar um m\u00e9dico.<\/p>\n\n\n\n<p>Em casos raros, os espasmos podem estar ligados a condi\u00e7\u00f5es neurol\u00f3gicas ou outros problemas m\u00e9dicos. Portanto, a observa\u00e7\u00e3o cuidadosa e a busca por opini\u00e3o m\u00e9dica s\u00e3o fundamentais quando h\u00e1 suspeita de que algo mais grave possa estar acontecendo.<\/p>\n","protected":false},"excerpt":{"rendered":"<p>O corpo humano \u00e9 uma m\u00e1quina incr\u00edvel e complexa, e muitas vezes nos surpreende com comportamentos inesperados. Um desses fen\u00f4menos \u00e9 o tremor involunt\u00e1rio que algumas pessoas experimentam ao adormecer. Esse espasmo, embora inofensivo, pode gerar curiosidade e at\u00e9 preocupa\u00e7\u00e3o. Esses movimentos repentinos geralmente ocorrem quando estamos prestes a entrar no sono profundo. Mas, o [&hellip;]<\/p>\n","protected":false},"author":13,"featured_media":35851,"comment_status":"open","ping_status":"open","sticky":false,"template":"","format":"standard","meta":{"jnews-multi-image_gallery":[],"jnews_single_post":{"format":"standard"},"jnews_primary_category":[],"jnews_social_meta":[],"jnews_override_counter":[],"footnotes":""},"categories":[8819,1],"tags":[9668,12313,415,1925],"class_list":["post-80214","post","type-post","status-publish","format-standard","has-post-thumbnail","hentry","category-curiosidades","category-noticias","tag-corpo-humano","tag-espasmos","tag-saude","tag-sono"],"yoast_head":"<!-- This site is optimized with the Yoast SEO plugin v23.8 - https:\/\/yoast.com\/wordpress\/plugins\/seo\/ -->\n<title>Voc\u00ea j\u00e1 sentiu seu corpo tremer ao dormir? A explica\u00e7\u00e3o vai te surpreender - Estado de Minas - Em foco<\/title>\n<meta name=\"description\" content=\"Se voc\u00ea sente tremores ao dormir, saiba que esse fen\u00f4meno \u00e9 comum e tem explica\u00e7\u00f5es cient\u00edficas surpreendentes.\" \/>\n<meta name=\"robots\" content=\"index, follow, max-snippet:-1, max-image-preview:large, max-video-preview:-1\" \/>\n<link rel=\"canonical\" href=\"https:\/\/www.em.com.br\/emfoco\/2025\/07\/25\/voce-ja-sentiu-seu-corpo-tremer-ao-dormir-a-explicacao-vai-te-surpreender\/\" \/>\n<meta property=\"og:locale\" content=\"pt_BR\" \/>\n<meta property=\"og:type\" content=\"article\" \/>\n<meta property=\"og:title\" content=\"Voc\u00ea j\u00e1 sentiu seu corpo tremer ao dormir? A explica\u00e7\u00e3o vai te surpreender - Estado de Minas - Em foco\" \/>\n<meta property=\"og:description\" content=\"Se voc\u00ea sente tremores ao dormir, saiba que esse fen\u00f4meno \u00e9 comum e tem explica\u00e7\u00f5es cient\u00edficas surpreendentes.\" \/>\n<meta property=\"og:url\" content=\"https:\/\/www.em.com.br\/emfoco\/2025\/07\/25\/voce-ja-sentiu-seu-corpo-tremer-ao-dormir-a-explicacao-vai-te-surpreender\/\" \/>\n<meta property=\"og:site_name\" content=\"Estado de Minas - Em foco\" \/>\n<meta property=\"article:published_time\" content=\"2025-07-25T15:28:00+00:00\" \/>\n<meta property=\"article:modified_time\" content=\"2025-07-23T13:09:59+00:00\" \/>\n<meta property=\"og:image\" content=\"https:\/\/www.em.com.br\/emfoco\/wp-content\/uploads\/2025\/04\/Sleep_1744034729574.jpg\" \/>\n\t<meta property=\"og:image:width\" content=\"1280\" \/>\n\t<meta property=\"og:image:height\" content=\"720\" \/>\n\t<meta property=\"og:image:type\" content=\"image\/jpeg\" \/>\n<meta name=\"author\" content=\"Gabriel Martins\" \/>\n<meta name=\"twitter:card\" content=\"summary_large_image\" \/>\n<meta name=\"twitter:label1\" content=\"Escrito por\" \/>\n\t<meta name=\"twitter:data1\" content=\"Gabriel Martins\" \/>\n\t<meta name=\"twitter:label2\" content=\"Est. tempo de leitura\" \/>\n\t<meta name=\"twitter:data2\" content=\"4 minutos\" \/>\n<!-- \/ Yoast SEO plugin. -->","yoast_head_json":{"title":"Voc\u00ea j\u00e1 sentiu seu corpo tremer ao dormir? A explica\u00e7\u00e3o vai te surpreender - Estado de Minas - Em foco","description":"Se voc\u00ea sente tremores ao dormir, saiba que esse fen\u00f4meno \u00e9 comum e tem explica\u00e7\u00f5es cient\u00edficas surpreendentes.","robots":{"index":"index","follow":"follow","max-snippet":"max-snippet:-1","max-image-preview":"max-image-preview:large","max-video-preview":"max-video-preview:-1"},"canonical":"https:\/\/www.em.com.br\/emfoco\/2025\/07\/25\/voce-ja-sentiu-seu-corpo-tremer-ao-dormir-a-explicacao-vai-te-surpreender\/","og_locale":"pt_BR","og_type":"article","og_title":"Voc\u00ea j\u00e1 sentiu seu corpo tremer ao dormir? A explica\u00e7\u00e3o vai te surpreender - Estado de Minas - Em foco","og_description":"Se voc\u00ea sente tremores ao dormir, saiba que esse fen\u00f4meno \u00e9 comum e tem explica\u00e7\u00f5es cient\u00edficas surpreendentes.","og_url":"https:\/\/www.em.com.br\/emfoco\/2025\/07\/25\/voce-ja-sentiu-seu-corpo-tremer-ao-dormir-a-explicacao-vai-te-surpreender\/","og_site_name":"Estado de Minas - Em foco","article_published_time":"2025-07-25T15:28:00+00:00","article_modified_time":"2025-07-23T13:09:59+00:00","og_image":[{"width":1280,"height":720,"url":"https:\/\/www.em.com.br\/emfoco\/wp-content\/uploads\/2025\/04\/Sleep_1744034729574.jpg","type":"image\/jpeg"}],"author":"Gabriel Martins","twitter_card":"summary_large_image","twitter_misc":{"Escrito por":"Gabriel Martins","Est. tempo de leitura":"4 minutos"},"schema":{"@context":"https:\/\/schema.org","@graph":[{"@type":"WebPage","@id":"https:\/\/www.em.com.br\/emfoco\/2025\/07\/25\/voce-ja-sentiu-seu-corpo-tremer-ao-dormir-a-explicacao-vai-te-surpreender\/","url":"https:\/\/www.em.com.br\/emfoco\/2025\/07\/25\/voce-ja-sentiu-seu-corpo-tremer-ao-dormir-a-explicacao-vai-te-surpreender\/","name":"Voc\u00ea j\u00e1 sentiu seu corpo tremer ao dormir? A explica\u00e7\u00e3o vai te surpreender - Estado de Minas - Em foco","isPartOf":{"@id":"https:\/\/www.em.com.br\/emfoco\/#website"},"primaryImageOfPage":{"@id":"https:\/\/www.em.com.br\/emfoco\/2025\/07\/25\/voce-ja-sentiu-seu-corpo-tremer-ao-dormir-a-explicacao-vai-te-surpreender\/#primaryimage"},"image":{"@id":"https:\/\/www.em.com.br\/emfoco\/2025\/07\/25\/voce-ja-sentiu-seu-corpo-tremer-ao-dormir-a-explicacao-vai-te-surpreender\/#primaryimage"},"thumbnailUrl":"https:\/\/www.em.com.br\/emfoco\/wp-content\/uploads\/2025\/04\/Sleep_1744034729574.jpg","datePublished":"2025-07-25T15:28:00+00:00","dateModified":"2025-07-23T13:09:59+00:00","author":{"@id":"https:\/\/www.em.com.br\/emfoco\/#\/schema\/person\/1c9ddeab18b98abeffef834667bcf08a"},"description":"Se voc\u00ea sente tremores ao dormir, saiba que esse fen\u00f4meno \u00e9 comum e tem explica\u00e7\u00f5es cient\u00edficas surpreendentes.","breadcrumb":{"@id":"https:\/\/www.em.com.br\/emfoco\/2025\/07\/25\/voce-ja-sentiu-seu-corpo-tremer-ao-dormir-a-explicacao-vai-te-surpreender\/#breadcrumb"},"inLanguage":"pt-BR","potentialAction":[{"@type":"ReadAction","target":["https:\/\/www.em.com.br\/emfoco\/2025\/07\/25\/voce-ja-sentiu-seu-corpo-tremer-ao-dormir-a-explicacao-vai-te-surpreender\/"]}]},{"@type":"ImageObject","inLanguage":"pt-BR","@id":"https:\/\/www.em.com.br\/emfoco\/2025\/07\/25\/voce-ja-sentiu-seu-corpo-tremer-ao-dormir-a-explicacao-vai-te-surpreender\/#primaryimage","url":"https:\/\/www.em.com.br\/emfoco\/wp-content\/uploads\/2025\/04\/Sleep_1744034729574.jpg","contentUrl":"https:\/\/www.em.com.br\/emfoco\/wp-content\/uploads\/2025\/04\/Sleep_1744034729574.jpg","width":1280,"height":720,"caption":"Qualidade do sono - Cr\u00e9ditos: depositphotos.com \/ Milkos"},{"@type":"BreadcrumbList","@id":"https:\/\/www.em.com.br\/emfoco\/2025\/07\/25\/voce-ja-sentiu-seu-corpo-tremer-ao-dormir-a-explicacao-vai-te-surpreender\/#breadcrumb","itemListElement":[{"@type":"ListItem","position":1,"name":"In\u00edcio","item":"https:\/\/www.em.com.br\/emfoco\/"},{"@type":"ListItem","position":2,"name":"Voc\u00ea j\u00e1 sentiu seu corpo tremer ao dormir? A explica\u00e7\u00e3o vai te surpreender"}]},{"@type":"WebSite","@id":"https:\/\/www.em.com.br\/emfoco\/#website","url":"https:\/\/www.em.com.br\/emfoco\/","name":"Estado de Minas - Em foco","description":"Acompanhe as \u00faltimas not\u00edcias e fique bem informado sobre tudo o que acontece em Minas Gerais, Brasil e no mundo.","potentialAction":[{"@type":"SearchAction","target":{"@type":"EntryPoint","urlTemplate":"https:\/\/www.em.com.br\/emfoco\/?s={search_term_string}"},"query-input":{"@type":"PropertyValueSpecification","valueRequired":true,"valueName":"search_term_string"}}],"inLanguage":"pt-BR"},{"@type":"Person","@id":"https:\/\/www.em.com.br\/emfoco\/#\/schema\/person\/1c9ddeab18b98abeffef834667bcf08a","name":"Gabriel Martins","image":{"@type":"ImageObject","inLanguage":"pt-BR","@id":"https:\/\/www.em.com.br\/emfoco\/#\/schema\/person\/image\/","url":"https:\/\/secure.gravatar.com\/avatar\/f0f1e2efdfd88f1ad2cb08c5c2731e50?s=96&d=mm&r=g","contentUrl":"https:\/\/secure.gravatar.com\/avatar\/f0f1e2efdfd88f1ad2cb08c5c2731e50?s=96&d=mm&r=g","caption":"Gabriel Martins"},"sameAs":["https:\/\/www.em.com.br\/emfoco\/"],"url":"https:\/\/www.em.com.br\/emfoco\/author\/gabrielmartinsmyth\/"}]}},"_links":{"self":[{"href":"https:\/\/www.em.com.br\/emfoco\/wp-json\/wp\/v2\/posts\/80214","targetHints":{"allow":["GET"]}}],"collection":[{"href":"https:\/\/www.em.com.br\/emfoco\/wp-json\/wp\/v2\/posts"}],"about":[{"href":"https:\/\/www.em.com.br\/emfoco\/wp-json\/wp\/v2\/types\/post"}],"author":[{"embeddable":true,"href":"https:\/\/www.em.com.br\/emfoco\/wp-json\/wp\/v2\/users\/13"}],"replies":[{"embeddable":true,"href":"https:\/\/www.em.com.br\/emfoco\/wp-json\/wp\/v2\/comments?post=80214"}],"version-history":[{"count":2,"href":"https:\/\/www.em.com.br\/emfoco\/wp-json\/wp\/v2\/posts\/80214\/revisions"}],"predecessor-version":[{"id":80251,"href":"https:\/\/www.em.com.br\/emfoco\/wp-json\/wp\/v2\/posts\/80214\/revisions\/80251"}],"wp:featuredmedia":[{"embeddable":true,"href":"https:\/\/www.em.com.br\/emfoco\/wp-json\/wp\/v2\/media\/35851"}],"wp:attachment":[{"href":"https:\/\/www.em.com.br\/emfoco\/wp-json\/wp\/v2\/media?parent=80214"}],"wp:term":[{"taxonomy":"category","embeddable":true,"href":"https:\/\/www.em.com.br\/emfoco\/wp-json\/wp\/v2\/categories?post=80214"},{"taxonomy":"post_tag","embeddable":true,"href":"https:\/\/www.em.com.br\/emfoco\/wp-json\/wp\/v2\/tags?post=80214"}],"curies":[{"name":"wp","href":"https:\/\/api.w.org\/{rel}","templated":true}]}}