{"id":80187,"date":"2025-07-24T08:08:00","date_gmt":"2025-07-24T11:08:00","guid":{"rendered":"https:\/\/www.em.com.br\/emfoco\/?p=80187"},"modified":"2025-07-23T11:21:29","modified_gmt":"2025-07-23T14:21:29","slug":"novo-sistema-pode-acabar-com-a-dependencia-do-brasil-em-relacao-aos-eua","status":"publish","type":"post","link":"https:\/\/www.em.com.br\/emfoco\/2025\/07\/24\/novo-sistema-pode-acabar-com-a-dependencia-do-brasil-em-relacao-aos-eua\/","title":{"rendered":"Novo sistema pode acabar com a depend\u00eancia do Brasil em rela\u00e7\u00e3o aos EUA"},"content":{"rendered":"\n<p>O governo federal anunciou a cria\u00e7\u00e3o de um grupo de estudos para desenvolver um <strong>sistema de geolocaliza\u00e7\u00e3o 100% brasileiro<\/strong>, funcionando como alternativa ao <a href=\"https:\/\/www.em.com.br\/emfoco\/2025\/07\/23\/a-nova-febre-entre-os-donos-de-pet-custa-menos-do-que-voce-imagina\/\" target=\"_blank\" rel=\"noreferrer noopener\">GPS <\/a>dos Estados Unidos. A medida visa <strong>reduzir a vulnerabilidade tecnol\u00f3gica<\/strong> do pa\u00eds frente a poss\u00edveis tens\u00f5es geopol\u00edticas.<\/p>\n\n\n\n<h2 class=\"wp-block-heading\">O que motivou a iniciativa de um sistema brasileiro de navega\u00e7\u00e3o?<\/h2>\n\n\n\n<p>O projeto ganhou for\u00e7a ap\u00f3s rumores sobre poss\u00edveis restri\u00e7\u00f5es ao uso do <a href=\"https:\/\/agenciabrasil.ebc.com.br\/economia\/noticia\/2025-07\/governo-avalia-viabilidade-do-brasil-criar-seu-proprio-sistema-de-gps\" target=\"_blank\" rel=\"noreferrer noopener\">GPS no Brasil <\/a>por parte do governo americano, liderado por Donald Trump. Embora a possibilidade de \u201cdesligamento\u201d do GPS tenha sido descartada oficialmente, o epis\u00f3dio levantou <strong>preocupa\u00e7\u00f5es sobre a soberania digital<\/strong> do Brasil.<\/p>\n\n\n\n<h2 class=\"wp-block-heading\">Quem participa do grupo respons\u00e1vel pelo GPS nacional?<\/h2>\n\n\n\n<p>Coordenado pelo <strong>Gabinete de Seguran\u00e7a Institucional (GSI)<\/strong>, o grupo re\u00fane representantes de:<\/p>\n\n\n\n<ul class=\"wp-block-list\">\n<li>Minist\u00e9rio da Ci\u00eancia e Tecnologia<\/li>\n\n\n\n<li>Minist\u00e9rio das Comunica\u00e7\u00f5es<\/li>\n\n\n\n<li>Minist\u00e9rio da Defesa<\/li>\n\n\n\n<li>Minist\u00e9rio do Desenvolvimento, Ind\u00fastria, Com\u00e9rcio e Servi\u00e7os<\/li>\n\n\n\n<li>Ag\u00eancia Nacional de Telecomunica\u00e7\u00f5es (Anatel)<\/li>\n\n\n\n<li>Ag\u00eancia Espacial Brasileira (AEB)<\/li>\n\n\n\n<li>Instituto Nacional de Pesquisas Espaciais (INPE)<\/li>\n\n\n\n<li>Comando da Aeron\u00e1utica<\/li>\n\n\n\n<li>Telebras e Laborat\u00f3rio Nacional de Astrof\u00edsica<\/li>\n<\/ul>\n\n\n\n<p>As reuni\u00f5es ocorrem no <strong>Pal\u00e1cio do Planalto<\/strong>, em Bras\u00edlia.<\/p>\n\n\n\n<figure class=\"wp-block-image size-large\"><img loading=\"lazy\" decoding=\"async\" width=\"1024\" height=\"576\" src=\"https:\/\/www.em.com.br\/emfoco\/wp-content\/uploads\/2025\/07\/GPS_1753283121573-1024x576.jpg\" alt=\"\" class=\"wp-image-80373\" srcset=\"https:\/\/www.em.com.br\/emfoco\/wp-content\/uploads\/2025\/07\/GPS_1753283121573-1024x576.jpg 1024w, https:\/\/www.em.com.br\/emfoco\/wp-content\/uploads\/2025\/07\/GPS_1753283121573-300x169.jpg 300w, https:\/\/www.em.com.br\/emfoco\/wp-content\/uploads\/2025\/07\/GPS_1753283121573-768x432.jpg 768w, https:\/\/www.em.com.br\/emfoco\/wp-content\/uploads\/2025\/07\/GPS_1753283121573-750x422.jpg 750w, https:\/\/www.em.com.br\/emfoco\/wp-content\/uploads\/2025\/07\/GPS_1753283121573-1140x641.jpg 1140w, https:\/\/www.em.com.br\/emfoco\/wp-content\/uploads\/2025\/07\/GPS_1753283121573.jpg 1280w\" sizes=\"auto, (max-width: 1024px) 100vw, 1024px\" \/><figcaption class=\"wp-element-caption\">Localiza\u00e7\u00e3o &#8211; Cr\u00e9ditos: depositphotos.com \/ AntonMatyukha<\/figcaption><\/figure>\n\n\n\n<h2 class=\"wp-block-heading\">Quais ser\u00e3o os objetivos do novo sistema de geolocaliza\u00e7\u00e3o?<\/h2>\n\n\n\n<p>O grupo tem at\u00e9 180 dias, prorrog\u00e1veis por mais 180, para apresentar um plano detalhado com:<\/p>\n\n\n\n<ul class=\"wp-block-list\">\n<li><strong>Estudos t\u00e9cnicos<\/strong> para cria\u00e7\u00e3o de um sistema pr\u00f3prio de posi\u00e7\u00e3o, navega\u00e7\u00e3o e tempo (PNT)<\/li>\n\n\n\n<li>Mapeamento das <strong>capacidades laboratoriais e industriais<\/strong> necess\u00e1rias<\/li>\n\n\n\n<li>Propostas de <strong>fomento e financiamento<\/strong> \u00e0 nova tecnologia<\/li>\n\n\n\n<li><strong>Identifica\u00e7\u00e3o de vulnerabilidades<\/strong> relacionadas \u00e0 depend\u00eancia de sistemas estrangeiros<\/li>\n<\/ul>\n\n\n\n<h2 class=\"wp-block-heading\">Quais s\u00e3o as alternativas j\u00e1 existentes ao GPS americano?<\/h2>\n\n\n\n<p>O GPS, desenvolvido pelos EUA nos anos 1970, n\u00e3o \u00e9 a \u00fanica tecnologia de navega\u00e7\u00e3o via sat\u00e9lite em opera\u00e7\u00e3o. Existem outras alternativas com <strong>cobertura global<\/strong>:<\/p>\n\n\n\n<ul class=\"wp-block-list\">\n<li><strong>Beidou (China)<\/strong>: sistema com maior n\u00famero de sat\u00e9lites ativos<\/li>\n\n\n\n<li><strong>Galileo (Uni\u00e3o Europeia)<\/strong>: foco em precis\u00e3o e aplica\u00e7\u00f5es civis<\/li>\n\n\n\n<li><strong>GLONASS (R\u00fassia)<\/strong>: sistema militar e civil com ampla cobertura<\/li>\n<\/ul>\n\n\n\n<p>A maioria dos smartphones modernos j\u00e1 consegue acessar esses sistemas em conjunto.<\/p>\n\n\n\n<h2 class=\"wp-block-heading\">GPS pode mesmo ser desligado no Brasil?<\/h2>\n\n\n\n<p>Segundo assessores do governo, <strong>n\u00e3o h\u00e1 ind\u00edcios reais<\/strong> de que os EUA desligariam o GPS no Brasil, a n\u00e3o ser em cen\u00e1rios extremos como conflitos armados. Al\u00e9m disso, essa decis\u00e3o <strong>afetaria empresas americanas<\/strong> que operam no pa\u00eds e dependem do servi\u00e7o.<\/p>\n\n\n\n<p>A cria\u00e7\u00e3o de um sistema pr\u00f3prio, portanto, visa principalmente <strong>garantir a autonomia tecnol\u00f3gica e a seguran\u00e7a nacional<\/strong>, e n\u00e3o responde diretamente a uma amea\u00e7a concreta no momento.<\/p>\n","protected":false},"excerpt":{"rendered":"<p>O governo federal anunciou a cria\u00e7\u00e3o de um grupo de estudos para desenvolver um sistema de geolocaliza\u00e7\u00e3o 100% brasileiro, funcionando como alternativa ao GPS dos Estados Unidos. A medida visa reduzir a vulnerabilidade tecnol\u00f3gica do pa\u00eds frente a poss\u00edveis tens\u00f5es geopol\u00edticas. O que motivou a iniciativa de um sistema brasileiro de navega\u00e7\u00e3o? O projeto ganhou [&hellip;]<\/p>\n","protected":false},"author":11,"featured_media":80378,"comment_status":"open","ping_status":"open","sticky":false,"template":"","format":"standard","meta":{"jnews-multi-image_gallery":[],"jnews_single_post":{"format":"standard"},"jnews_primary_category":[],"jnews_social_meta":[],"jnews_override_counter":[],"footnotes":""},"categories":[138,1],"tags":[158,465,3387,161],"class_list":["post-80187","post","type-post","status-publish","format-standard","has-post-thumbnail","hentry","category-mundo","category-noticias","tag-brasil","tag-governo","tag-gps","tag-tecnologia"],"yoast_head":"<!-- This site is optimized with the Yoast SEO plugin v23.8 - https:\/\/yoast.com\/wordpress\/plugins\/seo\/ -->\n<title>Novo sistema pode acabar com a depend\u00eancia do Brasil em rela\u00e7\u00e3o aos EUA - Estado de Minas - Em foco<\/title>\n<meta name=\"description\" content=\"Brasil d\u00e1 in\u00edcio a plano ousado para criar sistema pr\u00f3prio de navega\u00e7\u00e3o e reduzir a depend\u00eancia do GPS dos EUA.\" \/>\n<meta name=\"robots\" content=\"index, follow, max-snippet:-1, max-image-preview:large, max-video-preview:-1\" \/>\n<link rel=\"canonical\" href=\"https:\/\/www.em.com.br\/emfoco\/2025\/07\/24\/novo-sistema-pode-acabar-com-a-dependencia-do-brasil-em-relacao-aos-eua\/\" \/>\n<meta property=\"og:locale\" content=\"pt_BR\" \/>\n<meta property=\"og:type\" content=\"article\" \/>\n<meta property=\"og:title\" content=\"Novo sistema pode acabar com a depend\u00eancia do Brasil em rela\u00e7\u00e3o aos EUA - Estado de Minas - Em foco\" \/>\n<meta property=\"og:description\" content=\"Brasil d\u00e1 in\u00edcio a plano ousado para criar sistema pr\u00f3prio de navega\u00e7\u00e3o e reduzir a depend\u00eancia do GPS dos EUA.\" \/>\n<meta property=\"og:url\" content=\"https:\/\/www.em.com.br\/emfoco\/2025\/07\/24\/novo-sistema-pode-acabar-com-a-dependencia-do-brasil-em-relacao-aos-eua\/\" \/>\n<meta property=\"og:site_name\" content=\"Estado de Minas - Em foco\" \/>\n<meta property=\"article:published_time\" content=\"2025-07-24T11:08:00+00:00\" \/>\n<meta property=\"article:modified_time\" content=\"2025-07-23T14:21:29+00:00\" \/>\n<meta property=\"og:image\" content=\"https:\/\/www.em.com.br\/emfoco\/wp-content\/uploads\/2025\/07\/GPS_1753283243984.jpg\" \/>\n\t<meta property=\"og:image:width\" content=\"1280\" \/>\n\t<meta property=\"og:image:height\" content=\"720\" \/>\n\t<meta property=\"og:image:type\" content=\"image\/jpeg\" \/>\n<meta name=\"author\" content=\"Andre\u0301 Rangel\u00a0\" \/>\n<meta name=\"twitter:card\" content=\"summary_large_image\" \/>\n<meta name=\"twitter:label1\" content=\"Escrito por\" \/>\n\t<meta name=\"twitter:data1\" content=\"Andre\u0301 Rangel\u00a0\" \/>\n\t<meta name=\"twitter:label2\" content=\"Est. tempo de leitura\" \/>\n\t<meta name=\"twitter:data2\" content=\"3 minutos\" \/>\n<!-- \/ Yoast SEO plugin. -->","yoast_head_json":{"title":"Novo sistema pode acabar com a depend\u00eancia do Brasil em rela\u00e7\u00e3o aos EUA - Estado de Minas - Em foco","description":"Brasil d\u00e1 in\u00edcio a plano ousado para criar sistema pr\u00f3prio de navega\u00e7\u00e3o e reduzir a depend\u00eancia do GPS dos EUA.","robots":{"index":"index","follow":"follow","max-snippet":"max-snippet:-1","max-image-preview":"max-image-preview:large","max-video-preview":"max-video-preview:-1"},"canonical":"https:\/\/www.em.com.br\/emfoco\/2025\/07\/24\/novo-sistema-pode-acabar-com-a-dependencia-do-brasil-em-relacao-aos-eua\/","og_locale":"pt_BR","og_type":"article","og_title":"Novo sistema pode acabar com a depend\u00eancia do Brasil em rela\u00e7\u00e3o aos EUA - Estado de Minas - Em foco","og_description":"Brasil d\u00e1 in\u00edcio a plano ousado para criar sistema pr\u00f3prio de navega\u00e7\u00e3o e reduzir a depend\u00eancia do GPS dos EUA.","og_url":"https:\/\/www.em.com.br\/emfoco\/2025\/07\/24\/novo-sistema-pode-acabar-com-a-dependencia-do-brasil-em-relacao-aos-eua\/","og_site_name":"Estado de Minas - Em foco","article_published_time":"2025-07-24T11:08:00+00:00","article_modified_time":"2025-07-23T14:21:29+00:00","og_image":[{"width":1280,"height":720,"url":"https:\/\/www.em.com.br\/emfoco\/wp-content\/uploads\/2025\/07\/GPS_1753283243984.jpg","type":"image\/jpeg"}],"author":"Andre\u0301 Rangel\u00a0","twitter_card":"summary_large_image","twitter_misc":{"Escrito por":"Andre\u0301 Rangel\u00a0","Est. tempo de leitura":"3 minutos"},"schema":{"@context":"https:\/\/schema.org","@graph":[{"@type":"WebPage","@id":"https:\/\/www.em.com.br\/emfoco\/2025\/07\/24\/novo-sistema-pode-acabar-com-a-dependencia-do-brasil-em-relacao-aos-eua\/","url":"https:\/\/www.em.com.br\/emfoco\/2025\/07\/24\/novo-sistema-pode-acabar-com-a-dependencia-do-brasil-em-relacao-aos-eua\/","name":"Novo sistema pode acabar com a depend\u00eancia do Brasil em rela\u00e7\u00e3o aos EUA - Estado de Minas - Em foco","isPartOf":{"@id":"https:\/\/www.em.com.br\/emfoco\/#website"},"primaryImageOfPage":{"@id":"https:\/\/www.em.com.br\/emfoco\/2025\/07\/24\/novo-sistema-pode-acabar-com-a-dependencia-do-brasil-em-relacao-aos-eua\/#primaryimage"},"image":{"@id":"https:\/\/www.em.com.br\/emfoco\/2025\/07\/24\/novo-sistema-pode-acabar-com-a-dependencia-do-brasil-em-relacao-aos-eua\/#primaryimage"},"thumbnailUrl":"https:\/\/www.em.com.br\/emfoco\/wp-content\/uploads\/2025\/07\/GPS_1753283243984.jpg","datePublished":"2025-07-24T11:08:00+00:00","dateModified":"2025-07-23T14:21:29+00:00","author":{"@id":"https:\/\/www.em.com.br\/emfoco\/#\/schema\/person\/60eda09c1fedf0d6891f4cef4b60b8b8"},"description":"Brasil d\u00e1 in\u00edcio a plano ousado para criar sistema pr\u00f3prio de navega\u00e7\u00e3o e reduzir a depend\u00eancia do GPS dos EUA.","breadcrumb":{"@id":"https:\/\/www.em.com.br\/emfoco\/2025\/07\/24\/novo-sistema-pode-acabar-com-a-dependencia-do-brasil-em-relacao-aos-eua\/#breadcrumb"},"inLanguage":"pt-BR","potentialAction":[{"@type":"ReadAction","target":["https:\/\/www.em.com.br\/emfoco\/2025\/07\/24\/novo-sistema-pode-acabar-com-a-dependencia-do-brasil-em-relacao-aos-eua\/"]}]},{"@type":"ImageObject","inLanguage":"pt-BR","@id":"https:\/\/www.em.com.br\/emfoco\/2025\/07\/24\/novo-sistema-pode-acabar-com-a-dependencia-do-brasil-em-relacao-aos-eua\/#primaryimage","url":"https:\/\/www.em.com.br\/emfoco\/wp-content\/uploads\/2025\/07\/GPS_1753283243984.jpg","contentUrl":"https:\/\/www.em.com.br\/emfoco\/wp-content\/uploads\/2025\/07\/GPS_1753283243984.jpg","width":1280,"height":720,"caption":"GPS - Cr\u00e9ditos: depositphotos.com \/ HayDmitriy"},{"@type":"BreadcrumbList","@id":"https:\/\/www.em.com.br\/emfoco\/2025\/07\/24\/novo-sistema-pode-acabar-com-a-dependencia-do-brasil-em-relacao-aos-eua\/#breadcrumb","itemListElement":[{"@type":"ListItem","position":1,"name":"In\u00edcio","item":"https:\/\/www.em.com.br\/emfoco\/"},{"@type":"ListItem","position":2,"name":"Novo sistema pode acabar com a depend\u00eancia do Brasil em rela\u00e7\u00e3o aos EUA"}]},{"@type":"WebSite","@id":"https:\/\/www.em.com.br\/emfoco\/#website","url":"https:\/\/www.em.com.br\/emfoco\/","name":"Estado de Minas - Em foco","description":"Acompanhe as \u00faltimas not\u00edcias e fique bem informado sobre tudo o que acontece em Minas Gerais, Brasil e no mundo.","potentialAction":[{"@type":"SearchAction","target":{"@type":"EntryPoint","urlTemplate":"https:\/\/www.em.com.br\/emfoco\/?s={search_term_string}"},"query-input":{"@type":"PropertyValueSpecification","valueRequired":true,"valueName":"search_term_string"}}],"inLanguage":"pt-BR"},{"@type":"Person","@id":"https:\/\/www.em.com.br\/emfoco\/#\/schema\/person\/60eda09c1fedf0d6891f4cef4b60b8b8","name":"Andre\u0301 Rangel\u00a0","image":{"@type":"ImageObject","inLanguage":"pt-BR","@id":"https:\/\/www.em.com.br\/emfoco\/#\/schema\/person\/image\/","url":"https:\/\/secure.gravatar.com\/avatar\/6234dc814c77c8ef6d8bba622c787efc?s=96&d=mm&r=g","contentUrl":"https:\/\/secure.gravatar.com\/avatar\/6234dc814c77c8ef6d8bba622c787efc?s=96&d=mm&r=g","caption":"Andre\u0301 Rangel\u00a0"},"url":"https:\/\/www.em.com.br\/emfoco\/author\/luizmyth\/"}]}},"_links":{"self":[{"href":"https:\/\/www.em.com.br\/emfoco\/wp-json\/wp\/v2\/posts\/80187","targetHints":{"allow":["GET"]}}],"collection":[{"href":"https:\/\/www.em.com.br\/emfoco\/wp-json\/wp\/v2\/posts"}],"about":[{"href":"https:\/\/www.em.com.br\/emfoco\/wp-json\/wp\/v2\/types\/post"}],"author":[{"embeddable":true,"href":"https:\/\/www.em.com.br\/emfoco\/wp-json\/wp\/v2\/users\/11"}],"replies":[{"embeddable":true,"href":"https:\/\/www.em.com.br\/emfoco\/wp-json\/wp\/v2\/comments?post=80187"}],"version-history":[{"count":4,"href":"https:\/\/www.em.com.br\/emfoco\/wp-json\/wp\/v2\/posts\/80187\/revisions"}],"predecessor-version":[{"id":80396,"href":"https:\/\/www.em.com.br\/emfoco\/wp-json\/wp\/v2\/posts\/80187\/revisions\/80396"}],"wp:featuredmedia":[{"embeddable":true,"href":"https:\/\/www.em.com.br\/emfoco\/wp-json\/wp\/v2\/media\/80378"}],"wp:attachment":[{"href":"https:\/\/www.em.com.br\/emfoco\/wp-json\/wp\/v2\/media?parent=80187"}],"wp:term":[{"taxonomy":"category","embeddable":true,"href":"https:\/\/www.em.com.br\/emfoco\/wp-json\/wp\/v2\/categories?post=80187"},{"taxonomy":"post_tag","embeddable":true,"href":"https:\/\/www.em.com.br\/emfoco\/wp-json\/wp\/v2\/tags?post=80187"}],"curies":[{"name":"wp","href":"https:\/\/api.w.org\/{rel}","templated":true}]}}