{"id":80155,"date":"2025-07-23T10:19:00","date_gmt":"2025-07-23T13:19:00","guid":{"rendered":"https:\/\/www.em.com.br\/emfoco\/?p=80155"},"modified":"2025-07-23T09:53:14","modified_gmt":"2025-07-23T12:53:14","slug":"alimentos-que-ajudam-a-manter-o-figado-saudavel","status":"publish","type":"post","link":"https:\/\/www.em.com.br\/emfoco\/2025\/07\/23\/alimentos-que-ajudam-a-manter-o-figado-saudavel\/","title":{"rendered":"7 alimentos que fortalecem o f\u00edgado e combatem inflama\u00e7\u00f5es"},"content":{"rendered":"\n<p>Manter o f\u00edgado saud\u00e1vel \u00e9 essencial para uma vida equilibrada, pois esse \u00f3rg\u00e3o desempenha fun\u00e7\u00f5es vitais, incluindo a elimina\u00e7\u00e3o de subst\u00e2ncias t\u00f3xicas do organismo atrav\u00e9s da produ\u00e7\u00e3o de bile. De acordo com especialistas, um f\u00edgado mal cuidado pode ser a porta de entrada para diversos problemas de sa\u00fade. Evitar o consumo excessivo de \u00e1lcool, alimentos ricos em gorduras e a\u00e7\u00facares simples \u00e9 crucial para uma boa sa\u00fade hep\u00e1tica.<\/p>\n\n\n\n<p>Alguns alimentos podem desempenhar um papel fundamental na manuten\u00e7\u00e3o da sa\u00fade do <strong>f\u00edgado<\/strong>. Blueberries, por exemplo, s\u00e3o ricos em antioxidantes que protegem o f\u00edgado contra os radicais livres e possuem propriedades anti-inflamat\u00f3rias. Al\u00e9m disso, pesquisas indicam que essas frutas podem inibir o crescimento de c\u00e9lulas cancer\u00edgenas no f\u00edgado.<\/p>\n\n\n\n<h2 class=\"wp-block-heading\">Como os vegetais verdes ajudam na sa\u00fade do f\u00edgado?<\/h2>\n\n\n\n<p>Vegetais verdes, como couve, repolho e r\u00facula, s\u00e3o conhecidos por suas propriedades antioxidantes. Esses alimentos s\u00e3o fontes ricas de clorofila, um composto natural que contribui para a desintoxica\u00e7\u00e3o do f\u00edgado e otimiza seu funcionamento. Os vegetais cruc\u00edferos, entre eles br\u00f3colis e couve-flor, tamb\u00e9m s\u00e3o ben\u00e9ficos, protegendo c\u00e9lulas hep\u00e1ticas e possivelmente reduzindo o risco de doen\u00e7as hep\u00e1ticas gordurosas.<\/p>\n\n\n\n<figure class=\"wp-block-image size-large\"><img loading=\"lazy\" decoding=\"async\" width=\"1024\" height=\"576\" src=\"https:\/\/www.em.com.br\/emfoco\/wp-content\/uploads\/2025\/07\/vegetais-verdes_1753274966839-1024x576.jpg\" alt=\"\" class=\"wp-image-80208\" srcset=\"https:\/\/www.em.com.br\/emfoco\/wp-content\/uploads\/2025\/07\/vegetais-verdes_1753274966839-1024x576.jpg 1024w, https:\/\/www.em.com.br\/emfoco\/wp-content\/uploads\/2025\/07\/vegetais-verdes_1753274966839-300x169.jpg 300w, https:\/\/www.em.com.br\/emfoco\/wp-content\/uploads\/2025\/07\/vegetais-verdes_1753274966839-768x432.jpg 768w, https:\/\/www.em.com.br\/emfoco\/wp-content\/uploads\/2025\/07\/vegetais-verdes_1753274966839-750x422.jpg 750w, https:\/\/www.em.com.br\/emfoco\/wp-content\/uploads\/2025\/07\/vegetais-verdes_1753274966839-1140x641.jpg 1140w, https:\/\/www.em.com.br\/emfoco\/wp-content\/uploads\/2025\/07\/vegetais-verdes_1753274966839.jpg 1280w\" sizes=\"auto, (max-width: 1024px) 100vw, 1024px\" \/><figcaption class=\"wp-element-caption\">Vegetais verdes (Cr\u00e9ditos: depositphotos.com \/ VadimVasenin)<\/figcaption><\/figure>\n\n\n\n<h2 class=\"wp-block-heading\">Quais s\u00e3o os benef\u00edcios dos tomates para o f\u00edgado?<\/h2>\n\n\n\n<p>Os tomates s\u00e3o alimentos ricos em antioxidantes, ajudando a proteger o f\u00edgado das a\u00e7\u00f5es dos radicais livres e a eliminar impurezas corporais. Estudos sugerem que o consumo de tomates pode diminuir o risco de doen\u00e7as hep\u00e1ticas gordurosas, que, sem o devido tratamento, podem evoluir para cirrose ou mesmo c\u00e2ncer de f\u00edgado.<\/p>\n\n\n\n<h2 class=\"wp-block-heading\">Por que o consumo de peixes gordurosos \u00e9 recomendado para o f\u00edgado?<\/h2>\n\n\n\n<p>Ricos em \u00e1cidos graxos \u00f4mega-3, peixes como salm\u00e3o, cavala e sardinha s\u00e3o conhecidos por suas propriedades anti-inflamat\u00f3rias. Esses \u00e1cidos graxos podem reduzir a inflama\u00e7\u00e3o e a gordura ao redor do f\u00edgado, promovendo a sa\u00fade hep\u00e1tica. Al\u00e9m de seus benef\u00edcios para o f\u00edgado, o consumo regular desses peixes contribui para a sa\u00fade cerebral e intestinal.<\/p>\n\n\n\n<h2 class=\"wp-block-heading\">Como o caf\u00e9 pode ser favor\u00e1vel \u00e0 sa\u00fade do f\u00edgado?<\/h2>\n\n\n\n<p>O h\u00e1bito de consumir caf\u00e9 diariamente tem sido associado \u00e0 preven\u00e7\u00e3o de v\u00e1rias doen\u00e7as hep\u00e1ticas. Pesquisas apontam que o consumo de caf\u00e9 pode reduzir o risco de doen\u00e7as hep\u00e1ticas gordurosas e proteger o f\u00edgado de danos permanentes, especialmente em pessoas com doen\u00e7as hep\u00e1ticas cr\u00f4nicas.<\/p>\n\n\n\n<p>Manter uma dieta rica em alimentos antioxidantes e anti-inflamat\u00f3rios ajuda a proteger e promover a sa\u00fade do f\u00edgado, essencial para o bem-estar geral. Uma alimenta\u00e7\u00e3o equilibrada, aliada a um estilo de vida saud\u00e1vel, \u00e9 a chave para prevenir problemas hep\u00e1ticos e garantir o funcionamento \u00f3timo desse \u00f3rg\u00e3o vital.<\/p>\n","protected":false},"excerpt":{"rendered":"<p>Manter o f\u00edgado saud\u00e1vel \u00e9 essencial para uma vida equilibrada, pois esse \u00f3rg\u00e3o desempenha fun\u00e7\u00f5es vitais, incluindo a elimina\u00e7\u00e3o de subst\u00e2ncias t\u00f3xicas do organismo atrav\u00e9s da produ\u00e7\u00e3o de bile. De acordo com especialistas, um f\u00edgado mal cuidado pode ser a porta de entrada para diversos problemas de sa\u00fade. Evitar o consumo excessivo de \u00e1lcool, alimentos [&hellip;]<\/p>\n","protected":false},"author":19,"featured_media":80201,"comment_status":"open","ping_status":"open","sticky":false,"template":"","format":"standard","meta":{"jnews-multi-image_gallery":[],"jnews_single_post":{"format":"standard"},"jnews_primary_category":[],"jnews_social_meta":[],"jnews_override_counter":[],"footnotes":""},"categories":[9053],"tags":[5468,5103,9257,6315,415],"class_list":["post-80155","post","type-post","status-publish","format-standard","has-post-thumbnail","hentry","category-saude","tag-alimentos-saudaveis","tag-antioxidantes","tag-figado","tag-inflamacao","tag-saude"],"yoast_head":"<!-- This site is optimized with the Yoast SEO plugin v23.8 - https:\/\/yoast.com\/wordpress\/plugins\/seo\/ -->\n<title>7 alimentos que fortalecem o f\u00edgado e combatem inflama\u00e7\u00f5es - Estado de Minas - Em foco<\/title>\n<meta name=\"description\" content=\"Descubra alimentos que auxiliam na sa\u00fade do f\u00edgado. Frutas, vegetais e peixes recomendados para uma dieta saud\u00e1vel e seus benef\u00edcios.\" \/>\n<meta name=\"robots\" content=\"index, follow, max-snippet:-1, max-image-preview:large, max-video-preview:-1\" \/>\n<link rel=\"canonical\" href=\"https:\/\/www.em.com.br\/emfoco\/2025\/07\/23\/alimentos-que-ajudam-a-manter-o-figado-saudavel\/\" \/>\n<meta property=\"og:locale\" content=\"pt_BR\" \/>\n<meta property=\"og:type\" content=\"article\" \/>\n<meta property=\"og:title\" content=\"7 alimentos que fortalecem o f\u00edgado e combatem inflama\u00e7\u00f5es - Estado de Minas - Em foco\" \/>\n<meta property=\"og:description\" content=\"Descubra alimentos que auxiliam na sa\u00fade do f\u00edgado. Frutas, vegetais e peixes recomendados para uma dieta saud\u00e1vel e seus benef\u00edcios.\" \/>\n<meta property=\"og:url\" content=\"https:\/\/www.em.com.br\/emfoco\/2025\/07\/23\/alimentos-que-ajudam-a-manter-o-figado-saudavel\/\" \/>\n<meta property=\"og:site_name\" content=\"Estado de Minas - Em foco\" \/>\n<meta property=\"article:published_time\" content=\"2025-07-23T13:19:00+00:00\" \/>\n<meta property=\"article:modified_time\" content=\"2025-07-23T12:53:14+00:00\" \/>\n<meta property=\"og:image\" content=\"https:\/\/www.em.com.br\/emfoco\/wp-content\/uploads\/2025\/07\/figado_1753274826088.jpg\" \/>\n\t<meta property=\"og:image:width\" content=\"1280\" \/>\n\t<meta property=\"og:image:height\" content=\"720\" \/>\n\t<meta property=\"og:image:type\" content=\"image\/jpeg\" \/>\n<meta name=\"author\" content=\"Vanessa Tavares\" \/>\n<meta name=\"twitter:card\" content=\"summary_large_image\" \/>\n<meta name=\"twitter:label1\" content=\"Escrito por\" \/>\n\t<meta name=\"twitter:data1\" content=\"Vanessa Tavares\" \/>\n\t<meta name=\"twitter:label2\" content=\"Est. tempo de leitura\" \/>\n\t<meta name=\"twitter:data2\" content=\"3 minutos\" \/>\n<!-- \/ Yoast SEO plugin. -->","yoast_head_json":{"title":"7 alimentos que fortalecem o f\u00edgado e combatem inflama\u00e7\u00f5es - Estado de Minas - Em foco","description":"Descubra alimentos que auxiliam na sa\u00fade do f\u00edgado. Frutas, vegetais e peixes recomendados para uma dieta saud\u00e1vel e seus benef\u00edcios.","robots":{"index":"index","follow":"follow","max-snippet":"max-snippet:-1","max-image-preview":"max-image-preview:large","max-video-preview":"max-video-preview:-1"},"canonical":"https:\/\/www.em.com.br\/emfoco\/2025\/07\/23\/alimentos-que-ajudam-a-manter-o-figado-saudavel\/","og_locale":"pt_BR","og_type":"article","og_title":"7 alimentos que fortalecem o f\u00edgado e combatem inflama\u00e7\u00f5es - Estado de Minas - Em foco","og_description":"Descubra alimentos que auxiliam na sa\u00fade do f\u00edgado. Frutas, vegetais e peixes recomendados para uma dieta saud\u00e1vel e seus benef\u00edcios.","og_url":"https:\/\/www.em.com.br\/emfoco\/2025\/07\/23\/alimentos-que-ajudam-a-manter-o-figado-saudavel\/","og_site_name":"Estado de Minas - Em foco","article_published_time":"2025-07-23T13:19:00+00:00","article_modified_time":"2025-07-23T12:53:14+00:00","og_image":[{"width":1280,"height":720,"url":"https:\/\/www.em.com.br\/emfoco\/wp-content\/uploads\/2025\/07\/figado_1753274826088.jpg","type":"image\/jpeg"}],"author":"Vanessa Tavares","twitter_card":"summary_large_image","twitter_misc":{"Escrito por":"Vanessa Tavares","Est. tempo de leitura":"3 minutos"},"schema":{"@context":"https:\/\/schema.org","@graph":[{"@type":"WebPage","@id":"https:\/\/www.em.com.br\/emfoco\/2025\/07\/23\/alimentos-que-ajudam-a-manter-o-figado-saudavel\/","url":"https:\/\/www.em.com.br\/emfoco\/2025\/07\/23\/alimentos-que-ajudam-a-manter-o-figado-saudavel\/","name":"7 alimentos que fortalecem o f\u00edgado e combatem inflama\u00e7\u00f5es - Estado de Minas - Em foco","isPartOf":{"@id":"https:\/\/www.em.com.br\/emfoco\/#website"},"primaryImageOfPage":{"@id":"https:\/\/www.em.com.br\/emfoco\/2025\/07\/23\/alimentos-que-ajudam-a-manter-o-figado-saudavel\/#primaryimage"},"image":{"@id":"https:\/\/www.em.com.br\/emfoco\/2025\/07\/23\/alimentos-que-ajudam-a-manter-o-figado-saudavel\/#primaryimage"},"thumbnailUrl":"https:\/\/www.em.com.br\/emfoco\/wp-content\/uploads\/2025\/07\/figado_1753274826088.jpg","datePublished":"2025-07-23T13:19:00+00:00","dateModified":"2025-07-23T12:53:14+00:00","author":{"@id":"https:\/\/www.em.com.br\/emfoco\/#\/schema\/person\/4a7a157aac450b98edc86f15a7434f0b"},"description":"Descubra alimentos que auxiliam na sa\u00fade do f\u00edgado. Frutas, vegetais e peixes recomendados para uma dieta saud\u00e1vel e seus benef\u00edcios.","breadcrumb":{"@id":"https:\/\/www.em.com.br\/emfoco\/2025\/07\/23\/alimentos-que-ajudam-a-manter-o-figado-saudavel\/#breadcrumb"},"inLanguage":"pt-BR","potentialAction":[{"@type":"ReadAction","target":["https:\/\/www.em.com.br\/emfoco\/2025\/07\/23\/alimentos-que-ajudam-a-manter-o-figado-saudavel\/"]}]},{"@type":"ImageObject","inLanguage":"pt-BR","@id":"https:\/\/www.em.com.br\/emfoco\/2025\/07\/23\/alimentos-que-ajudam-a-manter-o-figado-saudavel\/#primaryimage","url":"https:\/\/www.em.com.br\/emfoco\/wp-content\/uploads\/2025\/07\/figado_1753274826088.jpg","contentUrl":"https:\/\/www.em.com.br\/emfoco\/wp-content\/uploads\/2025\/07\/figado_1753274826088.jpg","width":1280,"height":720,"caption":"F\u00edgado saud\u00e1vel (Cr\u00e9ditos: depositphotos.com \/ CLIPAREA)"},{"@type":"BreadcrumbList","@id":"https:\/\/www.em.com.br\/emfoco\/2025\/07\/23\/alimentos-que-ajudam-a-manter-o-figado-saudavel\/#breadcrumb","itemListElement":[{"@type":"ListItem","position":1,"name":"In\u00edcio","item":"https:\/\/www.em.com.br\/emfoco\/"},{"@type":"ListItem","position":2,"name":"7 alimentos que fortalecem o f\u00edgado e combatem inflama\u00e7\u00f5es"}]},{"@type":"WebSite","@id":"https:\/\/www.em.com.br\/emfoco\/#website","url":"https:\/\/www.em.com.br\/emfoco\/","name":"Estado de Minas - Em foco","description":"Acompanhe as \u00faltimas not\u00edcias e fique bem informado sobre tudo o que acontece em Minas Gerais, Brasil e no mundo.","potentialAction":[{"@type":"SearchAction","target":{"@type":"EntryPoint","urlTemplate":"https:\/\/www.em.com.br\/emfoco\/?s={search_term_string}"},"query-input":{"@type":"PropertyValueSpecification","valueRequired":true,"valueName":"search_term_string"}}],"inLanguage":"pt-BR"},{"@type":"Person","@id":"https:\/\/www.em.com.br\/emfoco\/#\/schema\/person\/4a7a157aac450b98edc86f15a7434f0b","name":"Vanessa Tavares","image":{"@type":"ImageObject","inLanguage":"pt-BR","@id":"https:\/\/www.em.com.br\/emfoco\/#\/schema\/person\/image\/","url":"https:\/\/secure.gravatar.com\/avatar\/088c9372da58da00f00f8e508f13d635?s=96&d=mm&r=g","contentUrl":"https:\/\/secure.gravatar.com\/avatar\/088c9372da58da00f00f8e508f13d635?s=96&d=mm&r=g","caption":"Vanessa Tavares"},"sameAs":["https:\/\/www.em.com.br\/emfoco"],"url":"https:\/\/www.em.com.br\/emfoco\/author\/vanessamyth\/"}]}},"_links":{"self":[{"href":"https:\/\/www.em.com.br\/emfoco\/wp-json\/wp\/v2\/posts\/80155","targetHints":{"allow":["GET"]}}],"collection":[{"href":"https:\/\/www.em.com.br\/emfoco\/wp-json\/wp\/v2\/posts"}],"about":[{"href":"https:\/\/www.em.com.br\/emfoco\/wp-json\/wp\/v2\/types\/post"}],"author":[{"embeddable":true,"href":"https:\/\/www.em.com.br\/emfoco\/wp-json\/wp\/v2\/users\/19"}],"replies":[{"embeddable":true,"href":"https:\/\/www.em.com.br\/emfoco\/wp-json\/wp\/v2\/comments?post=80155"}],"version-history":[{"count":3,"href":"https:\/\/www.em.com.br\/emfoco\/wp-json\/wp\/v2\/posts\/80155\/revisions"}],"predecessor-version":[{"id":80221,"href":"https:\/\/www.em.com.br\/emfoco\/wp-json\/wp\/v2\/posts\/80155\/revisions\/80221"}],"wp:featuredmedia":[{"embeddable":true,"href":"https:\/\/www.em.com.br\/emfoco\/wp-json\/wp\/v2\/media\/80201"}],"wp:attachment":[{"href":"https:\/\/www.em.com.br\/emfoco\/wp-json\/wp\/v2\/media?parent=80155"}],"wp:term":[{"taxonomy":"category","embeddable":true,"href":"https:\/\/www.em.com.br\/emfoco\/wp-json\/wp\/v2\/categories?post=80155"},{"taxonomy":"post_tag","embeddable":true,"href":"https:\/\/www.em.com.br\/emfoco\/wp-json\/wp\/v2\/tags?post=80155"}],"curies":[{"name":"wp","href":"https:\/\/api.w.org\/{rel}","templated":true}]}}