{"id":80097,"date":"2025-07-23T06:50:00","date_gmt":"2025-07-23T09:50:00","guid":{"rendered":"https:\/\/www.em.com.br\/emfoco\/?p=80097"},"modified":"2025-07-23T00:10:02","modified_gmt":"2025-07-23T03:10:02","slug":"regra-dos-3-para-quem-nao-sabe-o-que-pegar-no-mercado-para-dieta-saudavel","status":"publish","type":"post","link":"https:\/\/www.em.com.br\/emfoco\/2025\/07\/23\/regra-dos-3-para-quem-nao-sabe-o-que-pegar-no-mercado-para-dieta-saudavel\/","title":{"rendered":"Regra dos 3: Para quem n\u00e3o sabe o que pegar no mercado para dieta saud\u00e1vel"},"content":{"rendered":"\n<p><strong>N\u00e3o sabe o que comprar no mercado para ter uma dieta saud\u00e1vel?<\/strong> Organizar a lista de compras pode parecer desafiador, mas com uma estrat\u00e9gia simples \u00e9 poss\u00edvel garantir todos os nutrientes essenciais. A regra dos 3 grupos \u2014 carboidratos, prote\u00ednas e gorduras \u2014 associada a frutas, legumes e folhas verdes, ajuda a montar refei\u00e7\u00f5es equilibradas sem complica\u00e7\u00e3o.<\/p>\n\n\n\n<p>Esse m\u00e9todo facilita escolhas r\u00e1pidas e nutritivas, especialmente para quem quer se alimentar bem mesmo com uma rotina corrida. A seguir, voc\u00ea vai encontrar exemplos pr\u00e1ticos de alimentos que n\u00e3o podem faltar no carrinho de compras.<\/p>\n\n\n\n<h2 class=\"wp-block-heading\">O que s\u00e3o carboidratos e por que eles s\u00e3o essenciais?<\/h2>\n\n\n\n<p>Os carboidratos s\u00e3o a principal fonte de energia do corpo. Quando consumidos de forma equilibrada, ajudam na disposi\u00e7\u00e3o f\u00edsica e mental, sendo fundamentais para atividades do dia a dia. Entre os alimentos citados est\u00e3o arroz, feij\u00e3o, batata (inglesa e doce), p\u00e3o, macarr\u00e3o, mandioca e milho. Eles fornecem glicose de forma gradativa, especialmente quando combinados com fibras e prote\u00ednas.<\/p>\n\n\n\n<p>Uma dica importante \u00e9 priorizar vers\u00f5es integrais, como arroz integral, p\u00e3es e massas ricas em fibras, que ajudam na digest\u00e3o e aumentam a sensa\u00e7\u00e3o de saciedade. Esse cuidado evita picos de glicose e reduz a vontade de comer em excesso.<\/p>\n\n\n\n<h2 class=\"wp-block-heading\">Quais s\u00e3o as melhores fontes de prote\u00edna para incluir na dieta?<\/h2>\n\n\n\n<p>As prote\u00ednas s\u00e3o respons\u00e1veis pela constru\u00e7\u00e3o e manuten\u00e7\u00e3o dos m\u00fasculos, al\u00e9m de participarem de diversos processos metab\u00f3licos. No conte\u00fado original, aparecem op\u00e7\u00f5es como frango, ovos, peixes, carnes vermelhas (preferindo cortes magros), leite e iogurte.<\/p>\n\n\n\n<p>Essas fontes devem ser distribu\u00eddas ao longo do dia para favorecer o equil\u00edbrio nutricional. Por exemplo, ovos mexidos no caf\u00e9 da manh\u00e3, frango grelhado no almo\u00e7o e peixe no jantar garantem uma ingest\u00e3o adequada de amino\u00e1cidos essenciais. Al\u00e9m disso, os latic\u00ednios, como iogurte natural, oferecem c\u00e1lcio e prote\u00ednas que auxiliam na sa\u00fade \u00f3ssea.<\/p>\n\n\n\n<h2 class=\"wp-block-heading\">Por que frutas n\u00e3o podem faltar no seu carrinho?<\/h2>\n\n\n\n<p>As frutas fornecem vitaminas, minerais, fibras e antioxidantes. S\u00e3o importantes para o funcionamento do sistema imunol\u00f3gico, sa\u00fade da pele e preven\u00e7\u00e3o de doen\u00e7as. Na lista citada, est\u00e3o frutas como uva, morango, ma\u00e7\u00e3, mam\u00e3o, banana, abacaxi e melancia.<\/p>\n\n\n\n<p>Al\u00e9m do consumo in natura, as frutas podem ser usadas em lanches r\u00e1pidos, saladas ou smoothies. Uma estrat\u00e9gia interessante \u00e9 variar as cores, pois cada tonalidade indica nutrientes diferentes. Por exemplo, frutas vermelhas s\u00e3o ricas em antioxidantes, enquanto frutas amarelas e laranjas possuem betacaroteno.<\/p>\n\n\n\n<h2 class=\"wp-block-heading\">Qual o papel dos legumes e verduras em uma dieta equilibrada?<\/h2>\n\n\n\n<p>Os legumes complementam a alimenta\u00e7\u00e3o com fibras, vitaminas e minerais. Exemplos como br\u00f3colis, couve-flor, abobrinha, cenoura e beterraba oferecem uma variedade de nutrientes que fortalecem o sistema imunol\u00f3gico, melhoram o funcionamento do intestino e ajudam na saciedade.<\/p>\n\n\n\n<p>J\u00e1 as folhas verdes, como alface, couve, r\u00facula e agri\u00e3o, s\u00e3o fontes de ferro, c\u00e1lcio, magn\u00e9sio e fibras. Elas s\u00e3o vers\u00e1teis e podem ser inclu\u00eddas em saladas, refogados ou sucos verdes. Uma dica \u00e9 combinar folhas escuras com frutas c\u00edtricas, como laranja ou lim\u00e3o, para melhorar a absor\u00e7\u00e3o do ferro presente nesses vegetais.<\/p>\n\n\n\n<h2 class=\"wp-block-heading\">Quais s\u00e3o as gorduras boas e por que elas s\u00e3o importantes?<\/h2>\n\n\n\n<p>Nem toda gordura \u00e9 prejudicial. As gorduras boas, tamb\u00e9m chamadas de insaturadas, s\u00e3o fundamentais para o c\u00e9rebro, a sa\u00fade do cora\u00e7\u00e3o e a produ\u00e7\u00e3o de horm\u00f4nios. Na lista sugerida, est\u00e3o azeite, \u00f3leo de coco, pasta de amendoim e mussarela.<\/p>\n\n\n\n<p>O azeite de oliva extra virgem, por exemplo, \u00e9 rico em \u00e1cidos graxos monoinsaturados, que ajudam a reduzir o colesterol ruim (LDL) e proteger o sistema cardiovascular. J\u00e1 a pasta de amendoim \u00e9 uma \u00f3tima fonte de energia e prote\u00ednas, especialmente quando consumida em pequenas por\u00e7\u00f5es.<\/p>\n\n\n\n<h2 class=\"wp-block-heading\">Como montar uma lista de compras saud\u00e1vel usando a regra dos 3 grupos?<\/h2>\n\n\n\n<p>Uma boa estrat\u00e9gia \u00e9 planejar compras semanais, garantindo variedade e equil\u00edbrio. Seguindo os grupos apresentados, sua lista pode ser estruturada assim:<\/p>\n\n\n\n<ul class=\"wp-block-list\">\n<li><strong>Carboidratos:<\/strong> arroz integral, batata-doce, mandioca, p\u00e3o integral, macarr\u00e3o de gr\u00e3os integrais.<\/li>\n\n\n\n<li><strong>Prote\u00ednas:<\/strong> frango, ovos, peixe fresco, carne magra, iogurte natural sem a\u00e7\u00facar.<\/li>\n\n\n\n<li><strong>Frutas:<\/strong> ma\u00e7\u00e3, banana, uva, melancia, morango.<\/li>\n\n\n\n<li><strong>Legumes:<\/strong> br\u00f3colis, abobrinha, cenoura, beterraba.<\/li>\n\n\n\n<li><strong>Folhas verdes:<\/strong> alface, couve, r\u00facula.<\/li>\n\n\n\n<li><strong>Gorduras boas:<\/strong> azeite de oliva, pasta de amendoim 100% natural, sementes de chia ou linha\u00e7a.<\/li>\n<\/ul>\n\n\n\n<p>Organizar sua lista dessa forma facilita n\u00e3o apenas as compras, mas tamb\u00e9m a montagem de refei\u00e7\u00f5es nutritivas ao longo da semana.<\/p>\n\n\n\n<h2 class=\"wp-block-heading\">Quais s\u00e3o as vantagens de seguir essa regra?<\/h2>\n\n\n\n<p>A maior vantagem \u00e9 a praticidade. Com poucos alimentos de cada grupo, voc\u00ea consegue montar pratos variados, coloridos e completos. Essa t\u00e9cnica tamb\u00e9m evita compras por impulso, reduz desperd\u00edcios e garante uma dieta rica em macro e micronutrientes.<\/p>\n\n\n<div class=\"wp-block-image\">\n<figure class=\"aligncenter size-large\"><img loading=\"lazy\" decoding=\"async\" width=\"1024\" height=\"576\" src=\"https:\/\/www.em.com.br\/emfoco\/wp-content\/uploads\/2025\/07\/produtos-embalados_1752817017883-1024x576.jpg\" alt=\"\" class=\"wp-image-77885\" srcset=\"https:\/\/www.em.com.br\/emfoco\/wp-content\/uploads\/2025\/07\/produtos-embalados_1752817017883-1024x576.jpg 1024w, https:\/\/www.em.com.br\/emfoco\/wp-content\/uploads\/2025\/07\/produtos-embalados_1752817017883-300x169.jpg 300w, https:\/\/www.em.com.br\/emfoco\/wp-content\/uploads\/2025\/07\/produtos-embalados_1752817017883-768x432.jpg 768w, https:\/\/www.em.com.br\/emfoco\/wp-content\/uploads\/2025\/07\/produtos-embalados_1752817017883-750x422.jpg 750w, https:\/\/www.em.com.br\/emfoco\/wp-content\/uploads\/2025\/07\/produtos-embalados_1752817017883-1140x641.jpg 1140w, https:\/\/www.em.com.br\/emfoco\/wp-content\/uploads\/2025\/07\/produtos-embalados_1752817017883.jpg 1280w\" sizes=\"auto, (max-width: 1024px) 100vw, 1024px\" \/><figcaption class=\"wp-element-caption\">Mulher fazendo compras em supermercado &#8211; Cr\u00e9ditos: depositphotos.com \/ xxxPATRIK<\/figcaption><\/figure><\/div>\n\n\n<p>Outro ponto positivo \u00e9 que ela pode ser adaptada a diferentes objetivos: perda de peso, ganho de massa muscular ou apenas manuten\u00e7\u00e3o de uma vida saud\u00e1vel. Basta ajustar as quantidades e escolher m\u00e9todos de preparo mais leves, como cozidos, grelhados ou assados.<\/p>\n\n\n\n<h2 class=\"wp-block-heading\">Conclus\u00e3o: simplicidade que funciona<\/h2>\n\n\n\n<p>A dica apresentada mostra que montar uma dieta equilibrada n\u00e3o precisa ser complicado. Com carboidratos de qualidade, prote\u00ednas magras, frutas, legumes, folhas verdes e gorduras boas, \u00e9 poss\u00edvel criar refei\u00e7\u00f5es completas e saborosas todos os dias. A chave est\u00e1 em escolher alimentos variados, naturais e pouco processados.<\/p>\n\n\n\n<p>E voc\u00ea, j\u00e1 pensou em criar sua lista de compras com base nesses grupos? Essa \u00e9 uma maneira pr\u00e1tica de manter uma alimenta\u00e7\u00e3o saud\u00e1vel sem cair em dietas restritivas ou modismos passageiros.<\/p>\n\n\n\n<h3 class=\"wp-block-heading\">Fontes confi\u00e1veis<\/h3>\n\n\n\n<ul class=\"wp-block-list\">\n<li><a href=\"https:\/\/www.gov.br\/saude\/pt-br\/assuntos\/saude-brasil\/publicacoes-para-promocao-a-saude\/guia_alimentar_populacao_brasileira_2ed.pdf\/view\" target=\"_blank\" rel=\"noreferrer noopener\">Minist\u00e9rio da Sa\u00fade \u2013 Guia Alimentar para a Popula\u00e7\u00e3o Brasileira<\/a><\/li>\n\n\n\n<li><a href=\"https:\/\/www.who.int\/news-room\/fact-sheets\/detail\/healthy-diet\" target=\"_blank\" rel=\"noreferrer noopener\">Organiza\u00e7\u00e3o Mundial da Sa\u00fade \u2013 Recomenda\u00e7\u00f5es nutricionais<\/a><\/li>\n\n\n\n<li><a href=\"https:\/\/www.asbran.org.br\/\" target=\"_blank\" rel=\"noreferrer noopener\">Associa\u00e7\u00e3o Brasileira de Nutri\u00e7\u00e3o (ASBRAN)<\/a><\/li>\n<\/ul>\n","protected":false},"excerpt":{"rendered":"<p>N\u00e3o sabe o que comprar no mercado para ter uma dieta saud\u00e1vel? Organizar a lista de compras pode parecer desafiador, mas com uma estrat\u00e9gia simples \u00e9 poss\u00edvel garantir todos os nutrientes essenciais. A regra dos 3 grupos \u2014 carboidratos, prote\u00ednas e gorduras \u2014 associada a frutas, legumes e folhas verdes, ajuda a montar refei\u00e7\u00f5es equilibradas [&hellip;]<\/p>\n","protected":false},"author":17,"featured_media":60428,"comment_status":"open","ping_status":"open","sticky":false,"template":"","format":"standard","meta":{"jnews-multi-image_gallery":[],"jnews_single_post":{"format":"standard"},"jnews_primary_category":[],"jnews_social_meta":[],"jnews_override_counter":[],"footnotes":""},"categories":[9053],"tags":[3081,2577,3509,327,415],"class_list":["post-80097","post","type-post","status-publish","format-standard","has-post-thumbnail","hentry","category-saude","tag-alimentos","tag-dieta","tag-nutricao","tag-qualidade-de-vida","tag-saude"],"yoast_head":"<!-- This site is optimized with the Yoast SEO plugin v23.8 - https:\/\/yoast.com\/wordpress\/plugins\/seo\/ -->\n<title>Regra dos 3: Para quem n\u00e3o sabe o que pegar no mercado para dieta saud\u00e1vel - Estado de Minas - Em foco<\/title>\n<meta name=\"description\" content=\"Aprenda a montar uma lista de compras saud\u00e1vel com alimentos equilibrados para uma dieta nutritiva e completa.\" \/>\n<meta name=\"robots\" content=\"index, follow, max-snippet:-1, max-image-preview:large, max-video-preview:-1\" \/>\n<link rel=\"canonical\" href=\"https:\/\/www.em.com.br\/emfoco\/2025\/07\/23\/regra-dos-3-para-quem-nao-sabe-o-que-pegar-no-mercado-para-dieta-saudavel\/\" \/>\n<meta property=\"og:locale\" content=\"pt_BR\" \/>\n<meta property=\"og:type\" content=\"article\" \/>\n<meta property=\"og:title\" content=\"Regra dos 3: Para quem n\u00e3o sabe o que pegar no mercado para dieta saud\u00e1vel - Estado de Minas - Em foco\" \/>\n<meta property=\"og:description\" content=\"Aprenda a montar uma lista de compras saud\u00e1vel com alimentos equilibrados para uma dieta nutritiva e completa.\" \/>\n<meta property=\"og:url\" content=\"https:\/\/www.em.com.br\/emfoco\/2025\/07\/23\/regra-dos-3-para-quem-nao-sabe-o-que-pegar-no-mercado-para-dieta-saudavel\/\" \/>\n<meta property=\"og:site_name\" content=\"Estado de Minas - Em foco\" \/>\n<meta property=\"article:published_time\" content=\"2025-07-23T09:50:00+00:00\" \/>\n<meta property=\"article:modified_time\" content=\"2025-07-23T03:10:02+00:00\" \/>\n<meta property=\"og:image\" content=\"https:\/\/www.em.com.br\/emfoco\/wp-content\/uploads\/2025\/06\/produtos-no-mercado_1749873447166.jpg\" \/>\n\t<meta property=\"og:image:width\" content=\"1280\" \/>\n\t<meta property=\"og:image:height\" content=\"720\" \/>\n\t<meta property=\"og:image:type\" content=\"image\/jpeg\" \/>\n<meta name=\"author\" content=\"Lucas Sampaio\" \/>\n<meta name=\"twitter:card\" content=\"summary_large_image\" \/>\n<meta name=\"twitter:label1\" content=\"Escrito por\" \/>\n\t<meta name=\"twitter:data1\" content=\"Lucas Sampaio\" \/>\n\t<meta name=\"twitter:label2\" content=\"Est. tempo de leitura\" \/>\n\t<meta name=\"twitter:data2\" content=\"6 minutos\" \/>\n<!-- \/ Yoast SEO plugin. -->","yoast_head_json":{"title":"Regra dos 3: Para quem n\u00e3o sabe o que pegar no mercado para dieta saud\u00e1vel - Estado de Minas - Em foco","description":"Aprenda a montar uma lista de compras saud\u00e1vel com alimentos equilibrados para uma dieta nutritiva e completa.","robots":{"index":"index","follow":"follow","max-snippet":"max-snippet:-1","max-image-preview":"max-image-preview:large","max-video-preview":"max-video-preview:-1"},"canonical":"https:\/\/www.em.com.br\/emfoco\/2025\/07\/23\/regra-dos-3-para-quem-nao-sabe-o-que-pegar-no-mercado-para-dieta-saudavel\/","og_locale":"pt_BR","og_type":"article","og_title":"Regra dos 3: Para quem n\u00e3o sabe o que pegar no mercado para dieta saud\u00e1vel - Estado de Minas - Em foco","og_description":"Aprenda a montar uma lista de compras saud\u00e1vel com alimentos equilibrados para uma dieta nutritiva e completa.","og_url":"https:\/\/www.em.com.br\/emfoco\/2025\/07\/23\/regra-dos-3-para-quem-nao-sabe-o-que-pegar-no-mercado-para-dieta-saudavel\/","og_site_name":"Estado de Minas - Em foco","article_published_time":"2025-07-23T09:50:00+00:00","article_modified_time":"2025-07-23T03:10:02+00:00","og_image":[{"width":1280,"height":720,"url":"https:\/\/www.em.com.br\/emfoco\/wp-content\/uploads\/2025\/06\/produtos-no-mercado_1749873447166.jpg","type":"image\/jpeg"}],"author":"Lucas Sampaio","twitter_card":"summary_large_image","twitter_misc":{"Escrito por":"Lucas Sampaio","Est. tempo de leitura":"6 minutos"},"schema":{"@context":"https:\/\/schema.org","@graph":[{"@type":"WebPage","@id":"https:\/\/www.em.com.br\/emfoco\/2025\/07\/23\/regra-dos-3-para-quem-nao-sabe-o-que-pegar-no-mercado-para-dieta-saudavel\/","url":"https:\/\/www.em.com.br\/emfoco\/2025\/07\/23\/regra-dos-3-para-quem-nao-sabe-o-que-pegar-no-mercado-para-dieta-saudavel\/","name":"Regra dos 3: Para quem n\u00e3o sabe o que pegar no mercado para dieta saud\u00e1vel - Estado de Minas - Em foco","isPartOf":{"@id":"https:\/\/www.em.com.br\/emfoco\/#website"},"primaryImageOfPage":{"@id":"https:\/\/www.em.com.br\/emfoco\/2025\/07\/23\/regra-dos-3-para-quem-nao-sabe-o-que-pegar-no-mercado-para-dieta-saudavel\/#primaryimage"},"image":{"@id":"https:\/\/www.em.com.br\/emfoco\/2025\/07\/23\/regra-dos-3-para-quem-nao-sabe-o-que-pegar-no-mercado-para-dieta-saudavel\/#primaryimage"},"thumbnailUrl":"https:\/\/www.em.com.br\/emfoco\/wp-content\/uploads\/2025\/06\/produtos-no-mercado_1749873447166.jpg","datePublished":"2025-07-23T09:50:00+00:00","dateModified":"2025-07-23T03:10:02+00:00","author":{"@id":"https:\/\/www.em.com.br\/emfoco\/#\/schema\/person\/9ad4c536bd87f5bb8006420332b99aef"},"description":"Aprenda a montar uma lista de compras saud\u00e1vel com alimentos equilibrados para uma dieta nutritiva e completa.","breadcrumb":{"@id":"https:\/\/www.em.com.br\/emfoco\/2025\/07\/23\/regra-dos-3-para-quem-nao-sabe-o-que-pegar-no-mercado-para-dieta-saudavel\/#breadcrumb"},"inLanguage":"pt-BR","potentialAction":[{"@type":"ReadAction","target":["https:\/\/www.em.com.br\/emfoco\/2025\/07\/23\/regra-dos-3-para-quem-nao-sabe-o-que-pegar-no-mercado-para-dieta-saudavel\/"]}]},{"@type":"ImageObject","inLanguage":"pt-BR","@id":"https:\/\/www.em.com.br\/emfoco\/2025\/07\/23\/regra-dos-3-para-quem-nao-sabe-o-que-pegar-no-mercado-para-dieta-saudavel\/#primaryimage","url":"https:\/\/www.em.com.br\/emfoco\/wp-content\/uploads\/2025\/06\/produtos-no-mercado_1749873447166.jpg","contentUrl":"https:\/\/www.em.com.br\/emfoco\/wp-content\/uploads\/2025\/06\/produtos-no-mercado_1749873447166.jpg","width":1280,"height":720,"caption":"Mulher com carrinho de compras no mercado - Cr\u00e9ditos: depositphotos.com \/ tonodiaz"},{"@type":"BreadcrumbList","@id":"https:\/\/www.em.com.br\/emfoco\/2025\/07\/23\/regra-dos-3-para-quem-nao-sabe-o-que-pegar-no-mercado-para-dieta-saudavel\/#breadcrumb","itemListElement":[{"@type":"ListItem","position":1,"name":"In\u00edcio","item":"https:\/\/www.em.com.br\/emfoco\/"},{"@type":"ListItem","position":2,"name":"Regra dos 3: Para quem n\u00e3o sabe o que pegar no mercado para dieta saud\u00e1vel"}]},{"@type":"WebSite","@id":"https:\/\/www.em.com.br\/emfoco\/#website","url":"https:\/\/www.em.com.br\/emfoco\/","name":"Estado de Minas - Em foco","description":"Acompanhe as \u00faltimas not\u00edcias e fique bem informado sobre tudo o que acontece em Minas Gerais, Brasil e no mundo.","potentialAction":[{"@type":"SearchAction","target":{"@type":"EntryPoint","urlTemplate":"https:\/\/www.em.com.br\/emfoco\/?s={search_term_string}"},"query-input":{"@type":"PropertyValueSpecification","valueRequired":true,"valueName":"search_term_string"}}],"inLanguage":"pt-BR"},{"@type":"Person","@id":"https:\/\/www.em.com.br\/emfoco\/#\/schema\/person\/9ad4c536bd87f5bb8006420332b99aef","name":"Lucas Sampaio","image":{"@type":"ImageObject","inLanguage":"pt-BR","@id":"https:\/\/www.em.com.br\/emfoco\/#\/schema\/person\/image\/","url":"https:\/\/secure.gravatar.com\/avatar\/2696b9676ad143cd7135b717faf6f79f?s=96&d=mm&r=g","contentUrl":"https:\/\/secure.gravatar.com\/avatar\/2696b9676ad143cd7135b717faf6f79f?s=96&d=mm&r=g","caption":"Lucas Sampaio"},"sameAs":["https:\/\/www.em.com.br\/emfoco\/"],"url":"https:\/\/www.em.com.br\/emfoco\/author\/lucasmyth\/"}]}},"_links":{"self":[{"href":"https:\/\/www.em.com.br\/emfoco\/wp-json\/wp\/v2\/posts\/80097","targetHints":{"allow":["GET"]}}],"collection":[{"href":"https:\/\/www.em.com.br\/emfoco\/wp-json\/wp\/v2\/posts"}],"about":[{"href":"https:\/\/www.em.com.br\/emfoco\/wp-json\/wp\/v2\/types\/post"}],"author":[{"embeddable":true,"href":"https:\/\/www.em.com.br\/emfoco\/wp-json\/wp\/v2\/users\/17"}],"replies":[{"embeddable":true,"href":"https:\/\/www.em.com.br\/emfoco\/wp-json\/wp\/v2\/comments?post=80097"}],"version-history":[{"count":5,"href":"https:\/\/www.em.com.br\/emfoco\/wp-json\/wp\/v2\/posts\/80097\/revisions"}],"predecessor-version":[{"id":80120,"href":"https:\/\/www.em.com.br\/emfoco\/wp-json\/wp\/v2\/posts\/80097\/revisions\/80120"}],"wp:featuredmedia":[{"embeddable":true,"href":"https:\/\/www.em.com.br\/emfoco\/wp-json\/wp\/v2\/media\/60428"}],"wp:attachment":[{"href":"https:\/\/www.em.com.br\/emfoco\/wp-json\/wp\/v2\/media?parent=80097"}],"wp:term":[{"taxonomy":"category","embeddable":true,"href":"https:\/\/www.em.com.br\/emfoco\/wp-json\/wp\/v2\/categories?post=80097"},{"taxonomy":"post_tag","embeddable":true,"href":"https:\/\/www.em.com.br\/emfoco\/wp-json\/wp\/v2\/tags?post=80097"}],"curies":[{"name":"wp","href":"https:\/\/api.w.org\/{rel}","templated":true}]}}